{"id":1463,"date":"2024-05-30T11:31:00","date_gmt":"2024-05-30T14:31:00","guid":{"rendered":"https:\/\/noticiassaludables.com.ar\/?p=1463"},"modified":"2024-05-30T11:31:08","modified_gmt":"2024-05-30T14:31:08","slug":"el-espanol-una-lengua-americana","status":"publish","type":"post","link":"https:\/\/noticiassaludables.com.ar\/?p=1463","title":{"rendered":"El espa\u00f1ol, una lengua americana"},"content":{"rendered":"\n<p>La segunda lengua materna del mundo, hablada por un 7,5 % de la poblaci\u00f3n del planeta, incorpora las inflexiones propias de cada regi\u00f3n y pese a su vasta pluralidad, tiene a favorecer los rasgos comunes<\/p>\n\n\n\n<p>Las lenguas se pueden estudiar, describir, analizar; pero su futuro, como el de cualquier producto de la actividad humana libre, no est\u00e1 escrito en las estrellas. Aun as\u00ed, y con mis nulas dotes de profeta, cabe realizar pron\u00f3sticos con base en la realidad actual de la lengua espa\u00f1ola.<a href=\"https:\/\/www.infobae.com\/cultura\/2024\/05\/30\/fui-vi-y-escribi-fracasar-mejor\/\" target=\"_blank\" rel=\"noreferrer noopener\"><\/a><\/p>\n\n\n\n<p>Y la realidad demogr\u00e1fica del espa\u00f1ol nos la proporciona peri\u00f3dicamente el Anuario del Instituto Cervantes, cuyo n\u00famero m\u00e1s reciente presenta la situaci\u00f3n mundial del idioma castellano en 2023. Los informes del Cervantes afirman que \u201c<strong>el espa\u00f1ol es la segunda lengua m\u00e1s hablada en el mundo como lengua nativa<\/strong>, tras el chino mandar\u00edn, que cuenta con 920 millones de hablantes\u201d. Les siguen el hindi y el ingl\u00e9s.<\/p>\n\n\n\n<p>Hoy hablan espa\u00f1ol casi\u00a0<strong>600 millones de personas<\/strong>. Concretamente, 599.405.122, el\u00a0<strong>7,5 % de la poblaci\u00f3n mundial<\/strong>, ya sea como lengua nativa, segunda o extranjera; y es el segundo idioma de comunicaci\u00f3n internacional.<a href=\"https:\/\/www.infobae.com\/cultura\/2024\/05\/29\/christies-revelo-que-un-grupo-pirata-robo-datos-personales-de-coleccionistas-de-arte\/\" target=\"_blank\" rel=\"noreferrer noopener\"><\/a><\/p>\n\n\n\n<p><img loading=\"lazy\" decoding=\"async\" alt=\"La lengua espa\u00f1ola solo es superada por el chino mandar\u00edn como lengua materna m\u00e1s hablada\" height=\"1080\" width=\"1920\" class=\"\" src=\"https:\/\/www.infobae.com\/new-resizer\/pYGIjefTYxTzaRmafc0z0Yj8TzU=\/420x236\/filters:format(webp):quality(85)\/cloudfront-us-east-1.images.arcpublishing.com\/infobae\/UMOV3H6PS5C6THQVHQOAY6VAYE.jpg%20420w\" srcset=\"https:\/\/www.infobae.com\/new-resizer\/pYGIjefTYxTzaRmafc0z0Yj8TzU=\/420x236\/filters:format(webp):quality(85)\/cloudfront-us-east-1.images.arcpublishing.com\/infobae\/UMOV3H6PS5C6THQVHQOAY6VAYE.jpg 420w,https:\/\/www.infobae.com\/new-resizer\/zWE7NJjDlGSa8hqm0JluxDxy8MM=\/768x432\/filters:format(webp):quality(85)\/cloudfront-us-east-1.images.arcpublishing.com\/infobae\/UMOV3H6PS5C6THQVHQOAY6VAYE.jpg 768w,https:\/\/www.infobae.com\/new-resizer\/ZlrMB5YervCIheGR-J46jIBKEDk=\/992x558\/filters:format(webp):quality(85)\/cloudfront-us-east-1.images.arcpublishing.com\/infobae\/UMOV3H6PS5C6THQVHQOAY6VAYE.jpg 992w,https:\/\/www.infobae.com\/new-resizer\/rpahq7s8iCkuxNkqM9Snxlj-jeU=\/1200x675\/filters:format(webp):quality(85)\/cloudfront-us-east-1.images.arcpublishing.com\/infobae\/UMOV3H6PS5C6THQVHQOAY6VAYE.jpg 1200w,https:\/\/www.infobae.com\/new-resizer\/urO_UHvpLc3ACzeA-BNtNyrg3eQ=\/1440x810\/filters:format(webp):quality(85)\/cloudfront-us-east-1.images.arcpublishing.com\/infobae\/UMOV3H6PS5C6THQVHQOAY6VAYE.jpg 1440w\">La lengua espa\u00f1ola solo es superada por el chino mandar\u00edn como lengua materna m\u00e1s hablada<\/p>\n\n\n\n<h2 class=\"wp-block-heading\">Una lengua cuantitativamente americana<\/h2>\n\n\n\n<p>Lo primero que salta a la vista al observar los datos del citado&nbsp;<a rel=\"noreferrer noopener\" href=\"https:\/\/www.infobae.com\/tag\/instituto-cervantes\/\" target=\"_blank\">Instituto Cervantes<\/a>&nbsp;es el preponderante peso demoling\u00fc\u00edstico de Am\u00e9rica (solo M\u00e9xico cuenta con 131.230.255 hablantes, seguido de Colombia, con 52. 156.254, por citar solo los dos pa\u00edses que superan a Espa\u00f1a en n\u00famero de hablantes), por lo que cabe afirmar que el espa\u00f1ol, cuya cuna se sit\u00faa en La Rioja, es un idioma, en t\u00e9rminos cuantitativos, americano.<\/p>\n\n\n\n<p>Y su futuro ser\u00e1 tambi\u00e9n lo que decida Am\u00e9rica, donde se encuentran 19 Estados que lo tienen como lengua oficial. En EE. UU., donde no es oficial, hay 41.254.941 hablantes que dominan el espa\u00f1ol como nativos, m\u00e1s quince millones con competencia limitada.<a href=\"https:\/\/www.infobae.com\/cultura\/2024\/05\/30\/principios-y-finales-asi-fue-la-construccion-de-el-instante\/\" target=\"_blank\" rel=\"noreferrer noopener\"><\/a><\/p>\n\n\n\n<p>Las proyecciones del Instituto Cervantes indican que \u201cel n\u00famero de usuarios potenciales de espa\u00f1ol seguir\u00e1 aumentando en t\u00e9rminos absolutos hasta 2071, a\u00f1o en que superar\u00e1 los&nbsp;<strong>718 millones de personas<\/strong>, con distinto grado de dominio de la lengua\u201d.<\/p>\n\n\n\n<p><img loading=\"lazy\" decoding=\"async\" alt=\"Letrero del Instituto Cervantes en la fachada del Edificio de las Cari\u00e1tides, en la calle Alcal\u00e1 N\u00ba 49 de Madrid. (Archivo\/Marta Fern\u00e1ndez Jara - Europa Press)\n\" height=\"4480\" width=\"6720\" class=\"\" src=\"https:\/\/www.infobae.com\/new-resizer\/M-ilLuFEV9yav7Y4rWgN5DY8Yy8=\/420x280\/filters:format(webp):quality(85)\/cloudfront-us-east-1.images.arcpublishing.com\/infobae\/BQNJ6O6MNVAIFM43ARMVNZJ5WM.jpg%20420w\" srcset=\"https:\/\/www.infobae.com\/new-resizer\/M-ilLuFEV9yav7Y4rWgN5DY8Yy8=\/420x280\/filters:format(webp):quality(85)\/cloudfront-us-east-1.images.arcpublishing.com\/infobae\/BQNJ6O6MNVAIFM43ARMVNZJ5WM.jpg 420w,https:\/\/www.infobae.com\/new-resizer\/HA1GVoD3mAonNy7HhdjU6r3DU1w=\/768x512\/filters:format(webp):quality(85)\/cloudfront-us-east-1.images.arcpublishing.com\/infobae\/BQNJ6O6MNVAIFM43ARMVNZJ5WM.jpg 768w,https:\/\/www.infobae.com\/new-resizer\/lHJrCVR8FL-iJbQP8S_6t0kJhPg=\/992x661\/filters:format(webp):quality(85)\/cloudfront-us-east-1.images.arcpublishing.com\/infobae\/BQNJ6O6MNVAIFM43ARMVNZJ5WM.jpg 992w,https:\/\/www.infobae.com\/new-resizer\/Oe6a4bvQ2dsryJfQodRHlfuFz3E=\/1200x800\/filters:format(webp):quality(85)\/cloudfront-us-east-1.images.arcpublishing.com\/infobae\/BQNJ6O6MNVAIFM43ARMVNZJ5WM.jpg 1200w,https:\/\/www.infobae.com\/new-resizer\/DKMqK3RfBZXZWLReDmiEUJg0SLc=\/1440x960\/filters:format(webp):quality(85)\/cloudfront-us-east-1.images.arcpublishing.com\/infobae\/BQNJ6O6MNVAIFM43ARMVNZJ5WM.jpg 1440w\">Letrero del Instituto Cervantes en la fachada del Edificio de las Cari\u00e1tides, en la calle Alcal\u00e1 N\u00ba 49 de Madrid. (Archivo\/Marta Fern\u00e1ndez Jara &#8211; Europa Press)<\/p>\n\n\n\n<h2 class=\"wp-block-heading\">\u00bfSe desintegra el espa\u00f1ol?<\/h2>\n\n\n\n<p>Acerca del porvenir de la comunidad hispanohablante, sobre su unidad y cohesi\u00f3n, se han vertido r\u00edos de tinta. Los pron\u00f3sticos pesimistas de, entre otros,&nbsp;<strong>Rufino Jos\u00e9 Cuervo<\/strong>&nbsp;(en&nbsp;<em><strong>El castellano en Am\u00e9rica<\/strong><\/em>), que consideraba inevitable una fragmentaci\u00f3n del espa\u00f1ol como la ocurrida con el lat\u00edn, fueron rebatidos por<strong>&nbsp;Men\u00e9ndez Pidal<\/strong>, con una visi\u00f3n m\u00e1s optimista, basada en el hecho de que las posibilidades de comunicaci\u00f3n en el siglo XX eran muy diferentes de las que se daban al fracturarse el imperio romano.<\/p>\n\n\n\n<p>Un papel decisivo, en lo que respecta al futuro de la lengua, est\u00e1 llamada a tener la Asociaci\u00f3n de Academias de la Lengua Espa\u00f1ola (ASALE), creada en M\u00e9xico en 1951, que agrupa 23 corporaciones de Am\u00e9rica, Espa\u00f1a, Filipinas y Guinea Ecuatorial, y que tiene el prop\u00f3sito, fijado en sus estatutos, de \u201ctrabajar a favor de la unidad, integridad y crecimiento\u201d del espa\u00f1ol, es decir, de orientar acerca de una norma idiom\u00e1tica (pan)hisp\u00e1nica.<\/p>\n\n\n\n<p>Las bases te\u00f3ricas de la pol\u00edtica ling\u00fc\u00edstica panhisp\u00e1nica se establecieron en el congreso celebrado en 1963, en Madrid, bajo el t\u00edtulo de&nbsp;<em>Presente y futuro de la lengua espa\u00f1ola<\/em>, convocado por el Instituto de Cultura Hisp\u00e1nica. La consigna qued\u00f3 formulada as\u00ed:<\/p>\n\n\n\n<p>\u201cUnificaci\u00f3n antes que purismo. Unificaci\u00f3n, s\u00ed, pero con respeto por todas las variedades nacionales usadas entre personas cultas en los pa\u00edses de la comunidad hispanohablante\u201d.&nbsp;<strong>Pedro \u00c1lvarez de Miranda<\/strong>,&nbsp;<em>M\u00e1s que palabras<\/em>.<\/p>\n\n\n\n<p><img loading=\"lazy\" decoding=\"async\" alt=\"La distribuci\u00f3n geogr\u00e1fica de la lengua espa\u00f1ola\" height=\"1315\" width=\"1920\" class=\"\" src=\"https:\/\/www.infobae.com\/new-resizer\/abi1X286DEPHRFODCo5QkyQ9G6A=\/420x280\/filters:format(webp):quality(85)\/cloudfront-us-east-1.images.arcpublishing.com\/infobae\/YZUAWUC4WNGDRPHR44VM7T5NHU.jpg%20420w\" srcset=\"https:\/\/www.infobae.com\/new-resizer\/abi1X286DEPHRFODCo5QkyQ9G6A=\/420x280\/filters:format(webp):quality(85)\/cloudfront-us-east-1.images.arcpublishing.com\/infobae\/YZUAWUC4WNGDRPHR44VM7T5NHU.jpg 420w,https:\/\/www.infobae.com\/new-resizer\/48v8CWSEOP8xIrZdW4AV9csfHPM=\/768x512\/filters:format(webp):quality(85)\/cloudfront-us-east-1.images.arcpublishing.com\/infobae\/YZUAWUC4WNGDRPHR44VM7T5NHU.jpg 768w,https:\/\/www.infobae.com\/new-resizer\/F-PLvZeet7_d5slMIFE4B9TBJ9w=\/992x661\/filters:format(webp):quality(85)\/cloudfront-us-east-1.images.arcpublishing.com\/infobae\/YZUAWUC4WNGDRPHR44VM7T5NHU.jpg 992w,https:\/\/www.infobae.com\/new-resizer\/hlcAqHT-Jqf-BTbl5eng6cnBylQ=\/1200x800\/filters:format(webp):quality(85)\/cloudfront-us-east-1.images.arcpublishing.com\/infobae\/YZUAWUC4WNGDRPHR44VM7T5NHU.jpg 1200w,https:\/\/www.infobae.com\/new-resizer\/IkjnXEXDz_t6HWgGNIjVblkXo5s=\/1440x960\/filters:format(webp):quality(85)\/cloudfront-us-east-1.images.arcpublishing.com\/infobae\/YZUAWUC4WNGDRPHR44VM7T5NHU.jpg 1440w\">La distribuci\u00f3n geogr\u00e1fica de la lengua espa\u00f1ola<\/p>\n\n\n\n<h2 class=\"wp-block-heading\">Pluricentrismo: \u00bfreal o relativo?<\/h2>\n\n\n\n<p>A medida que las investigaciones sobre la realidad del idioma espa\u00f1ol (en particular de la lengua hablada, no solo de la literaria) en los diferentes pa\u00edses fue dibujando diversos est\u00e1ndares de correcci\u00f3n, diferentes entre s\u00ed, comenz\u00f3 a subrayarse lo que se denomin\u00f3 el \u201cpluricentrismo\u201d de la lengua espa\u00f1ola, una realidad cada vez m\u00e1s tenida en cuenta por la pol\u00edtica ling\u00fc\u00edstica de la RAE y ASALE, que se va reflejando en sus obras&nbsp;<em>Diccionario panhisp\u00e1nico de dudas, Diccionario de Americanismos<\/em>&nbsp;y&nbsp;<em>Nueva gram\u00e1tica de la lengua espa\u00f1ola<\/em>.<\/p>\n\n\n\n<p>Una visi\u00f3n exagerada del llamado \u201cpluricentrismo\u201d del espa\u00f1ol ha sido criticada, entre otros, por&nbsp;<strong>F. Marcos Mar\u00edn<\/strong>, quien defiende que el espa\u00f1ol actual \u201cser\u00eda, en todo caso, una lengua solo relativamente pluric\u00e9ntrica\u201d. Es decir, el aludido \u201cpluricentrismo\u201d tendr\u00eda particular relevancia en usos ling\u00fc\u00edsticos marcados por la oralidad, el nivel sociocultural inferior, el tema, as\u00ed como por el tipo de discurso (literario, informal, coloquial\u2026 ) y su finalidad espec\u00edfica.<\/p>\n\n\n\n<p><img loading=\"lazy\" decoding=\"async\" alt=\"El n\u00famero de usuarios potenciales de espa\u00f1ol superar\u00e1 los 718 millones de personas\" height=\"2610\" width=\"3846\" class=\"\" src=\"https:\/\/www.infobae.com\/new-resizer\/cmGdk35ThAMP4PkHUz3n1WsLpMU=\/420x280\/filters:format(webp):quality(85)\/cloudfront-us-east-1.images.arcpublishing.com\/infobae\/4HNJMESWKNDYNGGVUAZGKSYBMA.jpg%20420w\" srcset=\"https:\/\/www.infobae.com\/new-resizer\/cmGdk35ThAMP4PkHUz3n1WsLpMU=\/420x280\/filters:format(webp):quality(85)\/cloudfront-us-east-1.images.arcpublishing.com\/infobae\/4HNJMESWKNDYNGGVUAZGKSYBMA.jpg 420w,https:\/\/www.infobae.com\/new-resizer\/wsG8VsHbK-Fqf3NY2fkE4mrzJUA=\/768x512\/filters:format(webp):quality(85)\/cloudfront-us-east-1.images.arcpublishing.com\/infobae\/4HNJMESWKNDYNGGVUAZGKSYBMA.jpg 768w,https:\/\/www.infobae.com\/new-resizer\/6NaLl0f-vVLafmLipry641rhktM=\/992x661\/filters:format(webp):quality(85)\/cloudfront-us-east-1.images.arcpublishing.com\/infobae\/4HNJMESWKNDYNGGVUAZGKSYBMA.jpg 992w,https:\/\/www.infobae.com\/new-resizer\/uf0MLDnHQ9CpJ4Yzuw5-X13PAxw=\/1200x800\/filters:format(webp):quality(85)\/cloudfront-us-east-1.images.arcpublishing.com\/infobae\/4HNJMESWKNDYNGGVUAZGKSYBMA.jpg 1200w,https:\/\/www.infobae.com\/new-resizer\/TOgxwiMc-7T9XZA8Nay3kmXXf60=\/1440x960\/filters:format(webp):quality(85)\/cloudfront-us-east-1.images.arcpublishing.com\/infobae\/4HNJMESWKNDYNGGVUAZGKSYBMA.jpg 1440w\">El n\u00famero de usuarios potenciales de espa\u00f1ol superar\u00e1 los 718 millones de personas<\/p>\n\n\n\n<h2 class=\"wp-block-heading\">Unidad ortogr\u00e1fica y fuerzas centr\u00edpetas<\/h2>\n\n\n\n<p>Junto con los fen\u00f3menos ling\u00fc\u00edsticos divergentes, que manifiestan la gran variedad que ofrece el idioma, sobre todo en la realidad de su uso hablado, hay que anotar una evidente unidad ortogr\u00e1fica, como queda reflejada en la&nbsp;<em>Ortograf\u00eda de la lengua espa\u00f1ola<\/em>, as\u00ed como una tendencia, en la lengua escrita, en traducciones de otros idiomas y en emisiones audiovisuales virtualmente orientadas a toda la comunidad hispanohablante, a favorecer (en l\u00e9xico, pronunciaci\u00f3n, sintaxis) lo com\u00fan \u2013lo menos marcado dialectalmente\u2013 a todos los destinatarios.<\/p>\n\n\n\n<p>Esta propensi\u00f3n centr\u00edpeta se pone de relieve en contribuciones como&nbsp;<em>Presente y futuro del espa\u00f1ol<\/em>, donde se subraya la \u201crelativa homogeneidad ling\u00fc\u00edstica\u201d entre hablantes de espa\u00f1ol de todo el mundo \u201cpertenecientes a niveles altos y medio altos del espectro sociocultural\u201d.<\/p>\n\n\n\n<p><img loading=\"lazy\" decoding=\"async\" alt=\"Pese a las variedades del idioma en cada pa\u00eds, se advierte una unidad ortogr\u00e1fica y una tendencia impulsada por las comunicaciones globales a favorecer lo com\u00fan\" height=\"1079\" width=\"1920\" class=\"\" src=\"https:\/\/www.infobae.com\/new-resizer\/Kisw8wYtRXVcXm7VPZSk0jdG5y8=\/420x236\/filters:format(webp):quality(85)\/cloudfront-us-east-1.images.arcpublishing.com\/infobae\/2NRWWHOI5BFP3IPLU6G7WGEUK4.jpg%20420w\" srcset=\"https:\/\/www.infobae.com\/new-resizer\/Kisw8wYtRXVcXm7VPZSk0jdG5y8=\/420x236\/filters:format(webp):quality(85)\/cloudfront-us-east-1.images.arcpublishing.com\/infobae\/2NRWWHOI5BFP3IPLU6G7WGEUK4.jpg 420w,https:\/\/www.infobae.com\/new-resizer\/uS18r7G5YbTcXmtpiy70GDpYXa8=\/768x432\/filters:format(webp):quality(85)\/cloudfront-us-east-1.images.arcpublishing.com\/infobae\/2NRWWHOI5BFP3IPLU6G7WGEUK4.jpg 768w,https:\/\/www.infobae.com\/new-resizer\/GWX9IkY1Pbq92uAFS3prSFyW6Gc=\/992x558\/filters:format(webp):quality(85)\/cloudfront-us-east-1.images.arcpublishing.com\/infobae\/2NRWWHOI5BFP3IPLU6G7WGEUK4.jpg 992w,https:\/\/www.infobae.com\/new-resizer\/akaIR6DMzItSUFeJiSnEhh3Xs6U=\/1200x675\/filters:format(webp):quality(85)\/cloudfront-us-east-1.images.arcpublishing.com\/infobae\/2NRWWHOI5BFP3IPLU6G7WGEUK4.jpg 1200w,https:\/\/www.infobae.com\/new-resizer\/38PPlhIoQicETyWYnd36wS35lvE=\/1440x810\/filters:format(webp):quality(85)\/cloudfront-us-east-1.images.arcpublishing.com\/infobae\/2NRWWHOI5BFP3IPLU6G7WGEUK4.jpg 1440w\">Pese a las variedades del idioma en cada pa\u00eds, se advierte una unidad ortogr\u00e1fica y una tendencia impulsada por las comunicaciones globales a favorecer lo com\u00fan<\/p>\n\n\n\n<h2 class=\"wp-block-heading\">Adopci\u00f3n de voces americanas<\/h2>\n\n\n\n<p>Que el peso demoling\u00fc\u00edstico de Am\u00e9rica resulta cada vez m\u00e1s evidente se manifiesta, entre otros fen\u00f3menos, en la adopci\u00f3n, activa o pasiva, de voces americanas por parte de los hablantes espa\u00f1oles. A ning\u00fan hablante espa\u00f1ol le resultan extra\u00f1as voces como estad\u00eda, receso, papa, deceso, chequera, demorarse y un largo etc\u00e9tera.<\/p>\n\n\n\n<p>Por otra parte, y as\u00ed como existen diccionarios de americanismos (generales o propios de diferentes pa\u00edses), cada vez se echa m\u00e1s en falta un diccionario de espa\u00f1olismos, si bien los diccionarios generales de la lengua son cada vez m\u00e1s sensibles a la marcaci\u00f3n, como propias de Espa\u00f1a, de ciertas unidades l\u00e9xicas (casopl\u00f3n, famoseo, pinganillo, postureo, quedada, zasca, etc.).<\/p>\n\n\n\n<p><img loading=\"lazy\" decoding=\"async\" alt=\"El 7,5 % de la poblaci\u00f3n mundial habla espa\u00f1ol\" height=\"2848\" width=\"4288\" class=\"\" src=\"https:\/\/www.infobae.com\/new-resizer\/DCH-7jTyZ8ev-ij3AXEyRxPYDUo=\/420x280\/filters:format(webp):quality(85)\/cloudfront-us-east-1.images.arcpublishing.com\/infobae\/QAWMAZWHI5CR3OUENJFAMTIYBI.jpg%20420w\" srcset=\"https:\/\/www.infobae.com\/new-resizer\/DCH-7jTyZ8ev-ij3AXEyRxPYDUo=\/420x280\/filters:format(webp):quality(85)\/cloudfront-us-east-1.images.arcpublishing.com\/infobae\/QAWMAZWHI5CR3OUENJFAMTIYBI.jpg 420w,https:\/\/www.infobae.com\/new-resizer\/y-SULLLFTwIKuCNB72hpeJ-CccI=\/768x512\/filters:format(webp):quality(85)\/cloudfront-us-east-1.images.arcpublishing.com\/infobae\/QAWMAZWHI5CR3OUENJFAMTIYBI.jpg 768w,https:\/\/www.infobae.com\/new-resizer\/9MiiyNFeZTq4ZaSrI4FyJB5VrsA=\/992x661\/filters:format(webp):quality(85)\/cloudfront-us-east-1.images.arcpublishing.com\/infobae\/QAWMAZWHI5CR3OUENJFAMTIYBI.jpg 992w,https:\/\/www.infobae.com\/new-resizer\/DiyFABRCEaNT3MKUckToTsktg1A=\/1200x800\/filters:format(webp):quality(85)\/cloudfront-us-east-1.images.arcpublishing.com\/infobae\/QAWMAZWHI5CR3OUENJFAMTIYBI.jpg 1200w,https:\/\/www.infobae.com\/new-resizer\/Tq5ewLiQvjrscbn66RcId2zZJYU=\/1440x960\/filters:format(webp):quality(85)\/cloudfront-us-east-1.images.arcpublishing.com\/infobae\/QAWMAZWHI5CR3OUENJFAMTIYBI.jpg 1440w\">El 7,5 % de la poblaci\u00f3n mundial habla espa\u00f1ol<\/p>\n\n\n\n<h2 class=\"wp-block-heading\">Ejemplaridad panhisp\u00e1nica<\/h2>\n\n\n\n<p>Si ya&nbsp;<strong>Gregorio Salvador<\/strong>&nbsp;detect\u00f3 en las telenovelas un influjo unificador, la globalizaci\u00f3n e inmediatez de las comunicaciones no ha hecho sino afianzar ese influjo en las \u00faltimas d\u00e9cadas, como resulta evidente, por ejemplo, en la prensa en espa\u00f1ol, as\u00ed como en cadenas de televisi\u00f3n, como CNN en espa\u00f1ol, cadena que transmite durante 24 horas, para los Estados Unidos, Hispanoam\u00e9rica y el Caribe.<\/p>\n\n\n\n<p>Razones de \u00edndole econ\u00f3mica internacional operan en la misma direcci\u00f3n unificadora, como se ha puesto de relieve en diversos estudios, hacia lo que podr\u00edamos llamar, con\u00a0<strong>Eugenio Coseriu<\/strong>, una norma ling\u00fc\u00edstica com\u00fan a todo el \u00e1mbito hispanohablante, una ejemplaridad panhisp\u00e1nica.<\/p>\n\n\n\n<p>Fuente: <a href=\"https:\/\/www.infobae.com\/cultura\/2024\/05\/30\/el-espanol-una-lengua-americana\/\">https:\/\/www.infobae.com\/cultura\/2024\/05\/30\/el-espanol-una-lengua-americana\/<\/a><\/p>\n","protected":false},"excerpt":{"rendered":"<p>La segunda lengua materna del mundo, hablada por un 7,5 % de la poblaci\u00f3n del planeta, incorpora las inflexiones propias de cada regi\u00f3n y pese a su vasta pluralidad, tiene a favorecer los rasgos comunes Las lenguas se pueden estudiar, describir, analizar; pero su futuro, como el de cualquier producto de la actividad humana libre, [&hellip;]<\/p>\n","protected":false},"author":3,"featured_media":1464,"comment_status":"open","ping_status":"open","sticky":false,"template":"","format":"standard","meta":{"footnotes":""},"categories":[11,12],"tags":[735,733],"class_list":["post-1463","post","type-post","status-publish","format-standard","has-post-thumbnail","hentry","category-agenda","category-sociedad","tag-america","tag-lengua-espanola"],"_links":{"self":[{"href":"https:\/\/noticiassaludables.com.ar\/index.php?rest_route=\/wp\/v2\/posts\/1463","targetHints":{"allow":["GET"]}}],"collection":[{"href":"https:\/\/noticiassaludables.com.ar\/index.php?rest_route=\/wp\/v2\/posts"}],"about":[{"href":"https:\/\/noticiassaludables.com.ar\/index.php?rest_route=\/wp\/v2\/types\/post"}],"author":[{"embeddable":true,"href":"https:\/\/noticiassaludables.com.ar\/index.php?rest_route=\/wp\/v2\/users\/3"}],"replies":[{"embeddable":true,"href":"https:\/\/noticiassaludables.com.ar\/index.php?rest_route=%2Fwp%2Fv2%2Fcomments&post=1463"}],"version-history":[{"count":1,"href":"https:\/\/noticiassaludables.com.ar\/index.php?rest_route=\/wp\/v2\/posts\/1463\/revisions"}],"predecessor-version":[{"id":1465,"href":"https:\/\/noticiassaludables.com.ar\/index.php?rest_route=\/wp\/v2\/posts\/1463\/revisions\/1465"}],"wp:featuredmedia":[{"embeddable":true,"href":"https:\/\/noticiassaludables.com.ar\/index.php?rest_route=\/wp\/v2\/media\/1464"}],"wp:attachment":[{"href":"https:\/\/noticiassaludables.com.ar\/index.php?rest_route=%2Fwp%2Fv2%2Fmedia&parent=1463"}],"wp:term":[{"taxonomy":"category","embeddable":true,"href":"https:\/\/noticiassaludables.com.ar\/index.php?rest_route=%2Fwp%2Fv2%2Fcategories&post=1463"},{"taxonomy":"post_tag","embeddable":true,"href":"https:\/\/noticiassaludables.com.ar\/index.php?rest_route=%2Fwp%2Fv2%2Ftags&post=1463"}],"curies":[{"name":"wp","href":"https:\/\/api.w.org\/{rel}","templated":true}]}}