{"id":1472,"date":"2024-05-31T10:58:15","date_gmt":"2024-05-31T13:58:15","guid":{"rendered":"https:\/\/noticiassaludables.com.ar\/?p=1472"},"modified":"2024-05-31T10:58:16","modified_gmt":"2024-05-31T13:58:16","slug":"se-disparan-los-casos-de-gripe","status":"publish","type":"post","link":"https:\/\/noticiassaludables.com.ar\/?p=1472","title":{"rendered":"Se disparan los casos de gripe"},"content":{"rendered":"\n<h2 class=\"wp-block-heading\">Las estad\u00edsticas muestran un sostenido incremento de la circulaci\u00f3n del virus de influenza y tambi\u00e9n del que causa bronquiolitis. Se mezclan dos problemas: a la falta de m\u00e9dicos que afecta a las instituciones se suman medidas de fuerza por el reclamo de paritarias.<\/h2>\n\n\n\n<p><img loading=\"lazy\" decoding=\"async\" width=\"360\" height=\"620\" src=\"https:\/\/www.clarin.com\/img\/2024\/05\/30\/KDITO7gwl_360x240__1.jpg\" alt=\"Se disparan los casos de gripe y hay largas esperas en las guardias: las dos causas del problema \"><\/p>\n\n\n\n<p>El domingo, Malvina llev\u00f3 a su hijo de tres a\u00f1os a la guardia del Hospital Brit\u00e1nico:&nbsp;<strong>ten\u00eda fiebre y un posible broncoespasmo<\/strong>. Al llegar hab\u00eda un cartel en la guardia pedi\u00e1trica que advert\u00eda que la espera pod\u00eda llegar a ser de<strong>&nbsp;hasta seis horas<\/strong>&nbsp;por&nbsp;<strong>\u201clicencias m\u00e9dicas del personal y renuncias\u201d<\/strong>. Le dijeron que hab\u00eda 35 chicos antes y un m\u00ednimo de tres horas de espera. Tom\u00f3 la opci\u00f3n de llevarlo a Casa Cuna, pero se encontr\u00f3 con&nbsp;<strong>una guardia mucho m\u00e1s colapsada<\/strong>, en la que estimaba que hab\u00eda al menos 60 chicos. Tuvo que esperar dos d\u00edas y volver al Brit\u00e1nico; la mandaron a Demanda Espont\u00e1nea de Pediatr\u00eda y luego le dijeron que retornara a la guardia, en donde la atendieron finalmente con dos horas y media de demora.<\/p>\n\n\n\n<p>Como ella, muchos pacientes -tanto chicos como grandes- que se acercan a las guardias de institutos de salud privados y p\u00fablicos de la Ciudad de Buenos Aires se encuentran con ese escenario: salas repletas, atenci\u00f3n m\u00e1s demorada, con horarios de espera de&nbsp;<strong>entre tres y cuatro horas en promedio.<\/strong><\/p>\n\n\n\n<p>Todo esto se da en el marco de la llegada&nbsp;<a href=\"https:\/\/www.clarin.com\/sociedad\/explican-invierno-adelanto-frio-mayo-apunta-record-nexo-catastrofe_0_RDE5NWJtIf.html\" target=\"_blank\" rel=\"noreferrer noopener\">adelantada de la ola polar,<\/a>&nbsp;que ya reporta un aumento de&nbsp;<strong>los casos de cuadros respiratorios<\/strong>. Seg\u00fan los \u00faltimos datos disponibles del Bolet\u00edn Epidemiol\u00f3gico Nacional (semana del 12 al 18 de mayo)<strong>&nbsp;<\/strong>hubo un&nbsp;<strong>ascenso de las detecciones de influenza<\/strong>&nbsp;(gripe) y un<strong>&nbsp;ligero incremento de los casos de VSR<\/strong>&nbsp;(virus sincicial respiratorio que puede desarrollar bronquiolitis) en las \u00faltimas semanas.<\/p>\n\n\n\n<p>Las guardias de hospitales pedi\u00e1tricos como el Pedro de Elizalde y el Ricardo Guti\u00e9rrez&nbsp;<strong>lo reflejan<\/strong>. Padres y madres aguardan sentados o de pie, y hacen filas sosteniendo a upa a sus hijos. Las mam\u00e1s que vienen de Provincia de Buenos Aires remarcan a&nbsp;<strong>Clar\u00edn<\/strong>&nbsp;que llevan cerca de cuatro horas en la sala.<\/p>\n\n\n\n<p>\u201cHay una primera fila para que te atiendan, pero en esa consulta no te revisan, solo le cont\u00e1s al doctor cu\u00e1les son los s\u00edntomas del nene. Despu\u00e9s sal\u00eds y ten\u00e9s que volver a ventanilla para sacar otro n\u00famero, y esperar en la sala a que ese n\u00famero salga en la pantalla para que te vea un pediatra y te diga qu\u00e9 tiene. Ahora<strong>&nbsp;tengo el n\u00famero 124, vamos por el 90<\/strong>. Cuando fue lo del dengue, entr\u00e9 a las dos de la tarde y estuve hasta las siete. Igual prefiero mil veces venir hasta ac\u00e1 que esperar en la salita, que siempre est\u00e1 saturada\u201d, detalla Anal\u00eda, que viene desde Lan\u00fas con su hijo Mateo, de cinco a\u00f1os.<img loading=\"lazy\" decoding=\"async\" alt=\"La guardia del Hospital Pedro de Elizalde, colapsada por casos de influenza y bronquiolitis. Foto: Juano Tesone\" src=\"https:\/\/www.clarin.com\/img\/2024\/05\/29\/DX8S2PheX_720x0__1.jpg\" width=\"720\" height=\"480\">La guardia del Hospital Pedro de Elizalde, colapsada por casos de influenza y bronquiolitis. Foto: Juano Tesone<\/p>\n\n\n\n<p>En el Hospital de Ni\u00f1os, Rita est\u00e1 sentada con su beba en brazos. Tiene dos hijos m\u00e1s, y los dos m\u00e1s chicos son los que tienen problemas respiratorios. Rita&nbsp;<strong>cree que se trata de una bronquiolitis<\/strong>, pero no le dieron ning\u00fan diagn\u00f3stico todav\u00eda, y ya pasaron cerca de cinco horas desde que lleg\u00f3. \u201cPasamos por orientaci\u00f3n m\u00e9dica, y desde las once de la ma\u00f1ana esperamos, dicen que es seg\u00fan la demanda de urgencia y que&nbsp;<strong>no hay tantos m\u00e9dicos&nbsp;<\/strong>para atender\u201d, cuenta.<\/p>\n\n\n\n<p>Desde la guardia pedi\u00e1trica del Instituto Argentino de Diagn\u00f3stico y Tratamiento (IADT), explican que el tiempo de atenci\u00f3n oscila entre dos y tres horas.<\/p>\n\n\n\n<p>Argumentan que en \u201c\u00e9poca pico\u201d la gente concurre en masa a las instituciones y espera, y que ahora que empiezan las enfermedades respiratorias lo que m\u00e1s se ven son cuadros de fiebre, tos y catarro. Eventualmente, puede haber infecciones como otitis, o hasta neumon\u00eda.<\/p>\n\n\n\n<p>\u201cYa hubo bastantes casos de virus sincicial respiratorio y ahora empiezan a aparecer tambi\u00e9n&nbsp;<strong>casos de influenza<\/strong>, pero el pico epidemiol\u00f3gico est\u00e1 empezando. Normalmente, en la \u00e9poca de pico infeccioso&nbsp;<strong>se duplica la demanda<\/strong>. Si vas a cualquier hospital p\u00fablico, que tienen m\u00e1s m\u00e9dicos que los centros privados,&nbsp;<strong>es la misma demora<\/strong>\u201d, se\u00f1alan.<\/p>\n\n\n\n<p>Y agregan: \u201cLa realidad es que el sistema de salud est\u00e1 en crisis. Cada vez hay menos gente que estudia medicina, cada vez menos gente que hace residencia. Si sigue as\u00ed, Argentina se va a quedar sin m\u00e9dicos. Y el problema lo van a tener todos. Somos pocos y trabajamos a conciencia\u201d.<img loading=\"lazy\" decoding=\"async\" alt=\"La gueraida del Hospital de Ni\u00f1os Ricardo Guti\u00e9rrez, con casos de influenza y bronquiolitis. Foto: Juano Tesone \" src=\"https:\/\/www.clarin.com\/img\/2024\/05\/29\/Djr38-raA_720x0__1.jpg\" width=\"720\" height=\"480\">La gueraida del Hospital de Ni\u00f1os Ricardo Guti\u00e9rrez, con casos de influenza y bronquiolitis. Foto: Juano Tesone<\/p>\n\n\n\n<p>Los adultos tambi\u00e9n pueden llegar a guardias con mucha demanda, en donde la espera es moneda corriente. Eso est\u00e1 pasando en varios sanatorios, como el de la Trinidad, en Once. Silvana Ferro, jefa de guardia, explica al respecto: \u201cHay un tiempo m\u00e1s de demora. Dependiendo los d\u00edas y la cantidad de m\u00e9dicos que haya,&nbsp;<strong>hay entre dos o tres horas de demora<\/strong>. Los lunes y viernes es donde m\u00e1s se ve, todos se mantienen con barbijos. Creo que de los sanatorios de Galeno este es el que menos demora tiene\u201d.<\/p>\n\n\n\n<p>Roxana Piris, cl\u00ednica m\u00e9dica y jefa del servicio de Emergencia de la Trinidad, asegura que, pese a que no estamos en pleno invierno y a\u00fan no se llega al pico de casos, empezaron a aumentar fuertemente los cuadros respiratorios y ejemplifica: de 50 pacientes en espera,<strong>&nbsp;<\/strong>puede haber&nbsp;<strong>30 con casos de ese tipo<\/strong>, y 20 con el resto de patolog\u00edas.<\/p>\n\n\n\n<p>\u201cSi esos casos son en su mayor\u00eda de Covid o gripe H1N1,&nbsp;<strong>no lo sabemos<\/strong>. Hacemos hisopados solo en pacientes de riesgo, inmunodeprimidos, o con neumon\u00eda. Se los trata como un cuadro viral: cinco d\u00edas de reposo m\u00e1s tratamiento sintom\u00e1tico. Si se llega a complicar y el paciente tiene una neumon\u00eda agregada, vuelve y se le hace un panel viral para saber qu\u00e9 es lo que tiene. Ah\u00ed se juntan los pacientes que vienen por primera vez y los que vuelven por una segunda consulta. Los cuadros respiratorios complicados en personas mayores&nbsp;<strong>terminan en internaci\u00f3n&nbsp;<\/strong>y colapsa la internaci\u00f3n\u201d, a\u00f1ade.<\/p>\n\n\n\n<p>Sobre los casos de hospitalizaci\u00f3n, siguiendo lo publicado en el \u00faltimo Bolet\u00edn Epidemiol\u00f3gico Nacional (del 12 al 18 de mayo), se evidencia que&nbsp;<strong>la incidencia&nbsp;<\/strong>por casos de influenza&nbsp;<strong>creci\u00f3 significativamente<\/strong>&nbsp;de 2,04% en principios de abril a 20,22% a mediados de mayo.<\/p>\n\n\n\n<p>Es tambi\u00e9n el caso de las internaciones por el virus sincicial respiratorio (VSR), cuya incidencia creci\u00f3 de 2,41% en principios de abril a 21,28% a mediados de mayo.<img loading=\"lazy\" decoding=\"async\" alt=\"Cl\u00ednica Trinidad Mitre, con pacientes que esperan para ser atendidos en la guardia. Foto: Juano Tesone\" src=\"https:\/\/www.clarin.com\/img\/2024\/05\/29\/fVTzAMHvi_720x0__1.jpg\" width=\"720\" height=\"480\">Cl\u00ednica Trinidad Mitre, con pacientes que esperan para ser atendidos en la guardia. Foto: Juano Tesone<\/p>\n\n\n\n<p>Desde el Ministerio de Salud de la Ciudad indican que los casos de consulta por patolog\u00eda respiratoria van increment\u00e1ndose acorde a la \u00e9poca del a\u00f1o, pero se encuentran a\u00fan por debajo de los esperados, y que \u201clos flujos de atenci\u00f3n en las guardias se encuentran sin desv\u00edos significativos y los servicios de emergencias se encuentran trabajando con normalidad\u201d.<\/p>\n\n\n\n<h2 class=\"wp-block-heading\">Las medidas de fuerza y el impacto en la atenci\u00f3n<\/h2>\n\n\n\n<p>En medio de este crecimiento de casos estacionales hay&nbsp;<strong>otros puntos de repercusi\u00f3n&nbsp;<\/strong>en la demora que puede observarse en guardias de centros m\u00e9dicos que prestan servicios privados. Al entrar a algunos de ellos, como a cl\u00ednicas de Medicus y Swiss Medical, pueden leerse pancartas y folletos que explican la situaci\u00f3n de trabajadores de sanidad \u201cen plan nacional de lucha\u201d.<\/p>\n\n\n\n<p>Estas fueron medidas de fuerza por<strong>&nbsp;negociaci\u00f3n de paritarias<\/strong>&nbsp;que se llevaron adelante en cl\u00ednicas, sanatorios y hospitales del pa\u00eds. Hubo un especial impacto en la atenci\u00f3n durante la \u00faltima semana.<img loading=\"lazy\" decoding=\"async\" alt=\"Guardia del Instituto Argentino del Diagn\u00f3stico. Foto: Juano Tesone\" src=\"https:\/\/www.clarin.com\/img\/2024\/05\/29\/ivl41KcX5_720x0__1.jpg\" width=\"720\" height=\"480\">Guardia del Instituto Argentino del Diagn\u00f3stico. Foto: Juano Tesone<\/p>\n\n\n\n<p>La Federaci\u00f3n Argentina de Trabajadores de la Salud (FATSA) comenz\u00f3 el pasado mi\u00e9rcoles una<strong>&nbsp;huelga parcial por turnos<\/strong>&nbsp;dentro de una serie de medidas de fuerza en reclamo de mejoras salariales. Adhiri\u00f3 la Asociaci\u00f3n de Trabajadores de la Sanidad Argentina (ATSA). Estas medidas incluyeron al personal administrativo, enfermeros, t\u00e9cnicos, y camilleros.<\/p>\n\n\n\n<p>Aunque hay fuentes del sector que&nbsp;<strong>atribuyen las demoras en la atenci\u00f3n a los paros<\/strong>&nbsp;y asambleas coyunturales en los centros de salud, Jorge Iapichino, desde la Confederaci\u00f3n M\u00e9dica Argentina (organismo que nuclea las confederaciones de m\u00e9dicos de las 24 jurisdicciones), dimensiona otra escala de la problem\u00e1tica: \u201cAlguna medida de fuerza aislada hay, pero el problema de base&nbsp;<strong>es la falta de personal profesional<\/strong>&nbsp;para la atenci\u00f3n de la emergencia\u201d.<\/p>\n\n\n\n<p>Seg\u00fan agrega, \u201cno se consiguen reemplazos y los j\u00f3venes (y no tan j\u00f3venes) no quieren hacer una tarea agotadora y de enorme responsabilidad por dos pesos y en condiciones que est\u00e1n lejos de ser ideales.\u00a0<strong>Este es el meollo del problema<\/strong>\u201d.<\/p>\n\n\n\n<p>Fuente: <a href=\"https:\/\/www.clarin.com\/sociedad\/disparan-casos-gripe-largas-esperas-guardias-causas-problema_0_Sx1rQe9hlC.html\">https:\/\/www.clarin.com\/sociedad\/disparan-casos-gripe-largas-esperas-guardias-causas-problema_0_Sx1rQe9hlC.html<\/a><\/p>\n","protected":false},"excerpt":{"rendered":"<p>Las estad\u00edsticas muestran un sostenido incremento de la circulaci\u00f3n del virus de influenza y tambi\u00e9n del que causa bronquiolitis. Se mezclan dos problemas: a la falta de m\u00e9dicos que afecta a las instituciones se suman medidas de fuerza por el reclamo de paritarias. El domingo, Malvina llev\u00f3 a su hijo de tres a\u00f1os a la [&hellip;]<\/p>\n","protected":false},"author":3,"featured_media":1473,"comment_status":"open","ping_status":"open","sticky":false,"template":"","format":"standard","meta":{"footnotes":""},"categories":[3,5,12],"tags":[739,740],"class_list":["post-1472","post","type-post","status-publish","format-standard","has-post-thumbnail","hentry","category-principal","category-salud","category-sociedad","tag-gripe","tag-guardias-medicas"],"_links":{"self":[{"href":"https:\/\/noticiassaludables.com.ar\/index.php?rest_route=\/wp\/v2\/posts\/1472","targetHints":{"allow":["GET"]}}],"collection":[{"href":"https:\/\/noticiassaludables.com.ar\/index.php?rest_route=\/wp\/v2\/posts"}],"about":[{"href":"https:\/\/noticiassaludables.com.ar\/index.php?rest_route=\/wp\/v2\/types\/post"}],"author":[{"embeddable":true,"href":"https:\/\/noticiassaludables.com.ar\/index.php?rest_route=\/wp\/v2\/users\/3"}],"replies":[{"embeddable":true,"href":"https:\/\/noticiassaludables.com.ar\/index.php?rest_route=%2Fwp%2Fv2%2Fcomments&post=1472"}],"version-history":[{"count":1,"href":"https:\/\/noticiassaludables.com.ar\/index.php?rest_route=\/wp\/v2\/posts\/1472\/revisions"}],"predecessor-version":[{"id":1474,"href":"https:\/\/noticiassaludables.com.ar\/index.php?rest_route=\/wp\/v2\/posts\/1472\/revisions\/1474"}],"wp:featuredmedia":[{"embeddable":true,"href":"https:\/\/noticiassaludables.com.ar\/index.php?rest_route=\/wp\/v2\/media\/1473"}],"wp:attachment":[{"href":"https:\/\/noticiassaludables.com.ar\/index.php?rest_route=%2Fwp%2Fv2%2Fmedia&parent=1472"}],"wp:term":[{"taxonomy":"category","embeddable":true,"href":"https:\/\/noticiassaludables.com.ar\/index.php?rest_route=%2Fwp%2Fv2%2Fcategories&post=1472"},{"taxonomy":"post_tag","embeddable":true,"href":"https:\/\/noticiassaludables.com.ar\/index.php?rest_route=%2Fwp%2Fv2%2Ftags&post=1472"}],"curies":[{"name":"wp","href":"https:\/\/api.w.org\/{rel}","templated":true}]}}