{"id":1489,"date":"2024-06-05T10:51:44","date_gmt":"2024-06-05T13:51:44","guid":{"rendered":"https:\/\/noticiassaludables.com.ar\/?p=1489"},"modified":"2024-06-05T10:51:44","modified_gmt":"2024-06-05T13:51:44","slug":"ningun-gobierno-puede-exigir-a-su-pueblo-que-sufra-privaciones-incompatibles-con-la-dignidad-humana","status":"publish","type":"post","link":"https:\/\/noticiassaludables.com.ar\/?p=1489","title":{"rendered":"&#8220;Ning\u00fan gobierno puede exigir a su pueblo que sufra privaciones incompatibles con la dignidad humana&#8221;"},"content":{"rendered":"\n<p>Lo dijo en una audiencia en la que particip\u00f3 el exministro de Econom\u00eda argentino Mart\u00edn Guzm\u00e1n. El l\u00edder de la Iglesia Cat\u00f3lica reproch\u00f3 que &#8220;pierden siempre los m\u00e1s d\u00e9biles&#8221;.<\/p>\n\n\n\n<figure class=\"wp-block-image\"><img decoding=\"async\" src=\"https:\/\/fotos.perfil.com\/2024\/06\/05\/trim\/987\/555\/papa-francisco-1814098.jpg\" alt=\"Papa Francisco \"\/><figcaption class=\"wp-element-caption\">Papa Francisco.&nbsp;| AFP<\/figcaption><\/figure>\n\n\n\n<p>El papa&nbsp;<strong>Francisco&nbsp;<\/strong>brind\u00f3 un mensaje este mi\u00e9rcoles 5 de junio que parece apuntar al gobierno de&nbsp;<a target=\"_blank\" href=\"https:\/\/www.perfil.com\/noticias\/politica\/defendere-la-caja-a-veto-puro-reaccion-javier-milei-tras-nueva-formula-jubilatoria-aprobada-diputados.phtml\" rel=\"noreferrer noopener\"><strong>Javier Milei<\/strong><\/a>&nbsp;en medio de la crisis en el&nbsp;<a target=\"_blank\" href=\"https:\/\/www.perfil.com\/noticias\/opinion\/riesgosa-sobreactuacion-de-milei-con-pettovello.phtml\" rel=\"noreferrer noopener\"><strong>Ministerio de Capital Humano<\/strong><\/a>&nbsp;a ra\u00edz de las denuncias por&nbsp;<a target=\"_blank\" href=\"https:\/\/www.perfil.com\/noticias\/politica\/reportaron-faltantes-alimentos-incongruencias-informe-capital-humano.phtml\" rel=\"noreferrer noopener\"><strong>alimentos sin repartir<\/strong><\/a>.&nbsp;El sacerdote argentino sostuvo, sin nombre a ning\u00fan pa\u00eds en particular, que los gobiernos que enfrentan problemas de deuda no pueden imponer a sus pueblos &#8220;privaciones incompatibles con la dignidad humana&#8221;.<\/p>\n\n\n\n<p>&#8220;Despu\u00e9s de una globalizaci\u00f3n mal administrada, despu\u00e9s de la pandemia y de las guerras, nos encontramos frente a una crisis de deudas que afectan principalmente a los pa\u00edses del sur del mundo, generando miseria y angustia, y despojando a millones de personas de la posibilidad de un futuro digno&#8221;, deplor\u00f3 Jorge Mario Bergoglio, seg\u00fan recogi\u00f3 la agencia AFP.<\/p>\n\n\n\n<p>&#8220;En consecuencia,&nbsp;<strong>ning\u00fan gobierno puede exigir moralmente a su pueblo que sufra privaciones incompatibles con la dignidad humana<\/strong>&#8220;, agreg\u00f3 el Papa.<\/p>\n\n\n\n<p>Las declaraciones de Francisco tuvieron lugar durante una audiencia en el Vaticano con participantes de una conferencia titulada &#8220;La Crisis de la Deuda en el Sur Global&#8221;. El encuentro fue organizado por la Academia Pontificia de Ciencias Sociales junto a la Iniciativa para el Di\u00e1logo Pol\u00edtico, organismo a cargo del Nobel de Econom\u00eda&nbsp;<strong>Joseph Stiglitz<\/strong>&nbsp;y su delf\u00edn, el exministro de Econom\u00eda argentino&nbsp;<strong>Martin Guzm\u00e1n<\/strong>.<\/p>\n\n\n\n<figure class=\"wp-block-image\"><img decoding=\"async\" src=\"https:\/\/fotos.perfil.com\/\/2024\/06\/05\/900\/0\/el-papa-francisco-y-javier-milei-1814119.jpg\" alt=\"El Papa Francisco y Javier Milei\"\/><figcaption class=\"wp-element-caption\">El Papa Francisco y Javier Milei.<\/figcaption><\/figure>\n\n\n\n<p>El Sumo Pont\u00edfice convoc\u00f3 a una&nbsp;<strong>&#8220;responsabilidad compartida&#8221;<\/strong>&nbsp;entre quienes dan financiamiento y quienes lo reciben. Y plante\u00f3 la necesidad de &#8220;un mecanismo multinacional, basado en la solidaridad y la armon\u00eda de los pueblos&#8221; que tome en cuenta las &#8220;implicaciones econ\u00f3micas, financieras y sociales&#8221; del endeudamiento.<\/p>\n\n\n\n<p>&#8220;La ausencia de este mecanismo favorece el &#8216;s\u00e1lvese quien pueda&#8217;, donde<strong>&nbsp;pierden siempre los m\u00e1s d\u00e9biles<\/strong>&#8220;, en un contexto en el que &#8220;la deuda ecol\u00f3gica y la deuda externa son dos caras de una misma moneda&#8221;, expres\u00f3 Francisco.<\/p>\n\n\n\n<p>Adem\u00e1s de Guzm\u00e1n, del encuentro participaron varios argentinos, como&nbsp;<strong>Guido Sandleris&nbsp;<\/strong>(expresidente del Banco Central durante la gesti\u00f3n de Mauricio Macri),&nbsp;<strong>Gustavo B\u00e9liz<\/strong>&nbsp;(miembro acad\u00e9mico de la PASS y ex secretario de Asuntos Estrat\u00e9gicos de&nbsp;<strong>Alberto Fern\u00e1ndez<\/strong>),&nbsp;<strong>Sebasti\u00e1n Ceria<\/strong>&nbsp;(fundador y presidente de Fundar) y&nbsp;<strong>Maia Colodenco<\/strong>&nbsp;(directora del Departamento de Iniciativas Globales de Suramericana Visi\u00f3n, y ex Secretaria de Asuntos Internacionales del Ministerio de Econom\u00eda de la Naci\u00f3n).<\/p>\n\n\n\n<p>Tambi\u00e9n estuvieron invitados Fernando Haddad (ministro de econom\u00eda de Brasil), Jay Shambaugh (Subsecretario de Relaciones Internacionales del Tesoro de EEUU), Carlos Cuerpo (ministro de econom\u00eda de Espa\u00f1a), Emmanuel Moulin (jefe de gabinete del primer ministro de Francia Emmanuel Macron, y ex presidente del Club de Paris), Antoinette Sayeh (Deputy Managing Director del FMI), entre otros.<\/p>\n\n\n\n<figure class=\"wp-block-image\"><img decoding=\"async\" src=\"https:\/\/fotos.perfil.com\/\/\/2024\/06\/05\/900\/0\/el-deposito-de-villa-martelli-que-tiene-los-alimentos-20240604-1813888.jpg\" alt=\"Alimentos\"\/><figcaption class=\"wp-element-caption\">Alimentos sin repartir motivaron las cr\u00edticas de la Iglesia Cat\u00f3lica al gobierno libertario.<\/figcaption><\/figure>\n\n\n\n<h2 class=\"wp-block-heading\"><strong>Alimentos y justicia social, los reclamos de la Iglesia Cat\u00f3lica a Javier Milei<\/strong><\/h2>\n\n\n\n<p>Las declaraciones del Papa Francisco de este mi\u00e9rcoles coinciden con las reiteradas cr\u00edticas que la Iglesia Cat\u00f3lica y sus representantes en Argentina vienen realizando al gobierno de Javier Milei por la falta de atenci\u00f3n sobre los m\u00e1s necesitados en medio de la fuerte crisis econ\u00f3mica de los \u00faltimos meses. Esos planteos se reforzaron en las \u00faltimas semanas en torno a los alimentos almacenados sin repartir mientras no llegan provisiones a los comedores.<\/p>\n\n\n\n<p>El presidente de la Conferencia Episcopal Argentina, monse\u00f1or&nbsp;<a target=\"_blank\" href=\"https:\/\/www.perfil.com\/noticias\/cordoba\/monsenor-ojea-pidio-al-gobierno-que-entregue-rapidamente-los-5-millones-de-kilos-de-alimentos-guardados.phtml\" rel=\"noreferrer noopener\"><strong>Oscar Ojea<\/strong><\/a>, reclam\u00f3 al gobierno nacional el pasado lunes 27 de mayo que entregue&nbsp;<strong>\u201cr\u00e1pidamente los 5 millones de kilos de \u201calimentos guardados\u201d<\/strong>.<\/p>\n\n\n\n<p>D\u00edas despu\u00e9s, el sacerdote del Grupo Opci\u00f3n por los Pobres&nbsp;<a target=\"_blank\" href=\"https:\/\/www.perfil.com\/noticias\/politica\/el-sacerdote-paco-olveira-iniciara-una-huelga-hambre-si-el-gobierno-no-entrega-los-alimentos.phtml\" rel=\"noreferrer noopener\"><strong>Paco Olveira<\/strong><\/a>&nbsp;fue m\u00e1s all\u00e1 y amenaz\u00f3 con iniciar una huelga de hambre si el Gobierno no entrega los alimentos que tiene guardados en un galp\u00f3n.&nbsp;<strong>&#8220;Somos dos curas y un religioso franciscano, esperamos que no haga falta y que primen la racionalidad y la cordura\u201d<\/strong>, sostuvo.<\/p>\n\n\n\n<p>El propio Francisco cuestion\u00f3 la filosof\u00eda liberal que defiende Milei cuando lament\u00f3 d\u00edas atr\u00e1s, sin nombrarlo, que &#8220;la econom\u00eda liberal no acepte el t\u00e9rmino &#8216;justicia social'&#8221;. El presidente argentino, como expuso en diversas ocasiones, considera el concepto de justicia social como \u201caberrante\u201d porque, argumenta, implica &#8220;robarle a alguien el producto de su trabajo para darle a otro&#8221; y &#8220;constituye un trato desigual frente a la ley&#8221;<\/p>\n\n\n\n<p>En las \u00faltimas semanas, Francisco reiter\u00f3 que le gustar\u00eda visitar Argentina &#8220;a fines de noviembre o principios del a\u00f1o que viene&#8221;, en lo que ser\u00eda su primer regreso a su pa\u00eds de origen desde que fue consagrado Papa en 2013.<\/p>\n\n\n\n<p>Fuente: <a href=\"https:\/\/www.perfil.com\/noticias\/internacional\/papa-francisco-gobierno-pueblo-privaciones-incompatibles-dignidad-humana.phtml?__vfz=medium%3Dstandalone_content_recirculation_with_ads\">https:\/\/www.perfil.com\/noticias\/internacional\/papa-francisco-gobierno-pueblo-privaciones-incompatibles-dignidad-humana.phtml?__vfz=medium%3Dstandalone_content_recirculation_with_ads<\/a><\/p>\n","protected":false},"excerpt":{"rendered":"<p>Lo dijo en una audiencia en la que particip\u00f3 el exministro de Econom\u00eda argentino Mart\u00edn Guzm\u00e1n. El l\u00edder de la Iglesia Cat\u00f3lica reproch\u00f3 que &#8220;pierden siempre los m\u00e1s d\u00e9biles&#8221;. El papa&nbsp;Francisco&nbsp;brind\u00f3 un mensaje este mi\u00e9rcoles 5 de junio que parece apuntar al gobierno de&nbsp;Javier Milei&nbsp;en medio de la crisis en el&nbsp;Ministerio de Capital Humano&nbsp;a ra\u00edz [&hellip;]<\/p>\n","protected":false},"author":3,"featured_media":1490,"comment_status":"open","ping_status":"open","sticky":false,"template":"","format":"standard","meta":{"footnotes":""},"categories":[6,13,12],"tags":[746,745],"class_list":["post-1489","post","type-post","status-publish","format-standard","has-post-thumbnail","hentry","category-alimentacion","category-politica","category-sociedad","tag-alimentos-vencidos","tag-papa-francisco"],"_links":{"self":[{"href":"https:\/\/noticiassaludables.com.ar\/index.php?rest_route=\/wp\/v2\/posts\/1489","targetHints":{"allow":["GET"]}}],"collection":[{"href":"https:\/\/noticiassaludables.com.ar\/index.php?rest_route=\/wp\/v2\/posts"}],"about":[{"href":"https:\/\/noticiassaludables.com.ar\/index.php?rest_route=\/wp\/v2\/types\/post"}],"author":[{"embeddable":true,"href":"https:\/\/noticiassaludables.com.ar\/index.php?rest_route=\/wp\/v2\/users\/3"}],"replies":[{"embeddable":true,"href":"https:\/\/noticiassaludables.com.ar\/index.php?rest_route=%2Fwp%2Fv2%2Fcomments&post=1489"}],"version-history":[{"count":1,"href":"https:\/\/noticiassaludables.com.ar\/index.php?rest_route=\/wp\/v2\/posts\/1489\/revisions"}],"predecessor-version":[{"id":1491,"href":"https:\/\/noticiassaludables.com.ar\/index.php?rest_route=\/wp\/v2\/posts\/1489\/revisions\/1491"}],"wp:featuredmedia":[{"embeddable":true,"href":"https:\/\/noticiassaludables.com.ar\/index.php?rest_route=\/wp\/v2\/media\/1490"}],"wp:attachment":[{"href":"https:\/\/noticiassaludables.com.ar\/index.php?rest_route=%2Fwp%2Fv2%2Fmedia&parent=1489"}],"wp:term":[{"taxonomy":"category","embeddable":true,"href":"https:\/\/noticiassaludables.com.ar\/index.php?rest_route=%2Fwp%2Fv2%2Fcategories&post=1489"},{"taxonomy":"post_tag","embeddable":true,"href":"https:\/\/noticiassaludables.com.ar\/index.php?rest_route=%2Fwp%2Fv2%2Ftags&post=1489"}],"curies":[{"name":"wp","href":"https:\/\/api.w.org\/{rel}","templated":true}]}}