{"id":1505,"date":"2024-06-07T11:21:26","date_gmt":"2024-06-07T14:21:26","guid":{"rendered":"https:\/\/noticiassaludables.com.ar\/?p=1505"},"modified":"2024-06-07T11:21:27","modified_gmt":"2024-06-07T14:21:27","slug":"cierre-del-ministerio-de-la-mujer","status":"publish","type":"post","link":"https:\/\/noticiassaludables.com.ar\/?p=1505","title":{"rendered":"Cierre del Ministerio de la Mujer"},"content":{"rendered":"\n<h2 class=\"wp-block-heading\">La ministra de Relaciones Exteriores y culto utiliz\u00f3 una iron\u00eda en las redes sociales para celebrar el cierre del ministerio creado por el gobierno de Alberto Fern\u00e1ndez. La virulenta reacci\u00f3n de la extitular de la cartera.<\/h2>\n\n\n\n<figure class=\"wp-block-image\"><img decoding=\"async\" src=\"https:\/\/fotos.perfil.com\/2024\/06\/07\/trim\/987\/555\/diana-mondino-y-ayelen-mazzina-1815476.jpg\" alt=\"Diana Mondino y Ayel\u00e9n Mazzina\"\/><figcaption class=\"wp-element-caption\">Diana Mondino y Ayel\u00e9n Mazzina&nbsp;| NA<\/figcaption><\/figure>\n\n\n\n<p>En diciembre de 2023, en una de las primeras medidas tomadas por el gobierno de Javier Milei, se dispuso\u00a0la creaci\u00f3n\u00a0del\u00a0<strong>Ministerio de Capital Humano<\/strong>, que absorbi\u00f3\u00a0las funciones del\u00a0<strong>Ministerio de las Mujeres, G\u00e9neros y Diversidad<\/strong>, junto a los de\u00a0<a href=\"https:\/\/www.perfil.com\/noticias\/politica\/gabinete-de-javier-milei-uno-por-uno-quienes-son-los-ministros-y-secretarios-confirmados.phtml\" target=\"_blank\" rel=\"noreferrer noopener\">Educaci\u00f3n, Cultura, Trabajo y Desarrollo Social<\/a>.\u00a0\u00a0\u00a0<\/p>\n\n\n\n<p>El\u00a0<a href=\"https:\/\/www.perfil.com\/noticias\/politica\/gabinete-de-javier-milei-uno-por-uno-quienes-son-los-ministros-y-secretarios-confirmados.phtml\" target=\"_blank\" rel=\"noreferrer noopener\">Ministerio de las Mujeres<\/a>\u00a0se encontraba a cargo de\u00a0<strong>Ayel\u00e9n Mazzina<\/strong>, que hab\u00eda sido nombrada durante la gesti\u00f3n de\u00a0<strong>Alberto Fern\u00e1ndez\u00a0<\/strong>y, seg\u00fan la descripci\u00f3n del sitio web oficial, trabajaba &#8220;por\u00a0los derechos de las mujeres y LGBTI+, frente a toda forma de desigualdad y violencia, para construir una sociedad m\u00e1s justa con todos, todas y\u00a0<em>todes<\/em>&#8220;.<\/p>\n\n\n\n<p>n diciembre de 2023, en una de las primeras medidas tomadas por el gobierno de Javier Milei, se dispuso&nbsp;la creaci\u00f3n&nbsp;del&nbsp;<strong>Ministerio de Capital Humano<\/strong>, que absorbi\u00f3&nbsp;las funciones del&nbsp;<strong>Ministerio de las Mujeres, G\u00e9neros y Diversidad<\/strong>, junto a los de&nbsp;<a href=\"https:\/\/www.perfil.com\/noticias\/politica\/gabinete-de-javier-milei-uno-por-uno-quienes-son-los-ministros-y-secretarios-confirmados.phtml\" target=\"_blank\" rel=\"noreferrer noopener\">Educaci\u00f3n, Cultura, Trabajo y Desarrollo Social<\/a>.&nbsp;&nbsp;&nbsp;<\/p>\n\n\n\n<p>El&nbsp;<a target=\"_blank\" href=\"https:\/\/www.perfil.com\/noticias\/politica\/gabinete-de-javier-milei-uno-por-uno-quienes-son-los-ministros-y-secretarios-confirmados.phtml\" rel=\"noreferrer noopener\">Ministerio de las Mujeres<\/a>&nbsp;se encontraba a cargo de&nbsp;<strong>Ayel\u00e9n Mazzina<\/strong>, que hab\u00eda sido nombrada durante la gesti\u00f3n de&nbsp;<strong>Alberto Fern\u00e1ndez&nbsp;<\/strong>y, seg\u00fan la descripci\u00f3n del sitio web oficial, trabajaba &#8220;por&nbsp;los derechos de las mujeres y LGBTI+, frente a toda forma de desigualdad y violencia, para construir una sociedad m\u00e1s justa con todos, todas y&nbsp;<em>todes<\/em>&#8220;.<\/p>\n\n\n\n<p>El 6 de mayo, mediante un comunicado dado a conocer por el&nbsp;<strong>ministerio de Justicia&nbsp;<\/strong>se&nbsp;dispuso el cierre definitivo de la&nbsp;<strong>Subsecretar\u00eda de Protecci\u00f3n contra la Violencia de G\u00e9nero<\/strong><\/p>\n\n\n\n<p>El comunicado oficial se\u00f1al\u00f3&nbsp;que: &#8220;Este organismo fue creado y utilizado por la administraci\u00f3n anterior con fines pol\u00edticos-partidarios para propagar e imponer una agenda ideol\u00f3gica, contratar militantes y organizar charlas y eventos. Ninguna de sus acciones concluy\u00f3 en la baja del \u00edndice del delito. Por el contrario, el pueblo argentino fue testigo de su sesgo ideol\u00f3gico en la defensa discriminatoria de las v\u00edctimas&#8221;.<\/p>\n\n\n\n<p>Esta decisi\u00f3n fue saludada ir\u00f3nicamente por la ministra de Relaciones Exteriores y Culto,&nbsp;<a href=\"https:\/\/www.perfil.com\/noticias\/cordoba\/diana-mondino-en-la-cena-del-cari-consumo-dificilmente-haya-en-una-situacion-que-ha-sido-muy-recesiva.phtml\" target=\"_blank\" rel=\"noreferrer noopener\"><strong>Diana Mondino<\/strong><\/a>&nbsp;que escribi\u00f3 en sus redes sociales: &#8220;Saluden al Ministerio de Mujeres y&nbsp;<em>Sanwichitos<\/em>&nbsp;que se fue&#8221;.<\/p>\n\n\n\n<p>La l\u00ednea argumentativa del oficialismo para justificar el cierre del organismo se bas\u00f3&nbsp;en el resultado de una auditoria realizada que, seg\u00fan se\u00f1ala el comunicado, &#8220;detect\u00f3 en el \u00e1rea de la Subsecretar\u00eda de G\u00e9nero una clara superposici\u00f3n de funciones con distintas agencias gubernamentales que se dedican a la misma tarea. Ello implicaba un sobre mantenimiento de edificios, estructuras y m\u00e1s de 800 empleados, con distintos sueldos. Dinero que al Estado argentino no le sobra&#8221;, finaliza.<\/p>\n\n\n\n<p>Esta decisi\u00f3n gener\u00f3 una serie de respuestas entre las que se encuentra la&nbsp;<strong>&nbsp;<a href=\"https:\/\/www.perfil.com\/noticias\/politica\/es-un-ejemplo-en-el-mundo-mazzina-se-despidio-del-ministerio-de-las-mujeres-y-hay-incertidumbre-sobre-la-continuidad-de-los-programas.phtml\" target=\"_blank\" rel=\"noreferrer noopener\">Ayel\u00e9n Mazzina<\/a><\/strong><a href=\"https:\/\/www.perfil.com\/noticias\/politica\/es-un-ejemplo-en-el-mundo-mazzina-se-despidio-del-ministerio-de-las-mujeres-y-hay-incertidumbre-sobre-la-continuidad-de-los-programas.phtml\" target=\"_blank\" rel=\"noreferrer noopener\">,<\/a>&nbsp;la ex titular del Ministerio de las Mujeres: &#8220;Pesadilla para todas las personas en situaci\u00f3n de violencia. Retroceso es lo que est\u00e1n haciendo. No les importa la prevenci\u00f3n, la asistencia ni el acompa\u00f1amiento a ninguna v\u00edctima. V\u00e1yanse a la mierda, pero v\u00e1yanse&#8221;. Y agreg\u00f3: &#8220;Desgracia, desastre y desidia es lo que caracteriza a este gobierno OLIGARCA que se caga en todo y en toDAS. Disolver lo poco que quedaba del Ministerio de Mujeres, G\u00e9neros y Diversidad, es una pesadilla&#8221;.<\/p>\n\n\n\n<p>Fuente: <a href=\"https:\/\/www.perfil.com\/noticias\/actualidad\/cierre-del-ministerio-de-la-mujer-los-sanwichitos-de-diana-mondino-y-el-vayanse-a-la-mierda-de-ayelen-mazzina.phtml\">https:\/\/www.perfil.com\/noticias\/actualidad\/cierre-del-ministerio-de-la-mujer-los-sanwichitos-de-diana-mondino-y-el-vayanse-a-la-mierda-de-ayelen-mazzina.phtml<\/a><\/p>\n","protected":false},"excerpt":{"rendered":"<p>La ministra de Relaciones Exteriores y culto utiliz\u00f3 una iron\u00eda en las redes sociales para celebrar el cierre del ministerio creado por el gobierno de Alberto Fern\u00e1ndez. La virulenta reacci\u00f3n de la extitular de la cartera. En diciembre de 2023, en una de las primeras medidas tomadas por el gobierno de Javier Milei, se dispuso\u00a0la [&hellip;]<\/p>\n","protected":false},"author":3,"featured_media":1506,"comment_status":"open","ping_status":"open","sticky":false,"template":"","format":"standard","meta":{"footnotes":""},"categories":[11,13,12],"tags":[752],"class_list":["post-1505","post","type-post","status-publish","format-standard","has-post-thumbnail","hentry","category-agenda","category-politica","category-sociedad","tag-cierre-del-ministerio-de-la-mujer"],"_links":{"self":[{"href":"https:\/\/noticiassaludables.com.ar\/index.php?rest_route=\/wp\/v2\/posts\/1505","targetHints":{"allow":["GET"]}}],"collection":[{"href":"https:\/\/noticiassaludables.com.ar\/index.php?rest_route=\/wp\/v2\/posts"}],"about":[{"href":"https:\/\/noticiassaludables.com.ar\/index.php?rest_route=\/wp\/v2\/types\/post"}],"author":[{"embeddable":true,"href":"https:\/\/noticiassaludables.com.ar\/index.php?rest_route=\/wp\/v2\/users\/3"}],"replies":[{"embeddable":true,"href":"https:\/\/noticiassaludables.com.ar\/index.php?rest_route=%2Fwp%2Fv2%2Fcomments&post=1505"}],"version-history":[{"count":1,"href":"https:\/\/noticiassaludables.com.ar\/index.php?rest_route=\/wp\/v2\/posts\/1505\/revisions"}],"predecessor-version":[{"id":1507,"href":"https:\/\/noticiassaludables.com.ar\/index.php?rest_route=\/wp\/v2\/posts\/1505\/revisions\/1507"}],"wp:featuredmedia":[{"embeddable":true,"href":"https:\/\/noticiassaludables.com.ar\/index.php?rest_route=\/wp\/v2\/media\/1506"}],"wp:attachment":[{"href":"https:\/\/noticiassaludables.com.ar\/index.php?rest_route=%2Fwp%2Fv2%2Fmedia&parent=1505"}],"wp:term":[{"taxonomy":"category","embeddable":true,"href":"https:\/\/noticiassaludables.com.ar\/index.php?rest_route=%2Fwp%2Fv2%2Fcategories&post=1505"},{"taxonomy":"post_tag","embeddable":true,"href":"https:\/\/noticiassaludables.com.ar\/index.php?rest_route=%2Fwp%2Fv2%2Ftags&post=1505"}],"curies":[{"name":"wp","href":"https:\/\/api.w.org\/{rel}","templated":true}]}}