{"id":1528,"date":"2024-06-24T10:38:53","date_gmt":"2024-06-24T13:38:53","guid":{"rendered":"https:\/\/noticiassaludables.com.ar\/?p=1528"},"modified":"2024-06-24T10:41:35","modified_gmt":"2024-06-24T13:41:35","slug":"aumentan-las-infecciones-respiratorias-en-argentina","status":"publish","type":"post","link":"https:\/\/noticiassaludables.com.ar\/?p=1528","title":{"rendered":"Aumentan las infecciones respiratorias en Argentina"},"content":{"rendered":"\n<p>En el \u00faltimo Bolet\u00edn Epidemiol\u00f3gico, la cartera sanitaria inform\u00f3 que se registra un incremento en las detecciones de Influenza y virus sincicial respiratorio (VSR). Qu\u00e9 otros virus circulan en el pa\u00eds, de acuerdo al documento<\/p>\n\n\n\n<p>En el \u00faltimo\u00a0<strong>Bolet\u00edn Epidemiol\u00f3gico,<\/strong>\u00a0el\u00a0<strong>Ministerio de Salud<\/strong>\u00a0inform\u00f3 que los estudios reportados \u201cpor la red de\u00a0<strong>virus respiratorios<\/strong>\u00a0muestran un\u00a0<strong>pronunciado aumento en las \u00faltimas semanas de las detecciones<\/strong>\u00a0de<strong>\u00a0Influenza,\u00a0<\/strong>con un ascenso de 860 casos en la semana 21 -mediados de mayo- a 1617 en la semana 23 -principios de junio-. Adem\u00e1s, se verifica un paulatino<strong>\u00a0ascenso de detecciones<\/strong>\u00a0de\u00a0<strong>virus sincicial respiratorio (<\/strong><a href=\"https:\/\/www.infobae.com\/salud\/2024\/06\/13\/el-virus-sincicial-respiratorio-no-solo-afecta-a-los-ninos-cuales-son-los-riesgos-en-los-adultos-y-las-vacunas-disponibles-en-argentina\/\" target=\"_blank\" rel=\"noreferrer noopener\"><strong>VSR<\/strong><\/a><strong>)<\/strong>, con m\u00e1s de 400 casos registrados en las \u00faltimas tres semanas\u201d.<a href=\"https:\/\/www.infobae.com\/salud\/2024\/06\/24\/cual-es-la-fruta-que-ayuda-a-la-vista-y-a-controlar-la-presion-arterial\/\" target=\"_blank\" rel=\"noreferrer noopener\"><\/a><\/p>\n\n\n\n<p>\u201cEn la semana 23, adem\u00e1s, se detecta<strong>&nbsp;circulaci\u00f3n de SARS-CoV-2, adenovirus, parainfluenza y metapneumovirus\u201d<\/strong>, precisaron desde la cartera sanitaria.<\/p>\n\n\n\n<p>Y sumaron: \u201cEn las primeras 24 semanas de 2024, se notific\u00f3 el fallecimiento de 63 personas con diagn\u00f3stico de influenza. Los casos de&nbsp;<strong>Influenza&nbsp;<\/strong>presentan&nbsp;<strong>tendencia ascendente<\/strong>&nbsp;desde semana 16 de 2024 -mediados de abril-, superando los 200 casos semanales en las \u00faltimas cinco semanas. Adem\u00e1s, a partir de la semana 16, se registra un&nbsp;<strong>ascenso en las detecciones de VSR<\/strong>&nbsp;en internados.&nbsp;<strong>Los casos de SARS-CoV-2 permanecen en niveles bajos\u201d.<\/strong><\/p>\n\n\n\n<p><a href=\"https:\/\/www.infobae.com\/salud\/2024\/06\/24\/como-saber-si-me-falta-calcio-las-6-claves-que-despiertan-el-alerta\/\" target=\"_blank\" rel=\"noreferrer noopener\"><\/a><\/p>\n\n\n\n<figure class=\"wp-block-image\"><a href=\"https:\/\/www.infobae.com\/salud\/2024\/06\/24\/como-saber-si-me-falta-calcio-las-6-claves-que-despiertan-el-alerta\/\" target=\"_blank\" rel=\"noreferrer noopener\"><img decoding=\"async\" src=\"https:\/\/www.infobae.com\/new-resizer\/VwrGZjsm95Bmar3IynMhBdlZlaM=\/1200x675\/filters:format(webp):quality(85)\/cloudfront-us-east-1.images.arcpublishing.com\/infobae\/7FGSGPMUPBFQJCAX5PMQMDFXHI.jpg\" alt=\"\u00bfC\u00f3mo saber si me falta calcio? Las 6 claves que despiertan el alerta\"\/><\/a><\/figure>\n\n\n\n<p><\/p>\n\n\n\n<p>\u201cEntre las semanas epidemiol\u00f3gicas 1 y 23 de 2024 se registraron 424.447 casos de&nbsp;<strong>ETI<\/strong>&nbsp;(Enfermedad Tipo Influenza), 53.916 casos de Neumon\u00eda y 43.607 casos de Bronquiolitis en menores de dos a\u00f1os, representando una disminuci\u00f3n de las notificaciones del -8,08% para las ETI, -29,62% para neumon\u00edas y -55,74% para bronquiolitis, respecto a los casos notificados en el mismo per\u00edodo del 2023\u2033, ampliaron en el documento.<\/p>\n\n\n\n<p><img loading=\"lazy\" decoding=\"async\" alt=\"En el Bolet\u00edn informaron que en la semana 24 de 2024, se confirmaron 85 casos de COVID-19 sin fallecimientos, registr\u00e1ndose un incremento significativo en los casos de COVID-19 entre las semanas 52 de 2023 y 4 de 2024, seguido de una tendencia descendente (Imagen Ilustrativa Infobae)\" height=\"816\" width=\"1456\" class=\"\" src=\"https:\/\/www.infobae.com\/new-resizer\/HlM5GROLP4DC9KxkfBN-Da6e0Hk=\/420x236\/filters:format(webp):quality(85)\/cloudfront-us-east-1.images.arcpublishing.com\/infobae\/ENY4N45VIZAFBJO2JCDIYXCYIQ.jpg%20420w\" srcset=\"https:\/\/www.infobae.com\/new-resizer\/HlM5GROLP4DC9KxkfBN-Da6e0Hk=\/420x236\/filters:format(webp):quality(85)\/cloudfront-us-east-1.images.arcpublishing.com\/infobae\/ENY4N45VIZAFBJO2JCDIYXCYIQ.jpg 420w,https:\/\/www.infobae.com\/new-resizer\/NCOPJYdfMTu1WsMHgBvSxuBxySk=\/768x432\/filters:format(webp):quality(85)\/cloudfront-us-east-1.images.arcpublishing.com\/infobae\/ENY4N45VIZAFBJO2JCDIYXCYIQ.jpg 768w,https:\/\/www.infobae.com\/new-resizer\/Z34GoA_tHE_tKKxqNgDnsATrpv8=\/992x558\/filters:format(webp):quality(85)\/cloudfront-us-east-1.images.arcpublishing.com\/infobae\/ENY4N45VIZAFBJO2JCDIYXCYIQ.jpg 992w,https:\/\/www.infobae.com\/new-resizer\/XSApIJH0qAyGs8fLTNwdPVaMdDo=\/1200x675\/filters:format(webp):quality(85)\/cloudfront-us-east-1.images.arcpublishing.com\/infobae\/ENY4N45VIZAFBJO2JCDIYXCYIQ.jpg 1200w,https:\/\/www.infobae.com\/new-resizer\/tKIELoN5lkBXSrsx_L_Cc6OI98g=\/1440x810\/filters:format(webp):quality(85)\/cloudfront-us-east-1.images.arcpublishing.com\/infobae\/ENY4N45VIZAFBJO2JCDIYXCYIQ.jpg 1440w\">En el Bolet\u00edn informaron que en la semana 24 de 2024, se confirmaron 85 casos de COVID-19 sin fallecimientos, registr\u00e1ndose un incremento significativo en los casos de COVID-19 entre las semanas 52 de 2023 y 4 de 2024, seguido de una tendencia descendente (Imagen Ilustrativa Infobae)<\/p>\n\n\n\n<p>De acuerdo a lo informado por el Ministerio de Salud, en las Unidades de Monitoreo Ambulatorio, los casos de influenza registran una\u00a0<strong>tendencia ascendente en las \u00faltimas 9 semanas<\/strong>, con 53 casos positivos entre las 115 muestras estudiadas en la \u00faltima semana. Adem\u00e1s, en la semana 24, se registraron 6 detecciones de SARS-CoV-2 entre las 699 muestras analizadas por t\u00e9cnica molecular. En las dos \u00faltimas semanas analizadas (23 y 24), se detectaron 6 casos positivos de VSR entre las 131 muestras estudiadas\u201d.<a href=\"https:\/\/www.infobae.com\/salud\/2024\/06\/23\/comienza-la-transicion-hacia-la-receta-electronica-de-farmacos-y-tratamientos-como-afectara-a-los-pacientes-y-profesionales\/\" target=\"_blank\" rel=\"noreferrer noopener\"><\/a><\/p>\n\n\n\n<p>Con respecto a la incidencia del COVID postularon: \u201cEn la semana 24 de 2024 se registraron 85 casos confirmados con diagn\u00f3stico de COVID-19, sin casos fallecidos notificados en esa semana. Entre las semanas 52 de 2023 -fines de diciembre y semana 4 de 2024 -mediados de enero- se verifica un incremento de los casos de COVID-19 superando en la semana 4 de 2024 el n\u00famero de casos m\u00e1ximo registrado durante el \u00faltimo ascenso de casos producido en la segunda mitad de 2023 (semana 35, a fines de agosto), con una tendencia descendente posterior\u201d.<\/p>\n\n\n\n<p>Seg\u00fan el documento, \u201csi se compara el n\u00famero de notificaciones de ETI en el per\u00edodo 2015-2024, se observa que el mayor n\u00famero de casos se registra para el a\u00f1o 2022 (con un total de 565.672 casos), seguido por el a\u00f1o 2016. El n\u00famero de notificaciones de ETI correspondiente a las semanas 1-23 de 2024 es menor respecto de los a\u00f1os 2016 a 2017 y 2022 a 2023, y&nbsp;<strong>mayor en comparaci\u00f3n con los a\u00f1os 2015 y 2018 a 2021<\/strong>\u2033.<\/p>\n\n\n\n<p><img loading=\"lazy\" decoding=\"async\" alt=\"El Ministerio de Salud record\u00f3 que las vacunas contra la gripe, la neumon\u00eda y la bronquiolitis est\u00e1n disponibles en el Calendario Nacional de Vacunaci\u00f3n y deben aplicarse seg\u00fan las indicaciones espec\u00edficas para cada grupo de riesgo (Imagen Ilustrativa Infobae)\" height=\"816\" width=\"1456\" class=\"\" src=\"https:\/\/www.infobae.com\/new-resizer\/2uHfqPcpcOC3mFsnLfyAK9U2oys=\/420x236\/filters:format(webp):quality(85)\/cloudfront-us-east-1.images.arcpublishing.com\/infobae\/KNAYKEF72NEHZMAULMZEOLNBNU.jpg%20420w\" srcset=\"https:\/\/www.infobae.com\/new-resizer\/2uHfqPcpcOC3mFsnLfyAK9U2oys=\/420x236\/filters:format(webp):quality(85)\/cloudfront-us-east-1.images.arcpublishing.com\/infobae\/KNAYKEF72NEHZMAULMZEOLNBNU.jpg 420w,https:\/\/www.infobae.com\/new-resizer\/Pi8SjTJ7P7UsFGZ_RJ2IGdvnEzQ=\/768x432\/filters:format(webp):quality(85)\/cloudfront-us-east-1.images.arcpublishing.com\/infobae\/KNAYKEF72NEHZMAULMZEOLNBNU.jpg 768w,https:\/\/www.infobae.com\/new-resizer\/5YCcxTlN07ML_eC_rDn3szszf1k=\/992x558\/filters:format(webp):quality(85)\/cloudfront-us-east-1.images.arcpublishing.com\/infobae\/KNAYKEF72NEHZMAULMZEOLNBNU.jpg 992w,https:\/\/www.infobae.com\/new-resizer\/i1JYi0wW9AjeWXwbUjGX1uQJeUM=\/1200x675\/filters:format(webp):quality(85)\/cloudfront-us-east-1.images.arcpublishing.com\/infobae\/KNAYKEF72NEHZMAULMZEOLNBNU.jpg 1200w,https:\/\/www.infobae.com\/new-resizer\/1ePkr17w9IZloD0ZeZWLKfy4o2g=\/1440x810\/filters:format(webp):quality(85)\/cloudfront-us-east-1.images.arcpublishing.com\/infobae\/KNAYKEF72NEHZMAULMZEOLNBNU.jpg 1440w\">El Ministerio de Salud record\u00f3 que las vacunas contra la gripe, la neumon\u00eda y la bronquiolitis est\u00e1n disponibles en el Calendario Nacional de Vacunaci\u00f3n y deben aplicarse seg\u00fan las indicaciones espec\u00edficas para cada grupo de riesgo (Imagen Ilustrativa Infobae)<\/p>\n\n\n\n<p>Respecto a los registros hist\u00f3ricos, la cartera de salud complet\u00f3: \u201cLas notificaciones de ETI registradas presentan un ascenso en las primeras semanas de 2024, que alcanza niveles de brote entre semanas 2 y 8 -principios de enero y mediados de febrero-. Posteriormente descienden, ubic\u00e1ndose en niveles de seguridad y permanecen en esta zona hasta la semana 20 -mediados de mayo-, aunque con tendencia ascendente el n\u00famero de notificaciones semanales desde semana 10. Entre semana 21 y 22, los registros se ubican en niveles de alerta, encontr\u00e1ndose en el l\u00edmite entre alerta y seguridad en semana 23\u2033.<\/p>\n\n\n\n<h2 class=\"wp-block-heading\">Vacunaci\u00f3n y enfermedades respiratorias<\/h2>\n\n\n\n<p><a rel=\"noreferrer noopener\" href=\"https:\/\/www.infobae.com\/salud\/2024\/06\/17\/enfermedades-respiratorias-quienes-deben-vacunarse-contra-la-gripe-la-neumonia-y-el-vsr-en-argentina\/\" target=\"_blank\">D\u00edas atr\u00e1s,<\/a>&nbsp;el Ministerio de Salud de la Naci\u00f3n record\u00f3 que hay vacunas disponibles para reducir el riesgo de las complicaciones por esas enfermedades. Las vacunas contra la gripe, la neumon\u00eda y la&nbsp;<a href=\"https:\/\/www.infobae.com\/salud\/2024\/06\/08\/gripe-neumonia-y-bronquiolitis-como-diferenciar-las-infecciones-que-impulsan-el-aumento-de-consultas-en-las-guardias\/#:~:text=C%C3%B3mo%20afecta%20la%20bronquiolitis&amp;text=Se%20deben%20acompa%C3%B1ar%20a%20la,o%20las%20costillas%20al%20respirar.\">bronquiolitis<\/a>&nbsp;forman parte del&nbsp;<strong>Calendario Nacional de Vacunaci\u00f3n<\/strong>, y hay indicaciones precisas sobre&nbsp;<strong>qu\u00e9 grupos&nbsp;<\/strong>tienen que aplicarse las dosis. Tambi\u00e9n se puede acceder a la vacuna contra&nbsp;<strong>COVID-19<\/strong>. Est\u00e1n disponibles en hospitales y vacunatorios p\u00fablicos de todo el pa\u00eds.<\/p>\n\n\n\n<p>A trav\u00e9s de las llamadas \u201cunidades centinelas\u201d,<strong>&nbsp;las 24 jurisdicciones que conforman el pa\u00eds muestran un aumento de casos de gripe en las \u00faltimas siete semanas en los casos ambulatorios.<\/strong>&nbsp;Mientras que, en los casos que requirieron hospitalizaci\u00f3n, se verificaron aumentos en la detecci\u00f3n tanto de gripe como de bronquiolitis. El COVID a\u00fan se mantiene en niveles bajos.<\/p>\n\n\n\n<p><img loading=\"lazy\" decoding=\"async\" alt=\"La vacunaci\u00f3n antigripal est\u00e1 destinada a personas de 6 a 24 meses, personal de salud, mayores de 65 a\u00f1os, embarazadas, pu\u00e9rperas y personas con factores de riesgo, y se puede aplicar simult\u00e1neamente con otras vacunas del calendario nacional (Imagen Ilustrativa Infobae)\" height=\"816\" width=\"1456\" class=\"\" src=\"https:\/\/www.infobae.com\/new-resizer\/bfmXY5TupV2RoRer-x7zAbSoJQg=\/420x236\/filters:format(webp):quality(85)\/cloudfront-us-east-1.images.arcpublishing.com\/infobae\/RFG2RTMGL5GYDIIKRQ6O4E5KFU.jpg%20420w\" srcset=\"https:\/\/www.infobae.com\/new-resizer\/bfmXY5TupV2RoRer-x7zAbSoJQg=\/420x236\/filters:format(webp):quality(85)\/cloudfront-us-east-1.images.arcpublishing.com\/infobae\/RFG2RTMGL5GYDIIKRQ6O4E5KFU.jpg 420w,https:\/\/www.infobae.com\/new-resizer\/Rx9ThkFGWJmYBtlPZTRwk_pgoFk=\/768x432\/filters:format(webp):quality(85)\/cloudfront-us-east-1.images.arcpublishing.com\/infobae\/RFG2RTMGL5GYDIIKRQ6O4E5KFU.jpg 768w,https:\/\/www.infobae.com\/new-resizer\/1DWWZJXHdPNrt8znMtfLUfs2650=\/992x558\/filters:format(webp):quality(85)\/cloudfront-us-east-1.images.arcpublishing.com\/infobae\/RFG2RTMGL5GYDIIKRQ6O4E5KFU.jpg 992w,https:\/\/www.infobae.com\/new-resizer\/AwOkR6Xgy2GtTWXuGtkarucxEsk=\/1200x675\/filters:format(webp):quality(85)\/cloudfront-us-east-1.images.arcpublishing.com\/infobae\/RFG2RTMGL5GYDIIKRQ6O4E5KFU.jpg 1200w,https:\/\/www.infobae.com\/new-resizer\/Nv9Q7ogduEjkzPf0MUvMeiUg1Ko=\/1440x810\/filters:format(webp):quality(85)\/cloudfront-us-east-1.images.arcpublishing.com\/infobae\/RFG2RTMGL5GYDIIKRQ6O4E5KFU.jpg 1440w\">La vacunaci\u00f3n antigripal est\u00e1 destinada a personas de 6 a 24 meses, personal de salud, mayores de 65 a\u00f1os, embarazadas, pu\u00e9rperas y personas con factores de riesgo, y se puede aplicar simult\u00e1neamente con otras vacunas del calendario nacional (Imagen Ilustrativa Infobae)<\/p>\n\n\n\n<p>\u201cFrente al incremento estacional de casos de infecciones respiratorias, y con el fin el de disminuir complicaciones graves y hospitalizaciones relacionadas con las mismas, el Ministerio de Salud de la Naci\u00f3n contin\u00faa impulsando la&nbsp;<strong>Campa\u00f1a Nacional de Prevenci\u00f3n de Enfermedades Respiratorias<\/strong>, que promueve las medidas de cuidado y la vacunaci\u00f3n contra la gripe, el Virus Sincicial Respiratorio (VSR), la COVID-19 y el neumococo en todo el pa\u00eds, en conjunto con las jurisdicciones\u201d, seg\u00fan un comunicado oficial.<\/p>\n\n\n\n<p>La vacunaci\u00f3n antigripal est\u00e1 destinada a personas entre los<strong>&nbsp;6 y 24 meses de vida, personal de salud, mayores de 65 a\u00f1os,&nbsp;<\/strong>personas&nbsp;<strong>embarazadas&nbsp;<\/strong>y&nbsp;<strong>pu\u00e9rperas&nbsp;<\/strong>hasta 10 d\u00edas posteriores al egreso de la maternidad (si no se vacunaron durante el embarazo) y personas de cualquier edad con factores de riesgo.<\/p>\n\n\n\n<p>En tanto, la vacuna contra el VSR fue autorizada por la Administraci\u00f3n Nacional de Medicamentos, Alimentos y Tecnolog\u00eda M\u00e9dica (ANMAT) para su uso en personas que se encuentran entre las<strong>&nbsp;32 y 36 semanas de gestaci\u00f3n.&nbsp;<\/strong>Tambi\u00e9n los&nbsp;<strong>mayores de 60 a\u00f1os&nbsp;<\/strong>deben aplicarse la vacuna con el virus sincicial.<\/p>\n\n\n\n<p><img loading=\"lazy\" decoding=\"async\" alt=\"La vacuna contra el virus sincicial respiratorio ha sido autorizada para su uso en personas entre las 32 y 36 semanas de gestaci\u00f3n y mayores de 60 a\u00f1os (Imagen Ilustrativa Infobae)\" height=\"816\" width=\"1456\" class=\"\" src=\"https:\/\/www.infobae.com\/new-resizer\/IR-LDWJy1Y4lUep_qFaz78kRdxU=\/420x236\/filters:format(webp):quality(85)\/cloudfront-us-east-1.images.arcpublishing.com\/infobae\/H6MOWUU45ZEYVIHWMGMND45A54.jpg%20420w\" srcset=\"https:\/\/www.infobae.com\/new-resizer\/IR-LDWJy1Y4lUep_qFaz78kRdxU=\/420x236\/filters:format(webp):quality(85)\/cloudfront-us-east-1.images.arcpublishing.com\/infobae\/H6MOWUU45ZEYVIHWMGMND45A54.jpg 420w,https:\/\/www.infobae.com\/new-resizer\/BVrJFHdPhnskfSIo7uBW3hSA9x0=\/768x432\/filters:format(webp):quality(85)\/cloudfront-us-east-1.images.arcpublishing.com\/infobae\/H6MOWUU45ZEYVIHWMGMND45A54.jpg 768w,https:\/\/www.infobae.com\/new-resizer\/eyk4Ud_7bSJp8zV66z9pOaKQMTU=\/992x558\/filters:format(webp):quality(85)\/cloudfront-us-east-1.images.arcpublishing.com\/infobae\/H6MOWUU45ZEYVIHWMGMND45A54.jpg 992w,https:\/\/www.infobae.com\/new-resizer\/gXkPOPOaBQsESc2Iwyrl5-VpboM=\/1200x675\/filters:format(webp):quality(85)\/cloudfront-us-east-1.images.arcpublishing.com\/infobae\/H6MOWUU45ZEYVIHWMGMND45A54.jpg 1200w,https:\/\/www.infobae.com\/new-resizer\/wACQgke5H4WKQ24xNDE_X6PZEb8=\/1440x810\/filters:format(webp):quality(85)\/cloudfront-us-east-1.images.arcpublishing.com\/infobae\/H6MOWUU45ZEYVIHWMGMND45A54.jpg 1440w\">La vacuna contra el virus sincicial respiratorio ha sido autorizada para su uso en personas entre las 32 y 36 semanas de gestaci\u00f3n y mayores de 60 a\u00f1os (Imagen Ilustrativa Infobae)<\/p>\n\n\n\n<p>A trav\u00e9s del pasaje transplacentario de anticuerpos, la dosis da protecci\u00f3n contra la bronquiolitis durante los primeros seis meses de vida, que es el momento de mayor vulnerabilidad para padecer cuadros severos por la infecci\u00f3n por este virus. \u201cHasta el momento se aplicaron 74.426 vacunas, lo que implica una cobertura acumulada del&nbsp;<strong>30,50%<\/strong>\u201d, inform\u00f3 la cartera de Salud.<\/p>\n\n\n\n<p>Cabe recordar que las vacunas antigripal y contra el VSR se pueden aplicar de manera&nbsp;<strong>simult\u00e1nea&nbsp;<\/strong>con las otras dosis del Calendario Nacional y con la inmunizaci\u00f3n contra el coronavirus que causa la enfermedad&nbsp;<strong>COVID-19.<\/strong><\/p>\n\n\n\n<p>Es importante que los grupos de riesgo tengan actualizado el esquema de la vacuna contra el\u00a0<strong>neumococo<\/strong>, que protege de infecciones graves (como neumon\u00eda y meningitis) y de sus potenciales complicaciones.<\/p>\n\n\n\n<p>Fuente: <a href=\"https:\/\/www.infobae.com\/salud\/2024\/06\/23\/aumentan-las-infecciones-respiratorias-en-argentina-cual-es-la-situacion-segun-el-ministerio-de-salud\/\">https:\/\/www.infobae.com\/salud\/2024\/06\/23\/aumentan-las-infecciones-respiratorias-en-argentina-cual-es-la-situacion-segun-el-ministerio-de-salud\/<\/a><\/p>\n","protected":false},"excerpt":{"rendered":"<p>En el \u00faltimo Bolet\u00edn Epidemiol\u00f3gico, la cartera sanitaria inform\u00f3 que se registra un incremento en las detecciones de Influenza y virus sincicial respiratorio (VSR). Qu\u00e9 otros virus circulan en el pa\u00eds, de acuerdo al documento En el \u00faltimo\u00a0Bolet\u00edn Epidemiol\u00f3gico,\u00a0el\u00a0Ministerio de Salud\u00a0inform\u00f3 que los estudios reportados \u201cpor la red de\u00a0virus respiratorios\u00a0muestran un\u00a0pronunciado aumento en las \u00faltimas [&hellip;]<\/p>\n","protected":false},"author":3,"featured_media":1529,"comment_status":"open","ping_status":"open","sticky":false,"template":"","format":"standard","meta":{"footnotes":""},"categories":[3,5],"tags":[763],"class_list":["post-1528","post","type-post","status-publish","format-standard","has-post-thumbnail","hentry","category-principal","category-salud","tag-infecciones-respiratorias"],"_links":{"self":[{"href":"https:\/\/noticiassaludables.com.ar\/index.php?rest_route=\/wp\/v2\/posts\/1528","targetHints":{"allow":["GET"]}}],"collection":[{"href":"https:\/\/noticiassaludables.com.ar\/index.php?rest_route=\/wp\/v2\/posts"}],"about":[{"href":"https:\/\/noticiassaludables.com.ar\/index.php?rest_route=\/wp\/v2\/types\/post"}],"author":[{"embeddable":true,"href":"https:\/\/noticiassaludables.com.ar\/index.php?rest_route=\/wp\/v2\/users\/3"}],"replies":[{"embeddable":true,"href":"https:\/\/noticiassaludables.com.ar\/index.php?rest_route=%2Fwp%2Fv2%2Fcomments&post=1528"}],"version-history":[{"count":2,"href":"https:\/\/noticiassaludables.com.ar\/index.php?rest_route=\/wp\/v2\/posts\/1528\/revisions"}],"predecessor-version":[{"id":1532,"href":"https:\/\/noticiassaludables.com.ar\/index.php?rest_route=\/wp\/v2\/posts\/1528\/revisions\/1532"}],"wp:featuredmedia":[{"embeddable":true,"href":"https:\/\/noticiassaludables.com.ar\/index.php?rest_route=\/wp\/v2\/media\/1529"}],"wp:attachment":[{"href":"https:\/\/noticiassaludables.com.ar\/index.php?rest_route=%2Fwp%2Fv2%2Fmedia&parent=1528"}],"wp:term":[{"taxonomy":"category","embeddable":true,"href":"https:\/\/noticiassaludables.com.ar\/index.php?rest_route=%2Fwp%2Fv2%2Fcategories&post=1528"},{"taxonomy":"post_tag","embeddable":true,"href":"https:\/\/noticiassaludables.com.ar\/index.php?rest_route=%2Fwp%2Fv2%2Ftags&post=1528"}],"curies":[{"name":"wp","href":"https:\/\/api.w.org\/{rel}","templated":true}]}}