{"id":1536,"date":"2024-06-24T11:04:11","date_gmt":"2024-06-24T14:04:11","guid":{"rendered":"https:\/\/noticiassaludables.com.ar\/?p=1536"},"modified":"2024-06-24T11:04:12","modified_gmt":"2024-06-24T14:04:12","slug":"las-granjas-solares-una-propuesta-cientifica-para-frenar-el-calentamiento-global","status":"publish","type":"post","link":"https:\/\/noticiassaludables.com.ar\/?p=1536","title":{"rendered":"Las granjas solares, una propuesta cient\u00edfica para frenar el calentamiento global"},"content":{"rendered":"\n<p>Un estudio del Instituto Weizmann de Ciencias de Israel mostr\u00f3 que los paneles fotovoltaicos son claves ante el cambio clim\u00e1tico. Uno de los investigadores explic\u00f3  por qu\u00e9 en zonas \u00e1ridas pueden ser m\u00e1s efectivos que plantar \u00e1rboles<\/p>\n\n\n\n<p>A\u00fan hoy el\u00a0<a href=\"https:\/\/www.infobae.com\/tag\/cambio-climatico\/\" target=\"_blank\" rel=\"noreferrer noopener\"><strong>cambio clim\u00e1tico<\/strong>\u00a0<\/a>parece, para muchos, un\u00a0<strong>concepto abstracto<\/strong>\u00a0y\u00a0<strong>lejano<\/strong>, con c\u00e1lculos complejos de investigadores que advierten sobre un futuro apocal\u00edptico. Pero la evidencia cient\u00edfica es contundente: el\u00a0<a href=\"https:\/\/www.infobae.com\/tag\/calentamiento-global\/\" target=\"_blank\" rel=\"noreferrer noopener\"><strong>calentamiento global<\/strong>\u00a0<\/a>es una cuesti\u00f3n\u00a0<strong>urgente<\/strong>, supera todos los r\u00e9cords y se evidencia en todos los rincones del planeta con olas de calor, aumento del nivel del mar y fen\u00f3menos clim\u00e1ticos extremos cada vez m\u00e1s frecuentes.<a href=\"https:\/\/www.infobae.com\/america\/medio-ambiente\/2024\/06\/24\/encontraron-un-rio-escondido-en-la-antartida-que-estaba-oculto-desde-hace-40-millones-de-anos\/\" target=\"_blank\" rel=\"noreferrer noopener\"><\/a><\/p>\n\n\n\n<p><strong>\u00bfPor qu\u00e9 se calienta el planeta?&nbsp;<\/strong>Desde mediados del siglo XX, la actividad humana impulsa el crecimiento constante de la emisi\u00f3n de gases de efecto invernadero (GEI), como el di\u00f3xido de carbono, y este proceso aumenta el calor en la atm\u00f3sfera terrestre.<\/p>\n\n\n\n<p>Ante este escenario, los\u00a0<strong>bosques y selvas\u00a0<\/strong>son los pulmones del planeta y\u00a0<strong>absorben un tercio de las emisiones anuales de carbono<\/strong>. Sin embargo, a pesar de las iniciativas ambientales globales,<strong>\u00a0la deforestaci\u00f3n avanza<\/strong>\u00a0y la menor cantidad de \u00e1rboles empeora la crisis clim\u00e1tica.<a href=\"https:\/\/www.infobae.com\/america\/medio-ambiente\/2024\/06\/23\/cuales-son-las-10-aranas-mas-aterradoras-del-mundo\/\" target=\"_blank\" rel=\"noreferrer noopener\"><\/a><\/p>\n\n\n\n<p><strong>Infobae&nbsp;<\/strong>dialog\u00f3 con el&nbsp;<strong>profesor Dan Yakir<\/strong>, doctor en Bioqu\u00edmica Agr\u00edcola e integrante del Departamento de Ciencias Planetarias y de la Tierra del&nbsp;<strong>Instituto Weizmann de Ciencias de Israel,&nbsp;<\/strong>quien plantea una&nbsp;<strong>estrategia&nbsp;<\/strong>dual para abordar la&nbsp;<strong>crisis clim\u00e1tica<\/strong>: impulsar la plantaci\u00f3n de \u00e1rboles y la reforestaci\u00f3n en zonas tropicales y el desarrollo de granjas solares en regiones \u00e1ridas. Esta combinaci\u00f3n -postula- optimiza la capacidad global para reducir el di\u00f3xido de carbono en la atm\u00f3sfera y atenuar los efectos del calentamiento global.<\/p>\n\n\n\n<p><img loading=\"lazy\" decoding=\"async\" alt=\"La producci\u00f3n de energ\u00eda solar en \u00e1reas \u00e1ridas compensa sus emisiones en solo dos a\u00f1os y medio, en comparaci\u00f3n con m\u00e1s de 100 a\u00f1os para los bosques naturales (Imagen ilustrativa Infobae)\" height=\"816\" width=\"1456\" class=\"\" src=\"https:\/\/www.infobae.com\/new-resizer\/Bj602YXt8twXpLdKDol5_q6LYHE=\/420x236\/filters:format(webp):quality(85)\/cloudfront-us-east-1.images.arcpublishing.com\/infobae\/Y3OSVK54RJA7RIGHYSYMKMBQU4.png%20420w\" srcset=\"https:\/\/www.infobae.com\/new-resizer\/Bj602YXt8twXpLdKDol5_q6LYHE=\/420x236\/filters:format(webp):quality(85)\/cloudfront-us-east-1.images.arcpublishing.com\/infobae\/Y3OSVK54RJA7RIGHYSYMKMBQU4.png 420w,https:\/\/www.infobae.com\/new-resizer\/BVh4vnSjgD_wpKftfWX9H56D6mw=\/768x432\/filters:format(webp):quality(85)\/cloudfront-us-east-1.images.arcpublishing.com\/infobae\/Y3OSVK54RJA7RIGHYSYMKMBQU4.png 768w,https:\/\/www.infobae.com\/new-resizer\/1SmunIKxK4zetQKO_i_MXUkC7Zg=\/992x558\/filters:format(webp):quality(85)\/cloudfront-us-east-1.images.arcpublishing.com\/infobae\/Y3OSVK54RJA7RIGHYSYMKMBQU4.png 992w,https:\/\/www.infobae.com\/new-resizer\/FG71YHdBVb2FrCQK4Jt_XcU8x4M=\/1200x675\/filters:format(webp):quality(85)\/cloudfront-us-east-1.images.arcpublishing.com\/infobae\/Y3OSVK54RJA7RIGHYSYMKMBQU4.png 1200w,https:\/\/www.infobae.com\/new-resizer\/PJ14db1sDW_5JuSYrvMi86zs2vA=\/1440x810\/filters:format(webp):quality(85)\/cloudfront-us-east-1.images.arcpublishing.com\/infobae\/Y3OSVK54RJA7RIGHYSYMKMBQU4.png 1440w\">La producci\u00f3n de energ\u00eda solar en \u00e1reas \u00e1ridas compensa sus emisiones en solo dos a\u00f1os y medio, en comparaci\u00f3n con m\u00e1s de 100 a\u00f1os para los bosques naturales (Imagen ilustrativa Infobae)<\/p>\n\n\n\n<p>\u201cNos enfocamos en las\u00a0<strong>regiones \u00e1ridas donde hay poca disponibilidad de agua<\/strong>\u00a0y la evaporaci\u00f3n no es un componente importante. Los bosques con \u00e1rboles pueden mitigar el cambio clim\u00e1tico al\u00a0<strong>secuestrar carbono<\/strong>, mientras que las granjas solares, que act\u00faan como bosques artificiales, pueden\u00a0<strong>evitar la emisi\u00f3n de carbono<\/strong>. Pero el resultado es el mismo:\u00a0<strong>reducir el di\u00f3xido de carbono en la atm\u00f3sfera\u201d<\/strong>, define.<a href=\"https:\/\/www.infobae.com\/america\/medio-ambiente\/2024\/06\/22\/estres-hidrico-cuales-son-las-regiones-que-sufriran-escasez-extrema-de-agua-en-2050\/\" target=\"_blank\" rel=\"noreferrer noopener\"><\/a><\/p>\n\n\n\n<p>El Laboratorio del Grupo de Ecofisiolog\u00eda del Profesor Yakir en el Instituto Weizmann mostr\u00f3 en un&nbsp;<a rel=\"noreferrer noopener\" href=\"https:\/\/academic.oup.com\/pnasnexus\/article\/2\/11\/pgad352\/7429362?login=false\" target=\"_blank\">estudio&nbsp;<\/a>reciente c\u00f3mo&nbsp;<strong>granjas solares<\/strong>&nbsp;en&nbsp;<strong>regiones \u00e1ridas<\/strong>&nbsp;pueden ser una soluci\u00f3n efectiva.<\/p>\n\n\n\n<p><strong>\u00bfQu\u00e9 son granjas o parques solares?&nbsp;<\/strong>Conocidas tambi\u00e9n como campos solares, son terrenos destinados a la instalaci\u00f3n de&nbsp;<strong>paneles o sistemas fotovoltaicos&nbsp;<\/strong>que capturan la radiaci\u00f3n solar y la transforman en energ\u00eda el\u00e9ctrica.<\/p>\n\n\n\n<p>La investigaci\u00f3n compar\u00f3 el impacto clim\u00e1tico de un bosque natural reforestado en el desierto del&nbsp;<strong>Negev&nbsp;<\/strong>con un campo de paneles solares en&nbsp;<strong>Arav\u00e1<\/strong>, en Israel. Los resultados mostraron que, aunque ambos tipos de \u201cbosques\u201d absorben una gran proporci\u00f3n de la&nbsp;<strong>radiaci\u00f3n solar<\/strong>, los paneles solares son m\u00e1s eficientes para reducir las emisiones de&nbsp;<strong>di\u00f3xido de carbono&nbsp;<\/strong>en regiones \u00e1ridas.<\/p>\n\n\n\n<p><img loading=\"lazy\" decoding=\"async\" alt=\"El profesor Yakir investiga las interacciones entre la biosfera y la atm\u00f3sfera, en particular las formas en que las plantas influyen en el medio ambiente global (Insituto Weizmann)\" height=\"1280\" width=\"1920\" class=\"\" src=\"https:\/\/www.infobae.com\/new-resizer\/qjMftpfhilMEME8Ckm6QPLO3Fuc=\/420x280\/filters:format(webp):quality(85)\/cloudfront-us-east-1.images.arcpublishing.com\/infobae\/E3ZLSG55DNEW3NK2VTB2JHVSKE.jpg%20420w\" srcset=\"https:\/\/www.infobae.com\/new-resizer\/qjMftpfhilMEME8Ckm6QPLO3Fuc=\/420x280\/filters:format(webp):quality(85)\/cloudfront-us-east-1.images.arcpublishing.com\/infobae\/E3ZLSG55DNEW3NK2VTB2JHVSKE.jpg 420w,https:\/\/www.infobae.com\/new-resizer\/4t-Moy47mdYdGzgxb1GLky8F6nc=\/768x512\/filters:format(webp):quality(85)\/cloudfront-us-east-1.images.arcpublishing.com\/infobae\/E3ZLSG55DNEW3NK2VTB2JHVSKE.jpg 768w,https:\/\/www.infobae.com\/new-resizer\/gtMucPqIgNN9w8Wvf_bMMhV7eDU=\/992x661\/filters:format(webp):quality(85)\/cloudfront-us-east-1.images.arcpublishing.com\/infobae\/E3ZLSG55DNEW3NK2VTB2JHVSKE.jpg 992w,https:\/\/www.infobae.com\/new-resizer\/ilbGhOo50ClUp1bqXzGqz8-sFzE=\/1200x800\/filters:format(webp):quality(85)\/cloudfront-us-east-1.images.arcpublishing.com\/infobae\/E3ZLSG55DNEW3NK2VTB2JHVSKE.jpg 1200w,https:\/\/www.infobae.com\/new-resizer\/ULb2IuY72dW2INOk8Srbb7FPeoo=\/1440x960\/filters:format(webp):quality(85)\/cloudfront-us-east-1.images.arcpublishing.com\/infobae\/E3ZLSG55DNEW3NK2VTB2JHVSKE.jpg 1440w\">El profesor Yakir investiga las interacciones entre la biosfera y la atm\u00f3sfera, en particular las formas en que las plantas influyen en el medio ambiente global (Insituto Weizmann)<\/p>\n\n\n\n<p>El estudio fue realizado por los doctores Rafael Stern, Jonathan Muller, Eyal Rotenberg y Madi Amer del laboratorio del profesor Dan Yakir en el Departamento de Ciencias Planetarias y de la Tierra del Instituto Weizmann. Tambi\u00e9n particip\u00f3 de la investigaci\u00f3n Lior Segev del Departamento de Instalaciones Centrales de F\u00edsica del Weizmann. Los hallazgos se publicaron en la revista<a href=\"https:\/\/academic.oup.com\/pnasnexus\/article\/2\/11\/pgad352\/7429362?login=false\">&nbsp;PNAS Nexus<\/a>.<\/p>\n\n\n\n<p>Partieron de la premisa de que, aunque los bosques naturales son fundamentales para la absorci\u00f3n de di\u00f3xido de carbono y la mitigaci\u00f3n del calentamiento global, incluso&nbsp;<strong>si cubri\u00e9ramos toda la superficie del planeta con \u00e1rboles, no ser\u00eda suficiente para contrarrestar el exceso de di\u00f3xido de carbono que existe hoy en la atm\u00f3sfera.<\/strong><\/p>\n\n\n\n<p>El profesor Yakir y su equipo no s\u00f3lo estudiaron la biolog\u00eda, sino tambi\u00e9n muchos aspectos de la f\u00edsica. Esto implica&nbsp;<strong>c\u00f3mo se distribuye la energ\u00eda y la radiaci\u00f3n solar&nbsp;<\/strong>dentro de los bosques.<\/p>\n\n\n\n<p>\u201cEn los desiertos, si cubrimos la superficie blanca y reflectante con una cubierta oscura, ya sea con bosques (de hecho, as\u00ed se ven desde el espacio los bosques, como un \u00e1rea negra) o con granjas fotovoltaicas, se produce una conversi\u00f3n de una superficie blanca en el desierto a una superficie oscura, que absorbe m\u00e1s radiaci\u00f3n\u201d, describe el profesor Yakir.<\/p>\n\n\n\n<p>La radiaci\u00f3n solar viene del sol y si no se refleja, calienta la superficie. Por eso,&nbsp;<strong>los bosques en zonas des\u00e9rticas pueden generar m\u00e1s calor<\/strong>, es decir, m\u00e1s aire caliente que sube a la atm\u00f3sfera.<\/p>\n\n\n\n<p>Mientras que losbosques naturales absorben una gran cantidad de radiaci\u00f3n solar, pero a la vez tambi\u00e9n calientan la atm\u00f3sfera, los paneles solares en las zonas \u00e1ridas&nbsp;<strong>reflejan&nbsp;<\/strong>una parte importante de la luz solar,&nbsp;<strong>mitigando as\u00ed el aumento del calor atmosf\u00e9rico.<\/strong><\/p>\n\n\n\n<p><img loading=\"lazy\" decoding=\"async\" alt=\"Bosque de Yatir ubicado en la regi\u00f3n norte del desierto de Negev, el mayor de los bosques plantados en Israel por el Fondo Nacional Jud\u00edo. y a la derecha el parque solar en Arav\u00e1 donde se realizaron las mediciones (Jonathan D. M\u00fcller \/ Instituto Weizmann)\n\" height=\"901\" width=\"1920\" class=\"\" src=\"https:\/\/www.infobae.com\/new-resizer\/RLJ16Yb3L5jFOvezztajB8gnOgU=\/420x187\/filters:format(webp):quality(85)\/cloudfront-us-east-1.images.arcpublishing.com\/infobae\/262JWLZFOZCQDAW4I7GB56FDTI.jpg%20420w\" srcset=\"https:\/\/www.infobae.com\/new-resizer\/RLJ16Yb3L5jFOvezztajB8gnOgU=\/420x187\/filters:format(webp):quality(85)\/cloudfront-us-east-1.images.arcpublishing.com\/infobae\/262JWLZFOZCQDAW4I7GB56FDTI.jpg 420w,https:\/\/www.infobae.com\/new-resizer\/Ga8ZsxWFkouFZqGhB729P7EKFDQ=\/768x341\/filters:format(webp):quality(85)\/cloudfront-us-east-1.images.arcpublishing.com\/infobae\/262JWLZFOZCQDAW4I7GB56FDTI.jpg 768w,https:\/\/www.infobae.com\/new-resizer\/3smdFlVIoCISfPK7DvR4YXPl634=\/992x441\/filters:format(webp):quality(85)\/cloudfront-us-east-1.images.arcpublishing.com\/infobae\/262JWLZFOZCQDAW4I7GB56FDTI.jpg 992w,https:\/\/www.infobae.com\/new-resizer\/WKtGDUSwdfVnR2waC7ybMowHJoM=\/1200x533\/filters:format(webp):quality(85)\/cloudfront-us-east-1.images.arcpublishing.com\/infobae\/262JWLZFOZCQDAW4I7GB56FDTI.jpg 1200w\">Bosque de Yatir ubicado en la regi\u00f3n norte del desierto de Negev, el mayor de los bosques plantados en Israel por el Fondo Nacional Jud\u00edo. y a la derecha el parque solar en Arav\u00e1 donde se realizaron las mediciones (Jonathan D. M\u00fcller \/ Instituto Weizmann)<\/p>\n\n\n\n<p>Los c\u00e1lculos del estudio mostraron que, en zonas \u00e1ridas,<strong>&nbsp;construir una granja solar es 100 veces m\u00e1s eficaz&nbsp;<\/strong>para reducir las emisiones de di\u00f3xido de carbono que plantar un bosque de tama\u00f1o similar.<\/p>\n\n\n\n<p>Los investigadores tambi\u00e9n analizaron c\u00f3mo estas din\u00e1micas cambian en climas m\u00e1s h\u00famedos.&nbsp;<strong>En regiones tropicales y templadas,<\/strong>&nbsp;el impacto de plantar \u00e1rboles es m\u00e1s peque\u00f1o en t\u00e9rminos de calentamiento relativo y la tasa de captura de carbono es mayor. Sin embargo, en estas \u00e1reas hay menos espacio disponible para plantar nuevos bosques, lo que refuerza la eficacia de las granjas solares en \u00e1reas secas.<\/p>\n\n\n\n<p>El equipo de Weizmann subray\u00f3 la importancia de proteger&nbsp;<strong>los bosques, que absorben di\u00f3xido de carbono<\/strong>&nbsp;y desempe\u00f1an un papel vital en el ciclo global de las lluvias y el mantenimiento de la&nbsp;<strong>biodiversidad<\/strong>.<\/p>\n\n\n\n<h2 class=\"wp-block-heading\">Las lecciones de las zonas des\u00e9rticas<\/h2>\n\n\n\n<p><img loading=\"lazy\" decoding=\"async\" alt=\"Estaci\u00f3n de medici\u00f3n dentro del campo de paneles solares (Eyal Rotenberg\/Jonathan D. M\u00fcller)\n\" height=\"1283\" width=\"1920\" class=\"\" src=\"https:\/\/www.infobae.com\/new-resizer\/eYZ9VPzozY56duPeHipXGbss0pU=\/420x280\/filters:format(webp):quality(85)\/cloudfront-us-east-1.images.arcpublishing.com\/infobae\/YX4AAI5OMJB2LE2DUY3FDYU4UI.jpg%20420w\" srcset=\"https:\/\/www.infobae.com\/new-resizer\/eYZ9VPzozY56duPeHipXGbss0pU=\/420x280\/filters:format(webp):quality(85)\/cloudfront-us-east-1.images.arcpublishing.com\/infobae\/YX4AAI5OMJB2LE2DUY3FDYU4UI.jpg 420w,https:\/\/www.infobae.com\/new-resizer\/RdiylyYb0o0JpIiYjvptZuWwLgA=\/768x512\/filters:format(webp):quality(85)\/cloudfront-us-east-1.images.arcpublishing.com\/infobae\/YX4AAI5OMJB2LE2DUY3FDYU4UI.jpg 768w,https:\/\/www.infobae.com\/new-resizer\/clBLwvDvdUMf4-3h2-jjQLJ68k4=\/992x661\/filters:format(webp):quality(85)\/cloudfront-us-east-1.images.arcpublishing.com\/infobae\/YX4AAI5OMJB2LE2DUY3FDYU4UI.jpg 992w,https:\/\/www.infobae.com\/new-resizer\/4R4FW-spoOSmN9p6cWxvzL_GEpI=\/1200x800\/filters:format(webp):quality(85)\/cloudfront-us-east-1.images.arcpublishing.com\/infobae\/YX4AAI5OMJB2LE2DUY3FDYU4UI.jpg 1200w,https:\/\/www.infobae.com\/new-resizer\/4OusmZY0x3Etl_I4weqyKcY3P6E=\/1440x960\/filters:format(webp):quality(85)\/cloudfront-us-east-1.images.arcpublishing.com\/infobae\/YX4AAI5OMJB2LE2DUY3FDYU4UI.jpg 1440w\">Estaci\u00f3n de medici\u00f3n dentro del campo de paneles solares (Eyal Rotenberg\/Jonathan D. M\u00fcller)<\/p>\n\n\n\n<p>\u2014<strong>\u00bfSeg\u00fan su m\u00e1s reciente investigaci\u00f3n, cu\u00e1l es el rol que juegan las granjas solares para reducir el calentamiento global, especialmente en zonas \u00e1ridas<\/strong>?<\/p>\n\n\n\n<p><strong>\u2014 Profesor Dan Yakir:<\/strong>&nbsp;Es necesario cuantificar las partes del sistema para obtener una respuesta, eso es lo que hacemos los cient\u00edficos: investigar, estudiar los procesos, cuantificarlos y luego tomar decisiones m\u00e1s precisas sobre cu\u00e1l es la mejor estrategia. Existen m\u00faltiples variables a tener en cuenta, pero en cuanto a forestaci\u00f3n y energ\u00edas renovables dos aspectos son claves: cu\u00e1nto&nbsp;<strong>carbono se evita emitir<\/strong>&nbsp;y cu\u00e1nto&nbsp;<strong>calentamiento se produce<\/strong>&nbsp;en la tierra.<\/p>\n\n\n\n<p>Pero no se trata de una elecci\u00f3n libre, a nivel global tenemos muchas necesidades en el uso de la tierra. Necesitamos hacer elecciones informadas con estos c\u00e1lculos, porque para mitigar el cambio clim\u00e1tico, ya sea con bosques o con campos solares, se necesitan&nbsp;<strong>superficies de tierra muy extensas<\/strong>..<\/p>\n\n\n\n<p>La mayor\u00eda de las reservas de tierra se encuentran en las \u00e1reas m\u00e1s remotas de Europa y Estados Unidos. En los tr\u00f3picos casi no hay tierras libres, pero s\u00ed hay zonas libres en los desiertos, queremos proteger las selvas en los tr\u00f3picos y la agricultura en las \u00e1reas cultivadas. Por lo tanto, si buscamos&nbsp;<strong>reservas de tierra, las encontramos en lugares semi\u00e1ridos cerca de los desiertos<\/strong>. Es ah\u00ed donde est\u00e1&nbsp;<strong>Israel<\/strong>, por lo tanto, podemos utilizar nuestras propias tierras y&nbsp;<strong>nuestra ubicaci\u00f3n&nbsp;<\/strong>como un<strong>&nbsp;sistema modelo para el resto del mundo<\/strong>. Eso es lo que llamamos&nbsp;<strong>investigaci\u00f3n local con implicaciones globales.<\/strong><\/p>\n\n\n\n<p>Por eso una soluci\u00f3n adecuada a la crisis clim\u00e1tica combina la&nbsp;<strong>reforestaci\u00f3n&nbsp;<\/strong>en regiones h\u00famedas con la construcci\u00f3n de campos de paneles solares en \u00e1reas \u00e1ridas.<\/p>\n\n\n\n<h2 class=\"wp-block-heading\">Estudiar lo local con impacto global<\/h2>\n\n\n\n<p><img loading=\"lazy\" decoding=\"async\" alt=\"La combinaci\u00f3n de granjas solares en \u00e1reas secas con la reforestaci\u00f3n en zonas tropicales es crucial para enfrentar la crisis clim\u00e1tica \n (Imagen ilustrativa Infobae)\" height=\"816\" width=\"1456\" class=\"\" src=\"https:\/\/www.infobae.com\/new-resizer\/5DmbmOBro8bHhSEJOZPXJdJQv7A=\/420x236\/filters:format(webp):quality(85)\/cloudfront-us-east-1.images.arcpublishing.com\/infobae\/WTD5YS4RHVD7RIJNLVVOYU6FUI.png%20420w\" srcset=\"https:\/\/www.infobae.com\/new-resizer\/5DmbmOBro8bHhSEJOZPXJdJQv7A=\/420x236\/filters:format(webp):quality(85)\/cloudfront-us-east-1.images.arcpublishing.com\/infobae\/WTD5YS4RHVD7RIJNLVVOYU6FUI.png 420w,https:\/\/www.infobae.com\/new-resizer\/dDouATJELEJmV4S3pxruS-FLZC0=\/768x432\/filters:format(webp):quality(85)\/cloudfront-us-east-1.images.arcpublishing.com\/infobae\/WTD5YS4RHVD7RIJNLVVOYU6FUI.png 768w,https:\/\/www.infobae.com\/new-resizer\/uAb-0yVEdj9_ewDuNtsuRpC7mN0=\/992x558\/filters:format(webp):quality(85)\/cloudfront-us-east-1.images.arcpublishing.com\/infobae\/WTD5YS4RHVD7RIJNLVVOYU6FUI.png 992w,https:\/\/www.infobae.com\/new-resizer\/xC-ZDaRn6ytpfCbt8cAIrs13eYM=\/1200x675\/filters:format(webp):quality(85)\/cloudfront-us-east-1.images.arcpublishing.com\/infobae\/WTD5YS4RHVD7RIJNLVVOYU6FUI.png 1200w,https:\/\/www.infobae.com\/new-resizer\/lMvv5wRhj0WC20gjpBa1wjCq3B0=\/1440x810\/filters:format(webp):quality(85)\/cloudfront-us-east-1.images.arcpublishing.com\/infobae\/WTD5YS4RHVD7RIJNLVVOYU6FUI.png 1440w\">La combinaci\u00f3n de granjas solares en \u00e1reas secas con la reforestaci\u00f3n en zonas tropicales es crucial para enfrentar la crisis clim\u00e1tica (Imagen ilustrativa Infobae)<\/p>\n\n\n\n<p><strong>\u2014 Retomando este concepto de investigaci\u00f3n local con implicaciones globales, \u00bfpueden aplicarse los resultados de estos estudios en otros lugares, por ejemplo en Sudam\u00e9rica?<\/strong><\/p>\n\n\n\n<p>\u2014 Creo que en Sudam\u00e9rica, el&nbsp;<strong>desaf\u00edo&nbsp;<\/strong>m\u00e1s grande es prevenir la&nbsp;<strong>deforestaci\u00f3n<\/strong>. Ya tienen gran cantidades de bosques y deben protegerlos, no reducirlos para construir campos solares. Por ejemplo, en Argentina existe un gran esfuerzo de reforestaci\u00f3n de los bosques de pinos, lo cual es muy importante. Si esta reforestaci\u00f3n fue evaluada en comparaci\u00f3n con las granjas solares, no lo s\u00e9. La reforestaci\u00f3n requiere estudio, porque no se trata s\u00f3lo de madera y emisiones de carbono. Hay que evaluar otros aspectos como el&nbsp;<strong>balance h\u00eddrico, la efectividad del suelo y el impacto ambiental<\/strong>.<\/p>\n\n\n\n<p><strong>El agua tambi\u00e9n es un factor importante<\/strong>. Si se planta un bosque, se necesita mucha agua, y en regiones semi\u00e1ridas, esta estrategia puede utilizar toda el agua disponible. Se puede crear un bosque para absorber carbono, pero se estar\u00eda sacrificando el agua, lo cual no es viable. Entonces, en la regi\u00f3n, hay que controlar la investigaci\u00f3n. La cantidad de agua evaporada por el bosque debe ser igual a la cantidad de lluvia. Si hay igual cantidad de lluvia que evaporaci\u00f3n, el bosque utiliza todo el agua disponible. Sin embargo,&nbsp;<strong>los campos fotovoltaicos no utilizan el agua<\/strong>, entonces esta puede destinarse para uso potable.<\/p>\n\n\n\n<p>Los campos fotovoltaicos no son muy agradables para hacer un picnic, en cambio,&nbsp;<strong>los bosques tienen un componente social y un beneficio recreativo<\/strong>. Nos gusta salir a la naturaleza y pasar tiempo al aire libre. Entonces, uno de los puntos clave de nuestro estudio es que,&nbsp;<strong>cuando hablamos de cambio clim\u00e1tico, inmediatamente pensamos en las emisiones de carbono, pero la cuesti\u00f3n es mucho m\u00e1s amplia<\/strong>. Hay otras cosas a considerar, no solo la emisi\u00f3n de carbono. Est\u00e1 el&nbsp;<strong>\u00edndice de albedo<\/strong>&nbsp;(el porcentaje de radiaci\u00f3n que una superficie refleja en comparaci\u00f3n con la radiaci\u00f3n que recibe) , el impacto en el agua, las actividades sociales y el uso de la tierra por parte de las personas.<\/p>\n\n\n\n<p>\u2014 Usted menciona que la cuesti\u00f3n del cambio clim\u00e1tico es un asunto complejo que no implica una \u00fanica variable a mitigar o reducir. Si pudiera priorizar, \u00bf<strong>cu\u00e1les son los tres aspectos m\u00e1s importantes en los que la investigaci\u00f3n cient\u00edfica debe enfocarse para combatir el calentamiento global?<\/strong><\/p>\n\n\n\n<p><img loading=\"lazy\" decoding=\"async\" alt=\"El profesor Dan Yakir sugiere una estrategia dual compuesta por la plantaci\u00f3n de \u00e1rboles y la instalaci\u00f3n de paneles solares para mitigar el calentamiento global (Getty)\" height=\"1111\" width=\"1920\" class=\"\" src=\"https:\/\/www.infobae.com\/new-resizer\/mDy3gQubAFkieHZdl_OEgnFqrYE=\/992x606\/filters:format(webp):quality(85)\/cloudfront-us-east-1.images.arcpublishing.com\/infobae\/Q4FJICMDSBFSBH6MW5OWBGUMJM.png%20992w\" srcset=\"https:\/\/www.infobae.com\/new-resizer\/mDy3gQubAFkieHZdl_OEgnFqrYE=\/992x606\/filters:format(webp):quality(85)\/cloudfront-us-east-1.images.arcpublishing.com\/infobae\/Q4FJICMDSBFSBH6MW5OWBGUMJM.png 992w\">El profesor Dan Yakir sugiere una estrategia dual compuesta por la plantaci\u00f3n de \u00e1rboles y la instalaci\u00f3n de paneles solares para mitigar el calentamiento global (Getty)<\/p>\n\n\n\n<p>\u2014 En&nbsp;<strong>primer lugar<\/strong>&nbsp;debemos enfocarnos en c\u00f3mo&nbsp;<strong>reducir el di\u00f3xido de carbono,&nbsp;<\/strong>que es&nbsp;<strong>la causa principal del cambio clim\u00e1tico global.<\/strong>&nbsp;Este gas ha aumentado sustancialmente, de 280 ppm antes de la Revoluci\u00f3n Industrial a 420-425 ppm actualmente. Es crucial&nbsp;<strong>dejar de quemar carb\u00f3n, gas y petr\u00f3leo<\/strong>&nbsp;y pasar a&nbsp;<strong>energ\u00edas renovables como la solar, la e\u00f3lica y la hidroel\u00e9ctrica<\/strong>, aunque este proceso es muy lento y debe complementarse con otras medidas.<\/p>\n\n\n\n<p>Y ah\u00ed es donde juega un papel importante nuestra investigaci\u00f3n, el objetivo es&nbsp;<strong>no solo reducir las emisiones de di\u00f3xido de carbono, sino tambi\u00e9n eliminarlo de la atm\u00f3sfera<\/strong>. Los&nbsp;<strong>bosques&nbsp;<\/strong>juegan un papel crucial en esto, ya que&nbsp;<strong>hoy reabsorben un tercio del di\u00f3xido de carbono que emitimos&nbsp;<\/strong>globalmente. La pregunta es si podemos expandir los bosques y prevenir la deforestaci\u00f3n, como en el Amazonas. Sin embargo, es importante realizar una&nbsp;<strong>forestaci\u00f3n inteligente<\/strong>, y considerar que el mal manejo de los bosques puede causar otros problemas clim\u00e1ticos.<\/p>\n\n\n\n<p>En&nbsp;<strong>segundo lugar<\/strong>, es muy importante la&nbsp;<strong>educaci\u00f3n<\/strong>, la&nbsp;<strong>conexi\u00f3n entre la ciencia y la poblaci\u00f3n general<\/strong>. Los cient\u00edficos podemos realizar investigaciones y saber qu\u00e9 hacer, pero necesitamos convencer a los pol\u00edticos, a quienes toman decisiones y, para ello, primero debemos comunicarlos a la sociedad para que estos temas lleguen a la&nbsp;<strong>agenda p\u00fablica<\/strong>.<\/p>\n\n\n\n<p>Finalmente, el\u00a0<strong>tercer aspecto<\/strong>\u00a0vital es la\u00a0<strong>eficiencia en el uso de la energ\u00eda<\/strong>. Al pasar de la quema de\u00a0<strong>carb\u00f3n\u00a0<\/strong>al gas natural, hemos mejorado, pero el<strong>\u00a0gas natural\u00a0<\/strong>puede tener p\u00e9rdidas de\u00a0<strong>metano<\/strong>, un potente gas de\u00a0<strong>efecto invernadero<\/strong>. Debemos usar la energ\u00eda de manera eficiente, tanto en la forestaci\u00f3n, la reducci\u00f3n de gases de efecto invernadero, como en la construcci\u00f3n de infraestructura. Estas son las tres \u00e1reas importantes: reducci\u00f3n de emisiones, absorci\u00f3n de carbono y eficiencia energ\u00e9tica.<\/p>\n\n\n\n<p>Fuente: <a href=\"https:\/\/www.infobae.com\/america\/medio-ambiente\/2024\/06\/23\/que-son-las-granjas-solares-una-innovadora-propuesta-cientifica-para-frenar-el-cambio-climatico\/\">https:\/\/www.infobae.com\/america\/medio-ambiente\/2024\/06\/23\/que-son-las-granjas-solares-una-innovadora-propuesta-cientifica-para-frenar-el-cambio-climatico\/<\/a><\/p>\n","protected":false},"excerpt":{"rendered":"<p>Un estudio del Instituto Weizmann de Ciencias de Israel mostr\u00f3 que los paneles fotovoltaicos son claves ante el cambio clim\u00e1tico. Uno de los investigadores explic\u00f3 por qu\u00e9 en zonas \u00e1ridas pueden ser m\u00e1s efectivos que plantar \u00e1rboles A\u00fan hoy el\u00a0cambio clim\u00e1tico\u00a0parece, para muchos, un\u00a0concepto abstracto\u00a0y\u00a0lejano, con c\u00e1lculos complejos de investigadores que advierten sobre un futuro [&hellip;]<\/p>\n","protected":false},"author":3,"featured_media":1537,"comment_status":"open","ping_status":"open","sticky":false,"template":"","format":"standard","meta":{"footnotes":""},"categories":[11,12,14],"tags":[290,765],"class_list":["post-1536","post","type-post","status-publish","format-standard","has-post-thumbnail","hentry","category-agenda","category-sociedad","category-tecnologia","tag-calentamiento-global","tag-granjas-solares"],"_links":{"self":[{"href":"https:\/\/noticiassaludables.com.ar\/index.php?rest_route=\/wp\/v2\/posts\/1536","targetHints":{"allow":["GET"]}}],"collection":[{"href":"https:\/\/noticiassaludables.com.ar\/index.php?rest_route=\/wp\/v2\/posts"}],"about":[{"href":"https:\/\/noticiassaludables.com.ar\/index.php?rest_route=\/wp\/v2\/types\/post"}],"author":[{"embeddable":true,"href":"https:\/\/noticiassaludables.com.ar\/index.php?rest_route=\/wp\/v2\/users\/3"}],"replies":[{"embeddable":true,"href":"https:\/\/noticiassaludables.com.ar\/index.php?rest_route=%2Fwp%2Fv2%2Fcomments&post=1536"}],"version-history":[{"count":1,"href":"https:\/\/noticiassaludables.com.ar\/index.php?rest_route=\/wp\/v2\/posts\/1536\/revisions"}],"predecessor-version":[{"id":1538,"href":"https:\/\/noticiassaludables.com.ar\/index.php?rest_route=\/wp\/v2\/posts\/1536\/revisions\/1538"}],"wp:featuredmedia":[{"embeddable":true,"href":"https:\/\/noticiassaludables.com.ar\/index.php?rest_route=\/wp\/v2\/media\/1537"}],"wp:attachment":[{"href":"https:\/\/noticiassaludables.com.ar\/index.php?rest_route=%2Fwp%2Fv2%2Fmedia&parent=1536"}],"wp:term":[{"taxonomy":"category","embeddable":true,"href":"https:\/\/noticiassaludables.com.ar\/index.php?rest_route=%2Fwp%2Fv2%2Fcategories&post=1536"},{"taxonomy":"post_tag","embeddable":true,"href":"https:\/\/noticiassaludables.com.ar\/index.php?rest_route=%2Fwp%2Fv2%2Ftags&post=1536"}],"curies":[{"name":"wp","href":"https:\/\/api.w.org\/{rel}","templated":true}]}}