{"id":1546,"date":"2024-06-25T10:43:51","date_gmt":"2024-06-25T13:43:51","guid":{"rendered":"https:\/\/noticiassaludables.com.ar\/?p=1546"},"modified":"2024-06-25T10:43:51","modified_gmt":"2024-06-25T13:43:51","slug":"la-uba-pregunto-cual-es-la-principal-causa-de-discriminacion-en-argentina","status":"publish","type":"post","link":"https:\/\/noticiassaludables.com.ar\/?p=1546","title":{"rendered":"La UBA pregunt\u00f3 cu\u00e1l es la principal causa de discriminaci\u00f3n en Argentina"},"content":{"rendered":"\n<h2 class=\"wp-block-heading\">Acapara casi la mitad de los actos de discriminaci\u00f3n que dicen sufrir los argentinos.Es la ideolog\u00eda o la creencia pol\u00edtica de las personas como motor del rechazo a los dem\u00e1s.\u201cD\u00e9cadas de extrema polarizaci\u00f3n pol\u00edtica no han sido inocuas\u201d, dicen los autores del trabajo.<\/h2>\n\n\n\n<figure class=\"wp-block-image\"><img decoding=\"async\" src=\"https:\/\/www.clarin.com\/img\/2024\/06\/24\/ZHNW5Ez2M_360x240__1.jpg\" alt=\"La UBA pregunt\u00f3 cu\u00e1l es la principal causa de discriminaci\u00f3n en Argentina y una respuesta arras\u00f3\"\/><\/figure>\n\n\n\n<p>Pasan los a\u00f1os, pasan los gobiernos,&nbsp;<strong>queda la grieta<\/strong>. La frase, con perd\u00f3n del original, evoca la emblem\u00e1tica canci\u00f3n de Enrique Pinti, m\u00e1s edificante y optimista al postular la permanencia de los artistas. Viene a cuento de que una investigaci\u00f3n del Observatorio de Psicolog\u00eda Social Aplicada (OPSA) de la Universidad de Buenos Aires confirma que la grieta pol\u00edtica -que siempre existi\u00f3 p\u00fablicamente pero vulner\u00f3 intimidades en este milenio-&nbsp;<strong>brilla hoy<\/strong>&nbsp;como nunca.<\/p>\n\n\n\n<p>La encuesta se realiz\u00f3&nbsp;<strong>entre el 19 y el 22 de junio&nbsp;<\/strong>pasados en la Ciudad de Buenos Aires, el Conurbano y otras cinco grandes regiones del pa\u00eds, con un total de&nbsp;<strong>1.747 personas<\/strong>&nbsp;a las que les hicieron las preguntas necesarias para conseguir una radiograf\u00eda de los prejuicios y la discriminaci\u00f3n que imperan en Argentina.<\/p>\n\n\n\n<p>Una de las preguntas fue cu\u00e1l hab\u00eda sido el&nbsp;<strong>principal motivo&nbsp;<\/strong>por el que las personas se hab\u00edan&nbsp;<strong>sentido discriminadas<\/strong>. Y una respuesta arras\u00f3. El 45,2 por ciento dijo&nbsp;<strong>\u201cla ideolog\u00eda o creencias pol\u00edticas\u201d<\/strong>. Muy lejos, en segundo lugar y con el 18,8 por ciento de las respuestas, qued\u00f3 \u201cla edad\u201d como motivo de segregaci\u00f3n. En tercer lugar (14,4%), la condici\u00f3n f\u00edsica o mental; y en cuarta posici\u00f3n (12,4%), el g\u00e9nero.<\/p>\n\n\n\n<p>La lista se completa -ya m\u00e1s lejos a\u00fan en el grado de incidencia- con el 5,7 por ciento de los que se sintieron discriminados por su religi\u00f3n, el 1,8 por ciento por el color de piel, el 1,1 por ciento por la orientaci\u00f3n sexual y el 0,6 por ciento por la etnia.<\/p>\n\n\n\n<p>\u201cEstos resultados replican con exactitud los obtenidos en nuestro estudio anterior del a\u00f1o 2020, pese a que los<strong>&nbsp;actores y partidos pol\u00edticos involucrados eran otros<\/strong>\u201d, dicen los autores del trabajo del OPSA, Joaqu\u00edn Ungaretti y Edgardo Etchezahar. Y agregan: \u201cEsto indicar\u00eda que&nbsp;<strong>d\u00e9cadas de extrema polarizaci\u00f3n<\/strong>&nbsp;pol\u00edtica no han sido inocuas para las relaciones entre los ciudadanos argentinos. Por el contrario, se ha convertido en el eje central sobre el que gira el problema de la discriminaci\u00f3n en la Argentina\u201d.<\/p>\n\n\n\n<p>La discriminaci\u00f3n en Argentina<\/p>\n\n\n\n<hr class=\"wp-block-separator has-alpha-channel-opacity\"\/>\n\n\n\n<figure class=\"wp-block-embed is-type-wp-embed is-provider-datawrapper wp-block-embed-datawrapper\"><div class=\"wp-block-embed__wrapper\">\n<iframe class=\"wp-embedded-content\" sandbox=\"allow-scripts\" security=\"restricted\" title=\"\" src=\"https:\/\/datawrapper.dwcdn.net\/lmaoe\/2\/#?secret=OczhR0H1mK\" data-secret=\"OczhR0H1mK\" scrolling=\"no\" frameborder=\"0\" height=\"440\"><\/iframe>\n<\/div><\/figure>\n\n\n\n<hr class=\"wp-block-separator has-alpha-channel-opacity\"\/>\n\n\n\n<figure class=\"wp-block-embed is-type-wp-embed is-provider-datawrapper wp-block-embed-datawrapper\"><div class=\"wp-block-embed__wrapper\">\n<iframe class=\"wp-embedded-content\" sandbox=\"allow-scripts\" security=\"restricted\" title=\"\" src=\"https:\/\/datawrapper.dwcdn.net\/4bday\/2\/#?secret=6w6QTkzyQZ\" data-secret=\"6w6QTkzyQZ\" scrolling=\"no\" frameborder=\"0\" height=\"424\"><\/iframe>\n<\/div><\/figure>\n\n\n\n<hr class=\"wp-block-separator has-alpha-channel-opacity\"\/>\n\n\n\n<p>Fuente:&nbsp;<strong>FACULTAD DE PSICOLOG\u00cdA &#8211; UBA<\/strong>Infograf\u00eda:&nbsp;<strong>Clar\u00edn<\/strong><\/p>\n\n\n\n<p>El \u00e1mbito principal en el que los participantes refieren haber sido v\u00edctimas de discriminaci\u00f3n fueron las<strong>&nbsp;redes sociales e Internet<\/strong>&nbsp;(23,7%), seguido por el espacio p\u00fablico (21,1%), el \u00e1mbito laboral (16,5%), el \u00e1mbito familiar (14,3 por ciento), el \u00e1mbito educativo (12,3%), y los amigos (12,1%).<\/p>\n\n\n\n<p>\u201cSi vinculamos estos resultados con los motivos de discriminaci\u00f3n, podemos inferir que en la actualidad las redes sociales constituyen un espacio virtual en donde&nbsp;<strong>se potencian las polarizaciones pol\u00edticas&nbsp;<\/strong>y se vehicula la descarga emocional, se potencian los estereotipos sobre la juventud y los ideales de belleza imperantes\u201d, agregan los autores del informe.<\/p>\n\n\n\n<h2 class=\"wp-block-heading\">Percepci\u00f3n y autopercepci\u00f3n<\/h2>\n\n\n\n<p>Otro pasaje curioso del trabajo es el vinculado a la&nbsp;<strong>percepci\u00f3n que tiene cada uno<\/strong>&nbsp;de los argentinos entrevistados sobre el resto de los argentinos. All\u00ed surgen&nbsp;<strong>calificativos muy negativos&nbsp;<\/strong>como autoritarios, prejuiciosos, discriminadores, agresivos, ego\u00edstas, machistas y -el que acapara la mayor\u00eda de las respuestas- haters (odiadores).<\/p>\n\n\n\n<p>La constante es que la&nbsp;<strong>autocr\u00edtica es deficitaria<\/strong>: en casi todas esas cualidades la paja en el ojo ajeno m\u00e1s o menos duplica a la autopercepci\u00f3n de esas caracter\u00edsticas. A la inversa, cuando se pregunta por los&nbsp;<strong>aspectos positivos<\/strong>&nbsp;de los argentinos, los entrevistados siempre se consideran mejores que el promedio: m\u00e1s emp\u00e1ticos, tolerantes, generosos, respetuosos, humildes y feministas.<\/p>\n\n\n\n<p>C\u00f3mo son los argentinos<\/p>\n\n\n\n<hr class=\"wp-block-separator has-alpha-channel-opacity\"\/>\n\n\n\n<p>&nbsp;&nbsp;Argentinos&nbsp;&nbsp; &nbsp;&nbsp;&nbsp;&nbsp;Vos&nbsp;&nbsp; &nbsp;<\/p>\n\n\n\n<figure class=\"wp-block-embed is-type-wp-embed is-provider-datawrapper wp-block-embed-datawrapper\"><div class=\"wp-block-embed__wrapper\">\n<iframe class=\"wp-embedded-content\" sandbox=\"allow-scripts\" security=\"restricted\" title=\"\" src=\"https:\/\/datawrapper.dwcdn.net\/ksAXV\/2\/#?secret=spj6LJu8Hp\" data-secret=\"spj6LJu8Hp\" scrolling=\"no\" frameborder=\"0\" height=\"408\"><\/iframe>\n<\/div><\/figure>\n\n\n\n<hr class=\"wp-block-separator has-alpha-channel-opacity\"\/>\n\n\n\n<figure class=\"wp-block-embed is-type-wp-embed is-provider-datawrapper wp-block-embed-datawrapper\"><div class=\"wp-block-embed__wrapper\">\n<iframe class=\"wp-embedded-content\" sandbox=\"allow-scripts\" security=\"restricted\" title=\"\" src=\"https:\/\/datawrapper.dwcdn.net\/Jw87D\/2\/#?secret=JWsBlAdMr2\" data-secret=\"JWsBlAdMr2\" scrolling=\"no\" frameborder=\"0\" height=\"408\"><\/iframe>\n<\/div><\/figure>\n\n\n\n<hr class=\"wp-block-separator has-alpha-channel-opacity\"\/>\n\n\n\n<p>Fuente:&nbsp;<strong>FACULTAD DE PSICOLOG\u00cdA &#8211; UBA<\/strong>Infograf\u00eda:&nbsp;<strong>Clar\u00edn<\/strong><\/p>\n\n\n\n<p>Una&nbsp;<strong>conclusi\u00f3n posible&nbsp;<\/strong>es que si los argentinos fueran realmente como cada uno de los encuestados por la UBA dice ser -en contraposici\u00f3n al m\u00e1s f\u00e1cilmente denostable entorno- otro ser\u00eda el cantar. Tal vez entonces s\u00ed, en ese escenario ideal, a nadie se le ocurrir\u00eda cambiarle la letra a ese final de la recordada Salsa Criolla y el t\u00edtulo de esta encuesta acad\u00e9mica, \u201cPrejuicio y discriminaci\u00f3n\u201d, ser\u00eda s\u00f3lo y sin orgullo otra novela de Jane Austen.<\/p>\n\n\n\n<p>Un dato m\u00e1s, destacable en la investigaci\u00f3n, que en cierto punto es tambi\u00e9n producto de la grieta continua -o de las causas que la alimentan-, surge de\u00a0<strong>la pregunta por el INADI<\/strong>: el\u00a0<strong>52,6 por ciento<\/strong>\u00a0de la gente se mostr\u00f3 de acuerdo con el cierre del organismo, que el gobierno de Javier Milei hizo efectivo a fines de febrero de este a\u00f1o. Sin embargo, al mismo tiempo, el\u00a0<strong>60,9 por ciento<\/strong>\u00a0se mostr\u00f3 a favor de que el Estado destine recursos econ\u00f3micos para las v\u00edctimas de discriminaci\u00f3n.<\/p>\n\n\n\n<p>Fuente: <a href=\"https:\/\/www.clarin.com\/sociedad\/uba-pregunto-principal-causa-discriminacion-argentina-respuesta-arraso_0_SZTIeZ2jb8.html\">https:\/\/www.clarin.com\/sociedad\/uba-pregunto-principal-causa-discriminacion-argentina-respuesta-arraso_0_SZTIeZ2jb8.html<\/a><\/p>\n","protected":false},"excerpt":{"rendered":"<p>Acapara casi la mitad de los actos de discriminaci\u00f3n que dicen sufrir los argentinos.Es la ideolog\u00eda o la creencia pol\u00edtica de las personas como motor del rechazo a los dem\u00e1s.\u201cD\u00e9cadas de extrema polarizaci\u00f3n pol\u00edtica no han sido inocuas\u201d, dicen los autores del trabajo. Pasan los a\u00f1os, pasan los gobiernos,&nbsp;queda la grieta. La frase, con perd\u00f3n [&hellip;]<\/p>\n","protected":false},"author":3,"featured_media":1547,"comment_status":"open","ping_status":"open","sticky":false,"template":"","format":"standard","meta":{"footnotes":""},"categories":[11,13,3],"tags":[770,771,710],"class_list":["post-1546","post","type-post","status-publish","format-standard","has-post-thumbnail","hentry","category-agenda","category-politica","category-principal","tag-discriminacion","tag-grieta","tag-uba"],"_links":{"self":[{"href":"https:\/\/noticiassaludables.com.ar\/index.php?rest_route=\/wp\/v2\/posts\/1546","targetHints":{"allow":["GET"]}}],"collection":[{"href":"https:\/\/noticiassaludables.com.ar\/index.php?rest_route=\/wp\/v2\/posts"}],"about":[{"href":"https:\/\/noticiassaludables.com.ar\/index.php?rest_route=\/wp\/v2\/types\/post"}],"author":[{"embeddable":true,"href":"https:\/\/noticiassaludables.com.ar\/index.php?rest_route=\/wp\/v2\/users\/3"}],"replies":[{"embeddable":true,"href":"https:\/\/noticiassaludables.com.ar\/index.php?rest_route=%2Fwp%2Fv2%2Fcomments&post=1546"}],"version-history":[{"count":1,"href":"https:\/\/noticiassaludables.com.ar\/index.php?rest_route=\/wp\/v2\/posts\/1546\/revisions"}],"predecessor-version":[{"id":1548,"href":"https:\/\/noticiassaludables.com.ar\/index.php?rest_route=\/wp\/v2\/posts\/1546\/revisions\/1548"}],"wp:featuredmedia":[{"embeddable":true,"href":"https:\/\/noticiassaludables.com.ar\/index.php?rest_route=\/wp\/v2\/media\/1547"}],"wp:attachment":[{"href":"https:\/\/noticiassaludables.com.ar\/index.php?rest_route=%2Fwp%2Fv2%2Fmedia&parent=1546"}],"wp:term":[{"taxonomy":"category","embeddable":true,"href":"https:\/\/noticiassaludables.com.ar\/index.php?rest_route=%2Fwp%2Fv2%2Fcategories&post=1546"},{"taxonomy":"post_tag","embeddable":true,"href":"https:\/\/noticiassaludables.com.ar\/index.php?rest_route=%2Fwp%2Fv2%2Ftags&post=1546"}],"curies":[{"name":"wp","href":"https:\/\/api.w.org\/{rel}","templated":true}]}}