{"id":1560,"date":"2024-06-28T11:28:55","date_gmt":"2024-06-28T14:28:55","guid":{"rendered":"https:\/\/noticiassaludables.com.ar\/?p=1560"},"modified":"2024-06-28T11:28:55","modified_gmt":"2024-06-28T14:28:55","slug":"por-que-salen-las-canas","status":"publish","type":"post","link":"https:\/\/noticiassaludables.com.ar\/?p=1560","title":{"rendered":"Por qu\u00e9 salen las canas"},"content":{"rendered":"\n<p>Al igual que ocurre con el color de la piel, se cree que el color del cabello evolucion\u00f3 como parte de la protecci\u00f3n del cuerpo contra los rayos solares<\/p>\n\n\n\n<p>El&nbsp;<strong>encanecimiento del cabello&nbsp;<\/strong>es uno de los indicadores m\u00e1s evidentes del&nbsp;<a rel=\"noreferrer noopener\" href=\"https:\/\/www.infobae.com\/tag\/envejecimiento\/\" target=\"_blank\"><strong>envejecimiento<\/strong><\/a>. Aunque no existe una soluci\u00f3n universal para revertirlo, muchas personas optan por&nbsp;<strong>tintes<\/strong>&nbsp;para contrarrestar esta se\u00f1al del tiempo. El proceso de encanecimiento comienza en los&nbsp;<strong>fol\u00edculos pilosos<\/strong>, donde se encuentran las c\u00e9lulas responsables de la pigmentaci\u00f3n del cabello. Diversos factores, incluidos el&nbsp;<strong>estr\u00e9s<\/strong>&nbsp;y la&nbsp;<strong>gen\u00e9tica<\/strong>, pueden acelerar la aparici\u00f3n de canas, incidiendo en la percepci\u00f3n social del envejecimiento seg\u00fan el&nbsp;<strong>g\u00e9nero<\/strong>.<\/p>\n\n\n\n<p><a href=\"https:\/\/www.infobae.com\/salud\/2024\/06\/28\/cuales-son-los-beneficios-del-te-de-manzanilla-para-la-salud\/\" target=\"_blank\" rel=\"noreferrer noopener\"><\/a><\/p>\n\n\n\n<figure class=\"wp-block-image\"><a href=\"https:\/\/www.infobae.com\/salud\/2024\/06\/28\/cuales-son-los-beneficios-del-te-de-manzanilla-para-la-salud\/\" target=\"_blank\" rel=\"noreferrer noopener\"><img decoding=\"async\" src=\"https:\/\/www.infobae.com\/new-resizer\/OeIrNb3aYxecgPrhqzKTMNN4P2M=\/1200x675\/filters:format(webp):quality(85)\/cloudfront-us-east-1.images.arcpublishing.com\/infobae\/QK36VSBPFVFRRHUZJEUFMT4WFE.jpg\" alt=\"Cu\u00e1les son los beneficios del t\u00e9 de manzanilla para la salud\"\/><\/a><\/figure>\n\n\n\n<p><a href=\"https:\/\/www.infobae.com\/salud\/2024\/06\/28\/cuales-son-los-beneficios-del-te-de-manzanilla-para-la-salud\/\" target=\"_blank\" rel=\"noreferrer noopener\">Te puede interesar:<strong>Cu\u00e1les son los beneficios del t\u00e9 de manzanilla para la salud<\/strong><\/a><a href=\"https:\/\/www.infobae.com\/salud\/2024\/06\/28\/cuales-son-los-beneficios-del-te-de-manzanilla-para-la-salud\/\" target=\"_blank\" rel=\"noreferrer noopener\"><\/a><\/p>\n\n\n\n<p><strong>\u201cLas c\u00e9lulas que vuelven gris nuestro cabello, los melanocitos, son las mismas que producen la melanina, responsable del color de nuestro cabello, piel y ojos\u201d<\/strong>, explica Melissa Harris, profesora asociada de biolog\u00eda en la<strong>&nbsp;Universidad de Alabama en Birmingham<\/strong>.<\/p>\n\n\n\n<p>El ciclo de&nbsp;<strong>crecimiento del cabello<\/strong>&nbsp;es crucial para entender el encanecimiento. Este ciclo se divide en cuatro fases: an\u00e1gena (crecimiento), cat\u00e1gena (transici\u00f3n), tel\u00f3gena (reposo) y ex\u00f3gena (ca\u00edda del cabello). Durante la fase an\u00e1gena, las c\u00e9lulas madre dentro del bulbo del fol\u00edculo generan melanocitos que producen el pigmento. \u201cLos melanocitos pierden efectividad con el tiempo, produciendo menos y eventualmente nada de pigmento\u201d, dice Harris.&nbsp;<strong>\u201cLa poblaci\u00f3n de c\u00e9lulas madre tambi\u00e9n disminuye, y si estas desaparecen, no habr\u00e1 melanocitos en el siguiente ciclo del cabello\u201d.<\/strong><\/p>\n\n\n\n<p><a href=\"https:\/\/www.infobae.com\/salud\/2024\/06\/28\/10-enfermedades-relacionadas-con-la-falta-de-vitamina-d\/\" target=\"_blank\" rel=\"noreferrer noopener\"><\/a><\/p>\n\n\n\n<figure class=\"wp-block-image\"><a href=\"https:\/\/www.infobae.com\/salud\/2024\/06\/28\/10-enfermedades-relacionadas-con-la-falta-de-vitamina-d\/\" target=\"_blank\" rel=\"noreferrer noopener\"><img decoding=\"async\" src=\"https:\/\/www.infobae.com\/new-resizer\/XhFNykiUmXIm5V5gVdhdB_t6_j4=\/1200x675\/filters:format(webp):quality(85)\/cloudfront-us-east-1.images.arcpublishing.com\/infobae\/IU655RLVPJEVDI7YK3VT3PGA5Y.jpg\" alt=\"10 enfermedades relacionadas con la falta de vitamina D\"\/><\/a><\/figure>\n\n\n\n<p><a href=\"https:\/\/www.infobae.com\/salud\/2024\/06\/28\/10-enfermedades-relacionadas-con-la-falta-de-vitamina-d\/\" target=\"_blank\" rel=\"noreferrer noopener\">Te puede interesar:<strong>10 enfermedades relacionadas con la falta de vitamina D<\/strong><\/a><a href=\"https:\/\/www.infobae.com\/salud\/2024\/06\/28\/10-enfermedades-relacionadas-con-la-falta-de-vitamina-d\/\" target=\"_blank\" rel=\"noreferrer noopener\"><\/a><\/p>\n\n\n\n<p><img loading=\"lazy\" decoding=\"async\" alt=\"El ciclo de crecimiento del cabello incluye fases que afectan la producci\u00f3n de pigmento (Imagen ilustrativa Infobae)\" height=\"816\" width=\"1456\" class=\"\" src=\"https:\/\/www.infobae.com\/new-resizer\/QxlvQgU_2Tw3RAUiEGHm5V0S4yQ=\/420x236\/filters:format(webp):quality(85)\/cloudfront-us-east-1.images.arcpublishing.com\/infobae\/JMQUOAJPBZAE5PONSQ3OTXIIBQ.jpg%20420w\" srcset=\"https:\/\/www.infobae.com\/new-resizer\/QxlvQgU_2Tw3RAUiEGHm5V0S4yQ=\/420x236\/filters:format(webp):quality(85)\/cloudfront-us-east-1.images.arcpublishing.com\/infobae\/JMQUOAJPBZAE5PONSQ3OTXIIBQ.jpg 420w,https:\/\/www.infobae.com\/new-resizer\/mZMrfPVXtC5xFsssK8mTcBncY4E=\/768x432\/filters:format(webp):quality(85)\/cloudfront-us-east-1.images.arcpublishing.com\/infobae\/JMQUOAJPBZAE5PONSQ3OTXIIBQ.jpg 768w,https:\/\/www.infobae.com\/new-resizer\/QtUOftEIjoLmtYKTVFPzZF-lDUw=\/992x558\/filters:format(webp):quality(85)\/cloudfront-us-east-1.images.arcpublishing.com\/infobae\/JMQUOAJPBZAE5PONSQ3OTXIIBQ.jpg 992w,https:\/\/www.infobae.com\/new-resizer\/fP52oLT9EoNfJzryH2ZAp_RESTY=\/1200x675\/filters:format(webp):quality(85)\/cloudfront-us-east-1.images.arcpublishing.com\/infobae\/JMQUOAJPBZAE5PONSQ3OTXIIBQ.jpg 1200w,https:\/\/www.infobae.com\/new-resizer\/AfwhBKCGYkZOSC62vcBlGDmezu8=\/1440x810\/filters:format(webp):quality(85)\/cloudfront-us-east-1.images.arcpublishing.com\/infobae\/JMQUOAJPBZAE5PONSQ3OTXIIBQ.jpg 1440w\">El ciclo de crecimiento del cabello incluye fases que afectan la producci\u00f3n de pigmento (Imagen ilustrativa Infobae)<\/p>\n\n\n\n<h2 class=\"wp-block-heading\">Qu\u00e9 produce la aparici\u00f3n de las canas<\/h2>\n\n\n\n<p>Adem\u00e1s del envejecimiento, factores como el&nbsp;<strong>estr\u00e9s<\/strong>&nbsp;y&nbsp;<strong>determinantes gen\u00e9ticos y ambientales<\/strong>&nbsp;tambi\u00e9n influyen en el encanecimiento.<\/p>\n\n\n\n<p>El estr\u00e9s puede desencadenar una condici\u00f3n llamada effluvium tel\u00f3geno, incrementando la p\u00e9rdida de cabello y haciendo que los cabellos grises sean m\u00e1s evidentes. Harris comenta que, junto con la edad, influyen la gen\u00e9tica y el estilo de vida: \u201cExisten factores ambientales claros que pueden aumentar el riesgo de encanecimiento prematuro\u201d, destaca. Estos incluyen&nbsp;<strong>fumar, la exposici\u00f3n a rayos UV, deficiencias nutricionales, contaminaci\u00f3n y consumo excesivo de alcohol.<\/strong><\/p>\n\n\n\n<p><a href=\"https:\/\/www.infobae.com\/salud\/2024\/06\/28\/en-que-consta-el-tratamiento-de-la-depresion-y-que-ejercicios-se-brindan-segun-la-neurociencia\/\" target=\"_blank\" rel=\"noreferrer noopener\"><\/a><\/p>\n\n\n\n<figure class=\"wp-block-image\"><a href=\"https:\/\/www.infobae.com\/salud\/2024\/06\/28\/en-que-consta-el-tratamiento-de-la-depresion-y-que-ejercicios-se-brindan-segun-la-neurociencia\/\" target=\"_blank\" rel=\"noreferrer noopener\"><img decoding=\"async\" src=\"https:\/\/www.infobae.com\/new-resizer\/qHRckX-PsccS7B78eDvfXdk9oIM=\/1200x675\/filters:format(webp):quality(85)\/cloudfront-us-east-1.images.arcpublishing.com\/infobae\/VLBWLEGHA5DJPI4UTXDXSLZQ7M.png\" alt=\"Tratamiento contra la depresi\u00f3n: qu\u00e9 recomendaciones brinda la psicoterapia\"\/><\/a><\/figure>\n\n\n\n<p><a href=\"https:\/\/www.infobae.com\/salud\/2024\/06\/28\/en-que-consta-el-tratamiento-de-la-depresion-y-que-ejercicios-se-brindan-segun-la-neurociencia\/\" target=\"_blank\" rel=\"noreferrer noopener\">Te puede interesar:<strong>Tratamiento contra la depresi\u00f3n: qu\u00e9 recomendaciones brinda la psicoterapia<\/strong><\/a><a href=\"https:\/\/www.infobae.com\/salud\/2024\/06\/28\/en-que-consta-el-tratamiento-de-la-depresion-y-que-ejercicios-se-brindan-segun-la-neurociencia\/\" target=\"_blank\" rel=\"noreferrer noopener\"><\/a><\/p>\n\n\n\n<h2 class=\"wp-block-heading\">\u00bfPuede revertirse el proceso de envejecimiento?<\/h2>\n\n\n\n<p>Cient\u00edficos est\u00e1n explorando maneras de revertir el encanecimiento. Harris, cuya investigaci\u00f3n se centra en las c\u00e9lulas madre productoras de melanocitos, sugiere que<strong>&nbsp;la clave podr\u00eda estar en una prote\u00edna llamada PD-L1<\/strong>. \u201c\u00bfPodr\u00edamos usar esta prote\u00edna para activar la pigmentaci\u00f3n del cabello?\u201d se pregunta. Harris tambi\u00e9n menciona que investigaciones con tratamientos de inmunoterapia en pacientes con c\u00e1ncer de pulm\u00f3n han mostrado&nbsp;<strong>repigmentaci\u00f3n del cabello<\/strong>.<\/p>\n\n\n\n<p><img loading=\"lazy\" decoding=\"async\" alt=\"El estr\u00e9s puede causar effluvium tel\u00f3geno, aumentando la p\u00e9rdida de cabello y la visibilidad de las canas (Imagen ilustrativa Infobae)\" height=\"725\" width=\"1289\" class=\"\" src=\"https:\/\/www.infobae.com\/new-resizer\/WVpskUtId51bIXkJOhjQd1C4F40=\/420x236\/filters:format(webp):quality(85)\/cloudfront-us-east-1.images.arcpublishing.com\/infobae\/XLGZF33IUVFGJBRC6VK6TCIXM4.jpg%20420w\" srcset=\"https:\/\/www.infobae.com\/new-resizer\/WVpskUtId51bIXkJOhjQd1C4F40=\/420x236\/filters:format(webp):quality(85)\/cloudfront-us-east-1.images.arcpublishing.com\/infobae\/XLGZF33IUVFGJBRC6VK6TCIXM4.jpg 420w,https:\/\/www.infobae.com\/new-resizer\/sFrAc_bTPR74AdSY9uEX-9shehc=\/768x432\/filters:format(webp):quality(85)\/cloudfront-us-east-1.images.arcpublishing.com\/infobae\/XLGZF33IUVFGJBRC6VK6TCIXM4.jpg 768w,https:\/\/www.infobae.com\/new-resizer\/Q6JvmHD7PGhG1fRT3nAa2JHUVvM=\/992x558\/filters:format(webp):quality(85)\/cloudfront-us-east-1.images.arcpublishing.com\/infobae\/XLGZF33IUVFGJBRC6VK6TCIXM4.jpg 992w,https:\/\/www.infobae.com\/new-resizer\/Jg8lh3PZwOx5n-t6DAiqlFWUdvc=\/1200x675\/filters:format(webp):quality(85)\/cloudfront-us-east-1.images.arcpublishing.com\/infobae\/XLGZF33IUVFGJBRC6VK6TCIXM4.jpg 1200w,https:\/\/www.infobae.com\/new-resizer\/9YQ5xcvpJTwaFq5UargGBjWCx5w=\/1440x810\/filters:format(webp):quality(85)\/cloudfront-us-east-1.images.arcpublishing.com\/infobae\/XLGZF33IUVFGJBRC6VK6TCIXM4.jpg 1440w\">El estr\u00e9s puede causar effluvium tel\u00f3geno, aumentando la p\u00e9rdida de cabello y la visibilidad de las canas (Imagen ilustrativa Infobae)<\/p>\n\n\n\n<p>Por ahora, el trabajo contin\u00faa, y no es solo cosm\u00e9tico: Harris cree que el proceso de pigmentaci\u00f3n del cabello humano tiene lecciones para ense\u00f1ar a la ciencia sobre otras formas en que nuestros cuerpos envejecen y responden al estr\u00e9s y factores ambientales, con implicaciones mucho m\u00e1s amplias para la salud humana en general. Si tenemos suerte, descubrir c\u00f3mo revertir las canas podr\u00eda venir con una ventaja a\u00fan mayor: la capacidad de mantenerse m\u00e1s saludables por m\u00e1s tiempo y obtener m\u00e1s de la vida que, para la mayor\u00eda, trae algunas canas en el camino.<\/p>\n\n\n\n<p>Finalmente,\u00a0<strong>la exploraci\u00f3n de la pigmentaci\u00f3n del cabello puede proporcionar comprensi\u00f3n sobre otros procesos de envejecimiento y c\u00f3mo el cuerpo humano responde al estr\u00e9s y factores ambientales<\/strong>, lo que podr\u00eda tener implicaciones m\u00e1s amplias para la salud general. Mientras tanto, para muchos, el uso de tintes seguir\u00e1 siendo la soluci\u00f3n temporal al desaf\u00edo de mantener un cabello libre de canas.<\/p>\n\n\n\n<p>Fuente: <a href=\"https:\/\/www.infobae.com\/salud\/2024\/06\/28\/por-que-salen-las-canas\/\">https:\/\/www.infobae.com\/salud\/2024\/06\/28\/por-que-salen-las-canas\/<\/a><\/p>\n","protected":false},"excerpt":{"rendered":"<p>Al igual que ocurre con el color de la piel, se cree que el color del cabello evolucion\u00f3 como parte de la protecci\u00f3n del cuerpo contra los rayos solares El&nbsp;encanecimiento del cabello&nbsp;es uno de los indicadores m\u00e1s evidentes del&nbsp;envejecimiento. Aunque no existe una soluci\u00f3n universal para revertirlo, muchas personas optan por&nbsp;tintes&nbsp;para contrarrestar esta se\u00f1al del [&hellip;]<\/p>\n","protected":false},"author":3,"featured_media":1561,"comment_status":"open","ping_status":"open","sticky":false,"template":"","format":"standard","meta":{"footnotes":""},"categories":[4,10],"tags":[776],"class_list":["post-1560","post","type-post","status-publish","format-standard","has-post-thumbnail","hentry","category-bienestar","category-tendencia","tag-canas"],"_links":{"self":[{"href":"https:\/\/noticiassaludables.com.ar\/index.php?rest_route=\/wp\/v2\/posts\/1560","targetHints":{"allow":["GET"]}}],"collection":[{"href":"https:\/\/noticiassaludables.com.ar\/index.php?rest_route=\/wp\/v2\/posts"}],"about":[{"href":"https:\/\/noticiassaludables.com.ar\/index.php?rest_route=\/wp\/v2\/types\/post"}],"author":[{"embeddable":true,"href":"https:\/\/noticiassaludables.com.ar\/index.php?rest_route=\/wp\/v2\/users\/3"}],"replies":[{"embeddable":true,"href":"https:\/\/noticiassaludables.com.ar\/index.php?rest_route=%2Fwp%2Fv2%2Fcomments&post=1560"}],"version-history":[{"count":1,"href":"https:\/\/noticiassaludables.com.ar\/index.php?rest_route=\/wp\/v2\/posts\/1560\/revisions"}],"predecessor-version":[{"id":1562,"href":"https:\/\/noticiassaludables.com.ar\/index.php?rest_route=\/wp\/v2\/posts\/1560\/revisions\/1562"}],"wp:featuredmedia":[{"embeddable":true,"href":"https:\/\/noticiassaludables.com.ar\/index.php?rest_route=\/wp\/v2\/media\/1561"}],"wp:attachment":[{"href":"https:\/\/noticiassaludables.com.ar\/index.php?rest_route=%2Fwp%2Fv2%2Fmedia&parent=1560"}],"wp:term":[{"taxonomy":"category","embeddable":true,"href":"https:\/\/noticiassaludables.com.ar\/index.php?rest_route=%2Fwp%2Fv2%2Fcategories&post=1560"},{"taxonomy":"post_tag","embeddable":true,"href":"https:\/\/noticiassaludables.com.ar\/index.php?rest_route=%2Fwp%2Fv2%2Ftags&post=1560"}],"curies":[{"name":"wp","href":"https:\/\/api.w.org\/{rel}","templated":true}]}}