{"id":1575,"date":"2024-07-01T11:29:53","date_gmt":"2024-07-01T14:29:53","guid":{"rendered":"https:\/\/noticiassaludables.com.ar\/?p=1575"},"modified":"2024-07-01T11:30:27","modified_gmt":"2024-07-01T14:30:27","slug":"las-chicas-y-las-nueva-adiccion-a-los-cosmeticos","status":"publish","type":"post","link":"https:\/\/noticiassaludables.com.ar\/?p=1575","title":{"rendered":"Las adolescentes y las nueva adicci\u00f3n a los cosm\u00e9ticos"},"content":{"rendered":"\n<ul class=\"wp-block-list\">\n<li>La cosmeticorexia es la obsesi\u00f3n por el cuidado de la piel que crece entre las adolescentes.<\/li>\n\n\n\n<li>Cu\u00e1les son las consecuencias indeseadas de la b\u00fasqueda de belleza sin l\u00edmite.<\/li>\n\n\n\n<li>Precauciones a tomar.<\/li>\n<\/ul>\n\n\n\n<p>Impulsado por las redes sociales y las influencers, el&nbsp;<strong>consumo de productos de belleza entre j\u00f3venes de 12 a 18 a\u00f1os<\/strong>&nbsp;va en aumento. Este fen\u00f3meno se conoce como<strong>&nbsp;cosmeticorexia<\/strong>, y se afianza en un contexto de empoderamiento femenino y presi\u00f3n por la imagen.<\/p>\n\n\n\n<p>Es un hecho.&nbsp;<strong>Cada vez son m\u00e1s las menores que compran y usan cremas,<\/strong>&nbsp;correctores de ojeras y productos contra el envejecimiento, los cuales son tan innecesarios como perjudiciales para su piel. As\u00ed lo demuestran los n\u00fameros.<\/p>\n\n\n\n<p>\u201cA nivel nacional, nuestras investigaciones indican que&nbsp;<strong>el 78% de las chicas de entre 13 y 18 a\u00f1os compra frecuentemente productos de cuidado personal<\/strong>&nbsp;y al menos el 48% adquiri\u00f3 alg\u00fan maquillaje en el \u00faltimo a\u00f1o. De la mano, crece el mercado de s\u00e9rums, de tratamientos para la piel y aquellos destinados al p\u00fablico adolescente por cambios hormonales como, por ejemplo, los antiacneicos. Otro dato preocupante es que encontramos un 3% de j\u00f3venes que consumen productos antiedad en la franja de 16 a 18 a\u00f1os\u201d, revela Ximena D\u00edaz Alarcon, co-fundadora &amp; CEO de la consultora Youniversal.<\/p>\n\n\n\n<h2 class=\"wp-block-heading\">Tendencia inquietante<\/h2>\n\n\n\n<p>\u00bfA qu\u00e9 responde la necesidad de maquillarse y ponerse crema a una edad tan precoz? \u201cDecididamente a las redes sociales.<strong>&nbsp;Instagram, Tik Tok y YouTube<\/strong>&nbsp;<strong>son las principales promotoras del uso de maquillajes y cremas entre las menores de edad<\/strong>, quienes consumen estas aplicaciones viendo a otras ni\u00f1as utiliz\u00e1ndolas, y creyendo as\u00ed tener el permiso para su uso. De esta manera, la industria cosm\u00e9tica y los creadores digitales e influencers&nbsp;<strong>generan una nueva necesidad en las infancias<\/strong>\u201d, responde Silvina Alejandra Bruey, m\u00e9dica dermat\u00f3loga infanto-juvenil del Hospital Italiano de Buenos Aires y miembro titular de la Sociedad Argentina de Dermatolog\u00eda (SAD).<\/p>\n\n\n\n<h2 class=\"wp-block-heading\">La influencia de las redes<\/h2>\n\n\n\n<p>\u201cEsta conducta tambi\u00e9n est\u00e1 fuertemente ligada a las expectativas sobre los&nbsp;<strong>ideales de bellezas&nbsp;<\/strong>irrealistas impuestos por los medios y especialmente la virtualidad, donde las ni\u00f1as imitan las pr\u00e1cticas que las influencers exponen y siguen los consejos para pertenecer y tratar de obtener la misma aceptaci\u00f3n que sus pares. A su vez, el cuidado de la piel y el uso de productos de belleza refleja c\u00f3mo las infancias y los p\u00faber se saltean etapas de la vida al&nbsp;<strong>adoptar h\u00e1bitos propios de los adultos<\/strong>\u201d, remarca Alexis Alderete, licenciado en Psicolog\u00eda y especialista en Trastornos de Ansiedad y Entrenamiento en Habilidades (Fundaci\u00f3n Foro).<\/p>\n\n\n\n<p>Y contin\u00faa: \u201cEs importante el acompa\u00f1amiento en el proceso de desarrollo de las ni\u00f1as, para que comprendan que mucho de lo que consumen no es real. Las consecuencias de querer alcanzar cierto estilo de vida puede llevarlas a una constante insatisfacci\u00f3n o frustraci\u00f3n porque las&nbsp;<strong>pr\u00e1cticas obsesivas<\/strong>&nbsp;-como retocar hasta el m\u00ednimo detalle las fotos que son compartidas en sus redes sociales- pueden provocar&nbsp;<strong>trastornos de ansiedad, baja autoestima y dismorfia corporal<\/strong>&nbsp;(preocupaci\u00f3n constante por un defecto percibido en el propio cuerpo). La limitaci\u00f3n al uso del celular y fomentar pr\u00e1cticas m\u00e1s saludables y de ocio donde no est\u00e9 involucrada la tecnolog\u00eda (lectura y deporte) son de gran ayuda para evitar la ansiedad\u201d, comenta.<\/p>\n\n\n\n<p>El uso de cosm\u00e9ticos en pieles muy j\u00f3venes es contraproducente. Puede provocar dermatitis de contacto, eccemas, irritaciones y hasta acn\u00e9.<img loading=\"lazy\" decoding=\"async\" alt=\"El skincare en la infancia y adolescencia debe ser indicado y supervisado por un profesional. Foto: Gentileza Anna Shvets en Pexels\" src=\"https:\/\/www.clarin.com\/img\/2024\/06\/26\/NNyRK8c6N_720x0__1.jpg\" width=\"720\" height=\"480\">El skincare en la infancia y adolescencia debe ser indicado y supervisado por un profesional. Foto: Gentileza Anna Shvets en Pexels<\/p>\n\n\n\n<h2 class=\"wp-block-heading\">Efectos indeseados<\/h2>\n\n\n\n<p>Adem\u00e1s de los da\u00f1os mentales,&nbsp;<strong>el uso de cosm\u00e9ticos en pieles precoces es contraproducente<\/strong>. \u201cTiene consecuencias como dermatitis de contacto, eccemas, irritaciones, acn\u00e9 cosm\u00e9tico, hipo e hiperpigmentaci\u00f3n secundaria e incluso \u00a1quemaduras!\u201d, advierte Bruey.<\/p>\n\n\n\n<p>Otra patolog\u00eda muy com\u00fan es la aparici\u00f3n de<strong>&nbsp;acn\u00e9 cosm\u00e9tico<\/strong>. \u201cEs el que se manifiesta o se agrava por el uso frecuente de maquillajes o productos de belleza que suelen ser comedog\u00e9nicos. Ocurre que la piel de los ni\u00f1os no cuenta con los mecanismos de protecci\u00f3n que s\u00ed posee la piel adulta. Entonces, cuando se aplican un cosm\u00e9tico que no es para ellos, los poros, que son las aperturas foliculares que le permiten a la gl\u00e1ndula seb\u00e1cea drenar su contenido, se obstruyen. Y el sebo atascado en su interior se convierte en el alimento favorito de las bacterias y hongos que nos colonizan. Eso, sumado a sus&nbsp;<strong>propiedades irritantes<\/strong>&nbsp;para con las c\u00e9lulas que lo rodean, terminan generando el acn\u00e9. El primer paso para tratar este cuadro requiere eliminar por completo el factor causal que, en este caso, es el cosm\u00e9tico\u201d, explica Marina Bois, m\u00e9dica dermat\u00f3loga.<\/p>\n\n\n\n<p>Pero hay m\u00e1s. Hasta la vista de los m\u00e1s chicos puede enfermarse. \u201cEn el caso de la salud ocular&nbsp;<strong>pueden generar conjuntivitis o blefaritis<\/strong>, inflamaci\u00f3n de la conjuntiva y del \u00e1rea de las pesta\u00f1as respectivamente. Esto se debe a componentes como emulsionantes, tensioactivos, colorantes, siliconas y metales que contienen los maquillajes\u201d, enumera Bois.<\/p>\n\n\n\n<p>\u201cUn correcto cuidado de la piel implica<strong>&nbsp;limpieza, humectaci\u00f3n y protecci\u00f3n solar<\/strong>. Desde ya que hacerlo con los productos adecuados para la edad es una pr\u00e1ctica saludable. Pero esto puede ser perjudicial si se eligen aquellos que contengan activos antiage como retinoides o \u00e1cidos, los cuales pueden generar enrojecimiento, ardor y hasta dejar manchas. Adem\u00e1s, algunos pueden provocar&nbsp;<strong>sensibilidad cut\u00e1nea<\/strong>&nbsp;a corta edad haciendo que a largo plazo la piel contin\u00fae reaccionando a dichos componentes\u201d, ampl\u00eda Mar\u00eda Jimena Mart\u00ednez, dermat\u00f3loga infantil.<\/p>\n\n\n\n<p>Ahora bien, el&nbsp;<em>skincare&nbsp;<\/em>en la infancia y adolescencia es muy espec\u00edfico, y en caso de requerir productos b\u00e1sicos extras, estos&nbsp;<strong>deben ser indicados y supervisados por un profesional<\/strong>. \u201cEs muy importante remarcar que ellos tienen una tez ideal y normal, por lo tanto no necesitan ning\u00fan cosm\u00e9tico adicional, solo limpieza una vez al d\u00eda con el jab\u00f3n cremoso del ba\u00f1o diario y&nbsp;<strong>protector solar FPS 50+<\/strong>&nbsp;al salir de casa. Por supuesto que si existe una patolog\u00eda, como dermatitis at\u00f3pica o queratosis pilar, agregaremos un emoliente espec\u00edfico para cada persona\u201d, agrega Bruey.<\/p>\n\n\n\n<p>En lo que respecta a la adolescencia, el cuidado es distinto, ya que la piel en general tiende a ser m\u00e1s oleosa, principalmente en la zona T. \u201cAconsejo aqu\u00ed emplear un<strong>&nbsp;limpiador en gel con o sin \u00e1cido salic\u00edlico<\/strong>&nbsp;(que se usa para tratar el acn\u00e9) o m\u00e1s suaves, como el agua micelar. Lo importante es que contegan el ph m\u00e1s parecido al de la dermis a tratar. Por su parte, el protector solar debe ser en versi\u00f3n con toque seco u oil free. Todo debe complementarse con una&nbsp;<strong>buena alimentaci\u00f3n<\/strong>, que incluya alimentos reales y evite la comida chatarra y los multiprocesados; ejercicio f\u00edsico; la ingesta de mucha agua y un buen descanso\u201d, prescribe Bruey.<\/p>\n\n\n\n<p>Por \u00faltimo, Bois afirma que para tener una&nbsp;<strong>piel ideal<\/strong>&nbsp;basta con tener un cutis sano. Esto se consigue limpi\u00e1ndolo con productos suaves y, en caso de ser necesario, humect\u00e1ndolo con cremas sin agregados de sustancias corrosivas, colorantes ni fragancias sint\u00e9ticas. Siempre lo ideal es adoptar los elaborados con&nbsp;<strong>ingredientes m\u00e1s naturales<\/strong>&nbsp;como agua de flores org\u00e1nicas o aloe vera, por citar algunos.<\/p>\n\n\n\n<p>\u201cVale se\u00f1alar que los ni\u00f1os cuentan con mayores niveles de melatonina (acci\u00f3n antioxidante) y de hormona de crecimiento y menor nivel de cortisol, por lo que su piel tiene una\u00a0<strong>mayor capacidad de reparaci\u00f3n y regeneraci\u00f3n<\/strong>\u00a0en comparaci\u00f3n con una adulta. Esto significa que no hace falta incorporar en ellos principios activos extras. Como padres, tenemos la obligaci\u00f3n de dialogar abiertamente con nuestros hijos, escucharlos, preguntarles por qu\u00e9 quieren ir maquillados al colegio y estar disponibles para explicarles con paciencia lo perjudicial de aplicarse cosas en la cara a tan temprana edad. Una cosa es jugar a maquillarse y retir\u00e1rselo al rato, y otra es usar m\u00e1scara de pesta\u00f1as, labial y base para ir al cole.\u201d<\/p>\n\n\n\n<p>Fuente: <a href=\"https:\/\/www.clarin.com\/viva\/cremas-antiage-16-anos-chicas-riesgos-nueva-adiccion-cosmeticos_0_h192FLg9iY.html\">https:\/\/www.clarin.com\/viva\/cremas-antiage-16-anos-chicas-riesgos-nueva-adiccion-cosmeticos_0_h192FLg9iY.html<\/a><\/p>\n","protected":false},"excerpt":{"rendered":"<p>Impulsado por las redes sociales y las influencers, el&nbsp;consumo de productos de belleza entre j\u00f3venes de 12 a 18 a\u00f1os&nbsp;va en aumento. Este fen\u00f3meno se conoce como&nbsp;cosmeticorexia, y se afianza en un contexto de empoderamiento femenino y presi\u00f3n por la imagen. Es un hecho.&nbsp;Cada vez son m\u00e1s las menores que compran y usan cremas,&nbsp;correctores de [&hellip;]<\/p>\n","protected":false},"author":3,"featured_media":1576,"comment_status":"open","ping_status":"open","sticky":false,"template":"","format":"standard","meta":{"footnotes":""},"categories":[3,12],"tags":[782,608],"class_list":["post-1575","post","type-post","status-publish","format-standard","has-post-thumbnail","hentry","category-principal","category-sociedad","tag-adiccion-a-la-cosmetica","tag-adolescentes"],"_links":{"self":[{"href":"https:\/\/noticiassaludables.com.ar\/index.php?rest_route=\/wp\/v2\/posts\/1575","targetHints":{"allow":["GET"]}}],"collection":[{"href":"https:\/\/noticiassaludables.com.ar\/index.php?rest_route=\/wp\/v2\/posts"}],"about":[{"href":"https:\/\/noticiassaludables.com.ar\/index.php?rest_route=\/wp\/v2\/types\/post"}],"author":[{"embeddable":true,"href":"https:\/\/noticiassaludables.com.ar\/index.php?rest_route=\/wp\/v2\/users\/3"}],"replies":[{"embeddable":true,"href":"https:\/\/noticiassaludables.com.ar\/index.php?rest_route=%2Fwp%2Fv2%2Fcomments&post=1575"}],"version-history":[{"count":2,"href":"https:\/\/noticiassaludables.com.ar\/index.php?rest_route=\/wp\/v2\/posts\/1575\/revisions"}],"predecessor-version":[{"id":1578,"href":"https:\/\/noticiassaludables.com.ar\/index.php?rest_route=\/wp\/v2\/posts\/1575\/revisions\/1578"}],"wp:featuredmedia":[{"embeddable":true,"href":"https:\/\/noticiassaludables.com.ar\/index.php?rest_route=\/wp\/v2\/media\/1576"}],"wp:attachment":[{"href":"https:\/\/noticiassaludables.com.ar\/index.php?rest_route=%2Fwp%2Fv2%2Fmedia&parent=1575"}],"wp:term":[{"taxonomy":"category","embeddable":true,"href":"https:\/\/noticiassaludables.com.ar\/index.php?rest_route=%2Fwp%2Fv2%2Fcategories&post=1575"},{"taxonomy":"post_tag","embeddable":true,"href":"https:\/\/noticiassaludables.com.ar\/index.php?rest_route=%2Fwp%2Fv2%2Ftags&post=1575"}],"curies":[{"name":"wp","href":"https:\/\/api.w.org\/{rel}","templated":true}]}}