{"id":1591,"date":"2024-07-03T11:23:10","date_gmt":"2024-07-03T14:23:10","guid":{"rendered":"https:\/\/noticiassaludables.com.ar\/?p=1591"},"modified":"2024-07-03T11:23:11","modified_gmt":"2024-07-03T14:23:11","slug":"infectaron-a-la-gente-con-covid-para-investigar-los-contagios","status":"publish","type":"post","link":"https:\/\/noticiassaludables.com.ar\/?p=1591","title":{"rendered":"Infectaron a la gente con Covid para investigar los contagios"},"content":{"rendered":"\n<h2 class=\"wp-block-heading\">Lo hicieron con un grupo de voluntarios que nunca hab\u00eda tomado contacto con el virus.Hallaron un gen clave en los que lograron bloquear la enfermedad y no desarrollarla.Otros dos trabajos sugieren por qu\u00e9 hay pacientes que desarrollan Covid prolongado.<\/h2>\n\n\n\n<p>Pasaron m\u00e1s de cuatro a\u00f1os desde el comienzo de la&nbsp;<strong>pandemia de Covid<\/strong>&nbsp;-en diciembre se cumplir\u00e1 un lustro- y de a poco las preguntas que este virus fue abriendo desde su aparici\u00f3n empiezan a conseguir una respuesta. La m\u00e1s reciente se acaba de publicar en la revista Nature y explica por qu\u00e9&nbsp;<strong>algunas personas se contagian<\/strong>&nbsp;el SARS-CoV-2&nbsp;<strong>y otras no<\/strong>.<\/p>\n\n\n\n<p>El experimento se plante\u00f3 como un&nbsp;<strong>\u201censayo desaf\u00edo\u201d<\/strong>, llevado adelante por el University College London, el Wellcome Sanger Institute y el Imperial College London, en el Reino Unido. A adultos j\u00f3venes seronegativos de entre 16 y 30 a\u00f1os, que nunca hab\u00edan recibido una dosis de&nbsp;<a href=\"https:\/\/www.clarin.com\/sociedad\/cambios-vacuna-covid-aconsejan-aplicarla-ahora-marca_0_J5NUC5WDVW.html\" target=\"_blank\" rel=\"noreferrer noopener\">vacuna contra el Covid<\/a>, se les inocul\u00f3 por<strong>&nbsp;v\u00eda intranasal<\/strong>&nbsp;una cepa del virus en un entorno controlado. Y se observ\u00f3&nbsp;<strong>qu\u00e9 ocurr\u00eda<\/strong>.<\/p>\n\n\n\n<p>\u201cAntes del desaf\u00edo, los voluntarios se sometieron a una evaluaci\u00f3n exhaustiva para excluir los&nbsp;<strong>factores de riesgo de enfermedad grave<\/strong>&nbsp;y eliminar los efectos de confusi\u00f3n de las comorbilidades\u201d, cuenta el art\u00edculo de Nature. \u201cEstudiamos las respuestas inmunitarias locales y sist\u00e9micas con resoluci\u00f3n de una sola c\u00e9lula en&nbsp;<strong>16 participantes<\/strong>\u201d, explicaron los investigadores.<\/p>\n\n\n\n<p>La naturaleza altamente controlada del modelo experimental permiti\u00f3 realizar mediciones el d\u00eda anterior a la inoculaci\u00f3n. A esto le siguieron an\u00e1lisis detallados de las&nbsp;<strong>respuestas celulares<\/strong>&nbsp;despu\u00e9s de la inoculaci\u00f3n y la infecci\u00f3n posterior, tanto sist\u00e9micamente<strong>&nbsp;en la sangre&nbsp;<\/strong>como localmente en la&nbsp;<strong>nasofaringe<\/strong>, para descifrar las respuestas antivirales contra el SARS-CoV-2 de una manera precisa y temporal.<\/p>\n\n\n\n<p>Despu\u00e9s de la inoculaci\u00f3n, seis participantes desarrollaron una<strong>&nbsp;infecci\u00f3n sostenida<\/strong>&nbsp;de Covid. Otros tres produjeron m\u00faltiples pruebas de PCR<strong>&nbsp;espor\u00e1dicas y lim\u00edtrofes<\/strong>&nbsp;positivas entre el d\u00eda 1,5 y el d\u00eda 7 despu\u00e9s de la inoculaci\u00f3n y fueron como \u201cinfecci\u00f3n transitoria\u201d. Los restantes siete participantes&nbsp;<strong>permanecieron negativos<\/strong>&nbsp;a la prueba de PCR durante todo el per\u00edodo, lo que indic\u00f3 que estos individuos evitaron con \u00e9xito la aparici\u00f3n de una infecci\u00f3n sostenida o transitoria.<img loading=\"lazy\" decoding=\"async\" alt=\"Las personas que participaron de la investigaci\u00f3n no se hab\u00edan aplicado vacunas contra el Covid. Foto: AP\" src=\"https:\/\/www.clarin.com\/img\/2023\/02\/01\/TpgxXusRD_720x0__1.jpg\" width=\"720\" height=\"480\">Las personas que participaron de la investigaci\u00f3n no se hab\u00edan aplicado vacunas contra el Covid. Foto: AP<\/p>\n\n\n\n<h2 class=\"wp-block-heading\">C\u00f3mo reaccion\u00f3 el cuerpo en cada caso<\/h2>\n\n\n\n<p>\u201cPara identificar de forma exhaustiva y graficar temporalmente las respuestas a la exposici\u00f3n al SARS-CoV-2 en estos grupos fenot\u00edpicamente divergentes, realizamos la secuenciaci\u00f3n de ARN de una sola c\u00e9lula\u201d, dicen los cient\u00edficos, y verificaron&nbsp;<strong>c\u00f3mo respondieron los anticuerpos&nbsp;<\/strong>en siete puntos temporales.<\/p>\n\n\n\n<p>\u201cInspirados por las respuestas identificadas y potencialmente protectoras en los casos de infecci\u00f3n no sostenida inmediatamente despu\u00e9s de la inoculaci\u00f3n, nos propusimos a continuaci\u00f3n&nbsp;<strong>identificar genes<\/strong>&nbsp;para los cuales los niveles de expresi\u00f3n previos a la infecci\u00f3n podr\u00edan predecir el resultado de la enfermedad. El d\u00eda antes de la inoculaci\u00f3n viral,&nbsp;<strong>la expresi\u00f3n de HLA-DQA2<\/strong>&nbsp;en las c\u00e9lulas inmunitarias y nasofar\u00edngeas de la sangre<strong>&nbsp;fue mayor<\/strong>&nbsp;en los participantes en los que el virus no logr\u00f3 establecer una infecci\u00f3n sostenida\u201d, revelaron.<\/p>\n\n\n\n<p>Por \u00faltimo, aseguraron: \u201cNuestros datos sugieren que la expresi\u00f3n de HLA-DQA2 es&nbsp;<strong>indicativa de protecci\u00f3n<\/strong>&nbsp;contra infecciones productivas por SARS-CoV-2, lo que confirmamos mediante validaci\u00f3n cruzada y en nuestra cohorte de validaci\u00f3n independiente. Hasta donde sabemos, este es&nbsp;<strong>el primer predictor<\/strong>&nbsp;derivado de la expresi\u00f3n gen\u00e9tica que no se basa en la memoria inmunol\u00f3gica adquirida\u201d.<\/p>\n\n\n\n<p><strong>\u00bfCu\u00e1l es la utilidad de esta investigaci\u00f3n?<\/strong>&nbsp;Lo explicaron en la publicaci\u00f3n The Conversation: \u201cNuestro estudio tiene implicaciones importantes para futuros tratamientos y desarrollo de vacunas. Al comparar nuestros datos con voluntarios que nunca han estado expuestos al virus con aquellos que ya tienen inmunidad, podemos identificar&nbsp;<strong>nuevas formas de inducir protecci\u00f3n<\/strong>, al tiempo que ayudamos al desarrollo de vacunas m\u00e1s efectivas para futuras pandemias\u201d.<\/p>\n\n\n\n<h2 class=\"wp-block-heading\">La inc\u00f3gnita del Covid largo<\/h2>\n\n\n\n<p>Otra de las preguntas de la pandemia cuya respuesta se ha buscado en el \u00faltimo tiempo es por qu\u00e9 algunas personas desarrollan<strong>&nbsp;Covid prolongado<\/strong>, es decir, gente que sostiene a lo largo del tiempo&nbsp;<strong>secuelas de la enfermedad<\/strong>. Dos investigaciones al respecto fueron rese\u00f1adas en los \u00faltimos d\u00edas en la revista Science.<img loading=\"lazy\" decoding=\"async\" alt=\"Los s\u00edntomas de Covid prolongado se han descripto tanto en los adultos como en los ni\u00f1os.\" src=\"https:\/\/www.clarin.com\/img\/2024\/02\/08\/t2tndtylU_720x0__1.jpg\" width=\"720\" height=\"480\">Los s\u00edntomas de Covid prolongado se han descripto tanto en los adultos como en los ni\u00f1os.<\/p>\n\n\n\n<p>Las personas con afecciones persistentes de Covid-19 pueden manifestar una&nbsp;<strong>amplia variedad de s\u00edntomas<\/strong>, desde leves hasta graves, y que pueden parecerse a los s\u00edntomas de otras enfermedades. Pueden durar semanas, meses o a\u00f1os despu\u00e9s de contraer el virus. Los cuadros m\u00e1s comunes son&nbsp;<strong>la fatiga, la neblina mental y el malestar general<\/strong>&nbsp;posesfuerzo, pero se han identificado&nbsp;<strong>m\u00e1s de 200&nbsp;<\/strong>s\u00edntomas vinculados.<\/p>\n\n\n\n<p>La principal sospecha se centra en los anticuerpos en la sangre que atacan los propios tejidos del paciente. Ambos grupos de trabajo, uno dirigido por la inmun\u00f3loga Akiko Iwasaki en la Universidad de Yale, y el otro por el inmun\u00f3logo Jeroen den Dunnen en el Centro M\u00e9dico Universitario de Amsterdam, inyectaron en ratones anticuerpos de la sangre de personas con Covid-19 prolongado.<\/p>\n\n\n\n<p>Llegaron a la conclusi\u00f3n de que en algunos casos los roedores desarrollaron\u00a0<strong>s\u00edntomas que parec\u00edan reflejar<\/strong>\u00a0los de sus donantes humanos, en particular una mayor sensibilidad al dolor. Algunos cient\u00edficos dicen que estos estudios refuerzan la idea de que\u00a0<strong>un sistema inmunol\u00f3gico disfuncional<\/strong>, desencadenado por una infecci\u00f3n por coronavirus, alimenta los s\u00edntomas del Covid prolongado, y aseguran que esto, tambi\u00e9n, abre la puerta a posibles nuevos ensayos de tratamiento.<\/p>\n\n\n\n<p>Fuente: <a href=\"https:\/\/www.clarin.com\/sociedad\/infectaron-gente-covid-descubrieron-personas-vacuna-contagian_0_qpYycFZtpw.html\">https:\/\/www.clarin.com\/sociedad\/infectaron-gente-covid-descubrieron-personas-vacuna-contagian_0_qpYycFZtpw.html<\/a><\/p>\n","protected":false},"excerpt":{"rendered":"<p>Lo hicieron con un grupo de voluntarios que nunca hab\u00eda tomado contacto con el virus.Hallaron un gen clave en los que lograron bloquear la enfermedad y no desarrollarla.Otros dos trabajos sugieren por qu\u00e9 hay pacientes que desarrollan Covid prolongado. Pasaron m\u00e1s de cuatro a\u00f1os desde el comienzo de la&nbsp;pandemia de Covid&nbsp;-en diciembre se cumplir\u00e1 un [&hellip;]<\/p>\n","protected":false},"author":3,"featured_media":1592,"comment_status":"open","ping_status":"open","sticky":false,"template":"","format":"standard","meta":{"footnotes":""},"categories":[7,3,5],"tags":[789,788],"class_list":["post-1591","post","type-post","status-publish","format-standard","has-post-thumbnail","hentry","category-ciencia","category-principal","category-salud","tag-covid-19-2","tag-investigacion"],"_links":{"self":[{"href":"https:\/\/noticiassaludables.com.ar\/index.php?rest_route=\/wp\/v2\/posts\/1591","targetHints":{"allow":["GET"]}}],"collection":[{"href":"https:\/\/noticiassaludables.com.ar\/index.php?rest_route=\/wp\/v2\/posts"}],"about":[{"href":"https:\/\/noticiassaludables.com.ar\/index.php?rest_route=\/wp\/v2\/types\/post"}],"author":[{"embeddable":true,"href":"https:\/\/noticiassaludables.com.ar\/index.php?rest_route=\/wp\/v2\/users\/3"}],"replies":[{"embeddable":true,"href":"https:\/\/noticiassaludables.com.ar\/index.php?rest_route=%2Fwp%2Fv2%2Fcomments&post=1591"}],"version-history":[{"count":1,"href":"https:\/\/noticiassaludables.com.ar\/index.php?rest_route=\/wp\/v2\/posts\/1591\/revisions"}],"predecessor-version":[{"id":1593,"href":"https:\/\/noticiassaludables.com.ar\/index.php?rest_route=\/wp\/v2\/posts\/1591\/revisions\/1593"}],"wp:featuredmedia":[{"embeddable":true,"href":"https:\/\/noticiassaludables.com.ar\/index.php?rest_route=\/wp\/v2\/media\/1592"}],"wp:attachment":[{"href":"https:\/\/noticiassaludables.com.ar\/index.php?rest_route=%2Fwp%2Fv2%2Fmedia&parent=1591"}],"wp:term":[{"taxonomy":"category","embeddable":true,"href":"https:\/\/noticiassaludables.com.ar\/index.php?rest_route=%2Fwp%2Fv2%2Fcategories&post=1591"},{"taxonomy":"post_tag","embeddable":true,"href":"https:\/\/noticiassaludables.com.ar\/index.php?rest_route=%2Fwp%2Fv2%2Ftags&post=1591"}],"curies":[{"name":"wp","href":"https:\/\/api.w.org\/{rel}","templated":true}]}}