{"id":1597,"date":"2024-07-04T10:50:00","date_gmt":"2024-07-04T13:50:00","guid":{"rendered":"https:\/\/noticiassaludables.com.ar\/?p=1597"},"modified":"2024-07-04T10:50:01","modified_gmt":"2024-07-04T13:50:01","slug":"el-uso-de-la-tecnologia-impacta-en-las-relaciones-familiares","status":"publish","type":"post","link":"https:\/\/noticiassaludables.com.ar\/?p=1597","title":{"rendered":"El uso de la tecnolog\u00eda impacta en las relaciones familiares"},"content":{"rendered":"\n<p>Los ni\u00f1os que pasan m\u00e1s tiempo frente a pantallas presentan menos habilidades comunicativas y emocionales, lo que aumenta sus dificultades en la interacci\u00f3n social. C\u00f3mo afecta este h\u00e1bito en el lenguaje y qu\u00e9 se puede hacer para asegurar un desarrollo integral y equilibrado<\/p>\n\n\n\n<p>Los dispositivos m\u00f3viles y las&nbsp;<strong>pantallas digitales<\/strong>&nbsp;han pasado a formar parte integral de la vida cotidiana de los&nbsp;<strong>ni\u00f1os y las ni\u00f1as.<\/strong>&nbsp;Durante la pandemia por&nbsp;<strong>coronavirus&nbsp;<\/strong>este v\u00ednculo se ha profundizado. Muchos ni\u00f1os debieron participar del primer&nbsp;<strong>espacio educativo de manera virtual<\/strong>&nbsp;y otros que ya hab\u00edan ingresado, tuvieron que adaptarse a esta nueva forma de aprender y vincularse con el otro. Esta realidad plantea&nbsp;<strong>desaf\u00edos&nbsp;<\/strong>in\u00e9ditos para&nbsp;<strong>su desarrollo emocional, cognitivo y social.<\/strong><\/p>\n\n\n\n<p><a href=\"https:\/\/www.infobae.com\/salud\/2024\/07\/04\/fase-inicial-del-alzheimer-cuales-son-las-10-senales-y-sintomas-tempranos-de-la-enfermedad\/\" target=\"_blank\" rel=\"noreferrer noopener\"><\/a><\/p>\n\n\n\n<figure class=\"wp-block-image\"><a href=\"https:\/\/www.infobae.com\/salud\/2024\/07\/04\/fase-inicial-del-alzheimer-cuales-son-las-10-senales-y-sintomas-tempranos-de-la-enfermedad\/\" target=\"_blank\" rel=\"noreferrer noopener\"><img decoding=\"async\" src=\"https:\/\/www.infobae.com\/new-resizer\/C6fH7mXjf1y6Z9Om6arY-vdLfx0=\/1200x675\/filters:format(webp):quality(85)\/cloudfront-us-east-1.images.arcpublishing.com\/infobae\/74HCGDJU7VCWZN2K6AJTBSZUPA.jpg\" alt=\"Fase inicial del Alzheimer: cu\u00e1les son las 10 se\u00f1ales y s\u00edntomas tempranos de la enfermedad\"\/><\/a><\/figure>\n\n\n\n<p>Hace tiempo el&nbsp;<strong>lenguaje de los gestos y las palabras&nbsp;<\/strong>est\u00e1 siendo moldeado por las interacciones mediadas por las pantallas. Desde edades tempranas, los ni\u00f1os y ni\u00f1as est\u00e1n expuestos a una cantidad abrumadora de&nbsp;<strong>est\u00edmulos visuales y auditivos<\/strong>&nbsp;que influyen en la formaci\u00f3n de su&nbsp;<strong>identidad y subjetividad.<\/strong><\/p>\n\n\n\n<p>Hace a\u00f1os en una sala de espera vi a un beb\u00e9 mirando a su mam\u00e1, buscando sus ojos, pero los ojos de la mam\u00e1 estaban clavados en la pantalla. Desde all\u00ed comenc\u00e9 a preguntarme cu\u00e1l podr\u00eda ser el impacto subjetivo del retaceamiento de la mirada, espejo donde se construyen\u00a0<strong>identidad<\/strong>.<a href=\"https:\/\/www.infobae.com\/salud\/2024\/07\/04\/triquinosis-cuales-son-los-sintomas-y-como-evitar-el-contagio\/\" target=\"_blank\" rel=\"noreferrer noopener\"><\/a><\/p>\n\n\n\n<p><img loading=\"lazy\" decoding=\"async\" alt=\"Las investigaciones demuestran que los ni\u00f1os expuestos a m\u00e1s tiempo de pantalla pierden aproximadamente 400 palabras de interacci\u00f3n con adultos y 294 palabras propias diariamente, afectando su desarrollo cognitivo y emocional (Imagen ilustrativa Infobae)\" height=\"816\" width=\"1456\" class=\"\" src=\"https:\/\/www.infobae.com\/new-resizer\/NrcHKilH_Y4nBPPJo7EJ8IjU3zE=\/420x236\/filters:format(webp):quality(85)\/cloudfront-us-east-1.images.arcpublishing.com\/infobae\/RTX726CRPZDZ7AEYAAQKIBOKVQ.jpg%20420w\" srcset=\"https:\/\/www.infobae.com\/new-resizer\/NrcHKilH_Y4nBPPJo7EJ8IjU3zE=\/420x236\/filters:format(webp):quality(85)\/cloudfront-us-east-1.images.arcpublishing.com\/infobae\/RTX726CRPZDZ7AEYAAQKIBOKVQ.jpg 420w,https:\/\/www.infobae.com\/new-resizer\/ruo1NVCKKN_F97jS9LrdboGMqWc=\/768x432\/filters:format(webp):quality(85)\/cloudfront-us-east-1.images.arcpublishing.com\/infobae\/RTX726CRPZDZ7AEYAAQKIBOKVQ.jpg 768w,https:\/\/www.infobae.com\/new-resizer\/71znEKbivj_x_LZDm06qm_Bw3n0=\/992x558\/filters:format(webp):quality(85)\/cloudfront-us-east-1.images.arcpublishing.com\/infobae\/RTX726CRPZDZ7AEYAAQKIBOKVQ.jpg 992w,https:\/\/www.infobae.com\/new-resizer\/VXte1G6B_dM4icTYHwP7-1zezPY=\/1200x675\/filters:format(webp):quality(85)\/cloudfront-us-east-1.images.arcpublishing.com\/infobae\/RTX726CRPZDZ7AEYAAQKIBOKVQ.jpg 1200w,https:\/\/www.infobae.com\/new-resizer\/ekl-XhemB0USpCc4-M1-5_wTPuI=\/1440x810\/filters:format(webp):quality(85)\/cloudfront-us-east-1.images.arcpublishing.com\/infobae\/RTX726CRPZDZ7AEYAAQKIBOKVQ.jpg 1440w\">Las investigaciones demuestran que los ni\u00f1os expuestos a m\u00e1s tiempo de pantalla pierden aproximadamente 400 palabras de interacci\u00f3n con adultos y 294 palabras propias diariamente, afectando su desarrollo cognitivo y emocional (Imagen ilustrativa Infobae)<\/p>\n\n\n\n<p>Seg\u00fan un estudio publicado en la revista&nbsp;<em>Pediatrics&nbsp;<\/em>en marzo de este a\u00f1o, se sugiere que el tiempo frente a la pantalla puede impedir que los ni\u00f1os experimenten un entorno hogare\u00f1o estimulante para el desarrollo del lenguaje durante los primeros a\u00f1os.<\/p>\n\n\n\n<p>Este fen\u00f3meno, denominado \u201c<strong>tecnoferencia<\/strong>\u201d, describe c\u00f3mo la exposici\u00f3n de los ni\u00f1os peque\u00f1os frente a la pantalla interfiere con las oportunidades de hablar e interactuar en su entorno familiar. Los investigadores siguieron a m\u00e1s de 220 familias australianas durante dos a\u00f1os para analizar el comportamiento y la comunicaci\u00f3n de los ni\u00f1os y ni\u00f1as de 1 a 3 a\u00f1os con sus pap\u00e1s. En su ropa llevaban montados dispositivos del habla.<\/p>\n\n\n\n<p><a href=\"https:\/\/www.infobae.com\/salud\/2024\/07\/04\/5-tipos-de-alimentos-beneficiosos-para-la-salud-del-intestino\/\" target=\"_blank\" rel=\"noreferrer noopener\"><\/a>As\u00ed se monitore\u00f3 la exposici\u00f3n de los ni\u00f1os a sonidos electr\u00f3nicos y otras voces. Luego, el\u00a0<strong>software\u00a0<\/strong>proces\u00f3 el audio a trav\u00e9s de un an\u00e1lisis algor\u00edtmico de la se\u00f1al de voz y proporcion\u00f3 recuentos autom\u00e1ticos de:\u00a0<strong>palabras de adultos, vocalizaciones de ni\u00f1os, conversaciones y exposici\u00f3n a la televisi\u00f3n o ruido electr\u00f3nico.<\/strong><\/p>\n\n\n\n<p>Los resultados fueron, entre otros, que el aumento del tiempo frente a la pantalla se asoci\u00f3 con una&nbsp;<strong>disminuci\u00f3n de las palabras de los adultos, menos vocalizaciones de los ni\u00f1os y menos conversaciones entre ni\u00f1os de 18 y 36 meses.<\/strong><\/p>\n\n\n\n<p><img loading=\"lazy\" decoding=\"async\" alt=\"Los ni\u00f1os que pasan m\u00e1s de dos horas al d\u00eda frente a pantallas obtienen puntajes m\u00e1s bajos en pruebas de lenguaje y pensamiento. Esta exposici\u00f3n prolongada puede impactar negativamente en la memoria de trabajo y la capacidad de atenci\u00f3n, cruciales para el aprendizaje y la resoluci\u00f3n de problemas (Imagen ilustrativa Infobae)\" height=\"816\" width=\"1456\" class=\"\" src=\"https:\/\/www.infobae.com\/new-resizer\/Y45F20EoRlVuTZwZuDrFIJQ4zOw=\/420x236\/filters:format(webp):quality(85)\/cloudfront-us-east-1.images.arcpublishing.com\/infobae\/UJPMJUEJ4FCG5FXEIRSRUBUVQE.jpg%20420w\" srcset=\"https:\/\/www.infobae.com\/new-resizer\/Y45F20EoRlVuTZwZuDrFIJQ4zOw=\/420x236\/filters:format(webp):quality(85)\/cloudfront-us-east-1.images.arcpublishing.com\/infobae\/UJPMJUEJ4FCG5FXEIRSRUBUVQE.jpg 420w,https:\/\/www.infobae.com\/new-resizer\/P6M8Rzu7EaMBEU19lSgfYzJ1ZQY=\/768x432\/filters:format(webp):quality(85)\/cloudfront-us-east-1.images.arcpublishing.com\/infobae\/UJPMJUEJ4FCG5FXEIRSRUBUVQE.jpg 768w,https:\/\/www.infobae.com\/new-resizer\/xreUwCmOdWie2wyyyX28LCsE4fE=\/992x558\/filters:format(webp):quality(85)\/cloudfront-us-east-1.images.arcpublishing.com\/infobae\/UJPMJUEJ4FCG5FXEIRSRUBUVQE.jpg 992w,https:\/\/www.infobae.com\/new-resizer\/HX-Q0no9qUdXkGcioTtU94O3DLU=\/1200x675\/filters:format(webp):quality(85)\/cloudfront-us-east-1.images.arcpublishing.com\/infobae\/UJPMJUEJ4FCG5FXEIRSRUBUVQE.jpg 1200w,https:\/\/www.infobae.com\/new-resizer\/8dWb3k7vMUsnYWWoTLeCKWTGbao=\/1440x810\/filters:format(webp):quality(85)\/cloudfront-us-east-1.images.arcpublishing.com\/infobae\/UJPMJUEJ4FCG5FXEIRSRUBUVQE.jpg 1440w\">Los ni\u00f1os que pasan m\u00e1s de dos horas al d\u00eda frente a pantallas obtienen puntajes m\u00e1s bajos en pruebas de lenguaje y pensamiento. Esta exposici\u00f3n prolongada puede impactar negativamente en la memoria de trabajo y la capacidad de atenci\u00f3n, cruciales para el aprendizaje y la resoluci\u00f3n de problemas (Imagen ilustrativa Infobae)<\/p>\n\n\n\n<p>La recomendaci\u00f3n de la<strong>&nbsp;Organizaci\u00f3n Mundial de la Salud<\/strong>&nbsp;(OMS) limita el uso de pantallas a&nbsp;<strong>una hora diaria para ni\u00f1os menores de tres a\u00f1os<\/strong>. Dentro de este l\u00edmite, los cient\u00edficos notaron que los ni\u00f1os dejaban de escuchar aproximadamente 400 palabras pronunciadas por adultos, dejaban de emitir alrededor de 294 palabras y perd\u00edan unas 68 instancias de conversaci\u00f3n diariamente.<\/p>\n\n\n\n<p>Estos estudios subrayan c\u00f3mo el entorno digital puede afectar negativamente el&nbsp;<strong>desarrollo ling\u00fc\u00edstico<\/strong>&nbsp;y las interacciones sociales tempranas en los ni\u00f1os peque\u00f1os. Los ni\u00f1os que pasan m\u00e1s tiempo frente a las pantallas tienden a desarrollar&nbsp;<strong>menos habilidades sociales y emocionales<\/strong>, lo que puede llevar a dificultades en la formaci\u00f3n de&nbsp;<strong>v\u00ednculos<\/strong>.<\/p>\n\n\n\n<p>Se ha demostrado que puede interferir en el desarrollo de la<strong>&nbsp;empat\u00eda y la conexi\u00f3n con el otro<\/strong>. La empat\u00eda es la capacidad para ponernos en el lugar del otro, para comprender lo que le pasa y siente, y para aceptarlo aunque no nos pase lo mismo o no coincidamos con su punto de vista. Las personas poco emp\u00e1ticas tienen dificultades para conectar con los sentimientos del otro y suelen centrarse en los sentimientos y deseos propios. Esto los lleva a tener&nbsp;<strong>dificultades en las relaciones sociales<\/strong>&nbsp;porque los dem\u00e1s pueden percibirlos como ego\u00edstas y egoc\u00e9ntricos.<\/p>\n\n\n\n<p><strong>El v\u00ednculo emocional entre padres e hijos<\/strong>&nbsp;se ve afectado cuando las interacciones cara a cara son reemplazadas por el uso excesivo de dispositivos electr\u00f3nicos.<\/p>\n\n\n\n<p><img loading=\"lazy\" decoding=\"async\" alt=\"La tecnoferencia describe c\u00f3mo el tiempo de pantalla interfiere en las interacciones familiares, impactando negativamente en el desarrollo infantil (Imagen Ilustrativa Infobae)\" height=\"816\" width=\"1456\" class=\"\" src=\"https:\/\/www.infobae.com\/new-resizer\/XIeMehk9QfMEcBwWtFeALT6_pU0=\/420x236\/filters:format(webp):quality(85)\/cloudfront-us-east-1.images.arcpublishing.com\/infobae\/FKTFOTS75VAJNA4CT7LWZYYKEA.jpg%20420w\" srcset=\"https:\/\/www.infobae.com\/new-resizer\/XIeMehk9QfMEcBwWtFeALT6_pU0=\/420x236\/filters:format(webp):quality(85)\/cloudfront-us-east-1.images.arcpublishing.com\/infobae\/FKTFOTS75VAJNA4CT7LWZYYKEA.jpg 420w,https:\/\/www.infobae.com\/new-resizer\/RZfZ-XBxQHFp_mIpncylfYC0DgA=\/768x432\/filters:format(webp):quality(85)\/cloudfront-us-east-1.images.arcpublishing.com\/infobae\/FKTFOTS75VAJNA4CT7LWZYYKEA.jpg 768w,https:\/\/www.infobae.com\/new-resizer\/GX7Em_VctzCK-niR6leceHyE4Yg=\/992x558\/filters:format(webp):quality(85)\/cloudfront-us-east-1.images.arcpublishing.com\/infobae\/FKTFOTS75VAJNA4CT7LWZYYKEA.jpg 992w,https:\/\/www.infobae.com\/new-resizer\/WXeKrDOp3usdLJ-YMla7K_e6Z5s=\/1200x675\/filters:format(webp):quality(85)\/cloudfront-us-east-1.images.arcpublishing.com\/infobae\/FKTFOTS75VAJNA4CT7LWZYYKEA.jpg 1200w,https:\/\/www.infobae.com\/new-resizer\/tORd6YJr_8XzEMp3_ck1Vip1qkk=\/1440x810\/filters:format(webp):quality(85)\/cloudfront-us-east-1.images.arcpublishing.com\/infobae\/FKTFOTS75VAJNA4CT7LWZYYKEA.jpg 1440w\">La tecnoferencia describe c\u00f3mo el tiempo de pantalla interfiere en las interacciones familiares, impactando negativamente en el desarrollo infantil (Imagen Ilustrativa Infobae)<\/p>\n\n\n\n<p><strong>Hu\u00e9rfanos digitales<\/strong>&nbsp;es el concepto que se les ha dado a&nbsp;<strong>los ni\u00f1os, ni\u00f1as y adolescentes que son hijos de padres adictos a la tecnolog\u00eda,<\/strong>&nbsp;porque prestan mayor atenci\u00f3n a los dispositivos m\u00f3viles o computadoras, que a su hijo o su hija, de las maneras antes conocidas. Esto no es una cr\u00edtica, es la exposici\u00f3n de una preocupaci\u00f3n, porque estamos hablando de&nbsp;<strong>adicciones&nbsp;<\/strong>o por lo menos de consumos problem\u00e1ticos. Cabr\u00eda preguntarse si son solo los hijos los hu\u00e9rfanos de padres o los padres se est\u00e1n perdiendo, sin darse cuenta, horas de existencia de sus hijos que tambi\u00e9n podr\u00eda ubicarlos en una situaci\u00f3n de p\u00e9rdida.<\/p>\n\n\n\n<p><strong>La interacci\u00f3n cara a cara es crucial para el desarrollo de la subjetividad y el desarrollo de habilidades<\/strong>. El uso constante de dispositivos electr\u00f3nicos puede limitar estas oportunidades, llevando a un aislamiento social y una menor capacidad para interactuar con sus pares de manera efectiva.<\/p>\n\n\n\n<p>La&nbsp;<strong>subjetividad&nbsp;<\/strong>es inseparable de la cultura. La noci\u00f3n de desarrollo subjetivo cuestiona algunas verdades coaguladas con relaci\u00f3n a etapas r\u00edgidas y estandarizadas, por ejemplo, tal o cual estadio. La experiencia humana desde antes de nacer demuestra que es imposible encasillarla, y que cada desarrollo tiene un car\u00e1cter individual. Por ello es importante pensar las nuevas formas de ser y estar en el mundo vinculadas a los valores epocales y sus instrumentos.<\/p>\n\n\n\n<p><img loading=\"lazy\" decoding=\"async\" alt=\"Es importante asegurar un equilibrio entre el tiempo de pantalla y las interacciones cara a cara para asegurar un desarrollo integral y equilibrado para los ni\u00f1os y ni\u00f1as (freepik)\" height=\"4623\" width=\"6927\" class=\"\" src=\"https:\/\/www.infobae.com\/new-resizer\/pih2ivlxdjCC-OBVyOL2Ga4gufg=\/420x280\/filters:format(webp):quality(85)\/cloudfront-us-east-1.images.arcpublishing.com\/infobae\/OO4TMYFHPZG35FRJELP6G43A6I.jpg%20420w\" srcset=\"https:\/\/www.infobae.com\/new-resizer\/pih2ivlxdjCC-OBVyOL2Ga4gufg=\/420x280\/filters:format(webp):quality(85)\/cloudfront-us-east-1.images.arcpublishing.com\/infobae\/OO4TMYFHPZG35FRJELP6G43A6I.jpg 420w,https:\/\/www.infobae.com\/new-resizer\/PTIjlGrHk0dlhgP6Tu1d5WlVPCA=\/768x512\/filters:format(webp):quality(85)\/cloudfront-us-east-1.images.arcpublishing.com\/infobae\/OO4TMYFHPZG35FRJELP6G43A6I.jpg 768w,https:\/\/www.infobae.com\/new-resizer\/Ule1RgDG6hsyMCrpGFBCXESPttU=\/992x661\/filters:format(webp):quality(85)\/cloudfront-us-east-1.images.arcpublishing.com\/infobae\/OO4TMYFHPZG35FRJELP6G43A6I.jpg 992w,https:\/\/www.infobae.com\/new-resizer\/k53ZiZH1jFwt5Rd5LnJyMkP-Pz0=\/1200x800\/filters:format(webp):quality(85)\/cloudfront-us-east-1.images.arcpublishing.com\/infobae\/OO4TMYFHPZG35FRJELP6G43A6I.jpg 1200w,https:\/\/www.infobae.com\/new-resizer\/xMw9ZRALkK37cXiE1agAK53rLCk=\/1440x960\/filters:format(webp):quality(85)\/cloudfront-us-east-1.images.arcpublishing.com\/infobae\/OO4TMYFHPZG35FRJELP6G43A6I.jpg 1440w\">Es importante asegurar un equilibrio entre el tiempo de pantalla y las interacciones cara a cara para asegurar un desarrollo integral y equilibrado para los ni\u00f1os y ni\u00f1as (freepik)<\/p>\n\n\n\n<p>No es posible volver atr\u00e1s con la inmersi\u00f3n de las pantallas en nuestras vidas, a no ser que se d\u00e9 una revoluci\u00f3n en este sentido. Por lo tanto, pensar el&nbsp;<strong>desarrollo de la subjetividad<\/strong>&nbsp;incorporando los signos de nuestros tiempos es un trabajo ineludible para todos.<\/p>\n\n\n\n<p>Un estudio realizado por el&nbsp;<strong>National Institutes of Health<\/strong>&nbsp;(NIH) encontr\u00f3 que los ni\u00f1os que pasan m\u00e1s de dos horas al d\u00eda frente a pantallas tienen puntajes m\u00e1s bajos en pruebas de&nbsp;<strong>lenguaje y pensamiento<\/strong>. La exposici\u00f3n prolongada a las pantallas puede afectar la capacidad de&nbsp;<strong>atenci\u00f3n&nbsp;<\/strong>y la&nbsp;<strong>memoria de trabajo<\/strong>, esenciales para el aprendizaje y la resoluci\u00f3n de problemas. Con estos datos es importante mensurar los tiempos de exposici\u00f3n como \u00e9tica de cuidado hacia la infancia y preguntarnos cu\u00e1les ser\u00e1n las consecuencias para poder trabajar en la&nbsp;<strong>prevenci\u00f3n&nbsp;<\/strong>y la atenci\u00f3n a las consecuencias de la desmesura.<\/p>\n\n\n\n<p>Es esencial que las familias, educadores y profesionales seamos conscientes de estos riesgos y fomentemos un\u00a0<strong>equilibrio entre el tiempo de pantalla y las interacciones cara a cara\u00a0<\/strong>para asegurar un desarrollo integral y equilibrado para los ni\u00f1os y ni\u00f1as.<\/p>\n\n\n\n<p>Fuente: <a href=\"https:\/\/www.infobae.com\/salud\/2024\/07\/04\/que-son-los-huerfanos-digitales-y-como-el-uso-de-la-tecnologia-impacta-en-las-relaciones-familiares\/\">https:\/\/www.infobae.com\/salud\/2024\/07\/04\/que-son-los-huerfanos-digitales-y-como-el-uso-de-la-tecnologia-impacta-en-las-relaciones-familiares\/<\/a><\/p>\n","protected":false},"excerpt":{"rendered":"<p>Los ni\u00f1os que pasan m\u00e1s tiempo frente a pantallas presentan menos habilidades comunicativas y emocionales, lo que aumenta sus dificultades en la interacci\u00f3n social. C\u00f3mo afecta este h\u00e1bito en el lenguaje y qu\u00e9 se puede hacer para asegurar un desarrollo integral y equilibrado Los dispositivos m\u00f3viles y las&nbsp;pantallas digitales&nbsp;han pasado a formar parte integral de [&hellip;]<\/p>\n","protected":false},"author":3,"featured_media":1598,"comment_status":"open","ping_status":"open","sticky":false,"template":"","format":"standard","meta":{"footnotes":""},"categories":[11,12,14],"tags":[794,793,792],"class_list":["post-1597","post","type-post","status-publish","format-standard","has-post-thumbnail","hentry","category-agenda","category-sociedad","category-tecnologia","tag-familias","tag-pantallas-digitales","tag-uso-de-la-tecnologia"],"_links":{"self":[{"href":"https:\/\/noticiassaludables.com.ar\/index.php?rest_route=\/wp\/v2\/posts\/1597","targetHints":{"allow":["GET"]}}],"collection":[{"href":"https:\/\/noticiassaludables.com.ar\/index.php?rest_route=\/wp\/v2\/posts"}],"about":[{"href":"https:\/\/noticiassaludables.com.ar\/index.php?rest_route=\/wp\/v2\/types\/post"}],"author":[{"embeddable":true,"href":"https:\/\/noticiassaludables.com.ar\/index.php?rest_route=\/wp\/v2\/users\/3"}],"replies":[{"embeddable":true,"href":"https:\/\/noticiassaludables.com.ar\/index.php?rest_route=%2Fwp%2Fv2%2Fcomments&post=1597"}],"version-history":[{"count":1,"href":"https:\/\/noticiassaludables.com.ar\/index.php?rest_route=\/wp\/v2\/posts\/1597\/revisions"}],"predecessor-version":[{"id":1599,"href":"https:\/\/noticiassaludables.com.ar\/index.php?rest_route=\/wp\/v2\/posts\/1597\/revisions\/1599"}],"wp:featuredmedia":[{"embeddable":true,"href":"https:\/\/noticiassaludables.com.ar\/index.php?rest_route=\/wp\/v2\/media\/1598"}],"wp:attachment":[{"href":"https:\/\/noticiassaludables.com.ar\/index.php?rest_route=%2Fwp%2Fv2%2Fmedia&parent=1597"}],"wp:term":[{"taxonomy":"category","embeddable":true,"href":"https:\/\/noticiassaludables.com.ar\/index.php?rest_route=%2Fwp%2Fv2%2Fcategories&post=1597"},{"taxonomy":"post_tag","embeddable":true,"href":"https:\/\/noticiassaludables.com.ar\/index.php?rest_route=%2Fwp%2Fv2%2Ftags&post=1597"}],"curies":[{"name":"wp","href":"https:\/\/api.w.org\/{rel}","templated":true}]}}