{"id":1603,"date":"2024-07-04T11:19:17","date_gmt":"2024-07-04T14:19:17","guid":{"rendered":"https:\/\/noticiassaludables.com.ar\/?p=1603"},"modified":"2024-07-04T11:19:18","modified_gmt":"2024-07-04T14:19:18","slug":"marta-minujin-presenta-la-escultura-de-los-suenos-en-el-cck","status":"publish","type":"post","link":"https:\/\/noticiassaludables.com.ar\/?p=1603","title":{"rendered":"Marta Minuj\u00edn presenta \u201cLa escultura de los sue\u00f1os\u201d en el CCK"},"content":{"rendered":"\n<p>Esta obra inflable gigantesca e inmersiva, que estuvo el a\u00f1o pasado en Nueva York, est\u00e1 compuesta por diecis\u00e9is piezas. Se colocar\u00e1 en la explanada el pr\u00f3ximo s\u00e1bado<\/p>\n\n\n\n<p>La artista pop\u00a0<a href=\"https:\/\/www.infobae.com\/tag\/marta-minujin\/\" target=\"_blank\" rel=\"noreferrer noopener\"><strong>Marta Minuj\u00edn<\/strong><\/a>\u00a0inaugurar\u00e1, el s\u00e1bado 6, en la explanada del CCK\u00a0<em><strong>La escultura de los sue\u00f1os<\/strong><\/em>, una obra inflable, que\u00a0<a href=\"https:\/\/www.infobae.com\/cultura\/2023\/11\/09\/una-gigantesca-escultura-inflable-de-marta-minujin-sorprende-en-times-square\/\" target=\"_blank\" rel=\"noreferrer noopener\">estuvo presente en los paisajes multisensoriales de la fren\u00e9tica Times Square de Nueva York<\/a>.<a href=\"https:\/\/www.infobae.com\/cultura\/2024\/07\/04\/el-mundo-esta-fuera-de-quicio-por-que-llego-la-extrema-derecha-y-que-puede-cambiar\/\" target=\"_blank\" rel=\"noreferrer noopener\"><\/a><\/p>\n\n\n\n<p>La \u201cantiescultura\u201d&nbsp;<em><strong>La escultura de los sue\u00f1os&nbsp;<\/strong><\/em>forma parte de la uni\u00f3n de su \u00faltimo proyecto inspirado en su obra hist\u00f3rica. En ella, la construcci\u00f3n de esculturas y ambientes recorribles a base de colchones de telas fluorescentes genera un dispositivo que promueve una interacci\u00f3n \u00fanica entre el p\u00fablico, la artista y la obra.<\/p>\n\n\n\n<p>\u00bfPor qu\u00e9\u00a0<em>La escultura de los sue\u00f1os<\/em>? Minuj\u00edn explic\u00f3 que se trata de \u201cun lugar para que el espectador pueda so\u00f1ar y tener un minuto de paz, de belleza, de color y de vida\u201d dentro de ella.<a href=\"https:\/\/www.infobae.com\/cultura\/2024\/07\/04\/sabina-anuncio-su-ultima-gira-por-los-grandes-escenarios-de-latinoamerica\/\" target=\"_blank\" rel=\"noreferrer noopener\"><\/a><\/p>\n\n\n\n<p><img loading=\"lazy\" decoding=\"async\" alt=\"La obra &quot;La escultura de los sue\u00f1os&quot; se presentar\u00e1 en la explanada del CCK\" height=\"1080\" width=\"1920\" class=\"\" src=\"https:\/\/www.infobae.com\/new-resizer\/TBp4SALvBCzxqOEcjP73L_90pVA=\/420x236\/filters:format(webp):quality(85)\/cloudfront-us-east-1.images.arcpublishing.com\/infobae\/PDI7VY6GWFBN3A4RQUX3RD4RGE.jpg%20420w\" srcset=\"https:\/\/www.infobae.com\/new-resizer\/TBp4SALvBCzxqOEcjP73L_90pVA=\/420x236\/filters:format(webp):quality(85)\/cloudfront-us-east-1.images.arcpublishing.com\/infobae\/PDI7VY6GWFBN3A4RQUX3RD4RGE.jpg 420w,https:\/\/www.infobae.com\/new-resizer\/BTd0mIV-84zX0qSnQ0hIH3FIKOE=\/768x432\/filters:format(webp):quality(85)\/cloudfront-us-east-1.images.arcpublishing.com\/infobae\/PDI7VY6GWFBN3A4RQUX3RD4RGE.jpg 768w,https:\/\/www.infobae.com\/new-resizer\/5bQioAQDDV7Rg5o6v7OBbS8goE4=\/992x558\/filters:format(webp):quality(85)\/cloudfront-us-east-1.images.arcpublishing.com\/infobae\/PDI7VY6GWFBN3A4RQUX3RD4RGE.jpg 992w,https:\/\/www.infobae.com\/new-resizer\/Z_i7FTDz0SP0GGzemVxptsY8vv0=\/1200x675\/filters:format(webp):quality(85)\/cloudfront-us-east-1.images.arcpublishing.com\/infobae\/PDI7VY6GWFBN3A4RQUX3RD4RGE.jpg 1200w,https:\/\/www.infobae.com\/new-resizer\/mXDoluv8M19UKNR7geyiAd_NPeg=\/1440x810\/filters:format(webp):quality(85)\/cloudfront-us-east-1.images.arcpublishing.com\/infobae\/PDI7VY6GWFBN3A4RQUX3RD4RGE.jpg 1440w\">La obra &#8220;La escultura de los sue\u00f1os&#8221; se presentar\u00e1 en la explanada del CCK<\/p>\n\n\n\n<p>La ic\u00f3nica serie de colchones que Minuj\u00edn realiz\u00f3 en la d\u00e9cada de 1960 marc\u00f3 la producci\u00f3n art\u00edstica de aquella \u00e9poca y la de toda su carrera. Colchones retorcidos y pintados con colores vibrantes son expresi\u00f3n del inter\u00e9s vanguardista de Minuj\u00edn por vincular el arte con la vida, utilizando materiales cotidianos e industriales.<\/p>\n\n\n\n<p>Esta obra gigantesca de nueve metros de altura est\u00e1 compuesta por diecis\u00e9is piezas y se plantea como una propuesta inmersiva, en la que los visitantes pueden ingresar y percibir los m\u00faltiples colores vibrantes y los sonidos de los p\u00e1jaros que acompa\u00f1an el recorrido de los sue\u00f1os. Se trata de una experiencia que interpela los sentidos y promueve en el espectador una interacci\u00f3n l\u00fadica y on\u00edrica, en la que se genera un ambiente sensitivo de enso\u00f1aci\u00f3n y fantas\u00eda.<a href=\"https:\/\/www.infobae.com\/cultura\/2024\/07\/03\/celeste-caramanna-llega-a-buenos-aires-para-homenajear-a-una-leyenda-de-la-musica-brasilena\/\" target=\"_blank\" rel=\"noreferrer noopener\"><\/a><\/p>\n\n\n\n<p><img loading=\"lazy\" decoding=\"async\" alt=\"Esta obra gigantesca de nueve metros de altura est\u00e1 compuesta por diecis\u00e9is piezas y se plantea como una propuesta inmersiva\" height=\"1080\" width=\"1920\" class=\"\" src=\"https:\/\/www.infobae.com\/new-resizer\/1s94mE5ETFVqbSWaHut3mhWghBI=\/420x236\/filters:format(webp):quality(85)\/cloudfront-us-east-1.images.arcpublishing.com\/infobae\/ZYNVHHB2VRFLFBVLH62JGOAUFU.jpg%20420w\" srcset=\"https:\/\/www.infobae.com\/new-resizer\/1s94mE5ETFVqbSWaHut3mhWghBI=\/420x236\/filters:format(webp):quality(85)\/cloudfront-us-east-1.images.arcpublishing.com\/infobae\/ZYNVHHB2VRFLFBVLH62JGOAUFU.jpg 420w,https:\/\/www.infobae.com\/new-resizer\/vf2SOj_jflfoTbrXO2A8TKbHXpA=\/768x432\/filters:format(webp):quality(85)\/cloudfront-us-east-1.images.arcpublishing.com\/infobae\/ZYNVHHB2VRFLFBVLH62JGOAUFU.jpg 768w,https:\/\/www.infobae.com\/new-resizer\/lzRAF0u-QF-gp6WpaIg-_nT_Uqo=\/992x558\/filters:format(webp):quality(85)\/cloudfront-us-east-1.images.arcpublishing.com\/infobae\/ZYNVHHB2VRFLFBVLH62JGOAUFU.jpg 992w,https:\/\/www.infobae.com\/new-resizer\/m77WX0BwaERsrTMvzOUkMsAlvmM=\/1200x675\/filters:format(webp):quality(85)\/cloudfront-us-east-1.images.arcpublishing.com\/infobae\/ZYNVHHB2VRFLFBVLH62JGOAUFU.jpg 1200w,https:\/\/www.infobae.com\/new-resizer\/IQ5l8OXlZ38pWY7OUEHdrOU2nQk=\/1440x810\/filters:format(webp):quality(85)\/cloudfront-us-east-1.images.arcpublishing.com\/infobae\/ZYNVHHB2VRFLFBVLH62JGOAUFU.jpg 1440w\">Esta obra gigantesca de nueve metros de altura est\u00e1 compuesta por diecis\u00e9is piezas y se plantea como una propuesta inmersiva<\/p>\n\n\n\n<p>Seg\u00fan Minuj\u00edn, la intenci\u00f3n fue construir \u201cun lugar en el que el espectador pueda so\u00f1ar y tener un minuto de paz, de belleza, de color y de vida\u201d. As\u00ed, la artista invita al p\u00fablico al Centro Cultural Kirchner \u201ca susurrar sus esperanzas y deseos en el interior de la escultura, dejando que la obra encarne y reciba simb\u00f3licamente sus anhelos\u201d, asegura la gacetilla de prensa.<\/p>\n\n\n\n<p>Fuente: <a href=\"https:\/\/www.infobae.com\/cultura\/2024\/07\/02\/marta-minujin-presenta-la-escultura-de-los-suenos-en-el-cck\/\">https:\/\/www.infobae.com\/cultura\/2024\/07\/02\/marta-minujin-presenta-la-escultura-de-los-suenos-en-el-cck\/<\/a><\/p>\n","protected":false},"excerpt":{"rendered":"<p>Esta obra inflable gigantesca e inmersiva, que estuvo el a\u00f1o pasado en Nueva York, est\u00e1 compuesta por diecis\u00e9is piezas. Se colocar\u00e1 en la explanada el pr\u00f3ximo s\u00e1bado La artista pop\u00a0Marta Minuj\u00edn\u00a0inaugurar\u00e1, el s\u00e1bado 6, en la explanada del CCK\u00a0La escultura de los sue\u00f1os, una obra inflable, que\u00a0estuvo presente en los paisajes multisensoriales de la fren\u00e9tica [&hellip;]<\/p>\n","protected":false},"author":3,"featured_media":1604,"comment_status":"open","ping_status":"open","sticky":false,"template":"","format":"standard","meta":{"footnotes":""},"categories":[11,12],"tags":[798,797],"class_list":["post-1603","post","type-post","status-publish","format-standard","has-post-thumbnail","hentry","category-agenda","category-sociedad","tag-cck","tag-marta-minujin"],"_links":{"self":[{"href":"https:\/\/noticiassaludables.com.ar\/index.php?rest_route=\/wp\/v2\/posts\/1603","targetHints":{"allow":["GET"]}}],"collection":[{"href":"https:\/\/noticiassaludables.com.ar\/index.php?rest_route=\/wp\/v2\/posts"}],"about":[{"href":"https:\/\/noticiassaludables.com.ar\/index.php?rest_route=\/wp\/v2\/types\/post"}],"author":[{"embeddable":true,"href":"https:\/\/noticiassaludables.com.ar\/index.php?rest_route=\/wp\/v2\/users\/3"}],"replies":[{"embeddable":true,"href":"https:\/\/noticiassaludables.com.ar\/index.php?rest_route=%2Fwp%2Fv2%2Fcomments&post=1603"}],"version-history":[{"count":1,"href":"https:\/\/noticiassaludables.com.ar\/index.php?rest_route=\/wp\/v2\/posts\/1603\/revisions"}],"predecessor-version":[{"id":1605,"href":"https:\/\/noticiassaludables.com.ar\/index.php?rest_route=\/wp\/v2\/posts\/1603\/revisions\/1605"}],"wp:featuredmedia":[{"embeddable":true,"href":"https:\/\/noticiassaludables.com.ar\/index.php?rest_route=\/wp\/v2\/media\/1604"}],"wp:attachment":[{"href":"https:\/\/noticiassaludables.com.ar\/index.php?rest_route=%2Fwp%2Fv2%2Fmedia&parent=1603"}],"wp:term":[{"taxonomy":"category","embeddable":true,"href":"https:\/\/noticiassaludables.com.ar\/index.php?rest_route=%2Fwp%2Fv2%2Fcategories&post=1603"},{"taxonomy":"post_tag","embeddable":true,"href":"https:\/\/noticiassaludables.com.ar\/index.php?rest_route=%2Fwp%2Fv2%2Ftags&post=1603"}],"curies":[{"name":"wp","href":"https:\/\/api.w.org\/{rel}","templated":true}]}}