{"id":1617,"date":"2024-07-08T10:46:19","date_gmt":"2024-07-08T13:46:19","guid":{"rendered":"https:\/\/noticiassaludables.com.ar\/?p=1617"},"modified":"2024-07-08T10:46:19","modified_gmt":"2024-07-08T13:46:19","slug":"alerta-roja-por-frio-extremo-en-buenos-aires","status":"publish","type":"post","link":"https:\/\/noticiassaludables.com.ar\/?p=1617","title":{"rendered":"Alerta roja por fr\u00edo extremo en Buenos Aires"},"content":{"rendered":"\n<h1 class=\"wp-block-heading\">Habr\u00e1 m\u00ednimas bajo cero durante la madrugada del 9 de Julio<\/h1>\n\n\n\n<h2 class=\"wp-block-heading\">El Servicio Meteorol\u00f3gico Nacional lanz\u00f3 advertencias por la ola polar en casi todo el pa\u00eds para este lunes y el feriado del martes.C\u00f3rdoba tuvo la temperatura m\u00e1s baja del a\u00f1o con casi 10 grados bajo cero. El pronostico para ma\u00f1ana prev\u00e9 un piso de -5\u00b0C en la Provincia de Buenos Aires.<\/h2>\n\n\n\n<p>El invierno no da tregua. La ola polar que est\u00e1 hace varios d\u00edas en Argentina contin\u00faa con su paso g\u00e9lido por este lado del globo y no hay gorro, ni guantes, ni campera que pare el intenso fr\u00edo. Sobre todo, durante la madrugada y las ma\u00f1anas. En ese sentido, el<strong>&nbsp;Servicio Meteorol\u00f3gico Nacional (SMN)<\/strong>&nbsp;lanz\u00f3 advertencias de distintos niveles de riesgo por el<strong>&nbsp;fr\u00edo extremo&nbsp;<\/strong>en varias partes del pa\u00eds, pero el foco principal donde est\u00e1 en&nbsp;<strong>rojo<\/strong>&nbsp;son en tres provincias: el este y parte del norte de la&nbsp;<strong>provincia de Buenos Aires<\/strong>, el norte de&nbsp;<strong>La Pampa<\/strong>&nbsp;y el sur de<strong>&nbsp;San Luis<\/strong>.<\/p>\n\n\n\n<p>\u00bfHay algo verde en el mapa? S\u00ed, hay un respiro para la parte sur que comprende Santa Cruz y Tierra del Fuego que luego de varios d\u00edas de fr\u00edo y nieve; en este lunes el SMN no lanz\u00f3 alertas all\u00ed. Hay pa\u00f1o verde tambi\u00e9n para varias localidades de Santa Fe, Entre R\u00edos y R\u00edo Negro. Y tampoco hay advertencias de fr\u00edo extremo en varias localidades de Misiones, Salta y Jujuy.&nbsp;<strong>El resto se ti\u00f1e de dos colores predominantes: naranja y amarillo<\/strong>.<\/p>\n\n\n\n<p>Gran parte de La Pampa tiene alerta naranja por fr\u00edo extremo. Lo propio ocurre con decenas de localidades de la provincia de Buenos Aires y C\u00f3rdoba. Y otras provincias en la que se sentir\u00e1 fuerte el fr\u00edo son Mendoza y San Juan. El resto del territorio nacional est\u00e1 en amarillo, incluida la Ciudad de Buenos Aires.<\/p>\n\n\n\n<p>En C\u00f3rdoba hubo localidades donde se registr\u00f3 la temperatura m\u00e1s baja del a\u00f1o:<strong>&nbsp;casi 10 grados bajo cero<\/strong>. Si bien, durante esta madrugada la capital cordobesa registr\u00f3 -5,1\u00b0C; hubo localidades donde las marcas cayeron notoriamente: en R\u00edo de la Cruz hubo -9,6\u00b0C, y en Los Reartes -9,2\u00b0C. En Cosqu\u00edn, la temperatura g\u00e9lida fue similar: -8,3\u00b0C.<img loading=\"lazy\" decoding=\"async\" alt=\"Lunes g\u00e9lido: casi todo el mapa argentino est\u00e1 con alerta por la ola polar. Tres provincias, en rojo: Buenos Aires, La Pampa y San Luis.\" src=\"https:\/\/www.clarin.com\/img\/2024\/07\/08\/S-l7BlZJz_720x0__1.jpg\" width=\"720\" height=\"480\">Lunes g\u00e9lido: casi todo el mapa argentino est\u00e1 con alerta por la ola polar. Tres provincias, en rojo: Buenos Aires, La Pampa y San Luis.<\/p>\n\n\n\n<h2 class=\"wp-block-heading\">El fr\u00edo no para en la Ciudad<\/h2>\n\n\n\n<p>En la Ciudad para este lunes, el SMN prev\u00e9 que el cielo estar\u00e1 algo nuboso y despejado por la noche. Eso s\u00ed, el fr\u00edo no va a aflojar, con m\u00e1ximas que no pasar\u00e1n los 8 o 9 grados. Un panorama parecido tendr\u00e1 el feriado de martes por el 9 de Julio. Aunque el intenso fr\u00edo llegar\u00e1 durante la madrugada de martes, donde se estima que la t\u00e9rmica estar\u00e1 bajo cero.<\/p>\n\n\n\n<p>El arranque de esta segunda semana de julio es g\u00e9lido. Tanto, que seg\u00fan el SMN ser\u00e1 la m\u00e1s fr\u00eda del a\u00f1o. Y abarca a toda la semana con temperaturas de bajas a muy bajas. Sobre todo las m\u00ednimas que en varias madrugadas estar\u00e1 bajo cero.<\/p>\n\n\n\n<p>Este martes se prev\u00e9 con cielo despejado, pero con bajas temperaturas, similares a las de este lunes. Con m\u00e1ximas de 8 grados y m\u00ednimas de cero. Reci\u00e9n el mi\u00e9rcoles, las temperaturas aumentar\u00e1n un poco en la m\u00e1xima, donde se anticipa que podr\u00eda rondar los 11\u00b0C.<\/p>\n\n\n\n<p>En el Conurbano y el Interior de la Provincia de Buenos Aires, el fr\u00edo ser\u00e1 a\u00fan m\u00e1s intenso. En Ezeiza y Merlo se esperan\u00a0<strong>-2\u00b0C<\/strong>, en Quilmes, La Plata, Chascom\u00fas, San Fernando y San Isidro,\u00a0<strong>-3\u00b0C<\/strong>; en Trenque Lauquen, Villegas, Tandil y Sierra de la Ventana,\u00a0<strong>-4\u00b0C<\/strong>; y<strong>\u00a0en 9 de Julio, -5\u00b0C<\/strong>.<\/p>\n\n\n\n<p>Fuente: <a href=\"https:\/\/www.clarin.com\/sociedad\/alerta-roja-frio-extremo-buenos-aires-provincias-minimas-cero-madrugada-9-julio_0_oVd0u0mM0o.html\">https:\/\/www.clarin.com\/sociedad\/alerta-roja-frio-extremo-buenos-aires-provincias-minimas-cero-madrugada-9-julio_0_oVd0u0mM0o.html<\/a><\/p>\n\n\n\n<p><\/p>\n","protected":false},"excerpt":{"rendered":"<p>Habr\u00e1 m\u00ednimas bajo cero durante la madrugada del 9 de Julio El Servicio Meteorol\u00f3gico Nacional lanz\u00f3 advertencias por la ola polar en casi todo el pa\u00eds para este lunes y el feriado del martes.C\u00f3rdoba tuvo la temperatura m\u00e1s baja del a\u00f1o con casi 10 grados bajo cero. El pronostico para ma\u00f1ana prev\u00e9 un piso de [&hellip;]<\/p>\n","protected":false},"author":3,"featured_media":1618,"comment_status":"open","ping_status":"open","sticky":false,"template":"","format":"standard","meta":{"footnotes":""},"categories":[8,3],"tags":[801],"class_list":["post-1617","post","type-post","status-publish","format-standard","has-post-thumbnail","hentry","category-medio-ambiente","category-principal","tag-ola-polar"],"_links":{"self":[{"href":"https:\/\/noticiassaludables.com.ar\/index.php?rest_route=\/wp\/v2\/posts\/1617","targetHints":{"allow":["GET"]}}],"collection":[{"href":"https:\/\/noticiassaludables.com.ar\/index.php?rest_route=\/wp\/v2\/posts"}],"about":[{"href":"https:\/\/noticiassaludables.com.ar\/index.php?rest_route=\/wp\/v2\/types\/post"}],"author":[{"embeddable":true,"href":"https:\/\/noticiassaludables.com.ar\/index.php?rest_route=\/wp\/v2\/users\/3"}],"replies":[{"embeddable":true,"href":"https:\/\/noticiassaludables.com.ar\/index.php?rest_route=%2Fwp%2Fv2%2Fcomments&post=1617"}],"version-history":[{"count":1,"href":"https:\/\/noticiassaludables.com.ar\/index.php?rest_route=\/wp\/v2\/posts\/1617\/revisions"}],"predecessor-version":[{"id":1619,"href":"https:\/\/noticiassaludables.com.ar\/index.php?rest_route=\/wp\/v2\/posts\/1617\/revisions\/1619"}],"wp:featuredmedia":[{"embeddable":true,"href":"https:\/\/noticiassaludables.com.ar\/index.php?rest_route=\/wp\/v2\/media\/1618"}],"wp:attachment":[{"href":"https:\/\/noticiassaludables.com.ar\/index.php?rest_route=%2Fwp%2Fv2%2Fmedia&parent=1617"}],"wp:term":[{"taxonomy":"category","embeddable":true,"href":"https:\/\/noticiassaludables.com.ar\/index.php?rest_route=%2Fwp%2Fv2%2Fcategories&post=1617"},{"taxonomy":"post_tag","embeddable":true,"href":"https:\/\/noticiassaludables.com.ar\/index.php?rest_route=%2Fwp%2Fv2%2Ftags&post=1617"}],"curies":[{"name":"wp","href":"https:\/\/api.w.org\/{rel}","templated":true}]}}