{"id":1623,"date":"2024-07-08T11:02:45","date_gmt":"2024-07-08T14:02:45","guid":{"rendered":"https:\/\/noticiassaludables.com.ar\/?p=1623"},"modified":"2024-07-08T11:02:46","modified_gmt":"2024-07-08T14:02:46","slug":"vacaciones-de-invierno-los-destinos-que-eligen-los-argentinos","status":"publish","type":"post","link":"https:\/\/noticiassaludables.com.ar\/?p=1623","title":{"rendered":"Vacaciones de invierno: los destinos que eligen los argentinos"},"content":{"rendered":"\n<p>A pocos d\u00edas de las vacaciones de invierno, surge la inquietud acerca de<strong>&nbsp;cu\u00e1nto se puede gastar saliendo unos d\u00edas de casa&nbsp;<\/strong>para cambiar la rutina. Si bien, este a\u00f1o, el deterioro de los ingresos hace dif\u00edcil tomar la decisi\u00f3n,&nbsp;<strong>el \u201csacrificio\u201d<\/strong>&nbsp;de destinar&nbsp;<strong>parte de los ahorros a una salida est\u00e1<\/strong>, para muchos hogares,&nbsp;<strong>m\u00e1s que justificado.<\/strong><\/p>\n\n\n\n<p>Un informe de la consultora Focus Market relev\u00f3 los lugares favoritos que eligen los argentinos para viajar por el pa\u00eds y cuantific\u00f3 la diferencia interanual entre los productos y servicios tur\u00edsticos respecto del a\u00f1o pasado. Una de las conclusiones es que,&nbsp;<strong>para estas vacaciones de invierno el gasto promedio diario por turista se proyecta en los $ 52.500.<\/strong><\/p>\n\n\n\n<p>El analista Dami\u00e1n Di Pace, titular de la consultora explica que&nbsp;<strong>\u201ca pesar de que la ca\u00edda del poder adquisitivo&nbsp;<\/strong>est\u00e1 presente,<strong>&nbsp;los argentinos destinan parte de sus ingresos a este tipo de descanso&nbsp;<\/strong>ya sea una semana o al menos un fin de semana. En 2023, 5,5 millones de turista y 600 mil extranjeros viajaron para esta fecha por todo el pa\u00eds seg\u00fan los datos de CAME\u201d detall\u00f3.<\/p>\n\n\n\n<p>Entre los lugares m\u00e1s elegidos por los argentinos se encuentran: San Clemente\/Sierra de los Padres\/Villa Gesell (Buenos Aires), San Fernando del Valle\/Tinogasta\/Fiambal\u00e1 (Catamarca), Villa Yacanto\/La Cumbrecita\/Villa Gral. Belgrano (C\u00f3rdoba), Col\u00f3n (Entre R\u00edos), Salta\/Jujuy, Bariloche (R\u00edo Negro), Puerto Iguaz\u00fa (Misiones), entre otros.<\/p>\n\n\n\n<p>\u201cPara esta temporada aparecen como favoritos destinos como&nbsp;<strong>Catamarca, Col\u00f3n en Entre R\u00edos, C\u00f3rdoba y los diferentes atractivos de la provincia de Buenos Aires.&nbsp;<\/strong>Para los turistas extranjeros&nbsp;<strong>Mendoza es la provincia predilecta&nbsp;<\/strong>porque tiene&nbsp;<strong>espacios naturales con nieve y pistas de sky<\/strong>&nbsp;a un menor valor que otros destinos, y con el adicional de&nbsp;<strong>visitas de bodegas&nbsp;<\/strong>que son un atractivo adicional para el visitante\u201d, dice Di Pace.<\/p>\n\n\n\n<p><strong>Si una familia tipo compuesta por dos adultos y dos menores<\/strong>&nbsp;(de 10 y 12 a\u00f1os) decide viajar a Bariloche durante siete noches, deber\u00e1 contar s\u00f3lo para cubrir los gastos de micro m\u00e1s estad\u00eda (hotel 3* con desayuno)&nbsp;<strong>con $ 2.351.000.&nbsp;<\/strong>Y si decide viajar<strong>&nbsp;en avi\u00f3n el total entre viaje m\u00e1s estad\u00eda asciende a $ 3.594.000.<\/strong><\/p>\n\n\n\n<p>Una vez en Bariloche, si la familia quiere disfrutar de la nieve en el Cerro Catedral, tiene que tener en cuenta que&nbsp;<strong>los valores con respecto al a\u00f1o pasado tuvieron un incremento del 300%<\/strong>:<\/p>\n\n\n\n<p>Para la familia tipo que elige viajar m\u00e1s al centro de nuestro pa\u00eds, la consultora relev\u00f3 la opci\u00f3n de viajar a&nbsp;<strong>C\u00f3rdoba en auto&nbsp;<\/strong>(nafta ida\/vuelta y peaje), m\u00e1s estad\u00eda en un hotel de tres estrellas, con desayuno durante siete noches.<\/p>\n\n\n\n<p>\u201cEn este caso deber\u00e1n contar para cubrir solo esos gastos con&nbsp;<strong>$ 755.780.<\/strong>&nbsp;La opci\u00f3n de viajar en tren que el a\u00f1o pasado hac\u00eda que el costo del viaje bajara significativamente, este a\u00f1o con un aumento del 600% la diferencia es baja, y adem\u00e1s hay que tener en cuenta que tarda 21 hs (saliendo desde Retiro), las salidas y lugares son limitadas, y se agotan enseguida.&nbsp;<strong>El precio del viaje en tren m\u00e1s estad\u00eda en el mismo hotel de tres estrellas, es de $ 732.000\u201d<\/strong>, consign\u00f3 el informe<\/p>\n\n\n\n<p>Si la idea es relajarse sin gastar mucho, un fin de semana a pocas horas de Capital Federal tiene otro presupuesto. El viaje en auto (nafta ida\/vuelta + peaje), m\u00e1s una noche de estad\u00eda para una familia tipo a:&nbsp;<strong>Carlos Keen $ 110.100, Lobos $ 105.300, y Chascom\u00fas $ 102.800.<\/strong><\/p>\n\n\n\n<p>Este a\u00f1o el calendario de vacaciones de invierno est\u00e1 distribuido, ya que hay 12 provincias donde el receso escolar ser\u00e1\u00a0<strong>del 8 al 19 de Julio y otras 11 donde ser\u00e1 del 15 al 26 de Julio.\u00a0<\/strong>\u201cEsto permite que en una semana se crucen las vacaciones en todo el pa\u00eds, pero en las puntas se vea un movimiento tur\u00edstico en todo un mes que favorece a las econom\u00edas regionales\u201d, apunt\u00f3 el analista de Focus Market.<\/p>\n\n\n\n<p>Fuente: <a href=\"https:\/\/www.clarin.com\/economia\/vacaciones-invierno-destinos-eligen-argentinos-puede-gastar-tipo-viaje_0_N1euUu3QKe.html\">https:\/\/www.clarin.com\/economia\/vacaciones-invierno-destinos-eligen-argentinos-puede-gastar-tipo-viaje_0_N1euUu3QKe.html<\/a><\/p>\n","protected":false},"excerpt":{"rendered":"<p>A pocos d\u00edas de las vacaciones de invierno, surge la inquietud acerca de&nbsp;cu\u00e1nto se puede gastar saliendo unos d\u00edas de casa&nbsp;para cambiar la rutina. Si bien, este a\u00f1o, el deterioro de los ingresos hace dif\u00edcil tomar la decisi\u00f3n,&nbsp;el \u201csacrificio\u201d&nbsp;de destinar&nbsp;parte de los ahorros a una salida est\u00e1, para muchos hogares,&nbsp;m\u00e1s que justificado. Un informe de [&hellip;]<\/p>\n","protected":false},"author":3,"featured_media":1624,"comment_status":"open","ping_status":"open","sticky":false,"template":"","format":"standard","meta":{"footnotes":""},"categories":[4,3,12],"tags":[803],"class_list":["post-1623","post","type-post","status-publish","format-standard","has-post-thumbnail","hentry","category-bienestar","category-principal","category-sociedad","tag-vacaciones-de-invierno"],"_links":{"self":[{"href":"https:\/\/noticiassaludables.com.ar\/index.php?rest_route=\/wp\/v2\/posts\/1623","targetHints":{"allow":["GET"]}}],"collection":[{"href":"https:\/\/noticiassaludables.com.ar\/index.php?rest_route=\/wp\/v2\/posts"}],"about":[{"href":"https:\/\/noticiassaludables.com.ar\/index.php?rest_route=\/wp\/v2\/types\/post"}],"author":[{"embeddable":true,"href":"https:\/\/noticiassaludables.com.ar\/index.php?rest_route=\/wp\/v2\/users\/3"}],"replies":[{"embeddable":true,"href":"https:\/\/noticiassaludables.com.ar\/index.php?rest_route=%2Fwp%2Fv2%2Fcomments&post=1623"}],"version-history":[{"count":1,"href":"https:\/\/noticiassaludables.com.ar\/index.php?rest_route=\/wp\/v2\/posts\/1623\/revisions"}],"predecessor-version":[{"id":1625,"href":"https:\/\/noticiassaludables.com.ar\/index.php?rest_route=\/wp\/v2\/posts\/1623\/revisions\/1625"}],"wp:featuredmedia":[{"embeddable":true,"href":"https:\/\/noticiassaludables.com.ar\/index.php?rest_route=\/wp\/v2\/media\/1624"}],"wp:attachment":[{"href":"https:\/\/noticiassaludables.com.ar\/index.php?rest_route=%2Fwp%2Fv2%2Fmedia&parent=1623"}],"wp:term":[{"taxonomy":"category","embeddable":true,"href":"https:\/\/noticiassaludables.com.ar\/index.php?rest_route=%2Fwp%2Fv2%2Fcategories&post=1623"},{"taxonomy":"post_tag","embeddable":true,"href":"https:\/\/noticiassaludables.com.ar\/index.php?rest_route=%2Fwp%2Fv2%2Ftags&post=1623"}],"curies":[{"name":"wp","href":"https:\/\/api.w.org\/{rel}","templated":true}]}}