{"id":1629,"date":"2024-07-10T11:09:46","date_gmt":"2024-07-10T14:09:46","guid":{"rendered":"https:\/\/noticiassaludables.com.ar\/?p=1629"},"modified":"2024-07-10T11:09:47","modified_gmt":"2024-07-10T14:09:47","slug":"beber-agua-en-epocas-de-frio","status":"publish","type":"post","link":"https:\/\/noticiassaludables.com.ar\/?p=1629","title":{"rendered":"Beber agua en \u00e9pocas de fr\u00edo"},"content":{"rendered":"\n<p>Generalmente, el consumo del l\u00edquido se asocia al verano. Sin embargo, es clave para el buen funcionamiento del organismo, tambi\u00e9n con temperaturas bajas.\u00a0<\/p>\n\n\n\n<p>El&nbsp;<strong>calor del&nbsp;<\/strong><a rel=\"noreferrer noopener\" href=\"https:\/\/www.infobae.com\/salud\/2024\/03\/05\/cuanta-agua-hay-que-tomar-por-dia-mitos-y-verdades-sobre-los-8-vasos-para-mantenerse-hidratado\/\" target=\"_blank\"><strong>verano<\/strong><\/a>&nbsp;suele hacer que la gente piense m\u00e1s en la&nbsp;<a rel=\"noreferrer noopener\" href=\"https:\/\/www.infobae.com\/tag\/hidratacion\/\" target=\"_blank\"><strong>hidrataci\u00f3n<\/strong><\/a>&nbsp;y en beber agua. Pero a medida que bajan las temperaturas durante los meses de invierno, se tiende a reducir el&nbsp;<strong>consumo del l\u00edquido<\/strong>.<\/p>\n\n\n\n<p><a href=\"https:\/\/www.infobae.com\/salud\/2024\/07\/10\/estos-son-los-beneficios-del-te-de-matcha-uno-por-uno\/\" target=\"_blank\" rel=\"noreferrer noopener\"><\/a><\/p>\n\n\n\n<figure class=\"wp-block-image\"><a href=\"https:\/\/www.infobae.com\/salud\/2024\/07\/10\/estos-son-los-beneficios-del-te-de-matcha-uno-por-uno\/\" target=\"_blank\" rel=\"noreferrer noopener\"><img decoding=\"async\" src=\"https:\/\/www.infobae.com\/new-resizer\/u_borOC_84qHO_c6lMUAwmi3vHI=\/1200x675\/filters:format(webp):quality(85)\/cloudfront-us-east-1.images.arcpublishing.com\/infobae\/FXBXAK5GXVCWRPDG77OPAXLDDM.jpg\" alt=\"Estos son los beneficios del t\u00e9 de matcha, uno por uno\"\/><\/a><\/figure>\n\n\n\n<p><a href=\"https:\/\/www.infobae.com\/salud\/2024\/07\/10\/estos-son-los-beneficios-del-te-de-matcha-uno-por-uno\/\" target=\"_blank\" rel=\"noreferrer noopener\">Te puede interesar:<strong>Estos son los beneficios del t\u00e9 de matcha, uno por uno<\/strong><\/a><a href=\"https:\/\/www.infobae.com\/salud\/2024\/07\/10\/estos-son-los-beneficios-del-te-de-matcha-uno-por-uno\/\" target=\"_blank\" rel=\"noreferrer noopener\"><\/a><\/p>\n\n\n\n<p>Sin el calor del verano, que afecta a la&nbsp;<strong>cantidad de sudor<\/strong>&nbsp;y a la frecuente&nbsp;<a rel=\"noreferrer noopener\" href=\"https:\/\/www.infobae.com\/america\/the-new-york-times\/2024\/01\/23\/de-verdad-necesito-este-inmenso-termo-de-agua\/\" target=\"_blank\"><strong>sensaci\u00f3n<\/strong><\/a><strong>&nbsp;de sed<\/strong>, es f\u00e1cil no tener en cuenta la necesidad de beber l\u00edquidos durante los&nbsp;<strong>meses m\u00e1s fr\u00edos<\/strong>.<\/p>\n\n\n\n<p>Sin embargo,<strong>&nbsp;mantenerse hidratado durante los meses de invierno es tan importante, si no m\u00e1s, que mantenerse hidratado durante los meses de verano.<\/strong>&nbsp;Ante la ola de aire fr\u00edo que est\u00e1 predominando en la&nbsp;<strong>Argentina<\/strong>, el&nbsp;<strong>Servicio Meteorol\u00f3gico Nacional<\/strong>&nbsp;recomienda \u201ctomar mucho l\u00edquido y<strong>&nbsp;evitar&nbsp;<\/strong>el consumo de<strong>&nbsp;bebidas alcoh\u00f3licas\u201d.<\/strong><\/p>\n\n\n\n<p><a href=\"https:\/\/www.infobae.com\/salud\/2024\/07\/10\/cual-es-la-bacteria-mas-peligrosa-del-mundo-y-que-consecuencias-tiene-sobre-el-cuerpo-humano\/\" target=\"_blank\" rel=\"noreferrer noopener\"><\/a><\/p>\n\n\n\n<figure class=\"wp-block-image\"><a href=\"https:\/\/www.infobae.com\/salud\/2024\/07\/10\/cual-es-la-bacteria-mas-peligrosa-del-mundo-y-que-consecuencias-tiene-sobre-el-cuerpo-humano\/\" target=\"_blank\" rel=\"noreferrer noopener\"><img decoding=\"async\" src=\"https:\/\/www.infobae.com\/new-resizer\/KXfjBiacYTM5N_MFrAPm31vqpYI=\/1200x675\/filters:format(webp):quality(85)\/cloudfront-us-east-1.images.arcpublishing.com\/infobae\/46RZWNFSOFEYBEVDKZVWNPRXNU.jpg\" alt=\"Cu\u00e1l es la bacteria m\u00e1s peligrosa del mundo y qu\u00e9 consecuencias tiene sobre el cuerpo humano\"\/><\/a><\/figure>\n\n\n\n<p><a href=\"https:\/\/www.infobae.com\/salud\/2024\/07\/10\/cual-es-la-bacteria-mas-peligrosa-del-mundo-y-que-consecuencias-tiene-sobre-el-cuerpo-humano\/\" target=\"_blank\" rel=\"noreferrer noopener\">Te puede interesar:<strong>Cu\u00e1l es la bacteria m\u00e1s peligrosa del mundo y qu\u00e9 consecuencias tiene sobre el cuerpo humano<\/strong><\/a><a href=\"https:\/\/www.infobae.com\/salud\/2024\/07\/10\/cual-es-la-bacteria-mas-peligrosa-del-mundo-y-que-consecuencias-tiene-sobre-el-cuerpo-humano\/\" target=\"_blank\" rel=\"noreferrer noopener\"><\/a><\/p>\n\n\n\n<p>\u201cLa hidrataci\u00f3n es necesaria para vivir, independientemente de la estaci\u00f3n del a\u00f1o\u201d, dijo a&nbsp;<strong>Infobae<\/strong>&nbsp;el doctor&nbsp;<strong>Andr\u00e9s Espejo<\/strong>, del&nbsp;<strong>Hospital Universitario Austral<\/strong>.<\/p>\n\n\n\n<h2 class=\"wp-block-heading\">\u00bfPor qu\u00e9 es importante la hidrataci\u00f3n?<\/h2>\n\n\n\n<p><img loading=\"lazy\" decoding=\"async\" alt=\"El Servicio Meteorol\u00f3gico Nacional de la Argentina recomienda \u201ctomar mucho l\u00edquido y evitar el consumo de bebidas alcoh\u00f3licas\u201d durante las temperaturas de fr\u00edo extremo (Freepik)\" height=\"1080\" width=\"1920\" class=\"\" src=\"https:\/\/www.infobae.com\/new-resizer\/I-qKV8GQXXI75nZiY0zmE7JO9B0=\/420x236\/filters:format(webp):quality(85)\/cloudfront-us-east-1.images.arcpublishing.com\/infobae\/6BDYNJQJUVBAHA2ZSOUX5H6QKM.jpg%20420w\" srcset=\"https:\/\/www.infobae.com\/new-resizer\/I-qKV8GQXXI75nZiY0zmE7JO9B0=\/420x236\/filters:format(webp):quality(85)\/cloudfront-us-east-1.images.arcpublishing.com\/infobae\/6BDYNJQJUVBAHA2ZSOUX5H6QKM.jpg 420w,https:\/\/www.infobae.com\/new-resizer\/s5H1O2PcAVDmsuU4gH4_7CWmUBQ=\/768x432\/filters:format(webp):quality(85)\/cloudfront-us-east-1.images.arcpublishing.com\/infobae\/6BDYNJQJUVBAHA2ZSOUX5H6QKM.jpg 768w,https:\/\/www.infobae.com\/new-resizer\/SVyxvd_2GuvocTyFtPUzK8JtYkM=\/992x558\/filters:format(webp):quality(85)\/cloudfront-us-east-1.images.arcpublishing.com\/infobae\/6BDYNJQJUVBAHA2ZSOUX5H6QKM.jpg 992w,https:\/\/www.infobae.com\/new-resizer\/kTKrUuotOYcs_Mjqjnjr60az95Q=\/1200x675\/filters:format(webp):quality(85)\/cloudfront-us-east-1.images.arcpublishing.com\/infobae\/6BDYNJQJUVBAHA2ZSOUX5H6QKM.jpg 1200w,https:\/\/www.infobae.com\/new-resizer\/8mAGtOKWNESg_dcbnsD5tT9RmWM=\/1440x810\/filters:format(webp):quality(85)\/cloudfront-us-east-1.images.arcpublishing.com\/infobae\/6BDYNJQJUVBAHA2ZSOUX5H6QKM.jpg 1440w\">El Servicio Meteorol\u00f3gico Nacional de la Argentina recomienda \u201ctomar mucho l\u00edquido y evitar el consumo de bebidas alcoh\u00f3licas\u201d durante las temperaturas de fr\u00edo extremo (Freepik)<\/p>\n\n\n\n<p>A pesar de la temperatura exterior, el cuerpo humano depende del agua para funcionar correctamente. Como el peso corporal de cada persona es aproximadamente dos tercios agua, su cuerpo necesita agua para regular la temperatura corporal, suministrar nutrientes, filtrar residuos, lubricar las articulaciones, hidratar la piel, facilitar la digesti\u00f3n y proteger el cerebro y la columna vertebral.<\/p>\n\n\n\n<p><a href=\"https:\/\/www.infobae.com\/salud\/2024\/07\/10\/investigadores-de-harvard-destacaron-un-alimento-clave-para-la-longevidad-reduce-los-accidentes-cerebrovasculares-y-mejora-la-salud-cardiaca\/\" target=\"_blank\" rel=\"noreferrer noopener\"><\/a><\/p>\n\n\n\n<figure class=\"wp-block-image\"><a href=\"https:\/\/www.infobae.com\/salud\/2024\/07\/10\/investigadores-de-harvard-destacaron-un-alimento-clave-para-la-longevidad-reduce-los-accidentes-cerebrovasculares-y-mejora-la-salud-cardiaca\/\" target=\"_blank\" rel=\"noreferrer noopener\"><img decoding=\"async\" src=\"https:\/\/www.infobae.com\/new-resizer\/tUgHv4M8IqkqFx8_rG6bo7deq7M=\/1200x675\/filters:format(webp):quality(85)\/cloudfront-us-east-1.images.arcpublishing.com\/infobae\/CCHEQWKOFNAVFKSNTOO5EUY4B4.jpg\" alt=\"Investigadores de Harvard destacaron un alimento clave para la longevidad: reduce los accidentes cerebrovasculares y mejora la salud card\u00edaca\"\/><\/a><\/figure>\n\n\n\n<p><a href=\"https:\/\/www.infobae.com\/salud\/2024\/07\/10\/investigadores-de-harvard-destacaron-un-alimento-clave-para-la-longevidad-reduce-los-accidentes-cerebrovasculares-y-mejora-la-salud-cardiaca\/\" target=\"_blank\" rel=\"noreferrer noopener\">Te puede interesar:<strong>Investigadores de Harvard destacaron un alimento clave para la longevidad: reduce los accidentes cerebrovasculares y mejora la salud card\u00edaca<\/strong><\/a><a href=\"https:\/\/www.infobae.com\/salud\/2024\/07\/10\/investigadores-de-harvard-destacaron-un-alimento-clave-para-la-longevidad-reduce-los-accidentes-cerebrovasculares-y-mejora-la-salud-cardiaca\/\" target=\"_blank\" rel=\"noreferrer noopener\"><\/a><\/p>\n\n\n\n<p>Es decir, casi todas las funciones y fluidos corporales dependen del agua.<\/p>\n\n\n\n<h2 class=\"wp-block-heading\">\u00bfQu\u00e9 tiene de especial el invierno con respecto a la hidrataci\u00f3n?<\/h2>\n\n\n\n<p><img loading=\"lazy\" decoding=\"async\" alt=\"La hidrataci\u00f3n es clave para la recuperaci\u00f3n muscular, la salud intestinal, y la funci\u00f3n cerebral  (Imagen Ilustrativa Infobae)\" height=\"816\" width=\"1456\" class=\"\" src=\"https:\/\/www.infobae.com\/new-resizer\/okUYIkdt_xdaIOuP2UBkeg5j__M=\/420x236\/filters:format(webp):quality(85)\/cloudfront-us-east-1.images.arcpublishing.com\/infobae\/K5AWJZKLYFCQXPG5VOKX6NHRPU.jpg%20420w\" srcset=\"https:\/\/www.infobae.com\/new-resizer\/okUYIkdt_xdaIOuP2UBkeg5j__M=\/420x236\/filters:format(webp):quality(85)\/cloudfront-us-east-1.images.arcpublishing.com\/infobae\/K5AWJZKLYFCQXPG5VOKX6NHRPU.jpg 420w,https:\/\/www.infobae.com\/new-resizer\/UCT7huTwGEt7Uh0ftHZvpy0qv1w=\/768x432\/filters:format(webp):quality(85)\/cloudfront-us-east-1.images.arcpublishing.com\/infobae\/K5AWJZKLYFCQXPG5VOKX6NHRPU.jpg 768w,https:\/\/www.infobae.com\/new-resizer\/ynUHbD6A80iwzcYGmKgrsGzMRek=\/992x558\/filters:format(webp):quality(85)\/cloudfront-us-east-1.images.arcpublishing.com\/infobae\/K5AWJZKLYFCQXPG5VOKX6NHRPU.jpg 992w,https:\/\/www.infobae.com\/new-resizer\/rzRufZnsGhWFi3EE0PdnR-mrVvk=\/1200x675\/filters:format(webp):quality(85)\/cloudfront-us-east-1.images.arcpublishing.com\/infobae\/K5AWJZKLYFCQXPG5VOKX6NHRPU.jpg 1200w,https:\/\/www.infobae.com\/new-resizer\/B10rzOwnP93cBP5FZmwB5BZ6gqU=\/1440x810\/filters:format(webp):quality(85)\/cloudfront-us-east-1.images.arcpublishing.com\/infobae\/K5AWJZKLYFCQXPG5VOKX6NHRPU.jpg 1440w\">La hidrataci\u00f3n es clave para la recuperaci\u00f3n muscular, la salud intestinal, y la funci\u00f3n cerebral (Imagen Ilustrativa Infobae)<\/p>\n\n\n\n<p>El invierno implica generalmente un clima m\u00e1s seco y bajas temperaturas. Son factores que pueden llevar a la deshidrataci\u00f3n sin que las personas la registren.<\/p>\n\n\n\n<p>Aunque el calor del verano haya pasado, el cuerpo sigue necesitando la misma cantidad de agua para funcionar \u00f3ptimamente.<\/p>\n\n\n\n<p>Seg\u00fan&nbsp;<strong>Joseph Watso<\/strong>, investigador del Instituto de Ejercicio y Medicina Ambiental de Dallas,&nbsp;<strong>Estados Unidos<\/strong>, en los ambientes fr\u00edos los ri\u00f1ones excretan m\u00e1s orina. La deshidrataci\u00f3n aparece cuando el cuerpo pierde m\u00e1s agua de la que ingiere. Incluso una deshidrataci\u00f3n leve -el nivel en el que la gente empieza a sentir sed- est\u00e1 relacionada con la dificultad para concentrarse, la mala memoria y el mal humor.<\/p>\n\n\n\n<h2 class=\"wp-block-heading\">\u00bfCu\u00e1nto hay que hidratarse en invierno?<\/h2>\n\n\n\n<p><img loading=\"lazy\" decoding=\"async\" alt=\"Se deber\u00edan tomar m\u00e1s de 2 litros de agua durante el d\u00eda (Foto: Getty Images)\" height=\"1080\" width=\"1920\" class=\"\" src=\"https:\/\/www.infobae.com\/new-resizer\/aLJ85Yf-XFXDmvITSpaIE-H5C7c=\/420x236\/filters:format(webp):quality(85)\/cloudfront-us-east-1.images.arcpublishing.com\/infobae\/XCDE56NFOZFLDEDF27VJV4HD7Q.jpg%20420w\" srcset=\"https:\/\/www.infobae.com\/new-resizer\/aLJ85Yf-XFXDmvITSpaIE-H5C7c=\/420x236\/filters:format(webp):quality(85)\/cloudfront-us-east-1.images.arcpublishing.com\/infobae\/XCDE56NFOZFLDEDF27VJV4HD7Q.jpg 420w,https:\/\/www.infobae.com\/new-resizer\/1ALjZhe8OSHsG8e6RDqwV80WXdU=\/768x432\/filters:format(webp):quality(85)\/cloudfront-us-east-1.images.arcpublishing.com\/infobae\/XCDE56NFOZFLDEDF27VJV4HD7Q.jpg 768w,https:\/\/www.infobae.com\/new-resizer\/MfSx5J6IUHn0bYp3kU-PCwtg4ZY=\/992x558\/filters:format(webp):quality(85)\/cloudfront-us-east-1.images.arcpublishing.com\/infobae\/XCDE56NFOZFLDEDF27VJV4HD7Q.jpg 992w,https:\/\/www.infobae.com\/new-resizer\/Li8Lm-yrcQTtt9XzAQwaENuzSRg=\/1200x675\/filters:format(webp):quality(85)\/cloudfront-us-east-1.images.arcpublishing.com\/infobae\/XCDE56NFOZFLDEDF27VJV4HD7Q.jpg 1200w,https:\/\/www.infobae.com\/new-resizer\/5SpdrOZq6DsESsExWUkmrFCFlag=\/1440x810\/filters:format(webp):quality(85)\/cloudfront-us-east-1.images.arcpublishing.com\/infobae\/XCDE56NFOZFLDEDF27VJV4HD7Q.jpg 1440w\">Se deber\u00edan tomar m\u00e1s de 2 litros de agua durante el d\u00eda (Foto: Getty Images)<\/p>\n\n\n\n<p><strong>Se aconseja consumir entre 2 y 3 litros diarios de l\u00edquidos<\/strong>. Aunque las necesidades var\u00edan entre personas en funci\u00f3n de la edad, el sexo, y la actividad f\u00edsica.<\/p>\n\n\n\n<p>Seg\u00fan expres\u00f3 en&nbsp;<a rel=\"noreferrer noopener\" href=\"https:\/\/www.infobae.com\/salud\/2023\/06\/08\/claves-para-una-correcta-hidratacion-durante-el-inverno\/\" target=\"_blank\"><strong>Infobae<\/strong><\/a>el doctor&nbsp;<strong>Alberto Cormillot<\/strong>, m\u00e9dico argentino especialista en obesidad y director de la Cl\u00ednica de Nutrici\u00f3n y Salud que lleva su nombre, Dieta Club, el consumo de agua deber\u00eda ser tenido en cuenta tambi\u00e9n en invierno.<\/p>\n\n\n\n<p><strong>\u201cCuando se levanta a la ma\u00f1ana y va a lavarse los dientes, t\u00f3mese un vaso grande de agua,<\/strong>&nbsp;y antes de acostarse, t\u00f3mese otro vaso grande de agua. Y ah\u00ed ya tiene con eso cubierto medio litro antes de salir de su casa.&nbsp;<strong>Si se mueve durante el d\u00eda, tome otro vaso de agua<\/strong>\u201d, aconsej\u00f3 Cormillot.<\/p>\n\n\n\n<p>En el caso del adulto mayor puede llegar a tener temor a la incontinencia y entonces pueden tener a tomar menos l\u00edquido. De hecho, se ha encontrado que&nbsp;<strong>los adultos mayores que viven en hogares, entre el 30 y el 50 por ciento, ingiere menos l\u00edquidos de lo que se pod\u00eda tomar.<\/strong><\/p>\n\n\n\n<h2 class=\"wp-block-heading\">\u00bfPor qu\u00e9 siempre hay que estar hidratado?<\/h2>\n\n\n\n<p><img loading=\"lazy\" decoding=\"async\" alt=\"La falta de una buena hidrataci\u00f3n puede provocar dolor de cabeza y otros s\u00edntomas (Freepik)\" height=\"664\" width=\"996\" class=\"\" src=\"https:\/\/www.infobae.com\/new-resizer\/g06cNe4BcHDQsFUP6wpYQ94MsKs=\/420x280\/filters:format(webp):quality(85)\/cloudfront-us-east-1.images.arcpublishing.com\/infobae\/74C6EPKGBBDCRMC5YP3ARVNM7A.jpg%20420w\" srcset=\"https:\/\/www.infobae.com\/new-resizer\/g06cNe4BcHDQsFUP6wpYQ94MsKs=\/420x280\/filters:format(webp):quality(85)\/cloudfront-us-east-1.images.arcpublishing.com\/infobae\/74C6EPKGBBDCRMC5YP3ARVNM7A.jpg 420w,https:\/\/www.infobae.com\/new-resizer\/atqQAen8UWMo9wuTjD-K898E8y8=\/768x512\/filters:format(webp):quality(85)\/cloudfront-us-east-1.images.arcpublishing.com\/infobae\/74C6EPKGBBDCRMC5YP3ARVNM7A.jpg 768w,https:\/\/www.infobae.com\/new-resizer\/rAaKxxhKU1ZdSziEiHv6gnIYm3g=\/992x661\/filters:format(webp):quality(85)\/cloudfront-us-east-1.images.arcpublishing.com\/infobae\/74C6EPKGBBDCRMC5YP3ARVNM7A.jpg 992w,https:\/\/www.infobae.com\/new-resizer\/ov-E0VWQQ3BaJ9XrFkkyOBtNBk4=\/1200x800\/filters:format(webp):quality(85)\/cloudfront-us-east-1.images.arcpublishing.com\/infobae\/74C6EPKGBBDCRMC5YP3ARVNM7A.jpg 1200w,https:\/\/www.infobae.com\/new-resizer\/MVbjpXAX5wBXaqnbi-sSMyq-Ims=\/1440x960\/filters:format(webp):quality(85)\/cloudfront-us-east-1.images.arcpublishing.com\/infobae\/74C6EPKGBBDCRMC5YP3ARVNM7A.jpg 1440w\">La falta de una buena hidrataci\u00f3n puede provocar dolor de cabeza y otros s\u00edntomas (Freepik)<\/p>\n\n\n\n<p>Mantener el cuerpo hidratado es esencial para la salud y el bienestar general. No solo es vital para el funcionamiento de los \u00f3rganos, sino tambi\u00e9n para la correcta recuperaci\u00f3n muscular, la salud intestinal, la funci\u00f3n cerebral y mucho m\u00e1s.<\/p>\n\n\n\n<p>Los&nbsp;<strong>signos y s\u00edntomas de la deshidrataci\u00f3n<\/strong>&nbsp;pueden ser:<\/p>\n\n\n\n<ul class=\"wp-block-list\">\n<li>Orina amarilla oscura u olorosa<\/li>\n\n\n\n<li>Calambres musculares<\/li>\n\n\n\n<li>Boca seca<\/li>\n\n\n\n<li>Sensaci\u00f3n de mareo o aturdimiento<\/li>\n\n\n\n<li>Dolores de cabeza<\/li>\n\n\n\n<li>Fatiga<\/li>\n\n\n\n<li>Ansia de az\u00facar<\/li>\n\n\n\n<li>Mal aliento<\/li>\n<\/ul>\n\n\n\n<h2 class=\"wp-block-heading\">C\u00f3mo hay que protegerse del fr\u00edo extremo<\/h2>\n\n\n\n<p><img loading=\"lazy\" decoding=\"async\" alt=\"Las personas mayores est\u00e1n entre los grupos que pueden ser m\u00e1s afectados por la exposici\u00f3n al fr\u00edo extremo (Freepik)\" height=\"920\" width=\"1380\" class=\"\" src=\"https:\/\/www.infobae.com\/new-resizer\/Boh7B5PA1vI2RCypAfiIGEppq84=\/420x280\/filters:format(webp):quality(85)\/cloudfront-us-east-1.images.arcpublishing.com\/infobae\/RLXBJTEQJBEMZKSJKKIDG5JIM4.jpg%20420w\" srcset=\"https:\/\/www.infobae.com\/new-resizer\/Boh7B5PA1vI2RCypAfiIGEppq84=\/420x280\/filters:format(webp):quality(85)\/cloudfront-us-east-1.images.arcpublishing.com\/infobae\/RLXBJTEQJBEMZKSJKKIDG5JIM4.jpg 420w,https:\/\/www.infobae.com\/new-resizer\/KqiKB8PkAaNKl8MgyQNjsHLpAmE=\/768x512\/filters:format(webp):quality(85)\/cloudfront-us-east-1.images.arcpublishing.com\/infobae\/RLXBJTEQJBEMZKSJKKIDG5JIM4.jpg 768w,https:\/\/www.infobae.com\/new-resizer\/WuI2X8Sub-lId3i21wedBIiedf0=\/992x661\/filters:format(webp):quality(85)\/cloudfront-us-east-1.images.arcpublishing.com\/infobae\/RLXBJTEQJBEMZKSJKKIDG5JIM4.jpg 992w,https:\/\/www.infobae.com\/new-resizer\/DZBrgYuQnmBn4lekBtihBFaEszE=\/1200x800\/filters:format(webp):quality(85)\/cloudfront-us-east-1.images.arcpublishing.com\/infobae\/RLXBJTEQJBEMZKSJKKIDG5JIM4.jpg 1200w,https:\/\/www.infobae.com\/new-resizer\/NxTZYMEJ8k5Q_j6t-CTxgPOh2zw=\/1440x960\/filters:format(webp):quality(85)\/cloudfront-us-east-1.images.arcpublishing.com\/infobae\/RLXBJTEQJBEMZKSJKKIDG5JIM4.jpg 1440w\">Las personas mayores est\u00e1n entre los grupos que pueden ser m\u00e1s afectados por la exposici\u00f3n al fr\u00edo extremo (Freepik)<\/p>\n\n\n\n<p>Ante un evento de fr\u00edo extremo, seg\u00fan el&nbsp;<strong>Servicio Meteorol\u00f3gico Nacional,<\/strong>&nbsp;se debe&nbsp;<strong>evitar la exposici\u00f3n por tiempo prolongado al aire libre<\/strong>. Hay que generar m\u00e1s calor corporal: se deber\u00eda&nbsp;<strong>caminar, levantarse y sentarse,<\/strong>&nbsp;mover las extremidades, y<strong>&nbsp;tomar mucho l\u00edquido<\/strong>.<\/p>\n\n\n\n<p>Es importante destacar que si una persona sufre el impacto del fr\u00edo,&nbsp;<strong>no debe automedicarse<\/strong>, sino que tiene que consultar a un profesional de la salud o dirigirse al centro de salud m\u00e1s cercano. En caso de tener medicaci\u00f3n recetada se deber\u00e1 mantener el plan de acci\u00f3n actualizado.<\/p>\n\n\n\n<p>Adem\u00e1s, seg\u00fan la informaci\u00f3n de expertos recabada por el SMN, es recomendable<strong>&nbsp;evitar los cambios bruscos de temperatura<\/strong>, ya que pueden provocar enfermedades del sistema respiratorio y se sugiere&nbsp;<strong>no fumar<\/strong>&nbsp;productos del tabaco en ambientes cerrados.<\/p>\n\n\n\n<p>Durante un evento de fr\u00edo extremo se recomienda mantener una alimentaci\u00f3n saludable, con todos los\u00a0<strong>nutrientes y energ\u00eda necesaria<\/strong>\u00a0para llevar adelante las actividades diarias. Tambi\u00e9n se debe priorizar el consumo de alimentos frescos y m\u00ednimamente procesados; adem\u00e1s de realizar cuatro comidas diarias.<\/p>\n\n\n\n<p>Fuente: <a href=\"https:\/\/www.infobae.com\/salud\/2024\/07\/10\/invierno-e-hidratacion-por-que-es-importante-beber-agua-tambien-en-el-invierno\/\">https:\/\/www.infobae.com\/salud\/2024\/07\/10\/invierno-e-hidratacion-por-que-es-importante-beber-agua-tambien-en-el-invierno\/<\/a><\/p>\n","protected":false},"excerpt":{"rendered":"<p>Generalmente, el consumo del l\u00edquido se asocia al verano. Sin embargo, es clave para el buen funcionamiento del organismo, tambi\u00e9n con temperaturas bajas.\u00a0 El&nbsp;calor del&nbsp;verano&nbsp;suele hacer que la gente piense m\u00e1s en la&nbsp;hidrataci\u00f3n&nbsp;y en beber agua. Pero a medida que bajan las temperaturas durante los meses de invierno, se tiende a reducir el&nbsp;consumo del l\u00edquido. [&hellip;]<\/p>\n","protected":false},"author":3,"featured_media":1630,"comment_status":"open","ping_status":"open","sticky":false,"template":"","format":"standard","meta":{"footnotes":""},"categories":[6,8,5],"tags":[804,413],"class_list":["post-1629","post","type-post","status-publish","format-standard","has-post-thumbnail","hentry","category-alimentacion","category-medio-ambiente","category-salud","tag-invierno","tag-tomar-agua"],"_links":{"self":[{"href":"https:\/\/noticiassaludables.com.ar\/index.php?rest_route=\/wp\/v2\/posts\/1629","targetHints":{"allow":["GET"]}}],"collection":[{"href":"https:\/\/noticiassaludables.com.ar\/index.php?rest_route=\/wp\/v2\/posts"}],"about":[{"href":"https:\/\/noticiassaludables.com.ar\/index.php?rest_route=\/wp\/v2\/types\/post"}],"author":[{"embeddable":true,"href":"https:\/\/noticiassaludables.com.ar\/index.php?rest_route=\/wp\/v2\/users\/3"}],"replies":[{"embeddable":true,"href":"https:\/\/noticiassaludables.com.ar\/index.php?rest_route=%2Fwp%2Fv2%2Fcomments&post=1629"}],"version-history":[{"count":1,"href":"https:\/\/noticiassaludables.com.ar\/index.php?rest_route=\/wp\/v2\/posts\/1629\/revisions"}],"predecessor-version":[{"id":1631,"href":"https:\/\/noticiassaludables.com.ar\/index.php?rest_route=\/wp\/v2\/posts\/1629\/revisions\/1631"}],"wp:featuredmedia":[{"embeddable":true,"href":"https:\/\/noticiassaludables.com.ar\/index.php?rest_route=\/wp\/v2\/media\/1630"}],"wp:attachment":[{"href":"https:\/\/noticiassaludables.com.ar\/index.php?rest_route=%2Fwp%2Fv2%2Fmedia&parent=1629"}],"wp:term":[{"taxonomy":"category","embeddable":true,"href":"https:\/\/noticiassaludables.com.ar\/index.php?rest_route=%2Fwp%2Fv2%2Fcategories&post=1629"},{"taxonomy":"post_tag","embeddable":true,"href":"https:\/\/noticiassaludables.com.ar\/index.php?rest_route=%2Fwp%2Fv2%2Ftags&post=1629"}],"curies":[{"name":"wp","href":"https:\/\/api.w.org\/{rel}","templated":true}]}}