{"id":1632,"date":"2024-07-10T11:19:44","date_gmt":"2024-07-10T14:19:44","guid":{"rendered":"https:\/\/noticiassaludables.com.ar\/?p=1632"},"modified":"2024-07-10T11:19:45","modified_gmt":"2024-07-10T14:19:45","slug":"helada-negra-el-fenomeno-que-provoca-la-ola-de-frio","status":"publish","type":"post","link":"https:\/\/noticiassaludables.com.ar\/?p=1632","title":{"rendered":"Helada negra: el fen\u00f3meno que provoca la ola de fr\u00edo"},"content":{"rendered":"\n<p>La Argentina lleva varios d\u00edas de aire fr\u00edo intenso y con una gran expansi\u00f3n. C\u00f3mo repercuten las bajas temperaturas en la vegetaci\u00f3n<\/p>\n\n\n\n<p>Sobre el territorio de la\u00a0<strong>Argentina,<\/strong>\u00a0se extiende un sistema de baja\u00a0<a href=\"https:\/\/www.infobae.com\/salud\/2024\/07\/07\/es-cierto-que-el-frio-no-enferma-esto-dicen-los-expertos\/\" target=\"_blank\" rel=\"noreferrer noopener\">presi\u00f3n<\/a>\u00a0en el sur de\u00a0<strong>Patagonia\u00a0<\/strong>que impulsa el aire fr\u00edo de zonas ant\u00e1rticas hacia el norte, que repercute con una ola de aire fr\u00edo que puede aumentar la posibilidad de que se produzcan\u00a0<strong>diferentes heladas<\/strong>.<a href=\"https:\/\/www.infobae.com\/america\/ciencia-america\/2024\/07\/10\/cinco-preguntas-sobre-el-nuevo-farmaco-para-el-alzheimer-a-que-pacientes-esta-destinado-y-cuales-son-sus-beneficios\/\" target=\"_blank\" rel=\"noreferrer noopener\"><\/a><\/p>\n\n\n\n<p>Incluso hay riesgo de desarrollo de la m\u00e1s peligrosa para los cultivos: la&nbsp;<strong>helada negra<\/strong>.<\/p>\n\n\n\n<p>La circulaci\u00f3n del aire produjo un\u00a0<a href=\"https:\/\/www.infobae.com\/tag\/helada\/\" target=\"_blank\" rel=\"noreferrer noopener\"><strong>fen\u00f3meno<\/strong><\/a><strong>\u00a0de temperaturas extremas por fr\u00edo\u00a0<\/strong>y desde ayer rigen\u00a0<strong>alertas rojas<\/strong>\u00a0en 9 de las 24 jurisdicciones del pa\u00eds, porque implican riesgos para la salud humana, incluso para las personas sanas. Otras 12 jurisdicciones tienen alertas naranjas o amarillas.<a href=\"https:\/\/www.infobae.com\/america\/ciencia-america\/2024\/07\/10\/como-es-el-planeta-que-huele-a-huevos-podridos\/\" target=\"_blank\" rel=\"noreferrer noopener\"><\/a><\/p>\n\n\n\n<p>\u201cEstamos en el medio de una&nbsp;<a rel=\"noreferrer noopener\" href=\"https:\/\/www.infobae.com\/salud\/2024\/07\/09\/que-es-la-hipotermia-y-como-mantenerse-abrigado-ante-el-frio-extremo\/\" target=\"_blank\">ola de fr\u00edo en la Argentina<\/a>. A\u00fan est\u00e1 evolucionando.<strong>&nbsp;Hac\u00eda mucho tiempo que no se daba un fen\u00f3meno con tanta extensi\u00f3n territorial<\/strong>, duraci\u00f3n e intensidad por las temperaturas tan bajas\u201d, dijo a&nbsp;<strong>Infobae<\/strong>&nbsp;el climat\u00f3logo&nbsp;<strong>Jos\u00e9 Luis Stella<\/strong>, del&nbsp;<strong>Servicio Meteorol\u00f3gico Nacional<\/strong>. \u201cSe trata de una de las olas de fr\u00edo m\u00e1s significativas de las \u00faltimas d\u00e9cadas\u201d, resalt\u00f3.<\/p>\n\n\n\n<p>En el contexto de&nbsp;<strong>ola de fr\u00edo<\/strong>, se producen m\u00e1s&nbsp;<strong>heladas<\/strong>: consisten en un descenso de la temperatura a niveles inferiores al punto de congelaci\u00f3n del agua. Eso hace que el agua o el vapor que est\u00e1 en el aire se congele y se deposita en forma de hielo en las superficies.<\/p>\n\n\n\n<p><a href=\"https:\/\/www.infobae.com\/america\/ciencia-america\/2024\/07\/10\/la-nasa-descubrio-estructuras-en-la-atmosfera-que-podrian-danar-senales-de-radio-y-gps\/\" target=\"_blank\" rel=\"noreferrer noopener\"><\/a><\/p>\n\n\n\n<figure class=\"wp-block-image\"><a href=\"https:\/\/www.infobae.com\/america\/ciencia-america\/2024\/07\/10\/la-nasa-descubrio-estructuras-en-la-atmosfera-que-podrian-danar-senales-de-radio-y-gps\/\" target=\"_blank\" rel=\"noreferrer noopener\"><img decoding=\"async\" src=\"https:\/\/www.infobae.com\/new-resizer\/x3Y6m_QWYt12-wm33ar4D-Cfxa0=\/1200x675\/filters:format(webp):quality(85)\/cloudfront-us-east-1.images.arcpublishing.com\/infobae\/DLF47GVGPRATRA4QBEGA4Y3IDM.jpg\" alt=\"La NASA descubri\u00f3 estructuras en la atm\u00f3sfera que podr\u00edan da\u00f1ar se\u00f1ales de radio y GPS\"\/><\/a><\/figure>\n\n\n\n<p><\/p>\n\n\n\n<h2 class=\"wp-block-heading\">\u00bfCu\u00e1l es la helada negra?<\/h2>\n\n\n\n<p><img loading=\"lazy\" decoding=\"async\" alt=\"Cuando el aire fr\u00edo tiene muy poca humedad y no se observa la formaci\u00f3n de hielo, pueden ocurrir heladas negras. Afecta negativamente a la vegetaci\u00f3n\/Gobierno de Salta Archivo\" height=\"1277\" width=\"1920\" class=\"\" src=\"https:\/\/www.infobae.com\/new-resizer\/PiDZiO0E1rnB33or7MgqpdjuU5c=\/420x280\/filters:format(webp):quality(85)\/cloudfront-us-east-1.images.arcpublishing.com\/infobae\/6EBK66UOMJDZLCPPLO6BGDYARQ.jpg%20420w\" srcset=\"https:\/\/www.infobae.com\/new-resizer\/PiDZiO0E1rnB33or7MgqpdjuU5c=\/420x280\/filters:format(webp):quality(85)\/cloudfront-us-east-1.images.arcpublishing.com\/infobae\/6EBK66UOMJDZLCPPLO6BGDYARQ.jpg 420w,https:\/\/www.infobae.com\/new-resizer\/NkVw-qAp8sEykhc373ePL8SZNWw=\/768x512\/filters:format(webp):quality(85)\/cloudfront-us-east-1.images.arcpublishing.com\/infobae\/6EBK66UOMJDZLCPPLO6BGDYARQ.jpg 768w,https:\/\/www.infobae.com\/new-resizer\/plnlKmfpngZ7D2gHfqZe6voGGMk=\/992x661\/filters:format(webp):quality(85)\/cloudfront-us-east-1.images.arcpublishing.com\/infobae\/6EBK66UOMJDZLCPPLO6BGDYARQ.jpg 992w,https:\/\/www.infobae.com\/new-resizer\/qNu3BJXgS08FDviunmw8thRSyDc=\/1200x800\/filters:format(webp):quality(85)\/cloudfront-us-east-1.images.arcpublishing.com\/infobae\/6EBK66UOMJDZLCPPLO6BGDYARQ.jpg 1200w,https:\/\/www.infobae.com\/new-resizer\/ZjpCyRzijvL9m9Tiugy0JtfeC8A=\/1440x960\/filters:format(webp):quality(85)\/cloudfront-us-east-1.images.arcpublishing.com\/infobae\/6EBK66UOMJDZLCPPLO6BGDYARQ.jpg 1440w\">Cuando el aire fr\u00edo tiene muy poca humedad y no se observa la formaci\u00f3n de hielo, pueden ocurrir heladas negras. Afecta negativamente a la vegetaci\u00f3n\/Gobierno de Salta Archivo<\/p>\n\n\n\n<p>En las&nbsp;<strong>ciencias agron\u00f3micas<\/strong>&nbsp;se clasifica a las heladas seg\u00fan el color.&nbsp;<strong>Hay heladas blancas y negras<\/strong>.<\/p>\n\n\n\n<p>De acuerdo con el SMN, \u201c<strong>las heladas negras son mucho m\u00e1s peligrosas para los cultivos&nbsp;<\/strong>y reciben este nombre por la coloraci\u00f3n de las hojas luego de ser afectadas por ese fen\u00f3meno\u201d.<\/p>\n\n\n\n<p>Ese tipo de helada&nbsp;<strong>se produce cuando el aire tiene muy poca humedad y no se observa la formaci\u00f3n de hielo.<\/strong>&nbsp;Entonces, el fr\u00edo afecta directamente a las plantas. Como consecuencia, congela los l\u00edquidos que est\u00e1n dentro de las plantas y da\u00f1an sus c\u00e9lulas. Despu\u00e9s de unos d\u00edas, los tejidos afectados de la planta presentan una coloraci\u00f3n negra ya que han sido destruidos.<\/p>\n\n\n\n<h2 class=\"wp-block-heading\">\u00bfCu\u00e1les son los otros tipos de heladas?<\/h2>\n\n\n\n<p><img loading=\"lazy\" decoding=\"async\" alt=\"La helada blanca forma escarcha sobre las superficies y las hojas\/ Joaqu\u00edn Mart\u00ednez\/Archivo\" height=\"4284\" width=\"5712\" class=\"\" src=\"https:\/\/www.infobae.com\/new-resizer\/etNtnN2xoRU1rPm2GwbBGEiu-Hw=\/420x315\/filters:format(webp):quality(85)\/cloudfront-us-east-1.images.arcpublishing.com\/infobae\/3YH4Z77SEJGBROHZYZUMEUSTQQ.jpeg%20420w\" srcset=\"https:\/\/www.infobae.com\/new-resizer\/etNtnN2xoRU1rPm2GwbBGEiu-Hw=\/420x315\/filters:format(webp):quality(85)\/cloudfront-us-east-1.images.arcpublishing.com\/infobae\/3YH4Z77SEJGBROHZYZUMEUSTQQ.jpeg 420w,https:\/\/www.infobae.com\/new-resizer\/FchWyN-24RbPRiC6inrgnoer7JY=\/768x576\/filters:format(webp):quality(85)\/cloudfront-us-east-1.images.arcpublishing.com\/infobae\/3YH4Z77SEJGBROHZYZUMEUSTQQ.jpeg 768w,https:\/\/www.infobae.com\/new-resizer\/iHHqWfBgqavmzEgpG7hiRUz6Odo=\/992x744\/filters:format(webp):quality(85)\/cloudfront-us-east-1.images.arcpublishing.com\/infobae\/3YH4Z77SEJGBROHZYZUMEUSTQQ.jpeg 992w,https:\/\/www.infobae.com\/new-resizer\/bclPaWCtNGp29LyTvjzlJyB9yVA=\/1200x900\/filters:format(webp):quality(85)\/cloudfront-us-east-1.images.arcpublishing.com\/infobae\/3YH4Z77SEJGBROHZYZUMEUSTQQ.jpeg 1200w,https:\/\/www.infobae.com\/new-resizer\/N0S_6tULQ7TbLfWtM1QsRIZRBlo=\/1440x1080\/filters:format(webp):quality(85)\/cloudfront-us-east-1.images.arcpublishing.com\/infobae\/3YH4Z77SEJGBROHZYZUMEUSTQQ.jpeg 1440w\">La helada blanca forma escarcha sobre las superficies y las hojas\/ Joaqu\u00edn Mart\u00ednez\/Archivo<\/p>\n\n\n\n<p>Otro tipo es la&nbsp;<strong>helada blanca<\/strong>. Forma escarcha blanca sobre las superficies y las hojas. Ocurre cuando el aire es h\u00famedo, y con el descenso nocturno de temperatura, el vapor de agua condensa (sin pasar por el estado l\u00edquido) y se forman peque\u00f1as estructuras de hielo que se deposita en todas las superficies.<\/p>\n\n\n\n<p>Al contrario de lo que mucha gente cree, la&nbsp;<strong>escarcha<\/strong>&nbsp;funciona como protecci\u00f3n al fr\u00edo extremo. El hielo a\u00edsla a la planta de las bajas temperaturas y no se congela.<\/p>\n\n\n\n<h2 class=\"wp-block-heading\">\u00bfQu\u00e9 est\u00e1 pasando con las heladas en la Argentina?<\/h2>\n\n\n\n<p><img loading=\"lazy\" decoding=\"async\" alt=\"La combinaci\u00f3n de fr\u00edo extremo y el nivel de humedad influye en la posibilidad de que haya heladas negras\n(Getty Images)\" height=\"1079\" width=\"1920\" class=\"\" src=\"https:\/\/www.infobae.com\/new-resizer\/XbPhLrT1uIEdpjt_aByo-9y5PV0=\/420x236\/filters:format(webp):quality(85)\/cloudfront-us-east-1.images.arcpublishing.com\/infobae\/WZ7ZFWUQSVGOTJKXI2XOTK46SQ.jpg%20420w\" srcset=\"https:\/\/www.infobae.com\/new-resizer\/XbPhLrT1uIEdpjt_aByo-9y5PV0=\/420x236\/filters:format(webp):quality(85)\/cloudfront-us-east-1.images.arcpublishing.com\/infobae\/WZ7ZFWUQSVGOTJKXI2XOTK46SQ.jpg 420w,https:\/\/www.infobae.com\/new-resizer\/NFQmKGobYhDB-XmBj18r_qgXEZw=\/768x432\/filters:format(webp):quality(85)\/cloudfront-us-east-1.images.arcpublishing.com\/infobae\/WZ7ZFWUQSVGOTJKXI2XOTK46SQ.jpg 768w,https:\/\/www.infobae.com\/new-resizer\/I6Q4Qvb5DvfuNMoBYPV-Rc7tapY=\/992x558\/filters:format(webp):quality(85)\/cloudfront-us-east-1.images.arcpublishing.com\/infobae\/WZ7ZFWUQSVGOTJKXI2XOTK46SQ.jpg 992w,https:\/\/www.infobae.com\/new-resizer\/n6L0gHGmlUBMqdmDX2mUiQvtUNg=\/1200x675\/filters:format(webp):quality(85)\/cloudfront-us-east-1.images.arcpublishing.com\/infobae\/WZ7ZFWUQSVGOTJKXI2XOTK46SQ.jpg 1200w,https:\/\/www.infobae.com\/new-resizer\/hmMTr4IDJnbweuK1KqUv9_Zufeo=\/1440x810\/filters:format(webp):quality(85)\/cloudfront-us-east-1.images.arcpublishing.com\/infobae\/WZ7ZFWUQSVGOTJKXI2XOTK46SQ.jpg 1440w\">La combinaci\u00f3n de fr\u00edo extremo y el nivel de humedad influye en la posibilidad de que haya heladas negras (Getty Images)<\/p>\n\n\n\n<p>\u201cCon las bajas temperaturas que se han estado registrando en el pa\u00eds desde junio, hay m\u00e1s chances de que se congele todo y que se produzcan heladas\u201d, afirm\u00f3 Stella.<\/p>\n\n\n\n<p>\u201cLas heladas negras tienen importancia para el sector agropecuario. Tienen que ver con la humedad que haya a la hora de las heladas\u201d, detall\u00f3. Si el aire est\u00e1 muy seco favorece que se produzca una helada negra. Es como si quemara a las plantas.<\/p>\n\n\n\n<h2 class=\"wp-block-heading\">\u00bfLas heladas tienen diferentes or\u00edgenes?<\/h2>\n\n\n\n<p><img loading=\"lazy\" decoding=\"async\" alt=\"Adem\u00e1s de las heladas blancas o negras, tambi\u00e9n el fen\u00f3meno meteorol\u00f3gico se clasifica seg\u00fan el origen \n(iStock) \" height=\"1297\" width=\"1920\" class=\"\" src=\"https:\/\/www.infobae.com\/new-resizer\/8fToJv6ojOYH_8ozJ4wjuSjck8U=\/420x280\/filters:format(webp):quality(85)\/cloudfront-us-east-1.images.arcpublishing.com\/infobae\/73R3IPAXANCVPP6EMZJAFXHIUE.jpg%20420w\" srcset=\"https:\/\/www.infobae.com\/new-resizer\/8fToJv6ojOYH_8ozJ4wjuSjck8U=\/420x280\/filters:format(webp):quality(85)\/cloudfront-us-east-1.images.arcpublishing.com\/infobae\/73R3IPAXANCVPP6EMZJAFXHIUE.jpg 420w,https:\/\/www.infobae.com\/new-resizer\/vAfhTlkDTse44Ol74qhXRP2cO5k=\/768x512\/filters:format(webp):quality(85)\/cloudfront-us-east-1.images.arcpublishing.com\/infobae\/73R3IPAXANCVPP6EMZJAFXHIUE.jpg 768w,https:\/\/www.infobae.com\/new-resizer\/78ighYCZtZuPOhEBUeCGGeNqQYs=\/992x661\/filters:format(webp):quality(85)\/cloudfront-us-east-1.images.arcpublishing.com\/infobae\/73R3IPAXANCVPP6EMZJAFXHIUE.jpg 992w,https:\/\/www.infobae.com\/new-resizer\/JT7L8noKS6UA4ZHa9-RolVsk9q4=\/1200x800\/filters:format(webp):quality(85)\/cloudfront-us-east-1.images.arcpublishing.com\/infobae\/73R3IPAXANCVPP6EMZJAFXHIUE.jpg 1200w,https:\/\/www.infobae.com\/new-resizer\/TORmv8IDLubkcIohEiCiob4PGQQ=\/1440x960\/filters:format(webp):quality(85)\/cloudfront-us-east-1.images.arcpublishing.com\/infobae\/73R3IPAXANCVPP6EMZJAFXHIUE.jpg 1440w\">Adem\u00e1s de las heladas blancas o negras, tambi\u00e9n el fen\u00f3meno meteorol\u00f3gico se clasifica seg\u00fan el origen (iStock)<\/p>\n\n\n\n<p>S\u00ed. Cuando se clasifican por su origen, se llaman:<\/p>\n\n\n\n<ul class=\"wp-block-list\">\n<li>Radiativas<\/li>\n<\/ul>\n\n\n\n<p>Las heladas radiativas son las m\u00e1s comunes. Ocurren en noches despejadas y sin viento. Bajo esas condiciones, el suelo pierde energ\u00eda y se enfr\u00eda r\u00e1pidamente. As\u00ed disminuye la temperatura del aire que est\u00e1 sobre \u00e9l. En ausencia de viento, el aire no se mezcla, y como consecuencia las capas de aire que est\u00e1n cerca del suelo ser\u00e1n m\u00e1s fr\u00edas que las superiores, y esto favorece el desarrollo de las heladas.<\/p>\n\n\n\n<ul class=\"wp-block-list\">\n<li>Advectivas<\/li>\n<\/ul>\n\n\n\n<p><img loading=\"lazy\" decoding=\"async\" alt=\"Adem\u00e1s de nevadas, las heladas llamada &quot;advectivas&quot; son m\u00e1s frecuente en la Patagonia\/Gobierno de Chubut\" height=\"1080\" width=\"1920\" class=\"\" src=\"https:\/\/www.infobae.com\/new-resizer\/XqreAhyaJJGxqVlneU7mzEOxDJY=\/420x236\/filters:format(webp):quality(85)\/cloudfront-us-east-1.images.arcpublishing.com\/infobae\/YXXHD4YQH5A2RILUF2B2HSPUZU.jpg%20420w\" srcset=\"https:\/\/www.infobae.com\/new-resizer\/XqreAhyaJJGxqVlneU7mzEOxDJY=\/420x236\/filters:format(webp):quality(85)\/cloudfront-us-east-1.images.arcpublishing.com\/infobae\/YXXHD4YQH5A2RILUF2B2HSPUZU.jpg 420w,https:\/\/www.infobae.com\/new-resizer\/3f9jw25KzZ5v4r8cap_xLidn26A=\/768x432\/filters:format(webp):quality(85)\/cloudfront-us-east-1.images.arcpublishing.com\/infobae\/YXXHD4YQH5A2RILUF2B2HSPUZU.jpg 768w,https:\/\/www.infobae.com\/new-resizer\/5tYr2oLNWDnPPzpRxt8BDZtpaos=\/992x558\/filters:format(webp):quality(85)\/cloudfront-us-east-1.images.arcpublishing.com\/infobae\/YXXHD4YQH5A2RILUF2B2HSPUZU.jpg 992w,https:\/\/www.infobae.com\/new-resizer\/z8vDUC2b9R-YQ8Tzw5IbKJTCql8=\/1200x675\/filters:format(webp):quality(85)\/cloudfront-us-east-1.images.arcpublishing.com\/infobae\/YXXHD4YQH5A2RILUF2B2HSPUZU.jpg 1200w,https:\/\/www.infobae.com\/new-resizer\/ZlhtGRflqnXt6eOKKhcjrE8vy-Q=\/1440x810\/filters:format(webp):quality(85)\/cloudfront-us-east-1.images.arcpublishing.com\/infobae\/YXXHD4YQH5A2RILUF2B2HSPUZU.jpg 1440w\">Adem\u00e1s de nevadas, las heladas llamada &#8220;advectivas&#8221; son m\u00e1s frecuente en la Patagonia\/Gobierno de Chubut<\/p>\n\n\n\n<p>Las heladas advectivas est\u00e1n asociadas a ingresos a gran escala de aire fr\u00edo, que en general ya tiene temperaturas inferiores a cero grado. Se caracterizan por la presencia de viento, afectan \u00e1reas extensas y, a diferencia de las radiativas, la nubosidad no tiene gran influencia.<\/p>\n\n\n\n<p>Estas heladas pueden durar muchas horas e incluso continuar durante gran parte del d\u00eda. Es frecuente observar este tipo de heladas durante el invierno, en la&nbsp;<strong>Patagonia<\/strong>. .<\/p>\n\n\n\n<ul class=\"wp-block-list\">\n<li>Evaporativas<\/li>\n<\/ul>\n\n\n\n<p>Las heladas evaporativas ocurren luego de un evento de lluvias originadas por el pasaje de un frente fr\u00edo. En este caso, se presentan dos mecanismos que provocan enfriamiento: cambios en la masa de aire y evaporaci\u00f3n. Luego del frente, ingresa aire mucho m\u00e1s fr\u00edo, as\u00ed que las temperaturas comienzan a bajar.<\/p>\n\n\n\n<p>Este descenso se ve reforzado por la evaporaci\u00f3n de las gotas de la lluvia, ya que al pasar de estado l\u00edquido al gaseoso se requiere energ\u00eda que se obtendr\u00e1 a costa de quitarle calor al aire.<\/p>\n\n\n\n<p>Fuente: <a href=\"https:\/\/www.infobae.com\/salud\/ciencia\/2024\/07\/10\/heladas-negras-cuales-son-las-consecuencias-del-fenomeno-que-puede-generarse-por-la-extensa-ola-de-frio\/\">https:\/\/www.infobae.com\/salud\/ciencia\/2024\/07\/10\/heladas-negras-cuales-son-las-consecuencias-del-fenomeno-que-puede-generarse-por-la-extensa-ola-de-frio\/<\/a><\/p>\n","protected":false},"excerpt":{"rendered":"<p>La Argentina lleva varios d\u00edas de aire fr\u00edo intenso y con una gran expansi\u00f3n. C\u00f3mo repercuten las bajas temperaturas en la vegetaci\u00f3n Sobre el territorio de la\u00a0Argentina,\u00a0se extiende un sistema de baja\u00a0presi\u00f3n\u00a0en el sur de\u00a0Patagonia\u00a0que impulsa el aire fr\u00edo de zonas ant\u00e1rticas hacia el norte, que repercute con una ola de aire fr\u00edo que puede [&hellip;]<\/p>\n","protected":false},"author":3,"featured_media":1633,"comment_status":"open","ping_status":"open","sticky":false,"template":"","format":"standard","meta":{"footnotes":""},"categories":[8,12],"tags":[806,805],"class_list":["post-1632","post","type-post","status-publish","format-standard","has-post-thumbnail","hentry","category-medio-ambiente","category-sociedad","tag-frio-extremo","tag-helada-negra"],"_links":{"self":[{"href":"https:\/\/noticiassaludables.com.ar\/index.php?rest_route=\/wp\/v2\/posts\/1632","targetHints":{"allow":["GET"]}}],"collection":[{"href":"https:\/\/noticiassaludables.com.ar\/index.php?rest_route=\/wp\/v2\/posts"}],"about":[{"href":"https:\/\/noticiassaludables.com.ar\/index.php?rest_route=\/wp\/v2\/types\/post"}],"author":[{"embeddable":true,"href":"https:\/\/noticiassaludables.com.ar\/index.php?rest_route=\/wp\/v2\/users\/3"}],"replies":[{"embeddable":true,"href":"https:\/\/noticiassaludables.com.ar\/index.php?rest_route=%2Fwp%2Fv2%2Fcomments&post=1632"}],"version-history":[{"count":1,"href":"https:\/\/noticiassaludables.com.ar\/index.php?rest_route=\/wp\/v2\/posts\/1632\/revisions"}],"predecessor-version":[{"id":1634,"href":"https:\/\/noticiassaludables.com.ar\/index.php?rest_route=\/wp\/v2\/posts\/1632\/revisions\/1634"}],"wp:featuredmedia":[{"embeddable":true,"href":"https:\/\/noticiassaludables.com.ar\/index.php?rest_route=\/wp\/v2\/media\/1633"}],"wp:attachment":[{"href":"https:\/\/noticiassaludables.com.ar\/index.php?rest_route=%2Fwp%2Fv2%2Fmedia&parent=1632"}],"wp:term":[{"taxonomy":"category","embeddable":true,"href":"https:\/\/noticiassaludables.com.ar\/index.php?rest_route=%2Fwp%2Fv2%2Fcategories&post=1632"},{"taxonomy":"post_tag","embeddable":true,"href":"https:\/\/noticiassaludables.com.ar\/index.php?rest_route=%2Fwp%2Fv2%2Ftags&post=1632"}],"curies":[{"name":"wp","href":"https:\/\/api.w.org\/{rel}","templated":true}]}}