{"id":1641,"date":"2024-07-12T11:37:28","date_gmt":"2024-07-12T14:37:28","guid":{"rendered":"https:\/\/noticiassaludables.com.ar\/?p=1641"},"modified":"2024-07-12T11:37:28","modified_gmt":"2024-07-12T14:37:28","slug":"la-orquesta-del-tango-de-buenos-aires-realiza-un-bandoneonazo","status":"publish","type":"post","link":"https:\/\/noticiassaludables.com.ar\/?p=1641","title":{"rendered":"La Orquesta del Tango de Buenos Aires realiza un \u201cBandoneonazo\u201d"},"content":{"rendered":"\n<p>El concierto con entrada gratuita se realiza desde las 13 hs. en la Sala Mart\u00edn Coronado, bajo la direcci\u00f3n de Juan Carlos Cuacci y N\u00e9stor Marconi, con un repertorio de Piazzolla y muchos cl\u00e1sicos<\/p>\n\n\n\n<p>Este viernes 12, la\u00a0<strong>Orquesta del Tango de Buenos Aires<\/strong>, bajo la batuta de\u00a0<strong>Juan Carlos Cuacci<\/strong>\u00a0y\u00a0<strong>N\u00e9stor Marconi<\/strong>, presentar\u00e1\u00a0<em><strong>Bandoneonazo<\/strong><\/em>, un concierto especial en la Sala Mart\u00edn Coronado del Teatro San Mart\u00edn, situada en Av. Corrientes 1530. El espect\u00e1culo, que comenzar\u00e1 a las 13 horas, ofrecer\u00e1 un repertorio de grandes tangos de c\u00e9lebres compositores bandoneonistas.\u00a0<strong>La entrada es libre y gratuita<\/strong>, disponible por orden de llegada hasta completar la capacidad de la sala.<a href=\"https:\/\/www.infobae.com\/cultura\/2024\/07\/12\/carmen-vuelve-al-teatro-colon-luego-de-11-anos\/\" target=\"_blank\" rel=\"noreferrer noopener\"><\/a><\/p>\n\n\n\n<p>El evento incluir\u00e1 dos segmentos distintivos. El primero, dirigido por&nbsp;<strong>Juan Carlos Cuacci<\/strong>, contar\u00e1 con temas como \u201cMaipo\u201d de Eduardo Arolas y Gabriel Clausi, \u201cMargarita de Agosto\u201d de Ra\u00fal Garello, \u201cBandone\u00f3n\u201d (de la Suite troileana) de Astor Piazzolla, \u201cRomance del diablo\u201d de Piazzolla, y \u201cTanjuango\u201d de N\u00e9stor Marconi. En la segunda parte, dirigida por N\u00e9stor Marconi, se interpretar\u00e1n piezas como \u201cHomenaje al gordo\u201d de An\u00edbal Troilo, \u201cRosa de tango\u201d de Carlos Corrales, \u201cTaconeando\u201d de Pedro Maffia y Jos\u00e9 H. Staffolani, \u201cL\u2019atelier\u201d de Marconi, \u201cSelecci\u00f3n Juli\u00e1n Plaza\u201d y \u201cLa muerte del \u00e1ngel\u201d de Piazzolla.<\/p>\n\n\n\n<p>La\u00a0<strong>Orquesta del Tango de Buenos Aires<\/strong>\u00a0se destaca por su excelencia y trayectoria. Fundada inicialmente como una formaci\u00f3n t\u00edpica, integrada por piano, contrabajo, violines y bandoneones, ha evolucionado incorporando violonchelos, violas, clarinetes, flautas, oboes, guitarra el\u00e9ctrica y percusi\u00f3n, seg\u00fan las necesidades del repertorio. Desde sus primeros pasos, ha actuado en escenarios prestigiosos tanto locales como internacionales. Los primeros directores fueron Carlos Garc\u00eda y Ra\u00fal Garello, y actualmente la dirigen N\u00e9stor Marconi y Juan Carlos Cuacci.<a href=\"https:\/\/www.infobae.com\/cultura\/2024\/07\/12\/que-leer-esta-semana-isabel-allende-un-bestseller-inesperado-y-los-consejos-cotidianos-de-jorge-tartaglione\/\" target=\"_blank\" rel=\"noreferrer noopener\"><\/a><\/p>\n\n\n\n<p><img loading=\"lazy\" decoding=\"async\" alt=\"El repertorio incluye composiciones de \u00c1stor Piazzolla, Ra\u00fal Garello y An\u00edbal Troilo\" height=\"1080\" width=\"1920\" class=\"\" src=\"https:\/\/www.infobae.com\/new-resizer\/optNUwUtSgKHujzBAZ2Npd2SqpA=\/420x236\/filters:format(webp):quality(85)\/cloudfront-us-east-1.images.arcpublishing.com\/infobae\/CA2BCZWSCNCK7G3OBX7GX6FREU.jpg%20420w\" srcset=\"https:\/\/www.infobae.com\/new-resizer\/optNUwUtSgKHujzBAZ2Npd2SqpA=\/420x236\/filters:format(webp):quality(85)\/cloudfront-us-east-1.images.arcpublishing.com\/infobae\/CA2BCZWSCNCK7G3OBX7GX6FREU.jpg 420w,https:\/\/www.infobae.com\/new-resizer\/pihJVOTp4W54Gcqq8GCklz686eY=\/768x432\/filters:format(webp):quality(85)\/cloudfront-us-east-1.images.arcpublishing.com\/infobae\/CA2BCZWSCNCK7G3OBX7GX6FREU.jpg 768w,https:\/\/www.infobae.com\/new-resizer\/LVGt3YqAAdQlHbh3pnOY_248rlY=\/992x558\/filters:format(webp):quality(85)\/cloudfront-us-east-1.images.arcpublishing.com\/infobae\/CA2BCZWSCNCK7G3OBX7GX6FREU.jpg 992w,https:\/\/www.infobae.com\/new-resizer\/Vt_sHrd0-9noWP03_aumAJEueZY=\/1200x675\/filters:format(webp):quality(85)\/cloudfront-us-east-1.images.arcpublishing.com\/infobae\/CA2BCZWSCNCK7G3OBX7GX6FREU.jpg 1200w,https:\/\/www.infobae.com\/new-resizer\/HP9gvTye7irrrf_DFytzzZJMMag=\/1440x810\/filters:format(webp):quality(85)\/cloudfront-us-east-1.images.arcpublishing.com\/infobae\/CA2BCZWSCNCK7G3OBX7GX6FREU.jpg 1440w\">El repertorio incluye composiciones de \u00c1stor Piazzolla, Ra\u00fal Garello y An\u00edbal Troilo<\/p>\n\n\n\n<p>Entre los artistas invitados a lo largo de su historia figuran nombres reconocidos como&nbsp;<strong>Horacio Salg\u00e1n, Leopoldo Federico, Mariano Mores, Juli\u00e1n Plaza, Atilio Stampone, Osvaldo Piro, Jos\u00e9 Libertella, Osvaldo Requena, Roberto Goyeneche, Susana Rinaldi, Ra\u00fal Lavi\u00e9, Eladia Bl\u00e1zquez, Amelita Baltar y Horacio Ferrer<\/strong>. Adem\u00e1s de sus presentaciones, la orquesta realiza una labor educativa, acercando la m\u00fasica del tango a las escuelas del \u00e1mbito porte\u00f1o con conciertos did\u00e1cticos.<\/p>\n\n\n\n<p>En cuanto a reconocimientos, la orquesta ha recibido el&nbsp;<strong>Disco de Oro por \u201cEn vivo en el Col\u00f3n\u201d en el 2001<\/strong>&nbsp;y el&nbsp;<strong>Diploma al M\u00e9rito Fundaci\u00f3n Konex como Conjunto de Tango en 1995 y 2005<\/strong>. Adem\u00e1s, ha sido nominada a varios Grammy Latinos, incluyendo un&nbsp;<strong>Grammy Latino como Mejor \u00c1lbum de Tango en 2015<\/strong>&nbsp;y Premios Carlos Gardel como Mejor \u00c1lbum de Orquesta Instrumental en 2016 por su trabajo \u201cHomenaje a Astor Piazzolla\u201d. En el 2021, lanzaron el CD&nbsp;<strong>Homenaje a Carlos Garc\u00eda<\/strong>.<\/p>\n\n\n\n<p><a href=\"https:\/\/www.infobae.com\/cultura\/2024\/07\/11\/gratis-y-con-mas-de-300-actividades-esta-abierta-la-feria-del-libro-infantil-y-juvenil-de-buenos-aires\/\" target=\"_blank\" rel=\"noreferrer noopener\"><\/a><\/p>\n\n\n\n<p>El&nbsp;<strong>Teatro San Mart\u00edn<\/strong>&nbsp;es uno de los emblemas culturales de la Ciudad de Buenos Aires y forma parte del Complejo Teatral de Buenos Aires, que depende del Ministerio de Cultura de la Ciudad. La Sala Mart\u00edn Coronado es una de las salas principales y ha sido escenario de innumerables espect\u00e1culos de gran relevancia.<\/p>\n\n\n\n<p><img loading=\"lazy\" decoding=\"async\" alt=\"Los maestros Juan Carlos Cuacci y N\u00e9stor Marconi dirigir\u00e1n la orquesta\" height=\"1080\" width=\"1920\" class=\"\" src=\"https:\/\/www.infobae.com\/new-resizer\/sbMBZwQAWpDxz0qf03byPOHL38s=\/420x236\/filters:format(webp):quality(85)\/cloudfront-us-east-1.images.arcpublishing.com\/infobae\/RQR4HDUOSJGWFJVR5RNUVXOHFU.jpg%20420w\" srcset=\"https:\/\/www.infobae.com\/new-resizer\/sbMBZwQAWpDxz0qf03byPOHL38s=\/420x236\/filters:format(webp):quality(85)\/cloudfront-us-east-1.images.arcpublishing.com\/infobae\/RQR4HDUOSJGWFJVR5RNUVXOHFU.jpg 420w,https:\/\/www.infobae.com\/new-resizer\/YjaJf4AfsPmqznAqZ79uaG_W5eA=\/768x432\/filters:format(webp):quality(85)\/cloudfront-us-east-1.images.arcpublishing.com\/infobae\/RQR4HDUOSJGWFJVR5RNUVXOHFU.jpg 768w,https:\/\/www.infobae.com\/new-resizer\/GtMo-m4C9FaTnwDENHnuIuoB8Tg=\/992x558\/filters:format(webp):quality(85)\/cloudfront-us-east-1.images.arcpublishing.com\/infobae\/RQR4HDUOSJGWFJVR5RNUVXOHFU.jpg 992w,https:\/\/www.infobae.com\/new-resizer\/tRDlxVvrrpMJ4BCpS_K8IjBXXAI=\/1200x675\/filters:format(webp):quality(85)\/cloudfront-us-east-1.images.arcpublishing.com\/infobae\/RQR4HDUOSJGWFJVR5RNUVXOHFU.jpg 1200w,https:\/\/www.infobae.com\/new-resizer\/eM4JRD8cqB9Rfr9KijHbr9-rqbw=\/1440x810\/filters:format(webp):quality(85)\/cloudfront-us-east-1.images.arcpublishing.com\/infobae\/RQR4HDUOSJGWFJVR5RNUVXOHFU.jpg 1440w\">Los maestros Juan Carlos Cuacci y N\u00e9stor Marconi dirigir\u00e1n la orquesta<\/p>\n\n\n\n<p>Este concierto se enmarca dentro del D\u00eda del Bandone\u00f3n en Argentina que se celebra todos los 11 de julio&nbsp;<strong>en conmemoraci\u00f3n al nacimiento de An\u00edbal Troilo<\/strong>. El tanguero, que destac\u00f3 con este instrumento, naci\u00f3 esta misma fecha pero en 1914. El 13 de abril del 2000, la Legislatura de la Ciudad de Buenos Aires sancion\u00f3 la Ley 366, que decret\u00f3 el 11 de julio como el D\u00eda del Bandone\u00f3n. Cinco a\u00f1os despu\u00e9s, el 18 de mayo de 2005, el Congreso de la Naci\u00f3n declar\u00f3 esa fecha como el D\u00eda Nacional del Bandone\u00f3n al sancionar la Ley 26.035.<\/p>\n\n\n\n<p>Troilo, tambi\u00e9n conocido como \u201cPichuco\u201d, naci\u00f3 el 11 de julio de 1914 en Buenos Aires y es una figura indiscutible del bandone\u00f3n.\u00a0<strong>Fue un destacado compositor y director de orquesta de tango, famoso por su habilidad para experimentar nuevos sonidos<\/strong>\u00a0y por liderar las orquestas m\u00e1s importantes de su \u00e9poca.<\/p>\n\n\n\n<p>Fuente: <a href=\"https:\/\/www.infobae.com\/cultura\/2024\/07\/12\/la-orquesta-del-tango-de-buenos-aires-realiza-un-bandoneonazo-en-el-teatro-san-martin\/\">https:\/\/www.infobae.com\/cultura\/2024\/07\/12\/la-orquesta-del-tango-de-buenos-aires-realiza-un-bandoneonazo-en-el-teatro-san-martin\/<\/a><\/p>\n","protected":false},"excerpt":{"rendered":"<p>El concierto con entrada gratuita se realiza desde las 13 hs. en la Sala Mart\u00edn Coronado, bajo la direcci\u00f3n de Juan Carlos Cuacci y N\u00e9stor Marconi, con un repertorio de Piazzolla y muchos cl\u00e1sicos Este viernes 12, la\u00a0Orquesta del Tango de Buenos Aires, bajo la batuta de\u00a0Juan Carlos Cuacci\u00a0y\u00a0N\u00e9stor Marconi, presentar\u00e1\u00a0Bandoneonazo, un concierto especial en [&hellip;]<\/p>\n","protected":false},"author":3,"featured_media":1642,"comment_status":"open","ping_status":"open","sticky":false,"template":"","format":"standard","meta":{"footnotes":""},"categories":[11,3],"tags":[809,810],"class_list":["post-1641","post","type-post","status-publish","format-standard","has-post-thumbnail","hentry","category-agenda","category-principal","tag-bandoneonazo","tag-teatro-san-martin"],"_links":{"self":[{"href":"https:\/\/noticiassaludables.com.ar\/index.php?rest_route=\/wp\/v2\/posts\/1641","targetHints":{"allow":["GET"]}}],"collection":[{"href":"https:\/\/noticiassaludables.com.ar\/index.php?rest_route=\/wp\/v2\/posts"}],"about":[{"href":"https:\/\/noticiassaludables.com.ar\/index.php?rest_route=\/wp\/v2\/types\/post"}],"author":[{"embeddable":true,"href":"https:\/\/noticiassaludables.com.ar\/index.php?rest_route=\/wp\/v2\/users\/3"}],"replies":[{"embeddable":true,"href":"https:\/\/noticiassaludables.com.ar\/index.php?rest_route=%2Fwp%2Fv2%2Fcomments&post=1641"}],"version-history":[{"count":1,"href":"https:\/\/noticiassaludables.com.ar\/index.php?rest_route=\/wp\/v2\/posts\/1641\/revisions"}],"predecessor-version":[{"id":1643,"href":"https:\/\/noticiassaludables.com.ar\/index.php?rest_route=\/wp\/v2\/posts\/1641\/revisions\/1643"}],"wp:featuredmedia":[{"embeddable":true,"href":"https:\/\/noticiassaludables.com.ar\/index.php?rest_route=\/wp\/v2\/media\/1642"}],"wp:attachment":[{"href":"https:\/\/noticiassaludables.com.ar\/index.php?rest_route=%2Fwp%2Fv2%2Fmedia&parent=1641"}],"wp:term":[{"taxonomy":"category","embeddable":true,"href":"https:\/\/noticiassaludables.com.ar\/index.php?rest_route=%2Fwp%2Fv2%2Fcategories&post=1641"},{"taxonomy":"post_tag","embeddable":true,"href":"https:\/\/noticiassaludables.com.ar\/index.php?rest_route=%2Fwp%2Fv2%2Ftags&post=1641"}],"curies":[{"name":"wp","href":"https:\/\/api.w.org\/{rel}","templated":true}]}}