{"id":1645,"date":"2024-07-15T11:31:05","date_gmt":"2024-07-15T14:31:05","guid":{"rendered":"https:\/\/noticiassaludables.com.ar\/?p=1645"},"modified":"2024-07-15T11:31:06","modified_gmt":"2024-07-15T14:31:06","slug":"alertan-por-el-aumento-de-los-ninos-con-cero-dosis","status":"publish","type":"post","link":"https:\/\/noticiassaludables.com.ar\/?p=1645","title":{"rendered":"Alertan por el aumento de los ni\u00f1os con \u201ccero dosis\u201d"},"content":{"rendered":"\n<p>Unicef y la Organizaci\u00f3n Mundial de la Salud (OMS) advirtieron que las barreras en el acceso a la inmunizaci\u00f3n est\u00e1n contribuyendo a los brotes de sarampi\u00f3n y otras enfermedades prevenibles<\/p>\n\n\n\n<p>La\u00a0<a href=\"https:\/\/www.infobae.com\/tag\/vacunas\/\" target=\"_blank\" rel=\"noreferrer noopener\"><strong>vacunaci\u00f3n<\/strong><\/a>\u00a0evita que, en el mundo,\u00a0<strong>se produzcan entre 3,5 y 5 millones de muertes al a\u00f1o\u00a0<\/strong>por enfermedades como la<strong>\u00a0difteria, el t\u00e9tanos, la tos ferina, la gripe y el sarampi\u00f3n<\/strong>.<\/p>\n\n\n\n<p>Sin embargo, a\u00fan el acceso a la&nbsp;<a rel=\"noreferrer noopener\" href=\"https:\/\/www.infobae.com\/tag\/vacunacion\/\" target=\"_blank\">inmunizaci\u00f3n enfrenta barreras<\/a>. Una preocupaci\u00f3n es el problema de las&nbsp;<strong>ni\u00f1as y los ni\u00f1os \u201ccero dosis\u201d<\/strong>. Son chicas y chicos que no reciben una sola dosis de vacuna contra la difteria, el t\u00e9tanos y la tos ferina, y eso lo pone en&nbsp;<strong>riesgo de sufrir enfermedades que pueden ser prevenidas<\/strong>.<\/p>\n\n\n\n<p>De acuerdo al nuevo informe de la\u00a0<strong>Organizaci\u00f3n Mundial de la Salud (OMS)<\/strong>\u00a0y la<strong>\u00a0UNICEF<\/strong>, la cobertura mundial de inmunizaci\u00f3n infantil se estanc\u00f3 en\u00a0<strong>2023<\/strong>. Eso dej\u00f3 a<strong>\u00a02,7 millones de ni\u00f1os adicionales sin vacunar o subvacunados en comparaci\u00f3n con los niveles de 2019<\/strong>, antes de que se produjera la pandemia por el coronavirus.<\/p>\n\n\n\n<p>El a\u00f1o pasado, el n\u00famero de ni\u00f1os que recibieron tres dosis de la vacuna contra la difteria, el t\u00e9tanos y la tos ferina (DTP) se estanc\u00f3 en el&nbsp;<strong>84%<\/strong>. Es decir, fueron 108 millones que solo accedieron a esas dosis.<\/p>\n\n\n\n<p>Pero el n\u00famero de ni\u00f1os que no recibieron una sola dosis de la vacuna aument\u00f3 de 13,9 millones en 2022 a 14,5 millones en 2023.<\/p>\n\n\n\n<p>En la&nbsp;<strong>Argentina<\/strong>, la cobertura con la vacuna DTP contra la difteria, el t\u00e9tanos y la tos convulsa estaba en el 83% en el a\u00f1o 2019. Baj\u00f3 al 74% en 2020, subi\u00f3 luego al 84% en 2022 y&nbsp;<strong>volvi\u00f3 a caer al 64% el a\u00f1o pasado<\/strong>, seg\u00fan el&nbsp;<a rel=\"noreferrer noopener\" href=\"https:\/\/worldhealthorg.shinyapps.io\/wuenic-trends\/\" target=\"_blank\">informe<\/a>&nbsp;de OMS y Unicef.<\/p>\n\n\n\n<p>En cambio, en pa\u00edses como&nbsp;<strong>M\u00e9xico<\/strong>&nbsp;la cobertura mejor\u00f3. En 2019 la cobertura de la vacuna DTP alcanzaba al 82% de la poblaci\u00f3n que tiene que recibir. Baj\u00f3 al 72% en 2020. Al a\u00f1o siguiente se empez\u00f3 a recuperar y alcanz\u00f3 el 85% el a\u00f1o pasado. En el caso de&nbsp;<strong>Colombia<\/strong>, tambi\u00e9n ha ido mejorando: la cobertura baj\u00f3 al 88% en 2020 y se fue recuperando hasta llegar al 90% el a\u00f1o pasado.<\/p>\n\n\n\n<p>\u201cLas \u00faltimas tendencias demuestran que muchos pa\u00edses siguen&nbsp;<strong>dejando de lado a demasiados ni\u00f1os<\/strong>\u201d, afirm\u00f3 la directora ejecutiva de Unicef,&nbsp;<strong>Catherine Russell<\/strong>.<\/p>\n\n\n\n<p>La experta precis\u00f3 c\u00f3mo deber\u00eda facilitarse la vacunaci\u00f3n masiva. \u201cCerrar la brecha de inmunizaci\u00f3n requiere un esfuerzo global, en el que los gobiernos, los socios y los l\u00edderes locales inviertan en atenci\u00f3n primaria de salud y trabajadores comunitarios para garantizar que todos los ni\u00f1os sean vacunados y que se fortalezca la atenci\u00f3n m\u00e9dica en general\u201d.<\/p>\n\n\n\n<h2 class=\"wp-block-heading\">D\u00f3nde viven los chicos \u201ccero dosis\u201d<\/h2>\n\n\n\n<p><img loading=\"lazy\" decoding=\"async\" alt=\"La directora ejecutiva de UNICEF Catherine Russell dijo que se deber\u00eda &quot;cerrar la brecha de inmunizaci\u00f3n&quot; para que no haya ni\u00f1os sin vacunas (EFE\/ Lenin Nolly)\n\" height=\"4491\" width=\"6737\" class=\"\" src=\"https:\/\/www.infobae.com\/new-resizer\/kOw9OHTUJs7W3PAX1fqxXKymg2g=\/420x280\/filters:format(webp):quality(85)\/cloudfront-us-east-1.images.arcpublishing.com\/infobae\/W2LUNZYLFRALDFPHTAAJEKGTUM.jpg%20420w\" srcset=\"https:\/\/www.infobae.com\/new-resizer\/kOw9OHTUJs7W3PAX1fqxXKymg2g=\/420x280\/filters:format(webp):quality(85)\/cloudfront-us-east-1.images.arcpublishing.com\/infobae\/W2LUNZYLFRALDFPHTAAJEKGTUM.jpg 420w,https:\/\/www.infobae.com\/new-resizer\/dRPYwbI5ts8DfQqhzVkmoUBg-Fk=\/768x512\/filters:format(webp):quality(85)\/cloudfront-us-east-1.images.arcpublishing.com\/infobae\/W2LUNZYLFRALDFPHTAAJEKGTUM.jpg 768w,https:\/\/www.infobae.com\/new-resizer\/JdaPmw9Fq6CRsaPGL1Qtiz3aLSU=\/992x661\/filters:format(webp):quality(85)\/cloudfront-us-east-1.images.arcpublishing.com\/infobae\/W2LUNZYLFRALDFPHTAAJEKGTUM.jpg 992w,https:\/\/www.infobae.com\/new-resizer\/il3I76Bai8FPbQJz3tyDjlV6T4U=\/1200x800\/filters:format(webp):quality(85)\/cloudfront-us-east-1.images.arcpublishing.com\/infobae\/W2LUNZYLFRALDFPHTAAJEKGTUM.jpg 1200w,https:\/\/www.infobae.com\/new-resizer\/AQ0gxGdyrMfvo89oHf7xRUVc8-U=\/1440x960\/filters:format(webp):quality(85)\/cloudfront-us-east-1.images.arcpublishing.com\/infobae\/W2LUNZYLFRALDFPHTAAJEKGTUM.jpg 1440w\">La directora ejecutiva de UNICEF Catherine Russell dijo que se deber\u00eda &#8220;cerrar la brecha de inmunizaci\u00f3n&#8221; para que no haya ni\u00f1os sin vacunas (EFE\/ Lenin Nolly)<\/p>\n\n\n\n<p>El informe dio detalles sobre qui\u00e9n son los ni\u00f1os \u201c<strong>cero dosis<\/strong>\u201d hoy. M\u00e1s de la mitad de los ni\u00f1os no vacunados viven en 31 pa\u00edses con situaciones fr\u00e1giles, vulnerables y afectados por conflictos. Est\u00e1n en riesgo de sufrir enfermedades prevenibles como consecuencia de las interrupciones y la falta de acceso a servicios de seguridad, nutrici\u00f3n y salud.<\/p>\n\n\n\n<p>Otro dato: 6,5 millones de ni\u00f1os no completaron su tercera dosis de la vacuna DTP, necesaria para lograr la protecci\u00f3n contra enfermedades en la infancia y la primera infancia.<\/p>\n\n\n\n<p>Los datos surgen del informe que la&nbsp;<strong>OMS<\/strong>&nbsp;y&nbsp;<strong>UNICEF<\/strong>&nbsp;realizan sobre la cobertura nacional de inmunizaci\u00f3n (WUENIC), y da cuenta de las tendencias de inmunizaci\u00f3n para 14 enfermedades.<\/p>\n\n\n\n<p>La tendencia muestra que la cobertura mundial de inmunizaci\u00f3n se ha mantenido pr\u00e1cticamente sin cambios desde 2022 y, \u201clo que es m\u00e1s alarmante, a\u00fan no ha regresado a los niveles de 2019\u2033, se\u00f1alaron en un comunicado conjunto.<\/p>\n\n\n\n<h2 class=\"wp-block-heading\">Hay riesgo de brotes por sarampi\u00f3n<\/h2>\n\n\n\n<p><img loading=\"lazy\" decoding=\"async\" alt=\"La cobertura de la vacunaci\u00f3n contra el sarampi\u00f3n no es \u00f3ptima y eso hace que la infecci\u00f3n viral se contin\u00fae propagando y generando brotes\n(Getty Images)\" height=\"1280\" width=\"1920\" class=\"\" src=\"https:\/\/www.infobae.com\/new-resizer\/XlESUlVmtCv14f62o-pUyeAshIA=\/420x280\/filters:format(webp):quality(85)\/cloudfront-us-east-1.images.arcpublishing.com\/infobae\/4EBTKJOWYNHTTPSPIPVFQLLFHE.jpg%20420w\" srcset=\"https:\/\/www.infobae.com\/new-resizer\/XlESUlVmtCv14f62o-pUyeAshIA=\/420x280\/filters:format(webp):quality(85)\/cloudfront-us-east-1.images.arcpublishing.com\/infobae\/4EBTKJOWYNHTTPSPIPVFQLLFHE.jpg 420w,https:\/\/www.infobae.com\/new-resizer\/QK1dE6EjpYgwEOJ45QcLXPQVA6Y=\/768x512\/filters:format(webp):quality(85)\/cloudfront-us-east-1.images.arcpublishing.com\/infobae\/4EBTKJOWYNHTTPSPIPVFQLLFHE.jpg 768w,https:\/\/www.infobae.com\/new-resizer\/fCNtNxBwZP8lLgc-3nROQmXlBak=\/992x661\/filters:format(webp):quality(85)\/cloudfront-us-east-1.images.arcpublishing.com\/infobae\/4EBTKJOWYNHTTPSPIPVFQLLFHE.jpg 992w,https:\/\/www.infobae.com\/new-resizer\/goM8INBPL7iBiKyJEGa60_Vt4qM=\/1200x800\/filters:format(webp):quality(85)\/cloudfront-us-east-1.images.arcpublishing.com\/infobae\/4EBTKJOWYNHTTPSPIPVFQLLFHE.jpg 1200w,https:\/\/www.infobae.com\/new-resizer\/4WmFw6KiTjYvg91bR2LZRqPsGz4=\/1440x960\/filters:format(webp):quality(85)\/cloudfront-us-east-1.images.arcpublishing.com\/infobae\/4EBTKJOWYNHTTPSPIPVFQLLFHE.jpg 1440w\">La cobertura de la vacunaci\u00f3n contra el sarampi\u00f3n no es \u00f3ptima y eso hace que la infecci\u00f3n viral se contin\u00fae propagando y generando brotes (Getty Images)<\/p>\n\n\n\n<p>La falta de acceso a la inmunizaci\u00f3n ya tiene consecuencias para la salud p\u00fablica. Una de ellas es el desarrollo de brotes de sarampi\u00f3n, la infecci\u00f3n viral altamente contagiosa que puede ser prevenida con vacunas.<\/p>\n\n\n\n<p>Se detect\u00f3 que las tasas de vacunaci\u00f3n contra la mortal enfermedad del sarampi\u00f3n se estancaron y eso dej\u00f3 a casi 35 millones de ni\u00f1os sin protecci\u00f3n o s\u00f3lo parcialmente.<\/p>\n\n\n\n<p>En 2023, solo el 83% de los ni\u00f1os en todo el mundo recibieron su primera dosis de la vacuna contra el sarampi\u00f3n a trav\u00e9s de servicios de salud de rutina.<\/p>\n\n\n\n<p>Mientras que el n\u00famero de ni\u00f1os que recibieron su segunda dosis aument\u00f3 modestamente con respecto al a\u00f1o anterior, alcanzando el 74% de los ni\u00f1os. Estas cifras no alcanzan la cobertura del 95% necesaria para prevenir brotes, evitar enfermedades y muertes innecesarias y alcanzar los objetivos de eliminaci\u00f3n del sarampi\u00f3n.<\/p>\n\n\n\n<p><strong>En los \u00faltimos cinco a\u00f1os, los brotes de sarampi\u00f3n afectaron a 103 pa\u00edses<\/strong>, donde viven aproximadamente las tres cuartas partes de los beb\u00e9s del mundo.<\/p>\n\n\n\n<p>La baja cobertura de vacunaci\u00f3n (80% o menos) fue un factor importante. Por el contrario,&nbsp;<strong>91 pa\u00edses con una fuerte cobertura de vacunaci\u00f3n contra el sarampi\u00f3n no experimentaron brotes.<\/strong><\/p>\n\n\n\n<p><img loading=\"lazy\" decoding=\"async\" alt=\"Los brotes de sarampi\u00f3n afectaron a 103 pa\u00edses durante los \u00faltimos 5 a\u00f1os. All\u00ed viven aproximadamente las tres cuartas partes de los beb\u00e9s del mundo. La infecci\u00f3n puede ser mortal\/ REUTERS\/Edward McAllister\" height=\"1422\" width=\"2048\" class=\"\" src=\"https:\/\/www.infobae.com\/new-resizer\/JzWt_FJCUJObTgCklNMF4TZJeog=\/420x280\/filters:format(webp):quality(85)\/cloudfront-us-east-1.images.arcpublishing.com\/infobae\/POUROYOX26X7GJFRPQ2KMP6RY4.jpg%20420w\" srcset=\"https:\/\/www.infobae.com\/new-resizer\/JzWt_FJCUJObTgCklNMF4TZJeog=\/420x280\/filters:format(webp):quality(85)\/cloudfront-us-east-1.images.arcpublishing.com\/infobae\/POUROYOX26X7GJFRPQ2KMP6RY4.jpg 420w,https:\/\/www.infobae.com\/new-resizer\/IqStgqN0pFj3V1NENxL2whf2puI=\/768x512\/filters:format(webp):quality(85)\/cloudfront-us-east-1.images.arcpublishing.com\/infobae\/POUROYOX26X7GJFRPQ2KMP6RY4.jpg 768w,https:\/\/www.infobae.com\/new-resizer\/F-bZIP8M0t-9TFUXMNgCvagw3a8=\/992x661\/filters:format(webp):quality(85)\/cloudfront-us-east-1.images.arcpublishing.com\/infobae\/POUROYOX26X7GJFRPQ2KMP6RY4.jpg 992w,https:\/\/www.infobae.com\/new-resizer\/a3JsvOI7omsMyfcyJjP7Uh2yMdE=\/1200x800\/filters:format(webp):quality(85)\/cloudfront-us-east-1.images.arcpublishing.com\/infobae\/POUROYOX26X7GJFRPQ2KMP6RY4.jpg 1200w,https:\/\/www.infobae.com\/new-resizer\/1t4qMr0xsnkuqaI-VB5TcjPnFFU=\/1440x960\/filters:format(webp):quality(85)\/cloudfront-us-east-1.images.arcpublishing.com\/infobae\/POUROYOX26X7GJFRPQ2KMP6RY4.jpg 1440w\">Los brotes de sarampi\u00f3n afectaron a 103 pa\u00edses durante los \u00faltimos 5 a\u00f1os. All\u00ed viven aproximadamente las tres cuartas partes de los beb\u00e9s del mundo. La infecci\u00f3n puede ser mortal\/ REUTERS\/Edward McAllister<\/p>\n\n\n\n<p>\u201cLos brotes de sarampi\u00f3n son el&nbsp;<strong>canario en la mina de carb\u00f3n,<\/strong>&nbsp;ya que exponen y explotan las deficiencias en la inmunizaci\u00f3n y afectan primero a los m\u00e1s vulnerables\u201d, afirm\u00f3 el doctor&nbsp;<strong>Tedros Adhanom Ghebreyesus<\/strong>, director general de la OMS.<\/p>\n\n\n\n<p>\u201cEste es un problema que tiene soluci\u00f3n. La vacuna contra el sarampi\u00f3n es barata y puede administrarse incluso en los lugares m\u00e1s dif\u00edciles. La OMS se compromete a trabajar con todos nuestros socios para ayudar a los pa\u00edses a cerrar estas brechas y proteger a los ni\u00f1os en mayor riesgo lo m\u00e1s r\u00e1pido posible\u201d, resalt\u00f3 el director.<\/p>\n\n\n\n<h2 class=\"wp-block-heading\">Qu\u00e9 pas\u00f3 con la vacunaci\u00f3n contra el virus del papiloma humano<\/h2>\n\n\n\n<p><img loading=\"lazy\" decoding=\"async\" alt=\"La vacuna contra el virus del papiloma humano sirve para prevenir verrugas genitales y diferentes c\u00e1nceres (UNAM)\" height=\"496\" width=\"751\" class=\"\" src=\"https:\/\/www.infobae.com\/new-resizer\/jFECyWnDLf54esQyU2l1K6lMaBQ=\/420x280\/filters:format(webp):quality(85)\/cloudfront-us-east-1.images.arcpublishing.com\/infobae\/B65D34X5R5EZVPXKWSSL4OVIII.jpg%20420w\" srcset=\"https:\/\/www.infobae.com\/new-resizer\/jFECyWnDLf54esQyU2l1K6lMaBQ=\/420x280\/filters:format(webp):quality(85)\/cloudfront-us-east-1.images.arcpublishing.com\/infobae\/B65D34X5R5EZVPXKWSSL4OVIII.jpg 420w,https:\/\/www.infobae.com\/new-resizer\/_6hK6_cldngoDnr1k1-4MJt9cm4=\/768x512\/filters:format(webp):quality(85)\/cloudfront-us-east-1.images.arcpublishing.com\/infobae\/B65D34X5R5EZVPXKWSSL4OVIII.jpg 768w,https:\/\/www.infobae.com\/new-resizer\/QOUIZFsrXCSVxf582pBHUyOs8zY=\/992x661\/filters:format(webp):quality(85)\/cloudfront-us-east-1.images.arcpublishing.com\/infobae\/B65D34X5R5EZVPXKWSSL4OVIII.jpg 992w,https:\/\/www.infobae.com\/new-resizer\/7kcxHjraVPQX0dvQlpPmas2WzbM=\/1200x800\/filters:format(webp):quality(85)\/cloudfront-us-east-1.images.arcpublishing.com\/infobae\/B65D34X5R5EZVPXKWSSL4OVIII.jpg 1200w,https:\/\/www.infobae.com\/new-resizer\/tnkN_pH6ZdsqQhsyCx9dQqzSlho=\/1440x960\/filters:format(webp):quality(85)\/cloudfront-us-east-1.images.arcpublishing.com\/infobae\/B65D34X5R5EZVPXKWSSL4OVIII.jpg 1440w\">La vacuna contra el virus del papiloma humano sirve para prevenir verrugas genitales y diferentes c\u00e1nceres (UNAM)<\/p>\n\n\n\n<p>La cobertura mundial de la vacuna contra el virus del papiloma humano (VPH en espa\u00f1ol o HPV en ingl\u00e9s) entre las ni\u00f1as aument\u00f3 sustancialmente.<\/p>\n\n\n\n<p>Por ejemplo, la proporci\u00f3n de ni\u00f1as adolescentes a nivel mundial que recibieron al menos una dosis de la vacuna contra el VPH, que brinda protecci\u00f3n contra el c\u00e1ncer de cuello uterino, aument\u00f3 del 20 % en 2022 al 27 % en 2023. Esto se debi\u00f3 en gran medida a las fuertes introducciones en los programas respaldados por Gavi. pa\u00edses como Bangladesh, Indonesia y Nigeria.<\/p>\n\n\n\n<p>El uso del esquema de vacuna contra el VPH de dosis \u00fanica tambi\u00e9n ayud\u00f3 a aumentar la cobertura de vacunaci\u00f3n.<\/p>\n\n\n\n<p>\u201cLa vacuna contra el VPH es una de las vacunas de mayor impacto en la cartera de Gavi, y es incre\u00edblemente alentador que ahora est\u00e9 llegando a m\u00e1s ni\u00f1as que nunca\u201d, expres\u00f3 la doctora Sania Nishtar, directora ejecutiva de Gavi, la Alianza para las Vacunas.<\/p>\n\n\n\n<p>\u201cCon las vacunas ahora disponibles Para m\u00e1s del 50% de las ni\u00f1as elegibles en los pa\u00edses africanos, tenemos mucho trabajo por hacer, pero hoy podemos ver que tenemos un camino claro para eliminar esta terrible enfermedad\u201d, afirm\u00f3.<\/p>\n\n\n\n<p><img loading=\"lazy\" decoding=\"async\" alt=\"A\u00fan hay falta de conciencia sobre la importancia de la inmunizaci\u00f3n contra el virus del papiloma humano\/  Getty\" height=\"1080\" width=\"1920\" class=\"\" src=\"https:\/\/www.infobae.com\/new-resizer\/bTeTGVyBCIRYSqfcV6qGjy1eslA=\/420x236\/filters:format(webp):quality(85)\/cloudfront-us-east-1.images.arcpublishing.com\/infobae\/M66C3KBKPZGFVABH5TUR7SKB6Q.jpg%20420w\" srcset=\"https:\/\/www.infobae.com\/new-resizer\/bTeTGVyBCIRYSqfcV6qGjy1eslA=\/420x236\/filters:format(webp):quality(85)\/cloudfront-us-east-1.images.arcpublishing.com\/infobae\/M66C3KBKPZGFVABH5TUR7SKB6Q.jpg 420w,https:\/\/www.infobae.com\/new-resizer\/HHNbwrJGkRgyfHrlYu08wYgk6nk=\/768x432\/filters:format(webp):quality(85)\/cloudfront-us-east-1.images.arcpublishing.com\/infobae\/M66C3KBKPZGFVABH5TUR7SKB6Q.jpg 768w,https:\/\/www.infobae.com\/new-resizer\/5jaHZp4ZLqoDPVdqB2uGDahHAC0=\/992x558\/filters:format(webp):quality(85)\/cloudfront-us-east-1.images.arcpublishing.com\/infobae\/M66C3KBKPZGFVABH5TUR7SKB6Q.jpg 992w,https:\/\/www.infobae.com\/new-resizer\/eo232nGJXWzcDZG2DMGdI8yZE8A=\/1200x675\/filters:format(webp):quality(85)\/cloudfront-us-east-1.images.arcpublishing.com\/infobae\/M66C3KBKPZGFVABH5TUR7SKB6Q.jpg 1200w,https:\/\/www.infobae.com\/new-resizer\/3fPhTfw0x6EhuYWKcdIrvstdzfI=\/1440x810\/filters:format(webp):quality(85)\/cloudfront-us-east-1.images.arcpublishing.com\/infobae\/M66C3KBKPZGFVABH5TUR7SKB6Q.jpg 1440w\">A\u00fan hay falta de conciencia sobre la importancia de la inmunizaci\u00f3n contra el virus del papiloma humano\/ Getty<\/p>\n\n\n\n<p>Sin embargo, la cobertura de la vacuna contra el VPH est\u00e1 muy por debajo del objetivo del 90% para eliminar el c\u00e1ncer de cuello uterino como problema de salud p\u00fablica, y llega solo al 56% de las adolescentes en los pa\u00edses de ingresos altos y al 23% en los pa\u00edses de ingresos bajos y medianos.<\/p>\n\n\n\n<p>Una encuesta reciente realizada a m\u00e1s de 400.000 usuarios de la plataforma digital de UNICEF para j\u00f3venes,&nbsp;<a href=\"https:\/\/hq_who_departmentofcommunications.cmail19.com\/t\/d-l-edtkdtd-jyyhchkhr-j\/\">U-Report<\/a>&nbsp;, revel\u00f3 que m\u00e1s del 75% desconoce o no est\u00e1 seguro de qu\u00e9 es el VPH. Esa situaci\u00f3n subraya la necesidad de que haya una mayor concientizaci\u00f3n sobre la infecci\u00f3n por ese pat\u00f3geno y una mejor accesibilidad a las vacunas.<\/p>\n\n\n\n<p>La infecci\u00f3n por el papilomavirus humano (VPH) es una infecci\u00f3n de transmisi\u00f3n sexual com\u00fan. Generalmente, la infecci\u00f3n suele desaparecer por s\u00ed sola, sin necesidad de tratamiento. Sin embargo, algunas infecciones pueden generar verrugas genitales y hasta la aparici\u00f3n de c\u00e9lulas anormales, que se acaban transformando en c\u00e1ncer. La vacunaci\u00f3n por VPH puede prevenir los c\u00e1nceres.<\/p>\n\n\n\n<p>Cuando a los usuarios de la plataforma digital se les inform\u00f3 sobre el virus, su relaci\u00f3n con el c\u00e1ncer y la existencia de una vacuna, el 52% de los encuestados indicaron que quer\u00edan recibir la vacuna contra el VPH. Pero se ven obstaculizados por limitaciones financieras (41%) y falta de disponibilidad (34%).<\/p>\n\n\n\n<p>Si bien ha habido avances modestos en algunas regiones, incluida la regi\u00f3n africana y los pa\u00edses de bajos ingresos, las \u00faltimas estimaciones resaltan la necesidad de acelerar los esfuerzos para cumplir los objetivos de la\u00a0<strong>Agenda de Inmunizaci\u00f3n 2030<\/strong>\u00a0(<strong>IA2030<\/strong>) de una cobertura del 90% y no m\u00e1s de 6,5 millones de personas. ni\u00f1os que recibir\u00e1n \u201cdosis cero\u201d en todo el mundo para 2030.<\/p>\n\n\n\n<p>Fuente: <a href=\"https:\/\/www.infobae.com\/salud\/2024\/07\/15\/las-tasas-de-vacunacion-infantil-se-estancan-en-el-mundo-y-alertan-por-el-aumento-de-ninos-cero-dosis\/\">https:\/\/www.infobae.com\/salud\/2024\/07\/15\/las-tasas-de-vacunacion-infantil-se-estancan-en-el-mundo-y-alertan-por-el-aumento-de-ninos-cero-dosis\/<\/a><\/p>\n","protected":false},"excerpt":{"rendered":"<p>Unicef y la Organizaci\u00f3n Mundial de la Salud (OMS) advirtieron que las barreras en el acceso a la inmunizaci\u00f3n est\u00e1n contribuyendo a los brotes de sarampi\u00f3n y otras enfermedades prevenibles La\u00a0vacunaci\u00f3n\u00a0evita que, en el mundo,\u00a0se produzcan entre 3,5 y 5 millones de muertes al a\u00f1o\u00a0por enfermedades como la\u00a0difteria, el t\u00e9tanos, la tos ferina, la gripe [&hellip;]<\/p>\n","protected":false},"author":3,"featured_media":1646,"comment_status":"open","ping_status":"open","sticky":false,"template":"","format":"standard","meta":{"footnotes":""},"categories":[3,5,10],"tags":[209,326,811,471],"class_list":["post-1645","post","type-post","status-publish","format-standard","has-post-thumbnail","hentry","category-principal","category-salud","category-tendencia","tag-ninos","tag-oms","tag-unicef","tag-vacunas"],"_links":{"self":[{"href":"https:\/\/noticiassaludables.com.ar\/index.php?rest_route=\/wp\/v2\/posts\/1645","targetHints":{"allow":["GET"]}}],"collection":[{"href":"https:\/\/noticiassaludables.com.ar\/index.php?rest_route=\/wp\/v2\/posts"}],"about":[{"href":"https:\/\/noticiassaludables.com.ar\/index.php?rest_route=\/wp\/v2\/types\/post"}],"author":[{"embeddable":true,"href":"https:\/\/noticiassaludables.com.ar\/index.php?rest_route=\/wp\/v2\/users\/3"}],"replies":[{"embeddable":true,"href":"https:\/\/noticiassaludables.com.ar\/index.php?rest_route=%2Fwp%2Fv2%2Fcomments&post=1645"}],"version-history":[{"count":1,"href":"https:\/\/noticiassaludables.com.ar\/index.php?rest_route=\/wp\/v2\/posts\/1645\/revisions"}],"predecessor-version":[{"id":1647,"href":"https:\/\/noticiassaludables.com.ar\/index.php?rest_route=\/wp\/v2\/posts\/1645\/revisions\/1647"}],"wp:featuredmedia":[{"embeddable":true,"href":"https:\/\/noticiassaludables.com.ar\/index.php?rest_route=\/wp\/v2\/media\/1646"}],"wp:attachment":[{"href":"https:\/\/noticiassaludables.com.ar\/index.php?rest_route=%2Fwp%2Fv2%2Fmedia&parent=1645"}],"wp:term":[{"taxonomy":"category","embeddable":true,"href":"https:\/\/noticiassaludables.com.ar\/index.php?rest_route=%2Fwp%2Fv2%2Fcategories&post=1645"},{"taxonomy":"post_tag","embeddable":true,"href":"https:\/\/noticiassaludables.com.ar\/index.php?rest_route=%2Fwp%2Fv2%2Ftags&post=1645"}],"curies":[{"name":"wp","href":"https:\/\/api.w.org\/{rel}","templated":true}]}}