{"id":1670,"date":"2024-07-17T11:17:58","date_gmt":"2024-07-17T14:17:58","guid":{"rendered":"https:\/\/noticiassaludables.com.ar\/?p=1670"},"modified":"2024-07-17T11:20:25","modified_gmt":"2024-07-17T14:20:25","slug":"vacaciones-de-invierno","status":"publish","type":"post","link":"https:\/\/noticiassaludables.com.ar\/?p=1670","title":{"rendered":"Vacaciones de invierno"},"content":{"rendered":"\n<p>Muchas familias aprovechan las dos semanas de receso invernal para tomarse unos d\u00edas de descanso. Qu\u00e9 recaudos hay que tomar antes y durante el viaje para evitar contratiempos<\/p>\n\n\n\n<p>Las\u00a0<strong>vacaciones de invierno\u00a0<\/strong>son un freno necesario para recuperar energ\u00edas de cara a lo que resta del a\u00f1o. Y si bien hay familias que prefieren quedarse en casa y evitar las aglomeraciones de gente caracter\u00edsticas de estas dos semanas en los principales destinos tur\u00edsticos, muchos eligen hacer una escapada para renovar el aire.<\/p>\n\n\n\n<p>Sin embargo, irse de viaje -con ni\u00f1os sobre todo- implica no solo prever algunas cuestiones, sino estar preparado para todo tipo de imprevistos que puedan surgir.<\/p>\n\n\n\n<h2 class=\"wp-block-heading\">Los recaudos que hay que tener antes de salir de viaje<\/h2>\n\n\n\n<p>Antes de iniciar el viaje, si est\u00e9 es en auto, el primer paso es asegurarse<strong>\u00a0que el veh\u00edculo est\u00e9 en perfectas condiciones<\/strong>\u00a0mec\u00e1nicas, cuente con todos los elementos de seguridad (como matafuegos, cinturones de seguridad y sistemas de retenci\u00f3n infantil) y tenga la documentaci\u00f3n en regla.<a href=\"https:\/\/www.infobae.com\/salud\/2024\/07\/17\/que-es-mas-saludable-desayunar-dulce-o-salado\/\" target=\"_blank\" rel=\"noreferrer noopener\"><\/a><\/p>\n\n\n\n<p><img loading=\"lazy\" decoding=\"async\" alt=\"Antes de salir a la ruta es necesario asegurarse que el auto est\u00e9 en buenas condiciones desde lo mec\u00e1nico y tener la documentaci\u00f3n en regla (Imagen ilustrativa Infobae)\" height=\"816\" width=\"1456\" class=\"\" src=\"https:\/\/www.infobae.com\/new-resizer\/s3zxk1-cnFePfrakoc9mcFkEEsc=\/420x236\/filters:format(webp):quality(85)\/cloudfront-us-east-1.images.arcpublishing.com\/infobae\/WE66KLIPIJBOVO7MMBY7ECEDSU.jpg%20420w\" srcset=\"https:\/\/www.infobae.com\/new-resizer\/s3zxk1-cnFePfrakoc9mcFkEEsc=\/420x236\/filters:format(webp):quality(85)\/cloudfront-us-east-1.images.arcpublishing.com\/infobae\/WE66KLIPIJBOVO7MMBY7ECEDSU.jpg 420w,https:\/\/www.infobae.com\/new-resizer\/0c7S1jMF2YrACuvKgQQ7INANjjo=\/768x432\/filters:format(webp):quality(85)\/cloudfront-us-east-1.images.arcpublishing.com\/infobae\/WE66KLIPIJBOVO7MMBY7ECEDSU.jpg 768w,https:\/\/www.infobae.com\/new-resizer\/FgVqa2NtjEYNbMCHEIf32OqdjvI=\/992x558\/filters:format(webp):quality(85)\/cloudfront-us-east-1.images.arcpublishing.com\/infobae\/WE66KLIPIJBOVO7MMBY7ECEDSU.jpg 992w,https:\/\/www.infobae.com\/new-resizer\/JSU1ejuYHQQ4w4TU5_id5ef08CA=\/1200x675\/filters:format(webp):quality(85)\/cloudfront-us-east-1.images.arcpublishing.com\/infobae\/WE66KLIPIJBOVO7MMBY7ECEDSU.jpg 1200w,https:\/\/www.infobae.com\/new-resizer\/_wHUvQUMa4AV1ow5J3S1poFvUq8=\/1440x810\/filters:format(webp):quality(85)\/cloudfront-us-east-1.images.arcpublishing.com\/infobae\/WE66KLIPIJBOVO7MMBY7ECEDSU.jpg 1440w\">Antes de salir a la ruta es necesario asegurarse que el auto est\u00e9 en buenas condiciones desde lo mec\u00e1nico y tener la documentaci\u00f3n en regla (Imagen ilustrativa Infobae)<\/p>\n\n\n\n<p>Luego, asegurarse de que el conductor descanse lo suficiente y desde ya evite el consumo de alcohol.&nbsp;<strong>Planificar el itinerario<\/strong>&nbsp;as\u00ed como paradas en el trayecto har\u00e1 que el recorrido sea m\u00e1s ameno para todos.<\/p>\n\n\n\n<p>Asimismo, gran parte del territorio argentino atraviesa una&nbsp;<strong>ola polar<\/strong>&nbsp;desde hace varios d\u00edas, y aunque el pron\u00f3stico indica que a fines de esta semana podr\u00edan mejorar las condiciones clim\u00e1ticas en varias regiones, en las zonas de alta monta\u00f1a, especialmente las que tienen centros de esqu\u00ed, seguir\u00e1n cayendo nevadas abundantes con las que deber\u00e1n convivir los turistas.<\/p>\n\n\n\n<p><a href=\"https:\/\/www.infobae.com\/salud\/2024\/07\/17\/estos-son-los-beneficios-para-la-salud-de-la-calabaza-uno-por-uno\/\" target=\"_blank\" rel=\"noreferrer noopener\"><\/a>En ese sentido, conviene asesorarse al llegar al destino sobre la necesidad de\u00a0<a href=\"https:\/\/www.infobae.com\/autos\/2024\/07\/16\/vacaciones-de-invierno-que-precauciones-deben-tomarse-para-manejar-en-rutas-con-nieve-y-hielo\/\" target=\"_blank\" rel=\"noreferrer noopener\">alquilar cadenas\u00a0<\/a>para conducir en algunas zonas, as\u00ed como estar atentos a las condiciones del clima a la hora de salir de excursi\u00f3n.<\/p>\n\n\n\n<h2 class=\"wp-block-heading\">Los problemas de salud a los que hay que prestar atenci\u00f3n<\/h2>\n\n\n\n<p><img loading=\"lazy\" decoding=\"async\" alt=\"Durante los meses de oto\u00f1o e invierno aumenta la circulaci\u00f3n de virus respiratorios en el hemisferio sur (Imagen ilustrativa Infobae)\" height=\"816\" width=\"1456\" class=\"\" src=\"https:\/\/www.infobae.com\/new-resizer\/ilvJUnjXGtJOkJejFtLdlzeH2wE=\/420x236\/filters:format(webp):quality(85)\/cloudfront-us-east-1.images.arcpublishing.com\/infobae\/RPDQUCNM2BBRBDB2W6EJWFQ7LA.jpg%20420w\" srcset=\"https:\/\/www.infobae.com\/new-resizer\/ilvJUnjXGtJOkJejFtLdlzeH2wE=\/420x236\/filters:format(webp):quality(85)\/cloudfront-us-east-1.images.arcpublishing.com\/infobae\/RPDQUCNM2BBRBDB2W6EJWFQ7LA.jpg 420w,https:\/\/www.infobae.com\/new-resizer\/z5ANEEdpOtGa9X20DqBAV9rfHKg=\/768x432\/filters:format(webp):quality(85)\/cloudfront-us-east-1.images.arcpublishing.com\/infobae\/RPDQUCNM2BBRBDB2W6EJWFQ7LA.jpg 768w,https:\/\/www.infobae.com\/new-resizer\/w3xWJHOTIeAsiwMWF-C2B8dT9BQ=\/992x558\/filters:format(webp):quality(85)\/cloudfront-us-east-1.images.arcpublishing.com\/infobae\/RPDQUCNM2BBRBDB2W6EJWFQ7LA.jpg 992w,https:\/\/www.infobae.com\/new-resizer\/tkAlnB0y1_esZfEqUkZpbNuSTXE=\/1200x675\/filters:format(webp):quality(85)\/cloudfront-us-east-1.images.arcpublishing.com\/infobae\/RPDQUCNM2BBRBDB2W6EJWFQ7LA.jpg 1200w,https:\/\/www.infobae.com\/new-resizer\/jvPGemqPsU7gMac8erQQBsX0Lh4=\/1440x810\/filters:format(webp):quality(85)\/cloudfront-us-east-1.images.arcpublishing.com\/infobae\/RPDQUCNM2BBRBDB2W6EJWFQ7LA.jpg 1440w\">Durante los meses de oto\u00f1o e invierno aumenta la circulaci\u00f3n de virus respiratorios en el hemisferio sur (Imagen ilustrativa Infobae)<\/p>\n\n\n\n<p>Acerca de las condiciones de salud que pueden afectar a las personas y podr\u00edan complicar las vacaciones, los especialistas instan a tener especial cuidado con:<\/p>\n\n\n\n<h3 class=\"wp-block-heading\">Virus respiratorios<\/h3>\n\n\n\n<p>Consultado por<strong>&nbsp;Infobae<\/strong>, el m\u00e9dico cl\u00ednico<strong>&nbsp;Ramiro Heredia&nbsp;<\/strong>(MN 117.882) del departamento de Medicina Interna del Hospital de Cl\u00ednicas Jos\u00e9 de San Mart\u00edn en Buenos Aires, explic\u00f3 que \u201cen regiones de clima templado como la Argentina, en \u00e9pocas de oto\u00f1o e invierno aumentan la circulaci\u00f3n de distintos virus respiratorios que causan infecciones agudas\u201d.<\/p>\n\n\n\n<p>Entre los virus que m\u00e1s impactan est\u00e1n el virus de la<strong>&nbsp;gripe<\/strong>&nbsp;o influenza, el&nbsp;<strong>SARS-CoV-2<\/strong>, que genera el COVID-19, el&nbsp;<strong>virus sincicial respiratorio&nbsp;<\/strong>-agente etiol\u00f3gico de infecciones respiratorias graves en ni\u00f1os peque\u00f1os y en adultos mayores- junto con otros virus como&nbsp;<strong>rinovirus<\/strong>, parainfluenza, etc.<\/p>\n\n\n\n<p>Para prevenir estas enfermedades, Heredia recomend\u00f3 \u201c<strong>tener la vacunaci\u00f3n al d\u00eda<\/strong>, fundamentalmente la antigripal y la vacunaci\u00f3n contra el COVID-19\u2033, adem\u00e1s de otras medidas que no deben perderse de vista en vacaciones, como \u201c<strong>ventilar<\/strong>&nbsp;frecuentemente los ambientes,&nbsp;<strong>el lavado frecuente de manos<\/strong>&nbsp;-con agua y jab\u00f3n o con soluciones a base de alcohol-, si una persona est\u00e1 con s\u00edntomas respiratorios&nbsp;<strong>toser o estornudar en el pliegue del codo&nbsp;<\/strong>y si alguna persona tiene s\u00edntoma de infecci\u00f3n respiratoria aguda, que trate de no compartir espacios comunes y eventualmente usar barbijo mientras este con s\u00edntomas para no contagiar\u201d.<\/p>\n\n\n\n<p><img loading=\"lazy\" decoding=\"async\" alt=\"Los destinos de playa y mar son muy elegidos en las vacaciones de invierno (Imagen Ilustrativa Infobae)\" height=\"816\" width=\"1456\" class=\"\" src=\"https:\/\/www.infobae.com\/new-resizer\/Flufll0gcNWaub7kCmusKJgLxV0=\/420x236\/filters:format(webp):quality(85)\/cloudfront-us-east-1.images.arcpublishing.com\/infobae\/BW4FTCKNZJBJROR7EHLXWLNCQM.png%20420w\" srcset=\"https:\/\/www.infobae.com\/new-resizer\/Flufll0gcNWaub7kCmusKJgLxV0=\/420x236\/filters:format(webp):quality(85)\/cloudfront-us-east-1.images.arcpublishing.com\/infobae\/BW4FTCKNZJBJROR7EHLXWLNCQM.png 420w,https:\/\/www.infobae.com\/new-resizer\/jhRD9vVX7H07ImGwHyR09jInyVU=\/768x432\/filters:format(webp):quality(85)\/cloudfront-us-east-1.images.arcpublishing.com\/infobae\/BW4FTCKNZJBJROR7EHLXWLNCQM.png 768w,https:\/\/www.infobae.com\/new-resizer\/27bU9y68Sakp2DuwetjZC7zMK-M=\/992x558\/filters:format(webp):quality(85)\/cloudfront-us-east-1.images.arcpublishing.com\/infobae\/BW4FTCKNZJBJROR7EHLXWLNCQM.png 992w,https:\/\/www.infobae.com\/new-resizer\/KVNRgWLo8mj3FhfgQszypnduZvY=\/1200x675\/filters:format(webp):quality(85)\/cloudfront-us-east-1.images.arcpublishing.com\/infobae\/BW4FTCKNZJBJROR7EHLXWLNCQM.png 1200w,https:\/\/www.infobae.com\/new-resizer\/RQbSFLY_9481NbkMiFGK9uU_5Fk=\/1440x810\/filters:format(webp):quality(85)\/cloudfront-us-east-1.images.arcpublishing.com\/infobae\/BW4FTCKNZJBJROR7EHLXWLNCQM.png 1440w\">Los destinos de playa y mar son muy elegidos en las vacaciones de invierno (Imagen Ilustrativa Infobae)<\/p>\n\n\n\n<h3 class=\"wp-block-heading\">Diarrea del viajero<\/h3>\n\n\n\n<p>Muchas familias aprovechan los meses de fr\u00edo en el hemisferio sur para viajar a destinos donde predomina el calor, como en muchos de Centroam\u00e9rica. Seg\u00fan Heredia, \u201cla&nbsp;<strong>diarrea del viajero<\/strong>&nbsp;es la patolog\u00eda aguda m\u00e1s frecuente en las personas que viajan, pudiendo afectar del 10 al 70% de esta poblaci\u00f3n\u201d.<\/p>\n\n\n\n<p>Es aquella que se desarrolla durante, o dentro de los diez d\u00edas de volver de un viaje de un lugar considerado como \u201cde recursos limitados\u201d. La mayor\u00eda de los microorganismos involucrados&nbsp;<strong>se transmiten por agua o comida contaminada.<\/strong><\/p>\n\n\n\n<p>Y tras destacar que \u201cla producen distintos microorganismos, incluidos bacterias, virus y par\u00e1sitos\u201d, sostuvo que \u201clas bacterias son la causa m\u00e1s frecuente de diarrea del viajero aguda\u201d. Para el especialista, \u201cla estrategia m\u00e1s importante para prevenir la diarrea del viajero es seleccionar con prudencia las comidas y las bebidas durante el viaje\u201d.<\/p>\n\n\n\n<p>Y enumer\u00f3 las actividades relacionadas con un mayor riesgo de padecer diarrea del viajero:<\/p>\n\n\n\n<ul class=\"wp-block-list\">\n<li>Comprar comida en la calle.<\/li>\n\n\n\n<li>Viajar a visitar amigos o parientes.<\/li>\n\n\n\n<li>Hospedarse en lugares \u201call inclusive\u201d (con todo incluido).<\/li>\n\n\n\n<li>Viajar en estaciones c\u00e1lidas y\/o h\u00famedas (por ejemplo, en verano).<\/li>\n\n\n\n<li>Visitar lugares de clima tropical o subtropical.<\/li>\n<\/ul>\n\n\n\n<h2 class=\"wp-block-heading\">Los recaudos que hay que tener antes de viajar en avi\u00f3n<\/h2>\n\n\n\n<p><img loading=\"lazy\" decoding=\"async\" alt=\"Los viajes en avi\u00f3n suelen ser motivo de ansiedad en grandes y chicos por lo que anticiparse a todo lo que pueda pasar es de gran ayuda (EFE)\" height=\"430\" width=\"767\" class=\"\" src=\"https:\/\/www.infobae.com\/new-resizer\/nmcaSis6q1WZnpd15mHJX_HPnHA=\/420x236\/filters:format(webp):quality(85)\/cloudfront-us-east-1.images.arcpublishing.com\/infobae\/LTMF4LTZ7NGQNFCA3TW5TINDEU.jpg%20420w\" srcset=\"https:\/\/www.infobae.com\/new-resizer\/nmcaSis6q1WZnpd15mHJX_HPnHA=\/420x236\/filters:format(webp):quality(85)\/cloudfront-us-east-1.images.arcpublishing.com\/infobae\/LTMF4LTZ7NGQNFCA3TW5TINDEU.jpg 420w,https:\/\/www.infobae.com\/new-resizer\/ylIzBNEHSdZaZEGKoUiiDUydPcM=\/768x432\/filters:format(webp):quality(85)\/cloudfront-us-east-1.images.arcpublishing.com\/infobae\/LTMF4LTZ7NGQNFCA3TW5TINDEU.jpg 768w,https:\/\/www.infobae.com\/new-resizer\/Pn-dafgVgGlq9WlAkhPjkqjSfvc=\/992x558\/filters:format(webp):quality(85)\/cloudfront-us-east-1.images.arcpublishing.com\/infobae\/LTMF4LTZ7NGQNFCA3TW5TINDEU.jpg 992w,https:\/\/www.infobae.com\/new-resizer\/s0HI0Ol2OZi6DKvSGSRZJSgliQA=\/1200x675\/filters:format(webp):quality(85)\/cloudfront-us-east-1.images.arcpublishing.com\/infobae\/LTMF4LTZ7NGQNFCA3TW5TINDEU.jpg 1200w,https:\/\/www.infobae.com\/new-resizer\/8Q3i_rYaGLu5EPzFu6kdawvp3sk=\/1440x810\/filters:format(webp):quality(85)\/cloudfront-us-east-1.images.arcpublishing.com\/infobae\/LTMF4LTZ7NGQNFCA3TW5TINDEU.jpg 1440w\">Los viajes en avi\u00f3n suelen ser motivo de ansiedad en grandes y chicos por lo que anticiparse a todo lo que pueda pasar es de gran ayuda (EFE)<\/p>\n\n\n\n<p>Tal como qued\u00f3 en claro, viajar con ni\u00f1os representa retos especiales, porque rompe con la rutina familiar e impone nuevas exigencias. En el caso de un<strong>&nbsp;viaje en avi\u00f3n<\/strong>, que en general se planea con anticipaci\u00f3n, es ideal hacerlos participar de los preparativos para ayudarlos a reducir la ansiedad, y por qu\u00e9 no, disipar alg\u00fan temor.<\/p>\n\n\n\n<p>Para el momento del viaje en s\u00ed mismo, los especialistas recomiendan tener en cuenta algunas consideraciones:<\/p>\n\n\n\n<ul class=\"wp-block-list\">\n<li><strong>Llevar refrigerios y alimentos familiares.<\/strong>\u00a0Esto es \u00fatil en caso de que las comidas se retrasen o no sean del agrado del ni\u00f1o. Las galletitas que suelen comer en casa, fruta, cereales e incluso queso en fetas son buenas opciones.<\/li>\n\n\n\n<li><strong>Incluir leche maternizada en el equipaje de mano.<\/strong>\u00a0Para beb\u00e9s en per\u00edodo de lactancia, el sitio MedlinePlus de la Biblioteca Nacional de Medicina de los Estados Unidos, aconsejaron llevar a mano la leche que acostumbre a consumir el peque\u00f1o en caso de no tomar pecho.<\/li>\n\n\n\n<li><strong>Prevenir el barotrauma.<\/strong>\u00a0As\u00ed se conoce al\u00a0<a href=\"https:\/\/www.infobae.com\/salud\/2024\/06\/15\/por-que-duelen-los-oidos-al-viajar-en-avion-y-como-evitarlo\/\" target=\"_blank\" rel=\"noreferrer noopener\">dolor o molestia en los o\u00eddos<\/a>\u00a0que algunas personas sufren en los viajes en avi\u00f3n, puntualmente durante el ascenso y descenso debido a los cambios de presi\u00f3n que suceden en la cabina. Para evitarlo o disminuir sus s\u00edntomas, los especialistas recomiendan dar de mamar -o mamadera- a los beb\u00e9s y ni\u00f1os peque\u00f1os a\u00fan en per\u00edodo de lactancia, y un chicle a los mayores. Asimismo, indicarles que simulen bostezar o deglutir tambi\u00e9n puede ser de ayuda.<\/li>\n\n\n\n<li><strong>Dormir har\u00e1 que el viaje sea m\u00e1s ameno.<\/strong>\u00a0El d\u00eda antes de partir es aconsejable despertar a los ni\u00f1os m\u00e1s temprano que lo habitual o dejarlos quedarse despiertos hasta un poco m\u00e1s tarde para que tengan sue\u00f1o durante el vuelo y se les haga m\u00e1s llevadero.<\/li>\n<\/ul>\n\n\n\n<p>Fuente: <a href=\"https:\/\/www.infobae.com\/salud\/2024\/07\/17\/vacaciones-de-invierno-cuidados-para-evitar-los-problemas-de-salud-mas-frecuentes-al-viajar\/\">https:\/\/www.infobae.com\/salud\/2024\/07\/17\/vacaciones-de-invierno-cuidados-para-evitar-los-problemas-de-salud-mas-frecuentes-al-viajar\/<\/a><\/p>\n","protected":false},"excerpt":{"rendered":"<p>Muchas familias aprovechan las dos semanas de receso invernal para tomarse unos d\u00edas de descanso. Qu\u00e9 recaudos hay que tomar antes y durante el viaje para evitar contratiempos Las\u00a0vacaciones de invierno\u00a0son un freno necesario para recuperar energ\u00edas de cara a lo que resta del a\u00f1o. Y si bien hay familias que prefieren quedarse en casa [&hellip;]<\/p>\n","protected":false},"author":3,"featured_media":1672,"comment_status":"open","ping_status":"open","sticky":false,"template":"","format":"standard","meta":{"footnotes":""},"categories":[4,10],"tags":[820,803],"class_list":["post-1670","post","type-post","status-publish","format-standard","has-post-thumbnail","hentry","category-bienestar","category-tendencia","tag-cuidados","tag-vacaciones-de-invierno"],"_links":{"self":[{"href":"https:\/\/noticiassaludables.com.ar\/index.php?rest_route=\/wp\/v2\/posts\/1670","targetHints":{"allow":["GET"]}}],"collection":[{"href":"https:\/\/noticiassaludables.com.ar\/index.php?rest_route=\/wp\/v2\/posts"}],"about":[{"href":"https:\/\/noticiassaludables.com.ar\/index.php?rest_route=\/wp\/v2\/types\/post"}],"author":[{"embeddable":true,"href":"https:\/\/noticiassaludables.com.ar\/index.php?rest_route=\/wp\/v2\/users\/3"}],"replies":[{"embeddable":true,"href":"https:\/\/noticiassaludables.com.ar\/index.php?rest_route=%2Fwp%2Fv2%2Fcomments&post=1670"}],"version-history":[{"count":1,"href":"https:\/\/noticiassaludables.com.ar\/index.php?rest_route=\/wp\/v2\/posts\/1670\/revisions"}],"predecessor-version":[{"id":1671,"href":"https:\/\/noticiassaludables.com.ar\/index.php?rest_route=\/wp\/v2\/posts\/1670\/revisions\/1671"}],"wp:featuredmedia":[{"embeddable":true,"href":"https:\/\/noticiassaludables.com.ar\/index.php?rest_route=\/wp\/v2\/media\/1672"}],"wp:attachment":[{"href":"https:\/\/noticiassaludables.com.ar\/index.php?rest_route=%2Fwp%2Fv2%2Fmedia&parent=1670"}],"wp:term":[{"taxonomy":"category","embeddable":true,"href":"https:\/\/noticiassaludables.com.ar\/index.php?rest_route=%2Fwp%2Fv2%2Fcategories&post=1670"},{"taxonomy":"post_tag","embeddable":true,"href":"https:\/\/noticiassaludables.com.ar\/index.php?rest_route=%2Fwp%2Fv2%2Ftags&post=1670"}],"curies":[{"name":"wp","href":"https:\/\/api.w.org\/{rel}","templated":true}]}}