{"id":1679,"date":"2024-07-17T16:21:28","date_gmt":"2024-07-17T19:21:28","guid":{"rendered":"https:\/\/noticiassaludables.com.ar\/?p=1679"},"modified":"2026-02-09T11:41:11","modified_gmt":"2026-02-09T14:41:11","slug":"orillas-nuevas-convocatoria-que-promete-financiamiento-y-proyeccion-internacional-para-proyectos-culturales-de-argentina","status":"publish","type":"post","link":"https:\/\/noticiassaludables.com.ar\/?p=1679","title":{"rendered":"&#8220;Orillas Nuevas\u201d: convocatoria que promete financiamiento y proyecci\u00f3n internacional para proyectos culturales de Argentina"},"content":{"rendered":"\n<p><em>Apunta a artistas, gestores y productores culturales y est\u00e1 abierta hasta el 31 de julio<\/em><\/p>\n\n\n\n<p>La Fundaci\u00f3n Medife, en colaboraci\u00f3n con el Instituto Franc\u00e9s de Argentina y la Fundaci\u00f3n Williams, lanz\u00f3 el ambicioso proyecto &#8220;Orillas Nuevas&#8221;, una iniciativa destinada a revitalizar y apoyar a los productores culturales y creativos de Argentina. Este programa no solo ofrece financiamiento, sino tambi\u00e9n la oportunidad de internacionalizar los proyectos, estableciendo conexiones con socios en Francia.<\/p>\n\n\n\n<p>El certamen busca fomentar proyectos h\u00edbridos y transdisciplinarios que integren tecnolog\u00eda, innovaci\u00f3n, arquitectura y dise\u00f1o, formando parte de un ecosistema de industrias creativas y culturales.&nbsp;<\/p>\n\n\n\n<p>Otro aspecto novedoso de la convocatoria es que excede la mirada tradicional sobre las producciones art\u00edsticas al dirigirse no solo a creadores, sino tambi\u00e9n a gestores o personas que tengan un proyecto cultural con un criterio tan amplio y abarcativo que puede integrar incluso la Inteligencia Artificial.<\/p>\n\n\n\n<p>Daniela Guti\u00e9rrez, presidenta de la Fundaci\u00f3n Medife, explic\u00f3 que el objetivo principal de &#8220;Orillas Nuevas&#8221; es proporcionar vitalidad y recursos a las industrias creativas del pa\u00eds: &#8220;En Argentina, a nivel federal, necesitamos una inyecci\u00f3n de vitalidad y de inversi\u00f3n en darle \u00e1nimo y dinero a productores culturales, a la acci\u00f3n cultural, que ya existe, que ya se hace, que efectivamente tiene ideas maravillosas, producciones incre\u00edbles y much\u00edsimo talento, pero que necesita a lo mejor este empuj\u00f3n que este programa de apoyo, de financiamiento, pero tambi\u00e9n de internacionalizaci\u00f3n puede ofrecerles&#8221;.<\/p>\n\n\n\n<p>La convocatoria, abierta hasta el 31 de julio, ya recibi\u00f3 1.088 proyectos, de los cuales solo 30 ser\u00e1n preseleccionados por un jurado compuesto por cinco miembros de Francia y cuatro de Argentina, que se dar\u00e1n a conocer junto al anuncio de los resultados del concurso en el mes de agosto, para garantizar el m\u00e1ximo rigor y transparencia.<\/p>\n\n\n\n<p>Para aquellos interesados en participar, las bases y condiciones est\u00e1n disponibles en la p\u00e1gina web orillasnuevas.org. Este programa representa una oportunidad \u00fanica para que los gestores y creadores culturales de Argentina puedan llevar sus ideas a un escenario internacional, promoviendo as\u00ed el intercambio cultural y el crecimiento de las industrias creativas del pa\u00eds.<\/p>\n\n\n\n<p>Para m\u00e1s datos: orillasnuevas.org<\/p>\n","protected":false},"excerpt":{"rendered":"<p>Apunta a artistas, gestores y productores culturales y est\u00e1 abierta hasta el 31 de julio La Fundaci\u00f3n Medife, en colaboraci\u00f3n con el Instituto Franc\u00e9s de Argentina y la Fundaci\u00f3n Williams, lanz\u00f3 el ambicioso proyecto &#8220;Orillas Nuevas&#8221;, una iniciativa destinada a revitalizar y apoyar a los productores culturales y creativos de Argentina. Este programa no solo [&hellip;]<\/p>\n","protected":false},"author":3,"featured_media":1680,"comment_status":"open","ping_status":"open","sticky":false,"template":"","format":"standard","meta":{"footnotes":""},"categories":[4,12,10],"tags":[823,824],"class_list":["post-1679","post","type-post","status-publish","format-standard","has-post-thumbnail","hentry","category-bienestar","category-sociedad","category-tendencia","tag-orillas-nuevas","tag-fundacion-medife"],"_links":{"self":[{"href":"https:\/\/noticiassaludables.com.ar\/index.php?rest_route=\/wp\/v2\/posts\/1679","targetHints":{"allow":["GET"]}}],"collection":[{"href":"https:\/\/noticiassaludables.com.ar\/index.php?rest_route=\/wp\/v2\/posts"}],"about":[{"href":"https:\/\/noticiassaludables.com.ar\/index.php?rest_route=\/wp\/v2\/types\/post"}],"author":[{"embeddable":true,"href":"https:\/\/noticiassaludables.com.ar\/index.php?rest_route=\/wp\/v2\/users\/3"}],"replies":[{"embeddable":true,"href":"https:\/\/noticiassaludables.com.ar\/index.php?rest_route=%2Fwp%2Fv2%2Fcomments&post=1679"}],"version-history":[{"count":1,"href":"https:\/\/noticiassaludables.com.ar\/index.php?rest_route=\/wp\/v2\/posts\/1679\/revisions"}],"predecessor-version":[{"id":1681,"href":"https:\/\/noticiassaludables.com.ar\/index.php?rest_route=\/wp\/v2\/posts\/1679\/revisions\/1681"}],"wp:featuredmedia":[{"embeddable":true,"href":"https:\/\/noticiassaludables.com.ar\/index.php?rest_route=\/wp\/v2\/media\/1680"}],"wp:attachment":[{"href":"https:\/\/noticiassaludables.com.ar\/index.php?rest_route=%2Fwp%2Fv2%2Fmedia&parent=1679"}],"wp:term":[{"taxonomy":"category","embeddable":true,"href":"https:\/\/noticiassaludables.com.ar\/index.php?rest_route=%2Fwp%2Fv2%2Fcategories&post=1679"},{"taxonomy":"post_tag","embeddable":true,"href":"https:\/\/noticiassaludables.com.ar\/index.php?rest_route=%2Fwp%2Fv2%2Ftags&post=1679"}],"curies":[{"name":"wp","href":"https:\/\/api.w.org\/{rel}","templated":true}]}}