{"id":182,"date":"2023-10-31T10:29:34","date_gmt":"2023-10-31T13:29:34","guid":{"rendered":"https:\/\/noticiassaludables.com.ar\/?p=182"},"modified":"2023-10-31T10:29:34","modified_gmt":"2023-10-31T13:29:34","slug":"40-anos-de-democracia","status":"publish","type":"post","link":"https:\/\/noticiassaludables.com.ar\/?p=182","title":{"rendered":"40 a\u00f1os de Democracia"},"content":{"rendered":"\n<p>El Comit\u00e9 Nacional de la Uni\u00f3n C\u00edvica Radical (UCR) celebrar\u00e1 hoy en las plazas de todo el pa\u00eds el 40 aniversario del triunfo electoral que consagr\u00f3 presidente a Ra\u00fal Alfons\u00edn tras siete a\u00f1os de dictadura militar.<\/p>\n\n\n\n<p>En la ciudad de Buenos Aires, el acto se realizar\u00e1 a las 18.30 en la Plaza Estado del Vaticano, situada en el cruce de las calles Cerrito y Viamonte, a un lado del Teatro Col\u00f3n, en el centro porte\u00f1o.<\/p>\n\n\n\n<p>En el acto participar\u00e1n el presidente de la UCR, Gerardo Morales, y el senador Mart\u00edn Lousteau, adem\u00e1s de la titular del Comit\u00e9 Capital de la UCR, Mariela Coletta, y el exdiputado Marcelo Stubrin.<\/p>\n\n\n\n<p>En su convocatoria, el Comit\u00e9 Nacional del radicalismo inst\u00f3 a que en los actos no solamente se celebre aquel triunfo &#8220;de todos los argentinos&#8221;, sino que tambi\u00e9n representen &#8220;una oportunidad para pensar la Argentina que viene&#8221;.<\/p>\n\n\n\n<p>La UCR expres\u00f3 que el legado de Alfons\u00edn es &#8220;un ejercicio de memoria y un motivo de celebraci\u00f3n para ser transmitido de generaci\u00f3n en generaci\u00f3n&#8221; porque su Gobierno permiti\u00f3 la recuperaci\u00f3n de la libertad y la justicia.<\/p>\n\n\n\n<p>Desde el pasado 3 de octubre, el Comit\u00e9 Nacional de la UCR puso en marcha en todo el pa\u00eds una campa\u00f1a de difusi\u00f3n que procura destacar los aspectos m\u00e1s emotivos y destacados de la gesti\u00f3n de Alfons\u00edn, que se extendi\u00f3 entre 1983 y 1989.<\/p>\n\n\n\n<p>Esta convocatoria de la UCR se lleva a cabo en d\u00edas en que el partido define su estrategia electoral con miras al balotaje que el 19 de noviembre pr\u00f3ximo enfrentar\u00e1 al candidato de Uni\u00f3n por la Patria (UxP) y ministro de Econom\u00eda, Sergio Massa, y al postulante de La Libertad Avanza (LLA), Javier Milei.<\/p>\n\n\n\n<p>Las principales autoridades nacionales del radicalismo rechazaron la semana pasada el apoyo pol\u00edtico que le dieron a Milei el expresidente Mauricio Macri y Patricia Bullrich, quien fuera la candidata presidencial de Juntos por el Cambio (JxC), la coalici\u00f3n integrada por la UCR.<\/p>\n\n\n\n<p>Fuente: T\u00e9lam<\/p>\n","protected":false},"excerpt":{"rendered":"<p>El Comit\u00e9 Nacional de la Uni\u00f3n C\u00edvica Radical (UCR) celebrar\u00e1 hoy en las plazas de todo el pa\u00eds el 40 aniversario del triunfo electoral que consagr\u00f3 presidente a Ra\u00fal Alfons\u00edn tras siete a\u00f1os de dictadura militar. En la ciudad de Buenos Aires, el acto se realizar\u00e1 a las 18.30 en la Plaza Estado del Vaticano, [&hellip;]<\/p>\n","protected":false},"author":3,"featured_media":183,"comment_status":"open","ping_status":"open","sticky":false,"template":"","format":"standard","meta":{"footnotes":""},"categories":[13,3,12],"tags":[31],"class_list":["post-182","post","type-post","status-publish","format-standard","has-post-thumbnail","hentry","category-politica","category-principal","category-sociedad","tag-40-anos-de-democracia"],"_links":{"self":[{"href":"https:\/\/noticiassaludables.com.ar\/index.php?rest_route=\/wp\/v2\/posts\/182","targetHints":{"allow":["GET"]}}],"collection":[{"href":"https:\/\/noticiassaludables.com.ar\/index.php?rest_route=\/wp\/v2\/posts"}],"about":[{"href":"https:\/\/noticiassaludables.com.ar\/index.php?rest_route=\/wp\/v2\/types\/post"}],"author":[{"embeddable":true,"href":"https:\/\/noticiassaludables.com.ar\/index.php?rest_route=\/wp\/v2\/users\/3"}],"replies":[{"embeddable":true,"href":"https:\/\/noticiassaludables.com.ar\/index.php?rest_route=%2Fwp%2Fv2%2Fcomments&post=182"}],"version-history":[{"count":1,"href":"https:\/\/noticiassaludables.com.ar\/index.php?rest_route=\/wp\/v2\/posts\/182\/revisions"}],"predecessor-version":[{"id":184,"href":"https:\/\/noticiassaludables.com.ar\/index.php?rest_route=\/wp\/v2\/posts\/182\/revisions\/184"}],"wp:featuredmedia":[{"embeddable":true,"href":"https:\/\/noticiassaludables.com.ar\/index.php?rest_route=\/wp\/v2\/media\/183"}],"wp:attachment":[{"href":"https:\/\/noticiassaludables.com.ar\/index.php?rest_route=%2Fwp%2Fv2%2Fmedia&parent=182"}],"wp:term":[{"taxonomy":"category","embeddable":true,"href":"https:\/\/noticiassaludables.com.ar\/index.php?rest_route=%2Fwp%2Fv2%2Fcategories&post=182"},{"taxonomy":"post_tag","embeddable":true,"href":"https:\/\/noticiassaludables.com.ar\/index.php?rest_route=%2Fwp%2Fv2%2Ftags&post=182"}],"curies":[{"name":"wp","href":"https:\/\/api.w.org\/{rel}","templated":true}]}}