{"id":185,"date":"2023-10-31T10:31:03","date_gmt":"2023-10-31T13:31:03","guid":{"rendered":"https:\/\/noticiassaludables.com.ar\/?p=185"},"modified":"2023-10-31T10:31:03","modified_gmt":"2023-10-31T13:31:03","slug":"mejoras-en-el-sistema-sube","status":"publish","type":"post","link":"https:\/\/noticiassaludables.com.ar\/?p=185","title":{"rendered":"Mejoras en el sistema SUBE"},"content":{"rendered":"\n<p><strong><mark class=\"has-inline-color has-vivid-red-color\">El sistema SUBE contar\u00e1 con &#8220;nuevas soluciones tecnol\u00f3gicas&#8221; en el \u00c1rea Metropolitana de Buenos Aires (AMBA) y en otras cinco localidades del interior del pa\u00eds, anunci\u00f3 hoy el ministro de Transporte de la Naci\u00f3n, Diego Giulian<\/mark><\/strong>o.<\/p>\n\n\n\n<p>Entre las principales medidas se destacan la implementaci\u00f3n de la Carga a Bordo en el AMBA y la incorporaci\u00f3n de la tarjeta SUBE en cinco localidades del pa\u00eds, lo que eleva a 58 el total de distritos que utiliza esta herramienta.<\/p>\n\n\n\n<p>De esta manera, ya comenz\u00f3 la implementaci\u00f3n de Carga a Bordo en el AMBA, lo que permite que los usuarios validen la carga directamente en el colectivo. Adem\u00e1s, se incorpora la tarjeta SUBE en 5 nuevas localidades: Tornquist y Azul en Buenos Aires, Puerto Madryn y Esquel en Chubut, y Concepci\u00f3n del Uruguay en Entre R\u00edos, alcanzando las 58 localidades en todo el pa\u00eds que tienen el sistema.<\/p>\n\n\n\n<p>&#8220;La tarjeta SUBE en el transporte es una innovaci\u00f3n tecnol\u00f3gica y una pol\u00edtica de Estado en la Argentina que sostenemos. Hoy llegamos ya a 58 localidades. La hacemos cada vez m\u00e1s federal para permitir un mejor acceso al transporte urbano de pasajeros tanto en trenes como en colectivos. La tarjeta SUBE es la que te permite acceder al transporte de una manera directa, simple y moderna&#8221;, dijo Giuliano.<\/p>\n\n\n\n<p>En este sentido, indic\u00f3 que el objetivo es llevarla a todo el pa\u00eds porque &#8220;va a ser la herramienta a trav\u00e9s de la cual vamos a transferir y repartir el subsidio al transporte directamente al usuario y no solamente a las empresas como es hasta ahora&#8221;.<\/p>\n\n\n\n<p>Entre las principales medidas anunciadas se destaca la incorporaci\u00f3n de Carga a Bordo en el AMBA, lo que posibilita a los usuarios validar la carga directamente en el colectivo, es decir, las personas no necesitan un tel\u00e9fono o dirigirse a una terminal autom\u00e1tica.<\/p>\n\n\n\n<p>Asimismo, el Estado nacional expandi\u00f3 la tarjeta SUBE a 58 localidades del pa\u00eds, cifra que se alcanz\u00f3 hoy a partir de las 5 nuevas localidades que incorporan el sistema: Tornquist, Azul, Concepci\u00f3n del Uruguay, Puerto Madryn y Esquel.<\/p>\n\n\n\n<p>La importancia de esta medida es la posibilidad de llegar a m\u00e1s personas con los atributos sociales, con el 55 por ciento de descuento en el valor de la tarifa a los sectores vulnerables, destac\u00f3 el ministro.<\/p>\n\n\n\n<p>Fuente: T\u00e9lam<\/p>\n","protected":false},"excerpt":{"rendered":"<p>El sistema SUBE contar\u00e1 con &#8220;nuevas soluciones tecnol\u00f3gicas&#8221; en el \u00c1rea Metropolitana de Buenos Aires (AMBA) y en otras cinco localidades del interior del pa\u00eds, anunci\u00f3 hoy el ministro de Transporte de la Naci\u00f3n, Diego Giuliano. Entre las principales medidas se destacan la implementaci\u00f3n de la Carga a Bordo en el AMBA y la incorporaci\u00f3n [&hellip;]<\/p>\n","protected":false},"author":3,"featured_media":186,"comment_status":"open","ping_status":"open","sticky":false,"template":"","format":"standard","meta":{"footnotes":""},"categories":[11,12,14],"tags":[32],"class_list":["post-185","post","type-post","status-publish","format-standard","has-post-thumbnail","hentry","category-agenda","category-sociedad","category-tecnologia","tag-tarjeta-sube"],"_links":{"self":[{"href":"https:\/\/noticiassaludables.com.ar\/index.php?rest_route=\/wp\/v2\/posts\/185","targetHints":{"allow":["GET"]}}],"collection":[{"href":"https:\/\/noticiassaludables.com.ar\/index.php?rest_route=\/wp\/v2\/posts"}],"about":[{"href":"https:\/\/noticiassaludables.com.ar\/index.php?rest_route=\/wp\/v2\/types\/post"}],"author":[{"embeddable":true,"href":"https:\/\/noticiassaludables.com.ar\/index.php?rest_route=\/wp\/v2\/users\/3"}],"replies":[{"embeddable":true,"href":"https:\/\/noticiassaludables.com.ar\/index.php?rest_route=%2Fwp%2Fv2%2Fcomments&post=185"}],"version-history":[{"count":1,"href":"https:\/\/noticiassaludables.com.ar\/index.php?rest_route=\/wp\/v2\/posts\/185\/revisions"}],"predecessor-version":[{"id":187,"href":"https:\/\/noticiassaludables.com.ar\/index.php?rest_route=\/wp\/v2\/posts\/185\/revisions\/187"}],"wp:featuredmedia":[{"embeddable":true,"href":"https:\/\/noticiassaludables.com.ar\/index.php?rest_route=\/wp\/v2\/media\/186"}],"wp:attachment":[{"href":"https:\/\/noticiassaludables.com.ar\/index.php?rest_route=%2Fwp%2Fv2%2Fmedia&parent=185"}],"wp:term":[{"taxonomy":"category","embeddable":true,"href":"https:\/\/noticiassaludables.com.ar\/index.php?rest_route=%2Fwp%2Fv2%2Fcategories&post=185"},{"taxonomy":"post_tag","embeddable":true,"href":"https:\/\/noticiassaludables.com.ar\/index.php?rest_route=%2Fwp%2Fv2%2Ftags&post=185"}],"curies":[{"name":"wp","href":"https:\/\/api.w.org\/{rel}","templated":true}]}}