{"id":188,"date":"2023-10-31T10:32:46","date_gmt":"2023-10-31T13:32:46","guid":{"rendered":"https:\/\/noticiassaludables.com.ar\/?p=188"},"modified":"2023-10-31T10:32:46","modified_gmt":"2023-10-31T13:32:46","slug":"iluminaran-monumentos-en-todo-el-pais-para-concientizar-sobre-el-acv","status":"publish","type":"post","link":"https:\/\/noticiassaludables.com.ar\/?p=188","title":{"rendered":"Iluminar\u00e1n monumentos en todo el pa\u00eds para concientizar sobre el ACV"},"content":{"rendered":"\n<h2 class=\"wp-block-heading\">M\u00e1s de 25 monumentos en 17 ciudades de todo el pa\u00eds se iluminaran de color rojo durante esta noche y la de ma\u00f1ana, en el marco del D\u00eda Mundial del ACV. El accidente cerebrovascular es en Argentina la primera causa de discapacidad adquirida y la tercera de muerte<\/h2>\n\n\n\n<p><img loading=\"lazy\" decoding=\"async\" alt=\"Un accidente cerebrovascular sucede cuando el flujo de sangre a una parte del cerebro se detiene \n(Imagen Ilustrativa Infobae)\" height=\"572\" width=\"1021\" src=\"https:\/\/www.infobae.com\/new-resizer\/YzwW71bMlwMiN0KKZvzfIKBbSIs=\/420x236\/filters:format(webp):quality(85)\/cloudfront-us-east-1.images.arcpublishing.com\/infobae\/ZFDXQBFZRRFM3K4UCCVTWGPCME.png%20420w\">Un accidente cerebrovascular sucede cuando el flujo de sangre a una parte del cerebro se detiene (Imagen Ilustrativa Infobae)<\/p>\n\n\n\n<p>En&nbsp;<strong>17 ciudades del pa\u00eds,<\/strong>&nbsp;m\u00e1s de&nbsp;<strong>25 monumentos<\/strong>&nbsp;se ti\u00f1en de rojo esta noche en honor al&nbsp;<strong>D\u00eda Mundial del Accidente Cerebrovascular (ACV)&nbsp;<\/strong>celebrado cada 29 de octubre.<a rel=\"noreferrer noopener\" href=\"https:\/\/www.infobae.com\/salud\/2023\/10\/28\/habraso-de-que-se-trata-la-original-campana-que-busca-generar-conciencia-en-la-deteccion-precoz-del-acv\/\" target=\"_blank\"><\/a><a rel=\"noreferrer noopener\" href=\"https:\/\/www.infobae.com\/salud\/2023\/10\/28\/habraso-de-que-se-trata-la-original-campana-que-busca-generar-conciencia-en-la-deteccion-precoz-del-acv\/\" target=\"_blank\"><\/a><\/p>\n\n\n\n<p>Esta iniciativa busca concienciar a la poblaci\u00f3n sobre esta preocupaci\u00f3n de salud p\u00fablica, subrayando la necesidad de una intervenci\u00f3n r\u00e1pida y efectiva.<\/p>\n\n\n\n<p><strong>El ACV sucede cuando hay una interrupci\u00f3n del flujo sangu\u00edneo en el cerebro, ya sea por un co\u00e1gulo o la ruptura de un vaso sangu\u00edneo, privando al cerebro de ox\u00edgeno y nutrientes esenciales.<\/strong>&nbsp;Durante cada minuto de este evento, se pierden aproximadamente 2 millones de neuronas. En Argentina, el ACV es especialmente preocupante, siendo la principal causa de discapacidad adquirida y la cuarta de mortalidad.<\/p>\n\n\n\n<p><img loading=\"lazy\" decoding=\"async\" alt=\"La c\u00fapula del planetario de la Ciudad de Buenos Aires tom\u00f3 protagonismo en la celebraci\u00f3n del 2021 para lo que fue una impactante proyecci\u00f3n de luces y sonidos (Nicol\u00e1s Stulberg)\" height=\"1080\" width=\"1920\" src=\"https:\/\/www.infobae.com\/new-resizer\/LMFLyZcArze5nefK_YdWbBDIBh4=\/420x236\/filters:format(webp):quality(85)\/cloudfront-us-east-1.images.arcpublishing.com\/infobae\/JY7V4EHXRBEJDDPIB22HGZT7UI.jpg%20420w\">La c\u00fapula del planetario de la Ciudad de Buenos Aires tom\u00f3 protagonismo en la celebraci\u00f3n del 2021 para lo que fue una impactante proyecci\u00f3n de luces y sonidos (Nicol\u00e1s Stulberg)<\/p>\n\n\n\n<p>Los&nbsp;<strong>principales s\u00edntomas<\/strong>&nbsp;son: desviaci\u00f3n de la boca, dificultad en el habla y\/o falta de fuerza en brazos y\/o piernas (especialmente si es en un solo lado del cuerpo).<a rel=\"noreferrer noopener\" href=\"https:\/\/www.infobae.com\/salud\/2023\/10\/27\/el-trauma-infantil-aumenta-la-probabilidad-de-dolores-de-cabeza-en-la-edad-adulta\/\" target=\"_blank\"><\/a><a rel=\"noreferrer noopener\" href=\"https:\/\/www.infobae.com\/salud\/2023\/10\/27\/el-trauma-infantil-aumenta-la-probabilidad-de-dolores-de-cabeza-en-la-edad-adulta\/\" target=\"_blank\"><\/a><\/p>\n\n\n\n<p>Una atenci\u00f3n r\u00e1pida en un centro de salud especializado en estas afecciones permite reducir la mortalidad o su discapacidad adquirida y, para ello, es crucial llamar al servicio de emergencia o acudir a un centro m\u00e9dico especializado ante la detecci\u00f3n de los primeros s\u00edntomas.<\/p>\n\n\n\n<p>Los monumentos iluminados ser\u00e1n: la Usina del Arte, el Palacio Lezama, el Planetario, la Torre Monumental, la Floralis Gen\u00e9rica, el Puente de la Mujer, el Monumento a los Espa\u00f1oles y el Monumento de Plaza Congreso en la Ciudad Aut\u00f3noma de Buenos Aires; el Monumento a la Bandera en Rosario; los palacios municipales de Mar del Plata, La Plata, Trelew y Paran\u00e1; la legislatura provincial de San Juan; la Casa de Gobierno de Chaco y Jujuy; el Teatro Municipal y el Centro Cultural Am\u00e9rica en Salta; la Municipalidad, el Ministerio de Salud, la Gobernaci\u00f3n y la Legislatura de Neuqu\u00e9n; y el Hospital Ram\u00f3n Carrillo de San Luis, entre otros.<\/p>\n\n\n\n<p><img loading=\"lazy\" decoding=\"async\" alt=\"El ic\u00f3nico Puente de la Mujer, obra del arquitecto espa\u00f1ol Santiago Calatrava, ser\u00e1 otro de los monumentos iluminados el domingo (Ioni Epelbaum)\" height=\"1080\" width=\"1920\" src=\"https:\/\/www.infobae.com\/new-resizer\/ilMbjFBFEbeQkUK32doIPjhnOK4=\/420x236\/filters:format(webp):quality(85)\/cloudfront-us-east-1.images.arcpublishing.com\/infobae\/MRSOZLA365F2VFG5LEWK3Y6OJE.jpg%20420w\">El ic\u00f3nico Puente de la Mujer, obra del arquitecto espa\u00f1ol Santiago Calatrava, ser\u00e1 otro de los monumentos iluminados el domingo (Ioni Epelbaum)<\/p>\n\n\n\n<p>Hay diferentes tipos de ataques cerebrovasculares. Un tipo es el \u201c<strong>isqu\u00e9mico<\/strong>\u201d, que ocurre cuando se interrumpe o se reduce el suministro de sangre a una parte del cerebro, lo que impide que el tejido cerebral reciba ox\u00edgeno y nutrientes. Las c\u00e9lulas cerebrales comienzan a morir en minutos. Otro ACV es el \u201c<strong>hemorr\u00e1gico<\/strong>\u201d, que se produce cuando los vasos sangu\u00edneos del cerebro se estrechan o se bloquean, lo que causa una importante reducci\u00f3n del flujo sangu\u00edneo.<\/p>\n\n\n\n<p>Un&nbsp;<a href=\"https:\/\/www.thelancet.com\/journals\/laneur\/article\/PIIS1474-4422(23)00277-6\/fulltext\">nuevo informe<\/a>&nbsp;elaborado por la&nbsp;<strong>Comisi\u00f3n de Neurolog\u00eda de la Organizaci\u00f3n Mundial de Accidentes Cerebrovasculares<\/strong>&nbsp;y la revista&nbsp;<strong>The Lancet<\/strong>&nbsp;advirti\u00f3 que para el a\u00f1o 2050, los casos de ictus o accidentes cerebrovasculares (ACV)&nbsp;<a href=\"https:\/\/www.infobae.com\/america\/ciencia-america\/2023\/10\/10\/ataque-cerebrovascular-las-muertes-podrian-aumentar-un-50-para-2050-si-no-se-toman-medidas-urgentes\/\">aumentar\u00e1n un 50%,<\/a>&nbsp;y las muertes alcanzar\u00e1n los 9,7 millones.<a href=\"https:\/\/www.infobae.com\/salud\/2023\/10\/30\/el-tiempo-es-cerebro-la-importancia-de-la-deteccion-precoz-y-la-rehabilitacion-tras-un-acv\/\" rel=\"noreferrer noopener\" target=\"_blank\"><\/a><\/p>\n\n\n\n<p><\/p>\n\n\n\n<p>Aquellos individuos tienden a padecer el accidente cerebrovascular isqu\u00e9mico, que es el tipo de ictus m\u00e1s frecuente. Ocurre cuando un co\u00e1gulo impide el paso de la sangre a trav\u00e9s de un vaso cerebral, resultando en una zona del cerebro que no recibe la circulaci\u00f3n adecuada. Seg\u00fan la Cl\u00ednica Mayo, \u201cla obstrucci\u00f3n o estrechamiento de los vasos puede ser causada por dep\u00f3sitos grasos o co\u00e1gulos que se asientan en los vasos cerebrales\u201d. Existe tambi\u00e9n el accidente cerebrovascular hemorr\u00e1gico, descrito por la misma entidad, como el resultado de la fuga o ruptura de un vaso en el cerebro.<\/p>\n\n\n\n<p><img loading=\"lazy\" decoding=\"async\" alt=\"El ACV es una emergencia m\u00e9dica, y el tratamiento inmediato es crucial, advierte la Cl\u00ednica Mayo\n(Getty)\" height=\"1080\" width=\"1920\" src=\"https:\/\/www.infobae.com\/new-resizer\/oBHQikTMwugrr5Ji6_6WAnEiy_I=\/420x236\/filters:format(webp):quality(85)\/cloudfront-us-east-1.images.arcpublishing.com\/infobae\/VWOE3HMQ2FGULKGKM7QKBI3LWM.jpg%20420w\">El ACV es una emergencia m\u00e9dica, y el tratamiento inmediato es crucial, advierte la Cl\u00ednica Mayo (Getty)<\/p>\n\n\n\n<p>\u201cEl ACV es una emergencia m\u00e9dica, y el tratamiento inmediato es crucial. La acci\u00f3n temprana puede reducir el da\u00f1o cerebral y otras complicaciones\u201d, advierte la Cl\u00ednica Mayo.<\/p>\n\n\n\n<p>Existe&nbsp;<a href=\"https:\/\/www.infobae.com\/salud\/ciencia\/2023\/03\/29\/cuales-son-las-conexiones-que-hay-entre-el-accidente-cerebrovascular-y-los-trastornos-del-sueno\/\"><strong>evidencia de otro factor de riesgo para esta situaci\u00f3n<\/strong><\/a><strong>: vivir en zonas con aire contaminado.<\/strong><\/p>\n\n\n\n<p>En ese sentido, un&nbsp;<a href=\"https:\/\/n.neurology.org\/content\/early\/2023\/09\/27\/WNL.0000000000207856\">estudio cient\u00edfico<\/a>&nbsp;realizado en Jordania y publicado en la revista<strong>&nbsp;Neurology,<\/strong>&nbsp;de la&nbsp;<strong>Academia Estadounidense de Neurolog\u00eda,<\/strong>&nbsp;demostr\u00f3 que&nbsp;<strong>la exposici\u00f3n a corto plazo<\/strong>&nbsp;a la contaminaci\u00f3n atmosf\u00e9rica puede estar relacionada con un mayor riesgo de ACV, incluso si esta ocurri\u00f3&nbsp;<strong>en los 5 d\u00edas previos al ataque.<\/strong><\/p>\n\n\n\n<p>\u201cInvestigaciones anteriores han establecido una conexi\u00f3n entre la exposici\u00f3n a largo plazo a la contaminaci\u00f3n atmosf\u00e9rica y un mayor riesgo de accidente cerebrovascular\u201d, dijo el autor del estudio,&nbsp;<strong>Ahmad Toubasi<\/strong>, que investiga en la&nbsp;<strong>Universidad de Jordania&nbsp;<\/strong>en Amm\u00e1n. Pero este no es el \u00fanico aspecto, advirti\u00f3.<\/p>\n\n\n\n<p><img loading=\"lazy\" decoding=\"async\" alt=\"Seg\u00fan la OMS, 15 millones de personas sufren un ACV por a\u00f1o. De estas, 5 millones no sobreviven y otros 5 millones quedan con una discapacidad permanente\n(Getty)\" height=\"1080\" width=\"1920\" src=\"https:\/\/www.infobae.com\/new-resizer\/toRZhD_a-WHxqc6ULQ-vtyfJL_8=\/420x236\/filters:format(webp):quality(85)\/cloudfront-us-east-1.images.arcpublishing.com\/infobae\/KX55FQ2S5FBIDPGXLN4ZYTH7IM.jpg%20420w\">Seg\u00fan la OMS, 15 millones de personas sufren un ACV por a\u00f1o. De estas, 5 millones no sobreviven y otros 5 millones quedan con una discapacidad permanente (Getty)<\/p>\n\n\n\n<h2 class=\"wp-block-heading\">Los detalles de la campa\u00f1a<\/h2>\n\n\n\n<p>La campa\u00f1a que iluminar\u00e1 los monumentos aqu\u00ed en Argentina, se enmarca dentro de la Iniciativa Angels, una iniciativa no promocional desarrollada por<strong>&nbsp;Boehringer Ingelheim<\/strong>&nbsp;y avalada por la Sociedad Europea de Stroke (ESO), la Organizaci\u00f3n Mundial de Stroke (WSO) y la Sociedad Iberoamericana de Enfermedades Cardiovasculares, entre otras sociedades cient\u00edficas.<\/p>\n\n\n\n<p>La iniciativa promueve la prevenci\u00f3n de estos accidentes haciendo \u00e9nfasis la detecci\u00f3n temprana de s\u00edntomas y el desarrollo de centros de salud listos para atender esta emergencia en el sector p\u00fablico y privado. Angels se implement\u00f3 en Argentina en 2018 y desde all\u00ed han participado de capacitaciones m\u00e1s de 26.000 profesionales de la salud y se han realizado m\u00e1s de 300 entrenamientos destinados a capacitar a equipos multidisciplinarios en las distintas etapas del tratamiento del ACV.<\/p>\n\n\n\n<p>Fuente: https:\/\/www.infobae.com\/salud\/2023\/10\/28\/iluminaran-monumentos-en-todo-el-pais-para-concientizar-sobre-el-acv-y-su-tratamiento-adecuado\/<\/p>\n\n\n\n<h2 class=\"wp-block-heading\">M\u00e1s de 25 monumentos en 17 ciudades de todo el pa\u00eds se iluminaran de color rojo durante esta noche y la de ma\u00f1ana, en el marco del D\u00eda Mundial del ACV. El accidente cerebrovascular es en Argentina la primera causa de discapacidad adquirida y la tercera de muerte<\/h2>\n\n\n\n<p><img loading=\"lazy\" decoding=\"async\" alt=\"Un accidente cerebrovascular sucede cuando el flujo de sangre a una parte del cerebro se detiene \n(Imagen Ilustrativa Infobae)\" height=\"572\" width=\"1021\" src=\"https:\/\/www.infobae.com\/new-resizer\/YzwW71bMlwMiN0KKZvzfIKBbSIs=\/420x236\/filters:format(webp):quality(85)\/cloudfront-us-east-1.images.arcpublishing.com\/infobae\/ZFDXQBFZRRFM3K4UCCVTWGPCME.png%20420w\">Un accidente cerebrovascular sucede cuando el flujo de sangre a una parte del cerebro se detiene (Imagen Ilustrativa Infobae)<\/p>\n\n\n\n<p>En&nbsp;<strong>17 ciudades del pa\u00eds,<\/strong>&nbsp;m\u00e1s de&nbsp;<strong>25 monumentos<\/strong>&nbsp;se ti\u00f1en de rojo esta noche en honor al&nbsp;<strong>D\u00eda Mundial del Accidente Cerebrovascular (ACV)&nbsp;<\/strong>celebrado cada 29 de octubre.<a rel=\"noreferrer noopener\" href=\"https:\/\/www.infobae.com\/salud\/2023\/10\/28\/habraso-de-que-se-trata-la-original-campana-que-busca-generar-conciencia-en-la-deteccion-precoz-del-acv\/\" target=\"_blank\"><\/a><a rel=\"noreferrer noopener\" href=\"https:\/\/www.infobae.com\/salud\/2023\/10\/28\/habraso-de-que-se-trata-la-original-campana-que-busca-generar-conciencia-en-la-deteccion-precoz-del-acv\/\" target=\"_blank\"><\/a><\/p>\n\n\n\n<p>Esta iniciativa busca concienciar a la poblaci\u00f3n sobre esta preocupaci\u00f3n de salud p\u00fablica, subrayando la necesidad de una intervenci\u00f3n r\u00e1pida y efectiva.<\/p>\n\n\n\n<p><strong>El ACV sucede cuando hay una interrupci\u00f3n del flujo sangu\u00edneo en el cerebro, ya sea por un co\u00e1gulo o la ruptura de un vaso sangu\u00edneo, privando al cerebro de ox\u00edgeno y nutrientes esenciales.<\/strong>&nbsp;Durante cada minuto de este evento, se pierden aproximadamente 2 millones de neuronas. En Argentina, el ACV es especialmente preocupante, siendo la principal causa de discapacidad adquirida y la cuarta de mortalidad.<\/p>\n\n\n\n<p><img loading=\"lazy\" decoding=\"async\" alt=\"La c\u00fapula del planetario de la Ciudad de Buenos Aires tom\u00f3 protagonismo en la celebraci\u00f3n del 2021 para lo que fue una impactante proyecci\u00f3n de luces y sonidos (Nicol\u00e1s Stulberg)\" height=\"1080\" width=\"1920\" src=\"https:\/\/www.infobae.com\/new-resizer\/LMFLyZcArze5nefK_YdWbBDIBh4=\/420x236\/filters:format(webp):quality(85)\/cloudfront-us-east-1.images.arcpublishing.com\/infobae\/JY7V4EHXRBEJDDPIB22HGZT7UI.jpg%20420w\">La c\u00fapula del planetario de la Ciudad de Buenos Aires tom\u00f3 protagonismo en la celebraci\u00f3n del 2021 para lo que fue una impactante proyecci\u00f3n de luces y sonidos (Nicol\u00e1s Stulberg)<\/p>\n\n\n\n<p>Los&nbsp;<strong>principales s\u00edntomas<\/strong>&nbsp;son: desviaci\u00f3n de la boca, dificultad en el habla y\/o falta de fuerza en brazos y\/o piernas (especialmente si es en un solo lado del cuerpo).<a rel=\"noreferrer noopener\" href=\"https:\/\/www.infobae.com\/salud\/2023\/10\/27\/el-trauma-infantil-aumenta-la-probabilidad-de-dolores-de-cabeza-en-la-edad-adulta\/\" target=\"_blank\"><\/a><a rel=\"noreferrer noopener\" href=\"https:\/\/www.infobae.com\/salud\/2023\/10\/27\/el-trauma-infantil-aumenta-la-probabilidad-de-dolores-de-cabeza-en-la-edad-adulta\/\" target=\"_blank\"><\/a><\/p>\n\n\n\n<p>Una atenci\u00f3n r\u00e1pida en un centro de salud especializado en estas afecciones permite reducir la mortalidad o su discapacidad adquirida y, para ello, es crucial llamar al servicio de emergencia o acudir a un centro m\u00e9dico especializado ante la detecci\u00f3n de los primeros s\u00edntomas.<\/p>\n\n\n\n<p>Los monumentos iluminados ser\u00e1n: la Usina del Arte, el Palacio Lezama, el Planetario, la Torre Monumental, la Floralis Gen\u00e9rica, el Puente de la Mujer, el Monumento a los Espa\u00f1oles y el Monumento de Plaza Congreso en la Ciudad Aut\u00f3noma de Buenos Aires; el Monumento a la Bandera en Rosario; los palacios municipales de Mar del Plata, La Plata, Trelew y Paran\u00e1; la legislatura provincial de San Juan; la Casa de Gobierno de Chaco y Jujuy; el Teatro Municipal y el Centro Cultural Am\u00e9rica en Salta; la Municipalidad, el Ministerio de Salud, la Gobernaci\u00f3n y la Legislatura de Neuqu\u00e9n; y el Hospital Ram\u00f3n Carrillo de San Luis, entre otros.<\/p>\n\n\n\n<p><img loading=\"lazy\" decoding=\"async\" alt=\"El ic\u00f3nico Puente de la Mujer, obra del arquitecto espa\u00f1ol Santiago Calatrava, ser\u00e1 otro de los monumentos iluminados el domingo (Ioni Epelbaum)\" height=\"1080\" width=\"1920\" src=\"https:\/\/www.infobae.com\/new-resizer\/ilMbjFBFEbeQkUK32doIPjhnOK4=\/420x236\/filters:format(webp):quality(85)\/cloudfront-us-east-1.images.arcpublishing.com\/infobae\/MRSOZLA365F2VFG5LEWK3Y6OJE.jpg%20420w\">El ic\u00f3nico Puente de la Mujer, obra del arquitecto espa\u00f1ol Santiago Calatrava, ser\u00e1 otro de los monumentos iluminados el domingo (Ioni Epelbaum)<\/p>\n\n\n\n<p>Hay diferentes tipos de ataques cerebrovasculares. Un tipo es el \u201c<strong>isqu\u00e9mico<\/strong>\u201d, que ocurre cuando se interrumpe o se reduce el suministro de sangre a una parte del cerebro, lo que impide que el tejido cerebral reciba ox\u00edgeno y nutrientes. Las c\u00e9lulas cerebrales comienzan a morir en minutos. Otro ACV es el \u201c<strong>hemorr\u00e1gico<\/strong>\u201d, que se produce cuando los vasos sangu\u00edneos del cerebro se estrechan o se bloquean, lo que causa una importante reducci\u00f3n del flujo sangu\u00edneo.<\/p>\n\n\n\n<p>Un&nbsp;<a href=\"https:\/\/www.thelancet.com\/journals\/laneur\/article\/PIIS1474-4422(23)00277-6\/fulltext\">nuevo informe<\/a>&nbsp;elaborado por la&nbsp;<strong>Comisi\u00f3n de Neurolog\u00eda de la Organizaci\u00f3n Mundial de Accidentes Cerebrovasculares<\/strong>&nbsp;y la revista&nbsp;<strong>The Lancet<\/strong>&nbsp;advirti\u00f3 que para el a\u00f1o 2050, los casos de ictus o accidentes cerebrovasculares (ACV)&nbsp;<a href=\"https:\/\/www.infobae.com\/america\/ciencia-america\/2023\/10\/10\/ataque-cerebrovascular-las-muertes-podrian-aumentar-un-50-para-2050-si-no-se-toman-medidas-urgentes\/\">aumentar\u00e1n un 50%,<\/a>&nbsp;y las muertes alcanzar\u00e1n los 9,7 millones.<a href=\"https:\/\/www.infobae.com\/salud\/2023\/10\/30\/el-tiempo-es-cerebro-la-importancia-de-la-deteccion-precoz-y-la-rehabilitacion-tras-un-acv\/\" rel=\"noreferrer noopener\" target=\"_blank\"><\/a><\/p>\n\n\n\n<p><\/p>\n\n\n\n<p>Aquellos individuos tienden a padecer el accidente cerebrovascular isqu\u00e9mico, que es el tipo de ictus m\u00e1s frecuente. Ocurre cuando un co\u00e1gulo impide el paso de la sangre a trav\u00e9s de un vaso cerebral, resultando en una zona del cerebro que no recibe la circulaci\u00f3n adecuada. Seg\u00fan la Cl\u00ednica Mayo, \u201cla obstrucci\u00f3n o estrechamiento de los vasos puede ser causada por dep\u00f3sitos grasos o co\u00e1gulos que se asientan en los vasos cerebrales\u201d. Existe tambi\u00e9n el accidente cerebrovascular hemorr\u00e1gico, descrito por la misma entidad, como el resultado de la fuga o ruptura de un vaso en el cerebro.<\/p>\n\n\n\n<p><img loading=\"lazy\" decoding=\"async\" alt=\"El ACV es una emergencia m\u00e9dica, y el tratamiento inmediato es crucial, advierte la Cl\u00ednica Mayo\n(Getty)\" height=\"1080\" width=\"1920\" src=\"https:\/\/www.infobae.com\/new-resizer\/oBHQikTMwugrr5Ji6_6WAnEiy_I=\/420x236\/filters:format(webp):quality(85)\/cloudfront-us-east-1.images.arcpublishing.com\/infobae\/VWOE3HMQ2FGULKGKM7QKBI3LWM.jpg%20420w\">El ACV es una emergencia m\u00e9dica, y el tratamiento inmediato es crucial, advierte la Cl\u00ednica Mayo (Getty)<\/p>\n\n\n\n<p>\u201cEl ACV es una emergencia m\u00e9dica, y el tratamiento inmediato es crucial. La acci\u00f3n temprana puede reducir el da\u00f1o cerebral y otras complicaciones\u201d, advierte la Cl\u00ednica Mayo.<\/p>\n\n\n\n<p>Existe&nbsp;<a href=\"https:\/\/www.infobae.com\/salud\/ciencia\/2023\/03\/29\/cuales-son-las-conexiones-que-hay-entre-el-accidente-cerebrovascular-y-los-trastornos-del-sueno\/\"><strong>evidencia de otro factor de riesgo para esta situaci\u00f3n<\/strong><\/a><strong>: vivir en zonas con aire contaminado.<\/strong><\/p>\n\n\n\n<p>En ese sentido, un&nbsp;<a href=\"https:\/\/n.neurology.org\/content\/early\/2023\/09\/27\/WNL.0000000000207856\">estudio cient\u00edfico<\/a>&nbsp;realizado en Jordania y publicado en la revista<strong>&nbsp;Neurology,<\/strong>&nbsp;de la&nbsp;<strong>Academia Estadounidense de Neurolog\u00eda,<\/strong>&nbsp;demostr\u00f3 que&nbsp;<strong>la exposici\u00f3n a corto plazo<\/strong>&nbsp;a la contaminaci\u00f3n atmosf\u00e9rica puede estar relacionada con un mayor riesgo de ACV, incluso si esta ocurri\u00f3&nbsp;<strong>en los 5 d\u00edas previos al ataque.<\/strong><\/p>\n\n\n\n<p>\u201cInvestigaciones anteriores han establecido una conexi\u00f3n entre la exposici\u00f3n a largo plazo a la contaminaci\u00f3n atmosf\u00e9rica y un mayor riesgo de accidente cerebrovascular\u201d, dijo el autor del estudio,&nbsp;<strong>Ahmad Toubasi<\/strong>, que investiga en la&nbsp;<strong>Universidad de Jordania&nbsp;<\/strong>en Amm\u00e1n. Pero este no es el \u00fanico aspecto, advirti\u00f3.<\/p>\n\n\n\n<p><img loading=\"lazy\" decoding=\"async\" alt=\"Seg\u00fan la OMS, 15 millones de personas sufren un ACV por a\u00f1o. De estas, 5 millones no sobreviven y otros 5 millones quedan con una discapacidad permanente\n(Getty)\" height=\"1080\" width=\"1920\" src=\"https:\/\/www.infobae.com\/new-resizer\/toRZhD_a-WHxqc6ULQ-vtyfJL_8=\/420x236\/filters:format(webp):quality(85)\/cloudfront-us-east-1.images.arcpublishing.com\/infobae\/KX55FQ2S5FBIDPGXLN4ZYTH7IM.jpg%20420w\">Seg\u00fan la OMS, 15 millones de personas sufren un ACV por a\u00f1o. De estas, 5 millones no sobreviven y otros 5 millones quedan con una discapacidad permanente (Getty)<\/p>\n\n\n\n<h2 class=\"wp-block-heading\">Los detalles de la campa\u00f1a<\/h2>\n\n\n\n<p>La campa\u00f1a que iluminar\u00e1 los monumentos aqu\u00ed en Argentina, se enmarca dentro de la Iniciativa Angels, una iniciativa no promocional desarrollada por<strong>&nbsp;Boehringer Ingelheim<\/strong>&nbsp;y avalada por la Sociedad Europea de Stroke (ESO), la Organizaci\u00f3n Mundial de Stroke (WSO) y la Sociedad Iberoamericana de Enfermedades Cardiovasculares, entre otras sociedades cient\u00edficas.<\/p>\n\n\n\n<p>La iniciativa promueve la prevenci\u00f3n de estos accidentes haciendo \u00e9nfasis la detecci\u00f3n temprana de s\u00edntomas y el desarrollo de centros de salud listos para atender esta emergencia en el sector p\u00fablico y privado. Angels se implement\u00f3 en Argentina en 2018 y desde all\u00ed han participado de capacitaciones m\u00e1s de 26.000 profesionales de la salud y se han realizado m\u00e1s de 300 entrenamientos destinados a capacitar a equipos multidisciplinarios en las distintas etapas del tratamiento del ACV.<\/p>\n\n\n\n<p>Fuente: https:\/\/www.infobae.com\/salud\/2023\/10\/28\/iluminaran-monumentos-en-todo-el-pais-para-concientizar-sobre-el-acv-y-su-tratamiento-adecuado\/<\/p>\n","protected":false},"excerpt":{"rendered":"<p>M\u00e1s de 25 monumentos en 17 ciudades de todo el pa\u00eds se iluminaran de color rojo durante esta noche y la de ma\u00f1ana, en el marco del D\u00eda Mundial del ACV. El accidente cerebrovascular es en Argentina la primera causa de discapacidad adquirida y la tercera de muerte Un accidente cerebrovascular sucede cuando el flujo [&hellip;]<\/p>\n","protected":false},"author":3,"featured_media":189,"comment_status":"open","ping_status":"open","sticky":false,"template":"","format":"standard","meta":{"footnotes":""},"categories":[11,5,10],"tags":[33,34],"class_list":["post-188","post","type-post","status-publish","format-standard","has-post-thumbnail","hentry","category-agenda","category-salud","category-tendencia","tag-concientizar-sobre-el-acv","tag-iluminaran-monmumentos"],"_links":{"self":[{"href":"https:\/\/noticiassaludables.com.ar\/index.php?rest_route=\/wp\/v2\/posts\/188","targetHints":{"allow":["GET"]}}],"collection":[{"href":"https:\/\/noticiassaludables.com.ar\/index.php?rest_route=\/wp\/v2\/posts"}],"about":[{"href":"https:\/\/noticiassaludables.com.ar\/index.php?rest_route=\/wp\/v2\/types\/post"}],"author":[{"embeddable":true,"href":"https:\/\/noticiassaludables.com.ar\/index.php?rest_route=\/wp\/v2\/users\/3"}],"replies":[{"embeddable":true,"href":"https:\/\/noticiassaludables.com.ar\/index.php?rest_route=%2Fwp%2Fv2%2Fcomments&post=188"}],"version-history":[{"count":1,"href":"https:\/\/noticiassaludables.com.ar\/index.php?rest_route=\/wp\/v2\/posts\/188\/revisions"}],"predecessor-version":[{"id":190,"href":"https:\/\/noticiassaludables.com.ar\/index.php?rest_route=\/wp\/v2\/posts\/188\/revisions\/190"}],"wp:featuredmedia":[{"embeddable":true,"href":"https:\/\/noticiassaludables.com.ar\/index.php?rest_route=\/wp\/v2\/media\/189"}],"wp:attachment":[{"href":"https:\/\/noticiassaludables.com.ar\/index.php?rest_route=%2Fwp%2Fv2%2Fmedia&parent=188"}],"wp:term":[{"taxonomy":"category","embeddable":true,"href":"https:\/\/noticiassaludables.com.ar\/index.php?rest_route=%2Fwp%2Fv2%2Fcategories&post=188"},{"taxonomy":"post_tag","embeddable":true,"href":"https:\/\/noticiassaludables.com.ar\/index.php?rest_route=%2Fwp%2Fv2%2Ftags&post=188"}],"curies":[{"name":"wp","href":"https:\/\/api.w.org\/{rel}","templated":true}]}}