{"id":195,"date":"2023-10-31T10:35:48","date_gmt":"2023-10-31T13:35:48","guid":{"rendered":"https:\/\/noticiassaludables.com.ar\/?p=195"},"modified":"2023-10-31T10:35:48","modified_gmt":"2023-10-31T13:35:48","slug":"las-peliculas-de-terror-mas-espeluznantes-para-halloween","status":"publish","type":"post","link":"https:\/\/noticiassaludables.com.ar\/?p=195","title":{"rendered":"Las pel\u00edculas de terror m\u00e1s espeluznantes para Halloween"},"content":{"rendered":"\n<h2 class=\"wp-block-heading\">Est\u00e1n en los cines y tambi\u00e9n por streaming.De la nueva &#8220;El exorcista&#8221; a &#8220;La monja 2&#8221; y &#8220;H\u00e1blame<\/h2>\n\n\n\n<p>El pr\u00f3ximo martes es 31 de octubre y es&nbsp;<strong><a href=\"https:\/\/www.clarin.com\/astrologia\/cuando-es-halloween-y-como-se-celebra-en-argentina_0_e1hpUyIEdy.html\" target=\"_blank\" rel=\"noreferrer noopener\">Noche de Halloween<\/a><\/strong>.<\/p>\n\n\n\n<p>As\u00ed que vamos a repasar las opciones para este fin de semana pre Noche Brujas, con las pel\u00edculas que est\u00e1n en cartelera en los cines de todo el pa\u00eds, y las que tambi\u00e9n se estrenaron este a\u00f1o en cines y ya est\u00e1n en el servicio de streaming de varias plataformas.<\/p>\n\n\n\n<p><strong>El g\u00e9nero de terror tiene much\u00edsimos fan\u00e1ticos en la Argentina<\/strong>. Tantos, que cada jueves suele estrenarse al menos una pel\u00edcula gore, con exorcismos, fantasmas y gente que grita en vez de escapar.<\/p>\n\n\n\n<p>Arrancamos con las pel\u00edculas de terror que est\u00e1n en los cines, porque los filmes de horror, como las comedias, se disfrutan m\u00e1s y mejor con p\u00fablico.<img loading=\"lazy\" decoding=\"async\" alt=\"&quot;El exorcista: Creyentes&quot;, &quot;Scream 6&quot; y &quot;El juego del miedo 10&quot;: para ver en cines o en el sill\u00f3n de casa. Fotos Archivo Clar\u00edn\" src=\"https:\/\/www.clarin.com\/img\/2023\/10\/26\/ODaNUtqGg_720x0__1.jpg\" width=\"720\" height=\"0\">&#8220;El exorcista: Creyentes&#8221;, &#8220;Scream 6&#8221; y &#8220;El juego del miedo 10&#8221;: para ver en cines o en el sill\u00f3n de casa. Fotos Archivo Clar\u00edn<\/p>\n\n\n\n<h2 class=\"wp-block-heading\">En cines<\/h2>\n\n\n\n<h2 class=\"wp-block-heading\">El exorcista: Creyentes<\/h2>\n\n\n\n<p><img loading=\"lazy\" decoding=\"async\" alt=\"Las chicas pose\u00eddas tras pasar por un bosque. Ojo que vuelven personajes de la otriginal.\" src=\"https:\/\/www.clarin.com\/img\/2023\/10\/03\/d4vxSbAX9_720x0__1.jpg\" width=\"720\" height=\"0\">Las chicas pose\u00eddas tras pasar por un bosque. Ojo que vuelven personajes de la otriginal.<\/p>\n\n\n\n<p>Olvid\u00e1ndose de todas las pel\u00edculas que se hicieron a partir de la original&nbsp;<em>El exorcista<\/em>&nbsp;(1973),&nbsp;<strong><em><a href=\"https:\/\/www.clarin.com\/espectaculos\/exorcista-creyentes-pelicula-da-miedo-asusta-taylor-swift_0_CB7YLnl3JI.html\" target=\"_blank\" rel=\"noreferrer noopener\">Creyentes (2023)<\/a><\/em><\/strong>&nbsp;pretende ser una continuaci\u00f3n, medio siglo despu\u00e9s, de lo que sucedi\u00f3 aquella nochecita en Washington, con el padre Merrin, el padre Karras, la ni\u00f1a Regan y, claro, el demonio.<\/p>\n\n\n\n<p>Y no hay una ni\u00f1a\/adolescente pose\u00edda, sino que son dos. Son Angela y Katherine, dos compa\u00f1eras de escuela que deciden ir al bosque muy contentas, a realizar un conjuro. Por supuesto que no le avisan a nadie y por supuesto que ambas quedar\u00e1n pose\u00eddas.<\/p>\n\n\n\n<p>Cuando las encuentran, las chicas creen que se perdieron por un par de horas y no recuerdan nada. Ya se imaginan lo que viene.<\/p>\n\n\n\n<p>Ojo que vuelve m\u00e1s de un personaje de la pel\u00edcula original.<\/p>\n\n\n\n<h2 class=\"wp-block-heading\">El juego del miedo 10<\/h2>\n\n\n\n<p><img loading=\"lazy\" decoding=\"async\" alt=\"Jigsaw es enga\u00f1ado y su venganza ser\u00e1 terrible.\" src=\"https:\/\/www.clarin.com\/img\/2023\/09\/25\/ReRJNdsm0_720x0__1.jpg\" width=\"720\" height=\"0\">Jigsaw es enga\u00f1ado y su venganza ser\u00e1 terrible.<\/p>\n\n\n\n<p>Una vuelta de tuerca, al menos en la primera media hora de la proyecci\u00f3n de&nbsp;<strong><em><a href=\"https:\/\/www.clarin.com\/espectaculos\/saw-x-juego-miedo-terrorifico-sadico_0_JBCi7Q64QS.html\">Saw X: El juego del miedo<\/a><\/em><\/strong>, alienta que vamos a ver algo por lo menos distinto dentro de la saga de muertes macabras, donde el sadismo est\u00e1 a la orden del d\u00eda.<\/p>\n\n\n\n<p>John Kramer, el protagonista de la original, s\u00ed, el que interpreta Tobin Bell desde hace casi 20 a\u00f1os, Jigsaw para los entendidos, no la est\u00e1 pasando bien. Su c\u00e1ncer le deja pocos meses de vida, no parece que el tumor en su cerebro vaya a disminuir. Y, perdido por perdido, Kramer sigue el consejo que le da un ex compa\u00f1ero de terapia de grupo. Hay un tratamiento oncol\u00f3gico, el M\u00e9todo Pederson, y se va a M\u00e9xico.<\/p>\n\n\n\n<p>Pero todo es un enga\u00f1o, y Kramer buscar\u00e1 vengarse. Ojo que vuelve un personaje de la saga.<\/p>\n\n\n\n<h2 class=\"wp-block-heading\">La monja 2<\/h2>\n\n\n\n<p><img loading=\"lazy\" decoding=\"async\" alt=\"Taissa Farmiga (hermana de Vera Farmiga, de &quot;El conjuro&quot;) vuelve como la novicia.\" src=\"https:\/\/www.clarin.com\/img\/2023\/09\/06\/MV8a2bqlPB_720x0__1.jpg\" width=\"720\" height=\"0\">Taissa Farmiga (hermana de Vera Farmiga, de &#8220;El conjuro&#8221;) vuelve como la novicia.<\/p>\n\n\n\n<p>Si en la pel\u00edcula original se desperdiciaba el personaje que aparec\u00eda en&nbsp;<em>El conjuro 2<\/em>, a fuerza de lugares comunes y nula imaginaci\u00f3n, esta secuela s\u00ed tiene elementos como para pasar un buen rato con sustos.<\/p>\n\n\n\n<p>En<strong>&nbsp;<a href=\"https:\/\/www.clarin.com\/espectaculos\/monja-2-escalofriante-regreso-demonio-habito-religioso_0_zgagW8Zk1i.html\" target=\"_blank\" rel=\"noreferrer noopener\">La Monja 2 (2023)<\/a><\/strong>&nbsp;Irene regresa, y la mandan a un viaje por Europa en busca de esa fuerza demon\u00edaca que, evidentemente, no desapareci\u00f3.<\/p>\n\n\n\n<p>De Michael Chaves, que dirigi\u00f3 la \u00faltima de&nbsp;<em>El conjuro&nbsp;<\/em>y&nbsp;<em>La maldici\u00f3n de La Llorona<\/em>. Un buen aperitivo mientras esperamos&nbsp;<em>El conjuro 4<\/em>, probablemente a mediados de 2024.<\/p>\n\n\n\n<h2 class=\"wp-block-heading\">La conspiraci\u00f3n del diablo<\/h2>\n\n\n\n<p><img loading=\"lazy\" decoding=\"async\" alt=\"El plan sat\u00e1nico para clonar a Cristo.\" src=\"https:\/\/www.clarin.com\/img\/2023\/10\/26\/2e7hExx4e_720x0__1.jpg\" width=\"720\" height=\"0\">El plan sat\u00e1nico para clonar a Cristo.<\/p>\n\n\n\n<p>Una secta sat\u00e1nica roba el sudario de Tur\u00edn para obtener el ADN de Jesucristo para ofrec\u00e9rselo al Se\u00f1or de las tinieblas. S\u00ed, para clonarlo. Sin embargo, el arc\u00e1ngel Miguel desciende a la Tierra para evitar que el mal triunfe. Estren\u00f3 el 19 de octubre.<\/p>\n\n\n\n<h2 class=\"wp-block-heading\">H\u00e1blame<\/h2>\n\n\n\n<p><img loading=\"lazy\" decoding=\"async\" alt=\"Mia no la estar\u00eda pasando bien.\" src=\"https:\/\/www.clarin.com\/img\/2023\/08\/09\/65iUFiTkn_720x0__1.jpg\" width=\"720\" height=\"0\">Mia no la estar\u00eda pasando bien.<\/p>\n\n\n\n<p>Un grupo de adolescentes casi sin querer queriendo descubren un portal al mundo de los esp\u00edritus. Todo parec\u00eda un juego sencillo: hay que sentarse y darle la mano a una mano embalsamada, para as\u00ed conjurar esp\u00edritus. Hay que decir \u201cH\u00e1blame\u201d, y mejor hay que saber soltar, como se dice. S\u00ed, soltar la mano a los tantos segundos, porque si no, puede pasar lo que le ocurre a Mia: enfrentar a un alma que dice ser su madre muerta.<\/p>\n\n\n\n<p><strong><em><a href=\"https:\/\/www.clarin.com\/espectaculos\/cine\/hablame-terror-mano-gemelos-youtube_0_SInXjAm1ng.html\" target=\"_blank\" rel=\"noreferrer noopener\">H\u00e1blame (Talk to Me)<\/a><\/em><\/strong>&nbsp;se nutre de los miedos de un grupo de adolescentes que se meten donde no hay que hacerlo, de la mano de dos especialistas que arrasan en YouTube.<\/p>\n\n\n\n<p>Los hermanos gemelos Danny y Michael Philippou tienen sus fans: suben a su canal de YouTube RackaRacka sus cortometrajes de terror (y comedia), que acumulan m\u00e1s de 6.7 millones de seguidores y tienen 1.500 millones de visitas.<\/p>\n\n\n\n<h2 class=\"wp-block-heading\">Mansi\u00f3n embrujada<\/h2>\n\n\n\n<p><img loading=\"lazy\" decoding=\"async\" alt=\"M\u00e1s risa que miedo, y con un gran elenco.\" src=\"https:\/\/www.clarin.com\/img\/2023\/07\/26\/OjOAyrh4V_720x0__1.jpg\" width=\"720\" height=\"0\">M\u00e1s risa que miedo, y con un gran elenco.<\/p>\n\n\n\n<p>Nueva adaptaci\u00f3n de la atracci\u00f3n de los parques tem\u00e1ticos de Disney, tiene buen elenco, pero el asunto es el guion. Y los efectos&#8230; Historia de fantasmas que vienen a asustar a los nuevos inquilinos de Gracey Manor, la mansi\u00f3n que tiene una historia detr\u00e1s. Flojita.<\/p>\n\n\n\n<p>Con Owen Wilson, Rosario Dawson, Lakeith Stanfield y Danny DeVito.<\/p>\n\n\n\n<p>Tambi\u00e9n disponible en Disney+.<\/p>\n\n\n\n<h2 class=\"wp-block-heading\">La noche del demonio: la puerta roja<\/h2>\n\n\n\n<p><img loading=\"lazy\" decoding=\"async\" alt=\"Dalton, crecidito y en problemas.\" src=\"https:\/\/www.clarin.com\/img\/2023\/07\/05\/WxAEq80KM_720x0__1.jpg\" width=\"720\" height=\"0\">Dalton, crecidito y en problemas.<\/p>\n\n\n\n<p>La familia Lambert vuelve, una d\u00e9cada despu\u00e9s, a sufrir y pasarla mal. Dalton, ya mayorcito, parte rumbo a la universidad, a estudiar Dibujo. Realmente tiene mano para el arte, pero no va que cuando la exigente profesora Armagan (Hiam Abbass, Marcia Roy en<em>&nbsp;Succession<\/em>) le pide que vaya a lo m\u00e1s profundo de s\u00ed, Dalton empieza a dibujar esa puerta roja del t\u00edtulo.<\/p>\n\n\n\n<p>Falta terror y abundan sobresaltos.<\/p>\n\n\n\n<h2 class=\"wp-block-heading\">Toc Toc Toc<\/h2>\n\n\n\n<p><img loading=\"lazy\" decoding=\"async\" alt=\"Peter, hijo \u00fanico, escucha ruidos detr\u00e1s de la pared de su dormitorio.\" src=\"https:\/\/www.clarin.com\/img\/2023\/10\/26\/GYxHLpgSD_720x0__1.jpg\" width=\"720\" height=\"0\">Peter, hijo \u00fanico, escucha ruidos detr\u00e1s de la pared de su dormitorio.<\/p>\n\n\n\n<p>Peter es un chico algo retra\u00eddo, que tiene una profusa imaginaci\u00f3n, seg\u00fan le refuerza y replica en m\u00e1s de una oportunidad su madre. A Peter le hacen bullying en el colegio, y s\u00ed, ya sabemos que esas acciones, en las pel\u00edculas de terror, se pagan. Y caro.<\/p>\n\n\n\n<p>Pero una noche Peter, que es hijo \u00fanico y trata de dormir tranquilamente en la casa vieja donde vive con sus padres, escucha el toc toc toc del t\u00edtulo en castellano (<em>Cobweb<\/em>, o Telara\u00f1a es el original). El chico se asusta por primera vez cuando \u00e9l golpea la pared de su cuarto, y del otro lado le responden con los mismos golpes.<\/p>\n\n\n\n<p>Las cosas se complicar\u00e1n para Peter cuando, siempre de noche, ya no escuche golpecitos, sino la voz de una ni\u00f1a, que dice que ha quedado all\u00ed atrapada, encerrada.<\/p>\n\n\n\n<h2 class=\"wp-block-heading\">Auxilio<\/h2>\n\n\n\n<p><img loading=\"lazy\" decoding=\"async\" alt=\"Una de terror, nacional.\" src=\"https:\/\/www.clarin.com\/img\/2023\/10\/26\/BlMpKtVOd_720x0__1.jpg\" width=\"720\" height=\"0\">Una de terror, nacional.<\/p>\n\n\n\n<p>Por 1931, Emilia, una joven rebelde, es enviada por su padre a un convento. Su llegada desata manifestaciones paranormales en el lugar, las cuales se vuelven cada vez m\u00e1s fuertes para todos los habitantes, religiosas e internas con afecciones mentales, pero a\u00fan m\u00e1s para Emilia. De Tame Garateguy, con Cumel\u00e9n Sanz y Gerardo Romano.<\/p>\n\n\n\n<h2 class=\"wp-block-heading\">En streaming<\/h2>\n\n\n\n<p>Y estrenaron este 2023, pero ya no est\u00e1n en cartel, s\u00ed en plataformas de streaming:<\/p>\n\n\n\n<h2 class=\"wp-block-heading\">Evil Dead: El despertar<\/h2>\n\n\n\n<p><img loading=\"lazy\" decoding=\"async\" alt=\"Mamita.\" src=\"https:\/\/www.clarin.com\/img\/2023\/04\/19\/NXopcWs7n_720x0__1.jpg\" width=\"720\" height=\"0\">Mamita.<\/p>\n\n\n\n<p>Con gui\u00f1os a&nbsp;<strong><em>El resplandor&nbsp;<\/em><\/strong>y&nbsp;<em>La masacre de Texas<\/em>. En el seno de una familia uno de los miembros se infecta, muere, pero no muere, y empieza a atacar al resto, sean sus hijos o su hermana, as\u00ed que, a prepararse, porque ac\u00e1 todos se defienden, y si una ni\u00f1a se ve en una situaci\u00f3n extrema, pongamos, en la que tuviera que empalar a un pariente cercano, \u00bfpor qu\u00e9 no habr\u00eda de hacerlo?<\/p>\n\n\n\n<p>Con&nbsp;<strong><em><a href=\"https:\/\/www.clarin.com\/espectaculos\/cine\/evil-dead-despertar-arranca-cero-guinos-resplandor-masacre-texas_0_dtqqtwpeWP.html\" target=\"_blank\" rel=\"noreferrer noopener\">Evil Dead: El despertar (2023)<\/a><\/em><\/strong>&nbsp;la saga se renueva. Ya sin Sam Raimi en la direcci\u00f3n, pero s\u00ed como productor, es sangrienta, brutal y divertida.<\/p>\n\n\n\n<p>Disponible en HBO Max.<\/p>\n\n\n\n<h2 class=\"wp-block-heading\">M3GAN<\/h2>\n\n\n\n<p><img loading=\"lazy\" decoding=\"async\" alt=\"Producida por el director de &quot;El conjuro&quot;, James Wan.\" src=\"https:\/\/www.clarin.com\/img\/2023\/01\/18\/bBkyuYnl9_720x0__1.jpg\" width=\"720\" height=\"0\">Producida por el director de &#8220;El conjuro&#8221;, James Wan.<\/p>\n\n\n\n<p>Basada en una historia de James Wan, y producida por el director de&nbsp;<em>El conjuro<\/em>, el filme pega otra vuelta a los mu\u00f1ecos mal\u00e9ficos.<\/p>\n\n\n\n<p><strong><em><a href=\"https:\/\/www.clarin.com\/espectaculos\/cine\/m3gan-muneca-amiga-diabolica-pierde-control_0_vJF0oTVAqr.html\" target=\"_blank\" rel=\"noreferrer noopener\">M3GAN<\/a><\/em><\/strong>&nbsp;es un prototipo de robot con IA, que debe su nombre a las iniciales en ingl\u00e9s de Model 3 Generative Android, y que no es una mu\u00f1eca cualquiera. Tampoco puede pens\u00e1rsela como un juguete. No. M3GAN pasa a ser la aliada o, mejor, la guardiana protectora de Cody, una ni\u00f1a hu\u00e9rfana.<\/p>\n\n\n\n<p>Hasta que deja de ser guardiana\u2026<\/p>\n\n\n\n<p>Disponible en HBO Max.<\/p>\n\n\n\n<h2 class=\"wp-block-heading\">El exorcista del Papa<\/h2>\n\n\n\n<p><img loading=\"lazy\" decoding=\"async\" alt=\"Russell Crowe encarna a un exorcista de la vida real.\" src=\"https:\/\/www.clarin.com\/img\/2023\/04\/10\/1zeFWaG0w_720x0__1.jpg\" width=\"720\" height=\"0\">Russell Crowe encarna a un exorcista de la vida real.<\/p>\n\n\n\n<p>Basada en hechos reales,&nbsp;<strong><a href=\"https:\/\/www.clarin.com\/espectaculos\/cine\/russel-crowe-cumple-anos-exorcista-hombre-records-diente-roto-afuera-secuela-gladiador_0_ZZrDjjrvan.html\">Russell Crowe<\/a><\/strong>&nbsp;hace su primera pel\u00edcula de terror. El actor de<em>&nbsp;Gladiador&nbsp;<\/em>desacraliza al aut\u00e9ntico exorcista Gabriele Amorth. Tras el primer exorcismo que vemos, de los 70.000 que practic\u00f3 -a varios pose\u00eddos debi\u00f3 practicarles m\u00e1s de uno, porque a veces les costaba m\u00e1s que otras-, el Papa Juan Pablo II le hace el encargo de ir a un pueblito en Espa\u00f1a. Un Juan Pablo II que vino a la Argentina en \u00e9pocas de Malvinas, y que interpreta un Franco Nero\u2026 con barba.<\/p>\n\n\n\n<p>En una vieja abad\u00eda un joven (Peter DeSouza-Feighoney, en su primera actuaci\u00f3n) est\u00e1 pose\u00eddo. El lugar estuvo abandonado por a\u00f1os, y la madre de Henry lleg\u00f3 hasta ah\u00ed luego de la muerte de su esposo, para reacondicionarla y vender la propiedad.<\/p>\n\n\n\n<p>Ah, desde que muri\u00f3 su padre, Henry no pronuncia palabra.<\/p>\n\n\n\n<p>Disponible en Prime Video.<\/p>\n\n\n\n<h2 class=\"wp-block-heading\">Scream 6<\/h2>\n\n\n\n<p><img loading=\"lazy\" decoding=\"async\" alt=\"Ghostface salta del pueblito al subte de Nueva York.\" src=\"https:\/\/www.clarin.com\/img\/2023\/03\/08\/no6bv8nBe_720x0__1.jpg\" width=\"720\" height=\"0\">Ghostface salta del pueblito al subte de Nueva York.<\/p>\n\n\n\n<p>Por primera vez lejos de Woodsboro, el pueblito en el que Ghostface con sus distintas identidades masacraba a j\u00f3venes, ahora todo transcurre en Nueva York. Y sigue a las hermanas de&nbsp;<em>Scream 5<\/em>&nbsp;(Melissa Barrera y Jenna Ortega, de&nbsp;<em>Merlina<\/em>). Y s\u00ed, alguien o varios quiere(n) asesinarlas.<\/p>\n\n\n\n<p>Los directores Matt Bettinelli-Olpin y Tyler Gillett (los mismos de&nbsp;<em>Boda sangrienta<\/em>&nbsp;y&nbsp;<em>Scream 5<\/em>), aparentemente no dirigir\u00edan la s\u00e9ptima.<\/p>\n\n\n\n<p><strong><em><a href=\"https:\/\/www.clarin.com\/espectaculos\/cine\/scream-6-asesino-enmascarado-ahora-nueva-york_0_UvmFVCNBnO.html\" target=\"_blank\" rel=\"noreferrer noopener\">Scream 6 (2023)<\/a><\/em><\/strong>&nbsp;est\u00e1 disponible en Paramount+ y Star+.<\/p>\n\n\n\n<h2 class=\"wp-block-heading\">13 exorcismos<\/h2>\n\n\n\n<p><img loading=\"lazy\" decoding=\"async\" alt=\"Jos\u00e9 Sacrist\u00e1n, contra el Demonio.\" src=\"https:\/\/www.clarin.com\/img\/2023\/04\/20\/JqMPEd3D9_720x0__1.jpg\" width=\"720\" height=\"0\">Jos\u00e9 Sacrist\u00e1n, contra el Demonio.<\/p>\n\n\n\n<p>Luego de una sesi\u00f3n de espiritismo, Laura comienza a comportarse de manera un tanto extra\u00f1a. Alarmados por el comportamiento de su hija -y convencidos de que el demonio la posey\u00f3, sus padres acuden al Padre Olmedo, uno de los 15 exorcistas autorizados por el Vaticano para intervenir en posesiones demon\u00edacas.<\/p>\n\n\n\n<p>Con Jos\u00e9 Sacrist\u00e1n y m\u00fasica de nuestro compatriota Federico Jusid.<\/p>\n\n\n\n<p>Disponible en Prime Video.<\/p>\n\n\n\n<h2 class=\"wp-block-heading\">No descansar\u00e1s<\/h2>\n\n\n\n<p><img loading=\"lazy\" decoding=\"async\" alt=\"Cara conocida. es Melissa Barrera, la actriz de &quot;Scream 6&quot;.\" src=\"https:\/\/www.clarin.com\/img\/2023\/10\/26\/JLSYnTKuU_720x0__1.jpg\" width=\"720\" height=\"0\">Cara conocida. es Melissa Barrera, la actriz de &#8220;Scream 6&#8221;.<\/p>\n\n\n\n<p>Si son fans de Melissa Barrera (la actriz de las \u00faltimas&nbsp;<em>Scream<\/em>), \u00e9sta es su pel\u00edcula. Aqu\u00ed est\u00e1 embarazada, se muda a una nueva casa con su marido y debe guardar reposo absoluto. Pero comienza a sufrir experiencias de terror. \u00bfLa casa est\u00e1 embrujada, o todo est\u00e1 en su mente?<\/p>\n\n\n\n<p>Disponible en Prime Video.<\/p>\n\n\n\n<h2 class=\"wp-block-heading\">Boogeyman: Tu miedo es real<\/h2>\n\n\n\n<p><img loading=\"lazy\" decoding=\"async\" alt=\"Se basa en un relato de Stephen King.\" src=\"https:\/\/www.clarin.com\/img\/2023\/10\/26\/KV-xTfQ4X_720x0__1.jpg\" width=\"720\" height=\"0\">Se basa en un relato de Stephen King.<\/p>\n\n\n\n<p>Adaptaci\u00f3n de un relato de Stephen King en el que un hombre llega a la casa de un psic\u00f3logo para contarle que un ser mat\u00f3 a sus hijos. Pero no ser\u00e1 una visita m\u00e1s para el anfitri\u00f3n: acaba de enviudar, el v\u00ednculo con sus propias hijas se cae a pedazos.<\/p>\n\n\n\n<p>Disponible en Star+.<\/p>\n\n\n\n<p>Tambi\u00e9n estrenaron este a\u00f1o&nbsp;<em>Llaman a la puerta<\/em>,&nbsp;<em>Dr\u00e1cula: Mar de sangre<\/em>,&nbsp;<em>Renfield asistente de vampiro<\/em>,&nbsp;<em>Winnie the Pooh: Miel y sangre<\/em>,<em>&nbsp;El exorcismo del demonio<\/em>,&nbsp;<em>El aro 4<\/em>,&nbsp;<em>Ofrenda al demonio<\/em>,&nbsp;<em>Comuni\u00f3n con el Diablo<\/em>,&nbsp;<em>Cr\u00eda siniestra<\/em>,&nbsp;<em>Jeepers Creepers: La reencarnaci\u00f3n del demonio<\/em>,&nbsp;<em>Pearl<\/em>&nbsp;y&nbsp;<em>Terror en la Opera<\/em>, de Dar\u00edo Argento, que pueden encontrar, ejem, por all\u00ed, si no est\u00e1n en ninguna plataforma en la que est\u00e9n como miembros.<\/p>\n\n\n\n<p>Fuente: https:\/\/www.clarin.com\/espectaculos\/nuevas-peliculas-terror-espeluznantes-ver-halloween_0_Iav4zihzmg.html<\/p>\n","protected":false},"excerpt":{"rendered":"<p>Est\u00e1n en los cines y tambi\u00e9n por streaming.De la nueva &#8220;El exorcista&#8221; a &#8220;La monja 2&#8221; y &#8220;H\u00e1blame El pr\u00f3ximo martes es 31 de octubre y es&nbsp;Noche de Halloween. As\u00ed que vamos a repasar las opciones para este fin de semana pre Noche Brujas, con las pel\u00edculas que est\u00e1n en cartelera en los cines de [&hellip;]<\/p>\n","protected":false},"author":3,"featured_media":196,"comment_status":"open","ping_status":"open","sticky":false,"template":"","format":"standard","meta":{"footnotes":""},"categories":[10],"tags":[],"class_list":["post-195","post","type-post","status-publish","format-standard","has-post-thumbnail","hentry","category-tendencia"],"_links":{"self":[{"href":"https:\/\/noticiassaludables.com.ar\/index.php?rest_route=\/wp\/v2\/posts\/195","targetHints":{"allow":["GET"]}}],"collection":[{"href":"https:\/\/noticiassaludables.com.ar\/index.php?rest_route=\/wp\/v2\/posts"}],"about":[{"href":"https:\/\/noticiassaludables.com.ar\/index.php?rest_route=\/wp\/v2\/types\/post"}],"author":[{"embeddable":true,"href":"https:\/\/noticiassaludables.com.ar\/index.php?rest_route=\/wp\/v2\/users\/3"}],"replies":[{"embeddable":true,"href":"https:\/\/noticiassaludables.com.ar\/index.php?rest_route=%2Fwp%2Fv2%2Fcomments&post=195"}],"version-history":[{"count":1,"href":"https:\/\/noticiassaludables.com.ar\/index.php?rest_route=\/wp\/v2\/posts\/195\/revisions"}],"predecessor-version":[{"id":197,"href":"https:\/\/noticiassaludables.com.ar\/index.php?rest_route=\/wp\/v2\/posts\/195\/revisions\/197"}],"wp:featuredmedia":[{"embeddable":true,"href":"https:\/\/noticiassaludables.com.ar\/index.php?rest_route=\/wp\/v2\/media\/196"}],"wp:attachment":[{"href":"https:\/\/noticiassaludables.com.ar\/index.php?rest_route=%2Fwp%2Fv2%2Fmedia&parent=195"}],"wp:term":[{"taxonomy":"category","embeddable":true,"href":"https:\/\/noticiassaludables.com.ar\/index.php?rest_route=%2Fwp%2Fv2%2Fcategories&post=195"},{"taxonomy":"post_tag","embeddable":true,"href":"https:\/\/noticiassaludables.com.ar\/index.php?rest_route=%2Fwp%2Fv2%2Ftags&post=195"}],"curies":[{"name":"wp","href":"https:\/\/api.w.org\/{rel}","templated":true}]}}