{"id":201,"date":"2023-10-31T10:38:44","date_gmt":"2023-10-31T13:38:44","guid":{"rendered":"https:\/\/noticiassaludables.com.ar\/?p=201"},"modified":"2023-10-31T10:38:44","modified_gmt":"2023-10-31T13:38:44","slug":"nuevo-ife-de-anses-hasta-cuando-hay-tiempo-para-anotarse","status":"publish","type":"post","link":"https:\/\/noticiassaludables.com.ar\/?p=201","title":{"rendered":"Nuevo IFE de Anses: \u00bfhasta cu\u00e1ndo hay tiempo para anotarse?"},"content":{"rendered":"\n<h2 class=\"wp-block-heading\">El pago de $94.000 en dos cuotas para trabajadores informales requiere inscripci\u00f3n previa. Si bien ya se pag\u00f3 la primera cuota, quienes a\u00fan no se hayan postulado para recibirlo todav\u00eda pueden hacerlo. Requisitos y tr\u00e1mites necesarios para percibirlo<\/h2>\n\n\n\n<p><img loading=\"lazy\" decoding=\"async\" alt=\"Desde el inicio del pago del refuerzo para trabajadores informales, 2,5 millones de personas ya cobraron la primera cuota de 47 mil pesos (Adri\u00e1n Escandar)\" height=\"1080\" width=\"1920\" src=\"https:\/\/www.infobae.com\/new-resizer\/RmsZczQwIE4LixIYLEkECBdXiuY=\/arc-anglerfish-arc2-prod-infobae\/public\/I6CUH5Y3ZJG35KE7BVSEDHMUFI.jpg\">Desde el inicio del pago del refuerzo para trabajadores informales, 2,5 millones de personas ya cobraron la primera cuota de 47 mil pesos (Adri\u00e1n Escandar)<\/p>\n\n\n\n<p>El gobierno, a trav\u00e9s de la Administraci\u00f3n Nacional de Seguridad Social (<strong>Anses<\/strong>) mantiene abierta la inscripci\u00f3n para la recepci\u00f3n del llamado \u201c<strong>Refuerzo para trabajadoras y trabajadores informales<\/strong>\u201d, m\u00e1s conocido como \u201c<strong>Nuevo IFE<\/strong>\u201d, por el \u201cIngreso Familiar de Emergencia\u201d de la etapa inicial de la pandemia de coronavirus. Se trata de dos pagos de $47.000 cada uno que el gobierno anunci\u00f3 como medida \u201ccompensatoria\u201d luego de la devaluaci\u00f3n y aceleraci\u00f3n inflacionaria tras las elecciones primarias del 13 de agosto pasado.<\/p>\n\n\n\n<p><a rel=\"noreferrer noopener\" href=\"https:\/\/www.infobae.com\/economia\/2023\/10\/26\/dolar-hoy-en-vivo-a-cuanto-abre-este-jueves-26-de-octubre-y-cual-es-el-precio-minuto-a-minuto\/\" target=\"_blank\"><\/a>Ese dinero se pagar\u00e1 en<strong>&nbsp;dos cuotas mensuales de $47.000&nbsp;<\/strong>cada una, en octubre y en noviembre.<\/p>\n\n\n\n<p>\u201cSi ya te inscribiste al refuerzo y tu solicitud fue aprobada&nbsp;<strong>entre el 4\/10 y el 9\/10 inclusive<\/strong>, vas a recibir&nbsp;<strong>la primera cuota de $47.000 el 17\/10<\/strong>. Te lo vamos a depositar en la CBU que indicaste al momento de completar la inscripci\u00f3n. Mientras que, las personas cuyo refuerzo fue aprobado&nbsp;<strong>a partir del 10\/10<\/strong>&nbsp;en adelante,&nbsp;<strong>recibir\u00e1n los dos pagos de $47.000 juntos en el mes de noviembre\u201d, dice la Anses en su p\u00e1gina web, en la que recuerda que&nbsp;<\/strong>la inscripci\u00f3n continuar\u00e1<strong>&nbsp;abierta todos los d\u00edas de 14 a 24 horas hasta el 31 de octubre<\/strong>. Quienes todav\u00eda no lo hicieron, pueden inscribirse a trav\u00e9s de<a href=\"https:\/\/www.anses.gob.ar\/\">&nbsp;anses.gob.ar<\/a>&nbsp;o la app&nbsp;<a href=\"https:\/\/www.anses.gob.ar\/app-mi-anses\">mi ANSES<\/a>.<\/p>\n\n\n\n<p><img loading=\"lazy\" decoding=\"async\" alt=\"Es necesario inscribirse a trav\u00e9s de un tr\u00e1mite online (Facebook)\" height=\"1080\" width=\"1920\" src=\"https:\/\/www.infobae.com\/new-resizer\/WdfFa4bIscAddcvWpgIfhw6zbLE=\/arc-anglerfish-arc2-prod-infobae\/public\/7EOX6NTWDRCFDMVOS2AK6SOGZM.jpg\">Es necesario inscribirse a trav\u00e9s de un tr\u00e1mite online (Facebook)<\/p>\n\n\n\n<h2 class=\"wp-block-heading\">\u00bfQui\u00e9nes pueden cobrar el \u201cnuevo IFE\u201d?<\/h2>\n\n\n\n<p>Los requisitos para acceder al beneficio son los siguientes:<\/p>\n\n\n\n<ul class=\"wp-block-list\">\n<li>Tener m\u00e1s de 18 a\u00f1os y menos de 64.<\/li>\n\n\n\n<li>No estar recibiendo ninguna otra prestaci\u00f3n o asistencia del Estado.<\/li>\n\n\n\n<li>No tener empleo formal.<\/li>\n<\/ul>\n\n\n\n<blockquote class=\"wp-block-quote is-layout-flow wp-block-quote-is-layout-flow\">\n<p>Desde el inicio del pago del refuerzo para trabajadores informales, 2,5 millones de personas ya cobraron la primera cuota de 47.000 pesos<\/p>\n<\/blockquote>\n\n\n\n<p>Para acceder al cobro, las personas<strong>&nbsp;deben cumplir con los siguientes requisitos<\/strong>:<\/p>\n\n\n\n<ul class=\"wp-block-list\">\n<li>Ser argentinas o nativas, por opci\u00f3n o naturalizadas, o extranjeras, estas \u00faltimas con una residencia no inferior a dos a\u00f1os anteriores a la fecha que se establezca en la normativa complementaria; debiendo todas ellas habitar en el territorio de la Rep\u00fablica Argentina durante todo el per\u00edodo citado.<\/li>\n\n\n\n<li>Tener&nbsp;<strong>18 a\u00f1os de edad o m\u00e1s y no haber cumplido los 65&nbsp;<\/strong>a\u00f1os al 30 de septiembre de 2023.<\/li>\n\n\n\n<li>Encontrarse en situaci\u00f3n de vulnerabilidad econ\u00f3mica y patrimonial. Las condiciones objetivas de la situaci\u00f3n econ\u00f3mica y patrimonial indicada ser\u00e1n establecidas por la normativa complementaria.<\/li>\n\n\n\n<li>Completar la solicitud, de conformidad con lo establecido en la normativa complementaria correspondiente.<\/li>\n<\/ul>\n\n\n\n<p><img loading=\"lazy\" decoding=\"async\" alt=\"Para acceder al refuerzo de ingresos no hay que estar percibiendo ingresos formales de ning\u00fan tipo (Reuters)\" height=\"533\" width=\"800\" src=\"https:\/\/www.infobae.com\/new-resizer\/0mvWgKlcm2W05R_jRLDQGntZAB8=\/arc-anglerfish-arc2-prod-infobae\/public\/GID2KXL5MIPHWOM2OIVZLM2ZCE.jpg\">Para acceder al refuerzo de ingresos no hay que estar percibiendo ingresos formales de ning\u00fan tipo (Reuters)<\/p>\n\n\n\n<p>Adem\u00e1s, quienes soliciten el refuerzo&nbsp;<strong>no deber\u00e1n encontrarse<\/strong>:<\/p>\n\n\n\n<ul class=\"wp-block-list\">\n<li>Percibiendo ingresos formales de ning\u00fan tipo.<\/li>\n\n\n\n<li>Bajo relaci\u00f3n de dependencia registrada en el Sector P\u00fablico Nacional, Provincial, Municipal y\/o de la Ciudad Aut\u00f3noma de Buenos Aires o en el Sector Privado.<\/li>\n\n\n\n<li>Inscripta en el R\u00e9gimen Simplificado para Peque\u00f1os Contribuyentes ni en el el R\u00e9gimen de Aut\u00f3nomos.<\/li>\n\n\n\n<li>Como titular de jubilaciones, pensiones, planes, programas, prestaciones de la seguridad social, o retiros de car\u00e1cter contributivo o no contributivo, sean Nacionales, Provinciales, Municipales o de la Ciudad Aut\u00f3noma de Buenos Aires.<\/li>\n\n\n\n<li>Incluida en el Sistema de Servicios de Salud, conforme lo establezca la AFIP.<\/li>\n\n\n\n<li>Registrada como activa en el Registro de Trabajadores de Casas Particulares.<\/li>\n\n\n\n<li>Como titular de Prestaci\u00f3n por Desempleo, Programas de Empleo o Planes Sociales.<\/li>\n\n\n\n<li>Privada de la libertad, bajo cualquier modalidad.<\/li>\n\n\n\n<li>Como persona que tiene a cargo a ni\u00f1os, ni\u00f1as, adolescentes o personas mayores de edad con discapacidad titulares de alguna de las prestaciones establecidas por el R\u00e9gimen de Asignaciones Familiares, consider\u00e1ndose tambi\u00e9n, en igual medida, a la otra persona integrante del grupo familiar.<\/li>\n\n\n\n<li>Percibiendo ingresos provenientes de la Asignaci\u00f3n Universal por Hijo para Protecci\u00f3n Social, o de la Asignaci\u00f3n por Embarazo para Protecci\u00f3n Social, o del Programa de Respaldo a Estudiantes Argentinos (PROGRESAR), o del Programa Nacional de Inclusi\u00f3n Socioproductiva y Desarrollo Local \u201cPotenciar Trabajo\u201d.<\/li>\n<\/ul>\n\n\n\n<p>En tanto, las personas de entre 18 y 24 a\u00f1os podr\u00e1n acceder al bono cuando el grupo familiar supere la<strong>&nbsp;evaluaci\u00f3n socioecon\u00f3mica&nbsp;<\/strong>que se establezca a tal efecto en la normativa complementaria.<\/p>\n\n\n\n<blockquote class=\"wp-block-quote is-layout-flow wp-block-quote-is-layout-flow\">\n<p>La segunda cuota de $47.000 del refuerzo se pagar\u00e1 durante noviembre; en tanto, quienes se anotaron a partir del 10 de octubre y su solicitud fue aprobada recibir\u00e1n las dos cuotas juntas en un pago de $94.000 en el pr\u00f3ximo mes. Hay tiempo para anotarse hasta el 31 de octubre<\/p>\n<\/blockquote>\n\n\n\n<h2 class=\"wp-block-heading\">\u00bfHasta cu\u00e1ndo hay tiempo de anotarse para el nuevo IFE?<\/h2>\n\n\n\n<p>El refuerzo econ\u00f3mico \u201cpara trabajadoras y trabajadores informales\u201d o \u201cnuevo IFE\u201d es de&nbsp;<strong>$94,000<\/strong>&nbsp;en total, en dos cuotas de $47.000. La inscripci\u00f3n se inici\u00f3 el el 27 de septiembre y estar\u00e1 abierta hasta el pr\u00f3ximo martes, 31 de octubre.<\/p>\n\n\n\n<p><img loading=\"lazy\" decoding=\"async\" alt=\"La inscripci\u00f3n contin\u00faa abierta hasta el pr\u00f3ximo martes 31 de octubre y puede realizarse todos los d\u00edas de 14 a 24 horas\" height=\"1080\" width=\"1920\" src=\"https:\/\/www.infobae.com\/new-resizer\/702FhFMxykvYWysKirRr2R9SWq0=\/arc-anglerfish-arc2-prod-infobae\/public\/6BWWDXQTEVHZTKLD4FLCZIXPZI.jpg\">La inscripci\u00f3n contin\u00faa abierta hasta el pr\u00f3ximo martes 31 de octubre y puede realizarse todos los d\u00edas de 14 a 24 horas<\/p>\n\n\n\n<h2 class=\"wp-block-heading\">\u00bfC\u00f3mo anotarse, paso a paso?<\/h2>\n\n\n\n<ul class=\"wp-block-list\">\n<li><strong>Inscripci\u00f3n en la Web<\/strong>: Los interesados deben inscribirse en la p\u00e1gina web oficial de la Anses o a trav\u00e9s de la aplicaci\u00f3n Mi Anses.<\/li>\n\n\n\n<li><strong>Horario de Inscripci\u00f3n<\/strong>: El tr\u00e1mite se puede realizar todos los d\u00edas, de 14 a 24 horas.<\/li>\n\n\n\n<li><strong>Requisitos Previos<\/strong>: Antes de iniciar el tr\u00e1mite, es necesario contar con la Clave de la Seguridad Social y una cuenta bancaria a nombre del solicitante.<\/li>\n\n\n\n<li><strong>Evaluaci\u00f3n de Elegibilidad<\/strong>: Una vez enviado el formulario de inscripci\u00f3n, la Anses realizar\u00e1 una evaluaci\u00f3n socioecon\u00f3mica y patrimonial para determinar qui\u00e9nes pueden acceder al beneficio.<\/li>\n<\/ul>\n\n\n\n<h2 class=\"wp-block-heading\">\u00bfDe cu\u00e1nto es el nuevo IFE?<\/h2>\n\n\n\n<p>El nuevo refuerzo econ\u00f3mico de la Anses, com\u00fanmente conocido como \u201c<strong>nuevo IFE<\/strong>\u201d, es de&nbsp;<strong>$94,000<\/strong>&nbsp;en total. Los interesados pueden inscribirse desde el 27 de septiembre hasta el final del mes de octubre. No se especifica la fecha exacta de cobro en la nota consultada.<\/p>\n\n\n\n<h2 class=\"wp-block-heading\">\u00bfCu\u00e1ndo se cobra el nuevo IFE?<\/h2>\n\n\n\n<p>Poder Ejecutivo estableci\u00f3 tambi\u00e9n que el beneficio deber\u00e1 solicitarse ante la ANSeS, y que \u00e9sta realizar\u00e1 intercambios de informaci\u00f3n con aquellas bases de datos que administran los organismos competentes en las materias espec\u00edficas y vinculadas al cumplimiento de los requisitos, y establecer\u00e1 las normas aclaratorias y complementarias que resultaren necesarias para la administraci\u00f3n, otorgamiento, pago, control y supervisi\u00f3n<a rel=\"noreferrer noopener\" href=\"https:\/\/www.infobae.com\/economia\/2023\/10\/20\/cuales-son-los-10-autos-mas-caros-que-pueden-comprarse-en-las-concesionarias-argentinas\/\" target=\"_blank\"><\/a><\/p>\n\n\n\n<p>Para el Gobierno, \u201cresulta imprescindible abordar una medida que acompa\u00f1e a los sectores informales sin ingresos que no se vieron beneficiados por diferentes acciones, de manera de ayudarlos a sortear el aceleramiento de precios y el abrupto encarecimiento del costo de vida\u201d.<\/p>\n\n\n\n<p>Fuente: https:\/\/www.infobae.com\/economia\/2023\/10\/26\/nuevo-ife-de-anses-hasta-cuando-hay-tiempo-para-anotarse\/<\/p>\n","protected":false},"excerpt":{"rendered":"<p>El pago de $94.000 en dos cuotas para trabajadores informales requiere inscripci\u00f3n previa. Si bien ya se pag\u00f3 la primera cuota, quienes a\u00fan no se hayan postulado para recibirlo todav\u00eda pueden hacerlo. Requisitos y tr\u00e1mites necesarios para percibirlo Desde el inicio del pago del refuerzo para trabajadores informales, 2,5 millones de personas ya cobraron la [&hellip;]<\/p>\n","protected":false},"author":3,"featured_media":202,"comment_status":"open","ping_status":"open","sticky":false,"template":"","format":"standard","meta":{"footnotes":""},"categories":[11,3,12],"tags":[40,39],"class_list":["post-201","post","type-post","status-publish","format-standard","has-post-thumbnail","hentry","category-agenda","category-principal","category-sociedad","tag-anses","tag-ife"],"_links":{"self":[{"href":"https:\/\/noticiassaludables.com.ar\/index.php?rest_route=\/wp\/v2\/posts\/201","targetHints":{"allow":["GET"]}}],"collection":[{"href":"https:\/\/noticiassaludables.com.ar\/index.php?rest_route=\/wp\/v2\/posts"}],"about":[{"href":"https:\/\/noticiassaludables.com.ar\/index.php?rest_route=\/wp\/v2\/types\/post"}],"author":[{"embeddable":true,"href":"https:\/\/noticiassaludables.com.ar\/index.php?rest_route=\/wp\/v2\/users\/3"}],"replies":[{"embeddable":true,"href":"https:\/\/noticiassaludables.com.ar\/index.php?rest_route=%2Fwp%2Fv2%2Fcomments&post=201"}],"version-history":[{"count":1,"href":"https:\/\/noticiassaludables.com.ar\/index.php?rest_route=\/wp\/v2\/posts\/201\/revisions"}],"predecessor-version":[{"id":203,"href":"https:\/\/noticiassaludables.com.ar\/index.php?rest_route=\/wp\/v2\/posts\/201\/revisions\/203"}],"wp:featuredmedia":[{"embeddable":true,"href":"https:\/\/noticiassaludables.com.ar\/index.php?rest_route=\/wp\/v2\/media\/202"}],"wp:attachment":[{"href":"https:\/\/noticiassaludables.com.ar\/index.php?rest_route=%2Fwp%2Fv2%2Fmedia&parent=201"}],"wp:term":[{"taxonomy":"category","embeddable":true,"href":"https:\/\/noticiassaludables.com.ar\/index.php?rest_route=%2Fwp%2Fv2%2Fcategories&post=201"},{"taxonomy":"post_tag","embeddable":true,"href":"https:\/\/noticiassaludables.com.ar\/index.php?rest_route=%2Fwp%2Fv2%2Ftags&post=201"}],"curies":[{"name":"wp","href":"https:\/\/api.w.org\/{rel}","templated":true}]}}