{"id":207,"date":"2023-10-31T10:43:53","date_gmt":"2023-10-31T13:43:53","guid":{"rendered":"https:\/\/noticiassaludables.com.ar\/?p=207"},"modified":"2023-10-31T10:43:53","modified_gmt":"2023-10-31T13:43:53","slug":"abierta-la-inscripcion-para-vacacionar-en-chapadmalal-y-embalse","status":"publish","type":"post","link":"https:\/\/noticiassaludables.com.ar\/?p=207","title":{"rendered":"Abierta la inscripci\u00f3n para vacacionar en Chapadmalal y Embalse"},"content":{"rendered":"\n<p><strong><mark class=\"has-inline-color has-vivid-red-color\">El Ministerio de Turismo y Deportes inform\u00f3 que ya se encuentra disponible el calendario con las fechas de inscripci\u00f3n para vacacionar en los hoteles de las Unidades Tur\u00edsticas Chapadmalal, en la costa atl\u00e1ntica, y Embalse, C\u00f3rdoba, con tarifas diarias que var\u00edan entre $3000 y $5000 por d\u00eda e incluyen pensi\u00f3n completa.<\/mark><\/strong><\/p>\n\n\n\n<p>Existen diferentes opciones disponibles para reservar: el Plan Particulares, destinado a personas que viajan en grupos familiares, con un m\u00e1ximo de 10 integrantes; y el Plan Instituciones, dirigido a escuelas, instituciones educativas, centros de jubilados, asociaciones civiles, clubes, fundaciones, instituciones religiosas, cooperativas, mutuales, ONG, y hogares, entre otras.<\/p>\n\n\n\n<p>Asimismo, se cuenta con el Plan Eventos, orientado a organismos p\u00fablicos y privados para conmemorar fechas especiales de relevancia a nivel nacional y\/o la organizaci\u00f3n de un evento especial con finalidad social.<\/p>\n\n\n\n<p>\u201cGracias al hist\u00f3rico Plan de Obras que llevamos adelante en Chapadmalal y Embalse, no solamente los hoteles abrieron por primera vez durante todo el a\u00f1o 2023, sino que hemos aumentado m\u00e1s del 100% las plazas destinadas a turismo social\u201d, expres\u00f3 el ministro de Turismo y Deportes, Mat\u00edas Lammens.<\/p>\n\n\n\n<p>En ese marco, agreg\u00f3: \u201cDiciembre nos encontrar\u00e1 con todos los hoteles funcionando o en obra, lo que es una gran noticia para los miles de argentinos y argentinas que los van a disfrutar y para quienes reivindicamos un pa\u00eds que quiere seguir garantizando el derecho al bienestar y a las vacaciones\u201d.<\/p>\n\n\n\n<p>La tarifa base por d\u00eda, por persona, var\u00eda entre los $3000 y $5000 e incluye pensi\u00f3n completa (desayuno, almuerzo y cena, sin bebidas).<\/p>\n\n\n\n<p>En los complejos se puede disfrutar de actividades tur\u00edsticas, deportivas, recreativas y culturales.<\/p>\n\n\n\n<p>El transporte no est\u00e1 incluido en el servicio y es a cargo del turista.<\/p>\n\n\n\n<p>Para conocer las fechas de inscripci\u00f3n en las distintas modalidades, seg\u00fan el calendario, hay que ingresar al sitio web: argentina.gob.ar\/turismosocial.<\/p>\n\n\n\n<p>Fuente: T\u00e9lam<\/p>\n","protected":false},"excerpt":{"rendered":"<p>El Ministerio de Turismo y Deportes inform\u00f3 que ya se encuentra disponible el calendario con las fechas de inscripci\u00f3n para vacacionar en los hoteles de las Unidades Tur\u00edsticas Chapadmalal, en la costa atl\u00e1ntica, y Embalse, C\u00f3rdoba, con tarifas diarias que var\u00edan entre $3000 y $5000 por d\u00eda e incluyen pensi\u00f3n completa. Existen diferentes opciones disponibles [&hellip;]<\/p>\n","protected":false},"author":3,"featured_media":208,"comment_status":"open","ping_status":"open","sticky":false,"template":"","format":"standard","meta":{"footnotes":""},"categories":[4,3,12],"tags":[42],"class_list":["post-207","post","type-post","status-publish","format-standard","has-post-thumbnail","hentry","category-bienestar","category-principal","category-sociedad","tag-abierta-la-inscripcion-para-vacacionar-en-chapadmalal-y-embalse"],"_links":{"self":[{"href":"https:\/\/noticiassaludables.com.ar\/index.php?rest_route=\/wp\/v2\/posts\/207","targetHints":{"allow":["GET"]}}],"collection":[{"href":"https:\/\/noticiassaludables.com.ar\/index.php?rest_route=\/wp\/v2\/posts"}],"about":[{"href":"https:\/\/noticiassaludables.com.ar\/index.php?rest_route=\/wp\/v2\/types\/post"}],"author":[{"embeddable":true,"href":"https:\/\/noticiassaludables.com.ar\/index.php?rest_route=\/wp\/v2\/users\/3"}],"replies":[{"embeddable":true,"href":"https:\/\/noticiassaludables.com.ar\/index.php?rest_route=%2Fwp%2Fv2%2Fcomments&post=207"}],"version-history":[{"count":1,"href":"https:\/\/noticiassaludables.com.ar\/index.php?rest_route=\/wp\/v2\/posts\/207\/revisions"}],"predecessor-version":[{"id":209,"href":"https:\/\/noticiassaludables.com.ar\/index.php?rest_route=\/wp\/v2\/posts\/207\/revisions\/209"}],"wp:featuredmedia":[{"embeddable":true,"href":"https:\/\/noticiassaludables.com.ar\/index.php?rest_route=\/wp\/v2\/media\/208"}],"wp:attachment":[{"href":"https:\/\/noticiassaludables.com.ar\/index.php?rest_route=%2Fwp%2Fv2%2Fmedia&parent=207"}],"wp:term":[{"taxonomy":"category","embeddable":true,"href":"https:\/\/noticiassaludables.com.ar\/index.php?rest_route=%2Fwp%2Fv2%2Fcategories&post=207"},{"taxonomy":"post_tag","embeddable":true,"href":"https:\/\/noticiassaludables.com.ar\/index.php?rest_route=%2Fwp%2Fv2%2Ftags&post=207"}],"curies":[{"name":"wp","href":"https:\/\/api.w.org\/{rel}","templated":true}]}}