{"id":228,"date":"2023-10-31T12:27:14","date_gmt":"2023-10-31T15:27:14","guid":{"rendered":"https:\/\/noticiassaludables.com.ar\/?p=228"},"modified":"2023-10-31T12:27:14","modified_gmt":"2023-10-31T15:27:14","slug":"rescatan-una-ruta-de-naufragios-con-tesoros-e-historias-en-las-costas-del-mar-argentino","status":"publish","type":"post","link":"https:\/\/noticiassaludables.com.ar\/?p=228","title":{"rendered":"Rescatan una &#8220;ruta de naufragios&#8221;, con tesoros e historias en las costas del Mar Argentino"},"content":{"rendered":"\n<h2 class=\"wp-block-heading\">La campa\u00f1a &#8220;Mar de historias&#8221; pone en valor restos de naufragios en las costas argentinas.Algunas historias, de Buenos Aires a Tierra del Fuego.<\/h2>\n\n\n\n<p><img loading=\"lazy\" decoding=\"async\" width=\"360\" height=\"240\" src=\"https:\/\/www.clarin.com\/img\/2023\/10\/27\/gEUdWeEky_360x240__1.jpg\" alt=\"Rescatan una &quot;ruta de naufragios&quot;, con tesoros e historias en las costas del Mar Argentino\">Los restos de un pesquero que encall\u00f3 cerca del balneario Marisol, provincia de Buenos Aires. Foto Uriel Sokolowicz<\/p>\n\n\n\n<p>Los&nbsp;<strong>naufragios&nbsp;<\/strong>suelen ser mucho m\u00e1s que un barco en el fondo del mar o los restos de un casco varado en una playa; son tambi\u00e9n un&nbsp;<strong>refugio de historias<\/strong>&nbsp;-de un barco, de personas, de toda una \u00e9poca- que vale la pena conocer.<\/p>\n\n\n\n<p>Con el fin de sensibilizar y dar a conocer las riquezas culturales y esas historias que se encuentran a lo largo de las costas y sectores sumergidos, distintas provincias argentinas, junto con la Administraci\u00f3n de Parques Nacionales y el Instituto Nacional de Antropolog\u00eda y Pensamiento Latinoamericano, presentaron \u201c<strong>Mar de Historias<\/strong>\u201d, una campa\u00f1a que busca promover el conocimiento, la valoraci\u00f3n y la protecci\u00f3n del&nbsp;<strong>patrimonio cultural marino-costero del mar argentino<\/strong>.<\/p>\n\n\n\n<h2 class=\"wp-block-heading\">Sumergirse en el pasado y proteger el futuro<\/h2>\n\n\n\n<p>Promovida por las provincias de&nbsp;<a href=\"https:\/\/www.clarin.com\/viajes\/10-pueblos-conocer-escapada-vacaciones_0_z7zcAmteh2.html\">Buenos Aires<\/a>,&nbsp;<a href=\"https:\/\/www.clarin.com\/viajes\/viaje-espectacular-fauna-costa-chubut-verano_0_opv7JA4RC.html\">Chubut<\/a>,&nbsp;<a href=\"https:\/\/www.clarin.com\/viajes\/5-rutas-escenicas-argentina_0_fRZhCAImvz.html\">R\u00edo Negro<\/a>,&nbsp;<a href=\"https:\/\/www.clarin.com\/viajes\/escalas-imperdibles-costa-santa-cruz_0_gkVylH2Yq2.html\">Santa Cruz<\/a>&nbsp;y&nbsp;<a href=\"https:\/\/www.clarin.com\/viajes\/hacer-ushuaia-mejores-10-lugares-debes-visitar_0_cXa4ARk31.html\">Tierra del Fuego<\/a>, la campa\u00f1a -www.mardehistorias.com.ar; @mardehistoriasarg- es una invitaci\u00f3n a explorar el pasado y sumergirse en la riqueza de la herencia cultural mar\u00edtima, adem\u00e1s de un compromiso de&nbsp;<strong>protegerla para las futuras generaciones<\/strong>.<\/p>\n\n\n\n<p>\u201cContribuyendo a&nbsp;<strong>preservar este patrimonio en el lugar donde se encuentra<\/strong>, pod\u00e9s ser protagonista del apasionante desaf\u00edo de descubrir l pasado\u201d, destaca Cristi\u00e1n Murray, investigador del equipo de arqueolog\u00eda subacu\u00e1tica del Instituto Nacional de Antropolog\u00eda y Pensamiento Latinoamericano y coordinador de la campa\u00f1a.<img loading=\"lazy\" decoding=\"async\" alt=\"El solitario vapor Sarmiento, encallado en las costas del canal Beagle. Foto Uriel Sokolowicz\" src=\"https:\/\/www.clarin.com\/img\/2023\/10\/27\/LT6G4oA4d_720x0__1.jpg\" width=\"720\" height=\"0\">El solitario vapor Sarmiento, encallado en las costas del canal Beagle. Foto Uriel Sokolowicz<\/p>\n\n\n\n<p>Y destaca que este patrimonio tiene un car\u00e1cter \u201c\u00fanico e irremplazable\u201d que enfrenta riesgo como la erosi\u00f3n costera, la pesca de arrastre, el fondeo de embarcaciones, los dragados y otras obras que afectan las costas y el fondo marino y la remoci\u00f3n o extracci\u00f3n de objetos, ya sea por simple curiosidad o para el coleccionismo.<\/p>\n\n\n\n<p>Para aprender sobre la historia y&nbsp;<strong>conocer historias del patrimonio del Mar Argentino<\/strong>, \u00e9stos son algunos de los tesoros de naufragios que pueden conocerse en las costas del pa\u00eds.<img loading=\"lazy\" decoding=\"async\" alt=\"Restos un gale\u00f3n espa\u00f1ol del siglo XVIII hallado en Puerto Madero. Se ven en la Barraca Pe\u00f1a, en La Boca, Foto Mart\u00edn Bonetto\" src=\"https:\/\/www.clarin.com\/img\/2023\/10\/27\/F4ozuIHl2_720x0__1.jpg\" width=\"720\" height=\"0\">Restos un gale\u00f3n espa\u00f1ol del siglo XVIII hallado en Puerto Madero. Se ven en la Barraca Pe\u00f1a, en La Boca, Foto Mart\u00edn Bonetto<\/p>\n\n\n\n<h2 class=\"wp-block-heading\">ZenCity<\/h2>\n\n\n\n<p>Los restos de este barco y su cargamento&nbsp;<strong>fueron descubiertos en 2008<\/strong>, durante la excavaci\u00f3n para la construcci\u00f3n del complejo ZenCity, en el Dique 1 de Puerto Madero.<\/p>\n\n\n\n<p>Lo que quedaba de su casco estaba enterrado a&nbsp;<strong>unos 10 metros bajo el actual nivel de la calle<\/strong>, zona que fue rellenada durante la construcci\u00f3n del puerto.<\/p>\n\n\n\n<p>Los restos del que fue identificado como un<strong>&nbsp;barco mercante espa\u00f1ol del siglo XVIII&nbsp;<\/strong>fueron excavados por arque\u00f3logos y el casco fue removido, trasladado y reenterrado en el terreno del conjunto hist\u00f3rico de la Barraca Pe\u00f1a, en La Boca, junto al Riachuelo.<\/p>\n\n\n\n<p>En el lugar, que se puede visitar,&nbsp;<strong>se exhiben varios objetos recuperados<\/strong>.<\/p>\n\n\n\n<h2 class=\"wp-block-heading\">Vapor Karnak<\/h2>\n\n\n\n<p>El Karnak era un vapor alem\u00e1n de la compa\u00f1\u00eda Kosmos, de Hamburgo -reconocida por la velocidad y seguridad de sus buques- que&nbsp;<strong>transportaba pasajeros, carga y correspondencia entre Hamburgo, el R\u00edo de la Plata y los puertos del Pac\u00edfico.<\/strong><img loading=\"lazy\" decoding=\"async\" alt=\"Restos del vapor Karnak, al norte de Pinamar. Captura video.\" src=\"https:\/\/www.clarin.com\/img\/2023\/10\/27\/ggDUpuY1j_720x0__1.jpg\" width=\"720\" height=\"0\">Restos del vapor Karnak, al norte de Pinamar. Captura video.<\/p>\n\n\n\n<p>Fue el&nbsp;<strong>primer vapor alem\u00e1n que realiz\u00f3 este servicio<\/strong>, y el 24 de enero de 1878 encall\u00f3 en la costa, 3 kil\u00f3metros al sur de Punta M\u00e9danos, en la provincia de Buenos Aires.<\/p>\n\n\n\n<p>Hoy sus restos pueden verse semienterrados en la arena y ba\u00f1ados por las olas, luego de una relajante caminata por playas infinitas.<\/p>\n\n\n\n<h2 class=\"wp-block-heading\">Vapor Ludovico<\/h2>\n\n\n\n<p>Este carguero de 60 metros de eslora que&nbsp;<strong>naufrag\u00f3 en 1916 en Bah\u00eda Rosas<\/strong>, provincia de R\u00edo Negro, mientras se dirig\u00eda de Buenos Aires a Punta Arenas, Chile. Hab\u00eda sido&nbsp;<strong>construido en 1908 en Escocia<\/strong>&nbsp;y botado bajo bandera argentina; luego fue vendido a Paraguay y, al momento de su hundimiento, ten\u00eda bandera chilena.<img loading=\"lazy\" decoding=\"async\" alt=\"El vapor Ludovico encall\u00f3 en 1916 en las costas de R\u00edo Negro. Foto Archivo General de la Naci\u00f3n.\" src=\"https:\/\/www.clarin.com\/img\/2023\/10\/27\/hI1FHShRk_720x0__1.jpg\" width=\"720\" height=\"0\">El vapor Ludovico encall\u00f3 en 1916 en las costas de R\u00edo Negro. Foto Archivo General de la Naci\u00f3n.<\/p>\n\n\n\n<p>La tripulaci\u00f3n del barco era espa\u00f1ola y chilena, y la oficialidad, alemana, por lo que se trata de un&nbsp;<strong>muy buen ejemplo de la multiplicidad de culturas e historias que suelen estar asociadas a los naufragios<\/strong>&nbsp;y la tradici\u00f3n mar\u00edtima.<\/p>\n\n\n\n<p>Sus restos, que ya forman parte del paisaje, se encuentran desarticulados y distribuidos en varios cientos de metros a lo largo de la costa, en ocasiones cubiertos por la arena. Pueden apreciarse&nbsp;<strong>desde un mirador sobre la ruta provincial 1<\/strong>&nbsp;-llamada Ruta de los acantilados o Camino de la costa-, a lo largo de una playa de gran belleza.<\/p>\n\n\n\n<h2 class=\"wp-block-heading\">Goleta Emma<\/h2>\n\n\n\n<p>Esta elegante goleta de madera construida en 1883 en Maine, Estados Unidos,<strong>&nbsp;se incendi\u00f3 y hundi\u00f3 en 1947<\/strong>, mientras estaba fondeada en las costas de Puerto Madryn, Chubut.<img loading=\"lazy\" decoding=\"async\" alt=\"La goleta Emma se hundi\u00f3 en Puerto Madryn en 1947. Captura de video canal Encuentro\" src=\"https:\/\/www.clarin.com\/img\/2023\/10\/27\/3FRcvSsUk_720x0__1.jpg\" width=\"720\" height=\"0\">La goleta Emma se hundi\u00f3 en Puerto Madryn en 1947. Captura de video canal Encuentro<\/p>\n\n\n\n<p>La embarcaci\u00f3n&nbsp;<strong>tuvo una importante trayectoria<\/strong>, primero en Norteam\u00e9rica como goleta de pesca y luego en aguas patag\u00f3nicas argentinas y chilenas, donde se utiliz\u00f3 para la caza de lobos marinos, la pesca de cazones y el transporte de carga y pasajeros.<\/p>\n\n\n\n<p>En 1916 fue contratada para intentar&nbsp;<strong>rescatar a varios miembros de la expedici\u00f3n ant\u00e1rtica de Ernest Shackleton<\/strong>&nbsp;que hab\u00edan quedado varados en una de las islas Shetland del Sur.<\/p>\n\n\n\n<p>Sus restos forman parte del&nbsp;<strong>primer parque submarino de la Argentina<\/strong>, creado a principios de la d\u00e9cada de 1970. Se encuentran a una profundidad de entre 12 y 15 metros&nbsp;<strong>a unos 800 metros de la costa<\/strong>, y pueden visitarse a trav\u00e9s de operadores de buceo de Madryn.<\/p>\n\n\n\n<h2 class=\"wp-block-heading\">Corbeta Swift<\/h2>\n\n\n\n<p>En 1770, esta&nbsp;<strong>corbeta de guerra brit\u00e1nica&nbsp;<\/strong>fue destinada a custodiar el apostadero que Gran Breta\u00f1a pose\u00eda entonces en las&nbsp;<a href=\"https:\/\/www.clarin.com\/viajes\/luces-sombras-cronica-viaje-islas-malvinas_0_05mtGSjs.html\">islas Malvinas<\/a>. Al intentar ingresar a la boca de la r\u00eda Deseado (provincia de Santa Cruz) durante un viaje de exploraci\u00f3n, encall\u00f3 en una roca sumergida y se hundi\u00f3.<img loading=\"lazy\" decoding=\"async\" alt=\"En Puerto Deseado se hallaron numerosos restos de la corbeta Swift, del siglo XVIII. Foto Archivo Clar\u00edn\" src=\"https:\/\/www.clarin.com\/img\/2021\/09\/23\/dkiTbX2G6_720x0__1.jpg\" width=\"720\" height=\"0\">En Puerto Deseado se hallaron numerosos restos de la corbeta Swift, del siglo XVIII. Foto Archivo Clar\u00edn<\/p>\n\n\n\n<p><strong>Sus restos fueron hallados en 1982<\/strong>&nbsp;por un grupo de j\u00f3venes pobladores de Deseado, quienes promovieron la creaci\u00f3n de un museo local para albergar los objetos que se recuperaran.<\/p>\n\n\n\n<p>Este naufragio es considerado la&nbsp;<strong>\u201ccuna\u201d de la arqueolog\u00eda subacu\u00e1tica en nuestro pa\u00eds<\/strong>, porque fue aqu\u00ed donde se formaron los primeros arque\u00f3logos-buzos argentinos. Su excelente estado de conservaci\u00f3n, debido a su localizaci\u00f3n en aguas protegidas y a estar cubiertos por una capa de sedimento, permiti\u00f3<strong>&nbsp;estudiar m\u00faltiples aspectos vinculados con el barco y su tripulaci\u00f3n<\/strong>.<img loading=\"lazy\" decoding=\"async\" alt=\"Buzos trabajan en el rescate de elementos de la corbeta Swift. Foto Archivo Clar\u00edn\" src=\"https:\/\/www.clarin.com\/img\/2023\/10\/27\/Co___Q2Cw_720x0__1.jpg\" width=\"720\" height=\"0\">Buzos trabajan en el rescate de elementos de la corbeta Swift. Foto Archivo Clar\u00edn<\/p>\n\n\n\n<p>Una gran colecci\u00f3n de objetos recuperados de este naufragio&nbsp;<strong>puede verse en el museo \u201cMario Brozoski\u201d<\/strong>&nbsp;de Puerto Deseado (llamado as\u00ed en homenaje a uno de sus descubridores), dedicado a su historia, descubrimiento e investigaci\u00f3n.<\/p>\n\n\n\n<h2 class=\"wp-block-heading\">Remolcador Saint Christopher<\/h2>\n\n\n\n<p>Este remolcador, construido en los Estados Unidos en 1943, particip\u00f3, bajo bandera brit\u00e1nica y con el nombre de Justice, en diversas tareas de&nbsp;<strong>salvamento y remolque durante la Segunda Guerra Mundial<\/strong>, incluyendo el desembarco de Normand\u00eda.<img loading=\"lazy\" decoding=\"async\" alt=\"El remolcador Saint Christopher, abandonado cerca del puerto de Ushuaia. Foto Alexis Delelisi \/ AFP\" src=\"https:\/\/www.clarin.com\/img\/2020\/07\/15\/0B94uh5z__720x0__1.jpg\" width=\"720\" height=\"0\">El remolcador Saint Christopher, abandonado cerca del puerto de Ushuaia. Foto Alexis Delelisi \/ AFP<\/p>\n\n\n\n<p>En 1947 lo compr\u00f3 la compa\u00f1\u00eda argentina Salvamar como buque de apoyo para las<strong>&nbsp;tareas de reflote del buque alem\u00e1n Monte Cervantes<\/strong>, que hab\u00eda naufragado cerca de Ushuaia.<\/p>\n\n\n\n<p>Luego del intento fallido de reflotar este barco, el Saint Christopher&nbsp;<strong>qued\u00f3 abandonado en la bah\u00eda de la ciudad fueguina<\/strong>, all\u00e1 por 1957. Se transform\u00f3 en un \u00edcono del&nbsp;<strong>patrimonio marino-costero de Ushuaia<\/strong>&nbsp;y forma parte del paisaje de la ciudad.<\/p>\n\n\n\n<h2 class=\"wp-block-heading\">Fragata Duchess of Albany<\/h2>\n\n\n\n<p>Este&nbsp;<strong>gran velero mercante<\/strong>&nbsp;ten\u00eda casco de hierro remachado, aparejo de vela de tres palos y transportaba 28 tripulantes. En 1893, durante un viaje de&nbsp;<a href=\"https:\/\/www.clarin.com\/viajes\/rio-janeiro_0_2Pufz4hUz9.html\">R\u00edo de Janeiro<\/a>&nbsp;a&nbsp;<a href=\"https:\/\/www.clarin.com\/viajes\/valparaiso-galeria-aire-libre-grafitis-murales-urbanos_0_tjO14eJpL.htmlhttps:\/\/www.clarin.com\/viajes\/valparaiso-galeria-aire-libre-grafitis-murales-urbanos_0_tjO14eJpL.html\">Valpara\u00edso<\/a>&nbsp;(Chile),&nbsp;<strong>encall\u00f3 en la costa de la<\/strong>&nbsp;<strong>Pen\u00ednsula Mitre<\/strong>&nbsp;(Tierra del Fuego) debido a la densa niebla y a errores de c\u00e1lculo en la navegaci\u00f3n, y naufrag\u00f3. Uno de los n\u00e1ufragos se qued\u00f3 a vivir con los&nbsp;<em>selk\u00b4nam<\/em>, habitantes originarios del centro y norte de la isla.<img loading=\"lazy\" decoding=\"async\" alt=\"Restos del Duchess Of Albany, que naufrag\u00f3 en 1893 en la costa Este de Tierra del Fuego. Foto Mart\u00edn V\u00e1zquez\" src=\"https:\/\/www.clarin.com\/img\/2023\/10\/27\/FPGhLfxAP_720x0__1.jpg\" width=\"720\" height=\"0\">Restos del Duchess Of Albany, que naufrag\u00f3 en 1893 en la costa Este de Tierra del Fuego. Foto Mart\u00edn V\u00e1zquez<\/p>\n\n\n\n<p>En 1979, una expedici\u00f3n organizada por el Museo del Fin del Mundo de Ushuaia extrajo el mascar\u00f3n de proa, magn\u00edficamente tallado en madera, que actualmente<strong>&nbsp;se exhibe en la sala principal del museo<\/strong>.<\/p>\n\n\n\n<p>El \u201cDuquesa\u201d, como se lo llama en la ciudad, se convirti\u00f3 en un&nbsp;<strong>naufragio emblem\u00e1tico para la provincia<\/strong>. En este fant\u00e1stico museo tambi\u00e9n se exhiben restos de otros naufragios hist\u00f3ricos que ocurrieron en el \u00e1rea y se puede conocer sobre pueblos ind\u00edgenas fueguinos como los y\u00e1mana, cazadores recolectores n\u00f3mades adaptados a la vida marina.<\/p>\n\n\n\n<h2 class=\"wp-block-heading\">Carguero Desd\u00e9mona<\/h2>\n\n\n\n<p>Este buque construido en Hamburgo, Alemania, en 1952, comenz\u00f3 a operar para la compa\u00f1\u00eda argentina Cormor\u00e1n L\u00edneas Mar\u00edtimas en la d\u00e9cada de 1960, y en 1985, con&nbsp;<strong>20 tripulantes y una carga de 20 mil bolsas de cemento<\/strong>, zarp\u00f3 de Buenos Aires rumbo a Comodoro Rivadavia y Tierra del Fuego.<img loading=\"lazy\" decoding=\"async\" alt=\"El Desd\u00e9mona, en las solitarias costas del cabo San Pablo, Tierra del Fuego.\" src=\"https:\/\/www.clarin.com\/img\/2016\/09\/16\/HJ-SH0uCmg_720x0.jpg\" width=\"720\" height=\"0\">El Desd\u00e9mona, en las solitarias costas del cabo San Pablo, Tierra del Fuego.<\/p>\n\n\n\n<p>En el viaje entre Comodoro y la isla fueguina&nbsp;<strong>el motor se averi\u00f3<\/strong>, y pese a que en Ushuaia se intent\u00f3, no se pudo reparar.<\/p>\n\n\n\n<p>As\u00ed, navegando a no m\u00e1s de 5 nudos por hora, zarp\u00f3 de regreso al norte con la intenci\u00f3n de atracar en R\u00edo Grande, pero el viento lo oblig\u00f3 a buscar refugio m\u00e1s al sur, y<strong>&nbsp;toc\u00f3 fondo apenas pas\u00f3 el cabo San Pablo<\/strong>.<\/p>\n\n\n\n<p>En una maniobra para intentar liberarse, su popa dio contra una restinga que no aparec\u00eda en las cartas de navegaci\u00f3n, y comenz\u00f3 a entrar agua a las bodegas.<img loading=\"lazy\" decoding=\"async\" alt=\"Averiado, el Desd\u00e9mona fue varado intencionalmente por su capit\u00e1n para salvar a la tripulaci\u00f3n.\" src=\"https:\/\/www.clarin.com\/img\/2016\/09\/16\/rkZq3RER7e_720x0.jpg\" width=\"720\" height=\"0\">Averiado, el Desd\u00e9mona fue varado intencionalmente por su capit\u00e1n para salvar a la tripulaci\u00f3n.<\/p>\n\n\n\n<p>Entonces el capit\u00e1n<strong>&nbsp;var\u00f3 el barco en la playa para evitar su naufragio y salvar a la tripulaci\u00f3n<\/strong>. Y desde entonces, hace 38 a\u00f1os, el Desd\u00e9mona qued\u00f3 all\u00ed, sobre la arena. a merced de las mareas y los vientos patag\u00f3nicos.<\/p>\n\n\n\n<p>Se llega hasta su casco por la ruta provincial A, y con marea baja\u00a0<strong>se puede caminar hasta el oxidado casco<\/strong>.<\/p>\n\n\n\n<p>Fuente: https:\/\/www.clarin.com\/viajes\/rescatan-ruta-naufragios-tesoros-historias-costas-mar-argentino_0_epcQrMwrGd.html<\/p>\n","protected":false},"excerpt":{"rendered":"<p>La campa\u00f1a &#8220;Mar de historias&#8221; pone en valor restos de naufragios en las costas argentinas.Algunas historias, de Buenos Aires a Tierra del Fuego. Los restos de un pesquero que encall\u00f3 cerca del balneario Marisol, provincia de Buenos Aires. Foto Uriel Sokolowicz Los&nbsp;naufragios&nbsp;suelen ser mucho m\u00e1s que un barco en el fondo del mar o los [&hellip;]<\/p>\n","protected":false},"author":3,"featured_media":229,"comment_status":"open","ping_status":"open","sticky":false,"template":"","format":"standard","meta":{"footnotes":""},"categories":[3,12],"tags":[57,58],"class_list":["post-228","post","type-post","status-publish","format-standard","has-post-thumbnail","hentry","category-principal","category-sociedad","tag-ruta-de-naufragios","tag-mar-argentino"],"_links":{"self":[{"href":"https:\/\/noticiassaludables.com.ar\/index.php?rest_route=\/wp\/v2\/posts\/228","targetHints":{"allow":["GET"]}}],"collection":[{"href":"https:\/\/noticiassaludables.com.ar\/index.php?rest_route=\/wp\/v2\/posts"}],"about":[{"href":"https:\/\/noticiassaludables.com.ar\/index.php?rest_route=\/wp\/v2\/types\/post"}],"author":[{"embeddable":true,"href":"https:\/\/noticiassaludables.com.ar\/index.php?rest_route=\/wp\/v2\/users\/3"}],"replies":[{"embeddable":true,"href":"https:\/\/noticiassaludables.com.ar\/index.php?rest_route=%2Fwp%2Fv2%2Fcomments&post=228"}],"version-history":[{"count":1,"href":"https:\/\/noticiassaludables.com.ar\/index.php?rest_route=\/wp\/v2\/posts\/228\/revisions"}],"predecessor-version":[{"id":230,"href":"https:\/\/noticiassaludables.com.ar\/index.php?rest_route=\/wp\/v2\/posts\/228\/revisions\/230"}],"wp:featuredmedia":[{"embeddable":true,"href":"https:\/\/noticiassaludables.com.ar\/index.php?rest_route=\/wp\/v2\/media\/229"}],"wp:attachment":[{"href":"https:\/\/noticiassaludables.com.ar\/index.php?rest_route=%2Fwp%2Fv2%2Fmedia&parent=228"}],"wp:term":[{"taxonomy":"category","embeddable":true,"href":"https:\/\/noticiassaludables.com.ar\/index.php?rest_route=%2Fwp%2Fv2%2Fcategories&post=228"},{"taxonomy":"post_tag","embeddable":true,"href":"https:\/\/noticiassaludables.com.ar\/index.php?rest_route=%2Fwp%2Fv2%2Ftags&post=228"}],"curies":[{"name":"wp","href":"https:\/\/api.w.org\/{rel}","templated":true}]}}