{"id":247,"date":"2023-11-02T10:58:03","date_gmt":"2023-11-02T13:58:03","guid":{"rendered":"https:\/\/noticiassaludables.com.ar\/?p=247"},"modified":"2023-11-02T10:58:03","modified_gmt":"2023-11-02T13:58:03","slug":"bullying-siete-senales-de-alerta-para-padres","status":"publish","type":"post","link":"https:\/\/noticiassaludables.com.ar\/?p=247","title":{"rendered":"Bullying: siete se\u00f1ales de alerta para padres"},"content":{"rendered":"\n<h2 class=\"wp-block-heading\">En el D\u00eda Internacional Contra la Violencia y el Acoso en la Escuela, expertos se\u00f1alaron que existen una serie de comportamientos comunes entre los ni\u00f1os que sufren bullying que los adultos deben conocer para actuar a tiempo<\/h2>\n\n\n\n<p><img loading=\"lazy\" decoding=\"async\" alt=\"\u201cCuando un ni\u00f1o o adolescente sufre de bullying suele dar ciertas se\u00f1ales de alarma&quot; (Getty)\" height=\"1080\" width=\"1920\" src=\"https:\/\/www.infobae.com\/new-resizer\/ha1erlLYIy-94Q96GXaLdlJJXu0=\/420x236\/filters:format(webp):quality(85)\/cloudfront-us-east-1.images.arcpublishing.com\/infobae\/MCS3FG2ZWJAVBMZ4RO462GAX4M.jpg%20420w\">\u201cCuando un ni\u00f1o o adolescente sufre de bullying suele dar ciertas se\u00f1ales de alarma&#8221; (Getty)<\/p>\n\n\n\n<p>Un n\u00famero significativo d<strong>e ni\u00f1os, ni\u00f1as y adolescentes&nbsp;<\/strong>en todo el mundo se enfrentan a&nbsp;<strong>la violencia en la escuela y al acoso<\/strong>, incluido el ciberacoso, lo que repercute en su<strong>&nbsp;salud, bienestar y educaci\u00f3n.<\/strong><a href=\"https:\/\/www.infobae.com\/salud\/2023\/11\/02\/violencia-escolar-las-secuelas-psicologicas-del-acoso-en-la-vida-adulta-de-victimas-y-agresores\/\" rel=\"noreferrer noopener\" target=\"_blank\"><\/a><\/p>\n\n\n\n<figure class=\"wp-block-image\"><a href=\"https:\/\/www.infobae.com\/salud\/2023\/11\/02\/violencia-escolar-las-secuelas-psicologicas-del-acoso-en-la-vida-adulta-de-victimas-y-agresores\/\" target=\"_blank\" rel=\"noreferrer noopener\"><img decoding=\"async\" src=\"https:\/\/www.infobae.com\/new-resizer\/pADB_4B7xk5Fllpr5R43V88JkMs=\/265x149\/filters:format(webp):quality(85)\/cloudfront-us-east-1.images.arcpublishing.com\/infobae\/AMH67IFMUNBTDDSECAPDXDYZ4Q.jpg%20265w\" alt=\"El bullying abarca desde palabras hirientes y exclusiones hasta golpes, amenazas y acciones que degradan a la persona (Freepik)\" \/><\/a><\/figure>\n\n\n\n<p><a rel=\"noreferrer noopener\" href=\"https:\/\/www.infobae.com\/salud\/2023\/11\/02\/violencia-escolar-las-secuelas-psicologicas-del-acoso-en-la-vida-adulta-de-victimas-y-agresores\/\" target=\"_blank\"><\/a><\/p>\n\n\n\n<p>Los estados miembros de la&nbsp;<strong>Unesco<\/strong>&nbsp;proclamaron el primer jueves de noviembre como el&nbsp;<strong>D\u00eda Internacional Contra la Violencia y el Acoso en la Escuela<\/strong>, incluido el ciberacoso, ya que reconocen que la violencia escolar en todas sus formas \u201cconstituye una violaci\u00f3n de los derechos a la educaci\u00f3n, salud y bienestar de los ni\u00f1os, ni\u00f1as y adolescentes\u201d.<\/p>\n\n\n\n<p>Bajo el lema&nbsp;<em>\u201cNo al miedo: acabar con la violencia escolar para mejorar la salud mental y el aprendizaje\u201d<\/em>, este a\u00f1o la fecha busca poner de relieve los fuertes v\u00ednculos que existen entre la violencia escolar y la salud mental.<\/p>\n\n\n\n<h2 class=\"wp-block-heading\">\u00bfQu\u00e9 es el bullying?<\/h2>\n\n\n\n<p><img loading=\"lazy\" decoding=\"async\" alt=\"Ante la sospecha de un caso de acoso escolar, los especialistas recomiendan &quot;intervenir ante las primeras se\u00f1ales&quot; (Getty)\" height=\"1080\" width=\"1920\" src=\"https:\/\/www.infobae.com\/new-resizer\/x3_NBqLbqF7GYA8jETc67gw9xbs=\/420x236\/filters:format(webp):quality(85)\/cloudfront-us-east-1.images.arcpublishing.com\/infobae\/NSWPH646TZBTFHM32ZR3JXN7QA.jpg%20420w\">Ante la sospecha de un caso de acoso escolar, los especialistas recomiendan &#8220;intervenir ante las primeras se\u00f1ales&#8221; (Getty)<\/p>\n\n\n\n<p>Seg\u00fan<strong>\u00a0Unicef<\/strong>, cuando se habla de bullying o acoso escolar se hace referencia a una\u00a0<strong>persecuci\u00f3n f\u00edsica y\/o psicol\u00f3gica\u00a0<\/strong>que realiza un estudiante contra otro de forma negativa, continua e intencionada. Esta misma acci\u00f3n tambi\u00e9n puede tener lugar en Internet, por lo cual es denominado como ciberacoso o ciberbullying.<a rel=\"noreferrer noopener\" href=\"https:\/\/www.infobae.com\/mexico\/2023\/11\/01\/caso-dafne-elizabeth-estudiante-de-jalisco-desaparece-tras-ser-golpeada-por-su-companera-de-clases\/\" target=\"_blank\"><\/a><a rel=\"noreferrer noopener\" href=\"https:\/\/www.infobae.com\/mexico\/2023\/11\/01\/caso-dafne-elizabeth-estudiante-de-jalisco-desaparece-tras-ser-golpeada-por-su-companera-de-clases\/\" target=\"_blank\"><\/a><\/p>\n\n\n\n<p>\u201cEl bullying es una forma de violencia que puede darse entre ni\u00f1as, ni\u00f1os y adolescentes, y que consiste en la b\u00fasqueda intencional, deliberada y reiterada de hacer sentir al otro humillado. Para que ese otro se sienta humillado tiene que haber espectadores que apoyen a quien lo hace y no protejan o no salven a quien es puesto en ese lugar\u201d, afirm\u00f3 en di\u00e1logo con<strong>&nbsp;Infobae&nbsp;<\/strong>la licenciada en Psicopedagog\u00eda<strong>&nbsp;Mar\u00eda Zysman<\/strong>, fundadora de Libres de Bullying.<\/p>\n\n\n\n<p>Y enfatiz\u00f3: \u201cPara conseguir esa estructura de humillaci\u00f3n, quien hace bullying va a recurrir a todo lo que pueda con tal de hacer sentir a quien es victimizado que no vale, o que vale menos y que se deber\u00eda ir\u201d. Consultado al respecto, el doctor en Psicolog\u00eda y docente<strong>&nbsp;Flavio Calvo<\/strong>&nbsp;(MN 66.869) precis\u00f3 que \u201cen el \u00e1mbito escolar se dan distintos tipos de violencia, y esta tambi\u00e9n var\u00eda dependiendo la edad\u201d.<\/p>\n\n\n\n<p><img loading=\"lazy\" decoding=\"async\" alt=\"Seg\u00fan se\u00f1alaron desde Unicef, el acoso escolar se puede prevenir con acciones que, b\u00e1sicamente, est\u00e1n en la mano de los adultos (Getty)\" height=\"1080\" width=\"1920\" src=\"https:\/\/www.infobae.com\/new-resizer\/K0_mVFW2g9sBj6_CsLMys9lS20w=\/420x236\/filters:format(webp):quality(85)\/cloudfront-us-east-1.images.arcpublishing.com\/infobae\/GBV4JVO54BCLLCKXH5JEFTIXJ4.jpg%20420w\">Seg\u00fan se\u00f1alaron desde Unicef, el acoso escolar se puede prevenir con acciones que, b\u00e1sicamente, est\u00e1n en la mano de los adultos (Getty)<\/p>\n\n\n\n<p>Para \u00e9l, \u201ccuando los ni\u00f1os son m\u00e1s peque\u00f1os tienen menos desarrollada la capacidad de lenguaje, por lo que suelen ocurrir m\u00e1s casos de violencia f\u00edsica, en tanto a medida que crecen y sobre todo en la adolescencia se observa m\u00e1s violencia verbal y psicol\u00f3gica, como por ejemplo la<strong>\u00a0exclusi\u00f3n<\/strong>\u201d.<a rel=\"noreferrer noopener\" href=\"https:\/\/www.infobae.com\/sociedad\/2023\/11\/02\/efemerides-de-hoy-2-de-noviembre-que-se-conmemora-en-argentina-y-el-mundo\/\" target=\"_blank\"><\/a><a rel=\"noreferrer noopener\" href=\"https:\/\/www.infobae.com\/sociedad\/2023\/11\/02\/efemerides-de-hoy-2-de-noviembre-que-se-conmemora-en-argentina-y-el-mundo\/\" target=\"_blank\"><\/a><\/p>\n\n\n\n<p>Al respecto, Zysman sum\u00f3: \u201cEl bullying incluye&nbsp;<strong>agresiones f\u00edsicas, verbales, simb\u00f3licas<\/strong>, muchas veces son gestos o miradas; todo aquello que hace al otro sentirse menos y que va estructurando un v\u00ednculo basado en el desequilibrio de poder. Ese desequilibrio muchas veces es percibido por los mismos ni\u00f1os, pero no es algo que necesariamente se vea desde afuera\u201d.<\/p>\n\n\n\n<p>Y tras asegurar que \u201cel bullying se puede dar en cualquier contexto en el cual los chicos tienen que convivir\u201d, la psicopedagoga sostuvo que \u201cel lugar por excelencia en el que se sostiene es la escuela, pero si los chicos van con cierta frecuencia a un club, un instituto de idiomas, un centro religioso y tienen que convivir puede darse la misma estructura, por eso no se habla s\u00f3lo de acoso escolar sino de bullying\u201d.<\/p>\n\n\n\n<h2 class=\"wp-block-heading\">Se\u00f1ales de alarma: qu\u00e9 deben hacer los adultos ante un caso de bullying<\/h2>\n\n\n\n<p><img loading=\"lazy\" decoding=\"async\" alt=\"El primer jueves de noviembre se conmemora el D\u00eda Internacional Contra la Violencia y el Acoso en la Escuela, incluido el ciberacoso (Getty)\" height=\"1080\" width=\"1920\" src=\"https:\/\/www.infobae.com\/new-resizer\/S2O8Jt-CXhPd-6nyF1J9oD402aM=\/420x236\/filters:format(webp):quality(85)\/cloudfront-us-east-1.images.arcpublishing.com\/infobae\/FUQQDUFK6JCGNMLBLJJBT5M7GQ.jpg%20420w\">El primer jueves de noviembre se conmemora el D\u00eda Internacional Contra la Violencia y el Acoso en la Escuela, incluido el ciberacoso (Getty)<\/p>\n\n\n\n<p>Ya sea en redes sociales como en la vida real, tanto la v\u00edctima como el impulsor del acoso escolar tienen ciertas particularidades, aseguran desde Unicef. Es que mientras uno se basa en la timidez, el otro se muestra de forma inversa.<\/p>\n\n\n\n<p>En ese sentido, desde el organismo enumeraron<strong>&nbsp;siete comportamientos<\/strong>&nbsp;de quien padece bullying.<\/p>\n\n\n\n<p>1- Frecuentemente muestra baja autoestima, inseguridad o timidez, puede dejar de juntarse con sus amigos y buscar continuamente la compa\u00f1\u00eda de adultos.<\/p>\n\n\n\n<p>2- Suele estar aislado por sus compa\u00f1eros y tener poco apoyo en redes sociales, y al mismo tiempo deja de participar en su grupo de pares.<\/p>\n\n\n\n<p>3- Puede mostrar reacciones pasivas, provocadoras (imitando a sus acosadores) o reproducir el acoso hacia otras v\u00edctimas.<\/p>\n\n\n\n<p>4- Pueden dejar de asistir a clase, bajar el rendimiento o mostrar desinter\u00e9s por el colegio.<\/p>\n\n\n\n<p>5- Sufre cambios bruscos de humor, en su alimentaci\u00f3n o en su uso de las redes sociales.<\/p>\n\n\n\n<p>6- Puede manifestar miedo a la soledad, ataques de p\u00e1nico, insomnio o pesadillas.<\/p>\n\n\n\n<p>7- Puede presentar lesiones f\u00edsicas, perder cosas o llevarlas rotas.<\/p>\n\n\n\n<p><img loading=\"lazy\" decoding=\"async\" alt=\"\u201cEl bullying incluye agresiones f\u00edsicas, verbales, simb\u00f3licas&quot; (Getty)\" height=\"1080\" width=\"1920\" src=\"https:\/\/www.infobae.com\/new-resizer\/emhVUesbzOWApHjbk8H3xxzDqSY=\/420x236\/filters:format(webp):quality(85)\/cloudfront-us-east-1.images.arcpublishing.com\/infobae\/4ZDN7OAN6VERLEX5PBPZ3P572E.jpg%20420w\">\u201cEl bullying incluye agresiones f\u00edsicas, verbales, simb\u00f3licas&#8221; (Getty)<\/p>\n\n\n\n<p>Con esto coincidi\u00f3 Calvo, para quien \u201ccuando un ni\u00f1o o adolescente sufre de bullying suele dar&nbsp;<strong>ciertas se\u00f1ales de alarma<\/strong>, se evidencia de varias maneras su falta de deseo de participar del \u00e1mbito escolar. Esta falta de deseo es mucho m\u00e1s visible que un simple \u2018no quiero ir a la escuela\u2019, sino que a la hora de tener que ir surgen dolores f\u00edsicos de est\u00f3mago, de cabeza, molestias\u201d. Adem\u00e1s, \u201cpuede haber disminuci\u00f3n del rendimiento escolar, ya que en el aula se encuentra continuamente en estado de alerta frente a los compa\u00f1eros. No hay inter\u00e9s de participar en actividades sociales. A esto se puede sumar falta de sue\u00f1o, apetito, depresiones o una ansiedad muy desarrollada\u201d.<\/p>\n\n\n\n<p>Seg\u00fan se\u00f1alaron desde Unicef, el acoso escolar se puede prevenir con acciones que, b\u00e1sicamente, est\u00e1n en la mano de los adultos. \u201cCon tanta informaci\u00f3n que circula, a veces no del todo certera, hay docentes que esperan que el chico est\u00e9 destruido para darse cuenta de que hay bullying, y&nbsp;<strong>hay que intervenir ante las primeras se\u00f1ales<\/strong>\u201d, afirm\u00f3 Zysman.<\/p>\n\n\n\n<p>\u201cDarle importancia a los padeceres de los chicos sin necesidad de que lleguen al extremo.&nbsp;<strong>Hay peque\u00f1os gestos discriminatorios&nbsp;<\/strong>de burlas, apodos, miradas despectivas, exclusiones, aunque sean chiquitas tienen que abrirnos los ojos\u201d, reflexion\u00f3 la experta.<\/p>\n\n\n\n<p>Y agreg\u00f3: \u201cLos padres tienen que escuchar, sea al ni\u00f1o o a quien le haya referido, que puede ser la mam\u00e1 de otro compa\u00f1ero, un compa\u00f1ero del chico, o el hermano mayor, por ejemplo; e ir con mucho cuidado con el ni\u00f1o para no presionarlo. Por ah\u00ed no quiera contar todo lo que sucede por miedo a lastimarnos, porque muchas veces tienen ese miedo. Permanentemente me dicen que ellos no cuentan porque cuando cuentan los grandes la complican m\u00e1s\u201d.<\/p>\n\n\n\n<p><img loading=\"lazy\" decoding=\"async\" alt=\"Un n\u00famero significativo de ni\u00f1os, ni\u00f1as y adolescentes en todo el mundo se enfrentan a la violencia en la escuela y al acoso (Getty)\" height=\"1080\" width=\"1920\" src=\"https:\/\/www.infobae.com\/new-resizer\/Erk5HvGoJRKchL9Rv58MJgJ5dY4=\/420x236\/filters:format(webp):quality(85)\/cloudfront-us-east-1.images.arcpublishing.com\/infobae\/XP4GB74PKFFIDNXFXKIA7EDT3Y.jpg%20420w\">Un n\u00famero significativo de ni\u00f1os, ni\u00f1as y adolescentes en todo el mundo se enfrentan a la violencia en la escuela y al acoso (Getty)<\/p>\n\n\n\n<p>A su turno, Calvo agreg\u00f3: \u201cEl bullying no es un problema de ni\u00f1os,&nbsp;<strong>es un problema social<\/strong>. Como hay una marcada diferencia de poder, ya sea real o sentido, la forma de resolverlo nunca va a ser la de enfrentar a los ni\u00f1os que son parte de la situaci\u00f3n. Es importante que cuando se detecta una situaci\u00f3n de bullying tanto padres, como docentes, como todo el sistema escolar puedan tomar medidas para trabajarlo brindando a los ni\u00f1os, adolescentes redes de apoyo para avanzar\u201d.<\/p>\n\n\n\n<p>En este punto, Zysman aclar\u00f3 que \u201clo primero que hay que entender es que el bullying no es responsabilidad exclusivamente de la escuela o la familia;&nbsp;<strong>es un fen\u00f3meno multicausal&nbsp;<\/strong>y los chicos en la escuela o donde sea van a manifestar estas cuestiones y depende de los adultos c\u00f3mo se desarrollen\u201d.<\/p>\n\n\n\n<p>Y concluy\u00f3: \u201cSi en ese momento de detecci\u00f3n uno como padre o madre enfrenta a la escuela o como docente cree que eso sucede porque en la casa lo est\u00e1n educando de determinada manera nos estamos perdiendo una oportunidad \u00fanica de poder avanzar sobre esta problem\u00e1tica. En el caso de que los padres sean citados porque su hijo hace bullying, es espectador o sufre, lo primero es pensar que el docente est\u00e1 con nosotros y no en nuestra contra, y que nuestro hijo no puede portar una etiqueta de violento, ni de v\u00edctima, ni victimario sino que la idea es sacarlo entre todos de esos lugares que van ocupando\u201d.<\/p>\n\n\n\n<p>Fuente: https:\/\/www.infobae.com\/salud\/2023\/11\/02\/bullying-siete-senales-de-alerta-para-padres\/<\/p>\n","protected":false},"excerpt":{"rendered":"<p>En el D\u00eda Internacional Contra la Violencia y el Acoso en la Escuela, expertos se\u00f1alaron que existen una serie de comportamientos comunes entre los ni\u00f1os que sufren bullying que los adultos deben conocer para actuar a tiempo \u201cCuando un ni\u00f1o o adolescente sufre de bullying suele dar ciertas se\u00f1ales de alarma&#8221; (Getty) Un n\u00famero significativo [&hellip;]<\/p>\n","protected":false},"author":3,"featured_media":249,"comment_status":"open","ping_status":"open","sticky":false,"template":"","format":"standard","meta":{"footnotes":""},"categories":[4,3],"tags":[65],"class_list":["post-247","post","type-post","status-publish","format-standard","has-post-thumbnail","hentry","category-bienestar","category-principal","tag-dia-internacional-contra-la-violencia-y-el-acoso-en-la-escuela"],"_links":{"self":[{"href":"https:\/\/noticiassaludables.com.ar\/index.php?rest_route=\/wp\/v2\/posts\/247","targetHints":{"allow":["GET"]}}],"collection":[{"href":"https:\/\/noticiassaludables.com.ar\/index.php?rest_route=\/wp\/v2\/posts"}],"about":[{"href":"https:\/\/noticiassaludables.com.ar\/index.php?rest_route=\/wp\/v2\/types\/post"}],"author":[{"embeddable":true,"href":"https:\/\/noticiassaludables.com.ar\/index.php?rest_route=\/wp\/v2\/users\/3"}],"replies":[{"embeddable":true,"href":"https:\/\/noticiassaludables.com.ar\/index.php?rest_route=%2Fwp%2Fv2%2Fcomments&post=247"}],"version-history":[{"count":1,"href":"https:\/\/noticiassaludables.com.ar\/index.php?rest_route=\/wp\/v2\/posts\/247\/revisions"}],"predecessor-version":[{"id":250,"href":"https:\/\/noticiassaludables.com.ar\/index.php?rest_route=\/wp\/v2\/posts\/247\/revisions\/250"}],"wp:featuredmedia":[{"embeddable":true,"href":"https:\/\/noticiassaludables.com.ar\/index.php?rest_route=\/wp\/v2\/media\/249"}],"wp:attachment":[{"href":"https:\/\/noticiassaludables.com.ar\/index.php?rest_route=%2Fwp%2Fv2%2Fmedia&parent=247"}],"wp:term":[{"taxonomy":"category","embeddable":true,"href":"https:\/\/noticiassaludables.com.ar\/index.php?rest_route=%2Fwp%2Fv2%2Fcategories&post=247"},{"taxonomy":"post_tag","embeddable":true,"href":"https:\/\/noticiassaludables.com.ar\/index.php?rest_route=%2Fwp%2Fv2%2Ftags&post=247"}],"curies":[{"name":"wp","href":"https:\/\/api.w.org\/{rel}","templated":true}]}}