{"id":251,"date":"2023-11-02T11:05:57","date_gmt":"2023-11-02T14:05:57","guid":{"rendered":"https:\/\/noticiassaludables.com.ar\/?p=251"},"modified":"2023-11-02T11:05:57","modified_gmt":"2023-11-02T14:05:57","slug":"mes-de-la-cultura-independiente","status":"publish","type":"post","link":"https:\/\/noticiassaludables.com.ar\/?p=251","title":{"rendered":"Mes de la Cultura Independiente"},"content":{"rendered":"\n<h2 class=\"wp-block-heading\">Durante noviembre se ofrecer\u00e1 una amplia variedad de actividades art\u00edsticas en 156 espacios de 30 barrios, que incluyen teatro, danza, literatura y m\u00fasica<\/h2>\n\n\n\n<p><img loading=\"lazy\" decoding=\"async\" alt=\"Durante todo noviembre, la Ciudad presentar\u00e1 una programaci\u00f3n que tiene como objetivo poner en valor y fomentar la actividad cultural independiente\" height=\"2133\" width=\"3200\" src=\"https:\/\/www.infobae.com\/new-resizer\/iNFSDV47NCTYr2uga9h7CcAKzFI=\/420x280\/filters:format(webp):quality(85)\/cloudfront-us-east-1.images.arcpublishing.com\/infobae\/O7VHTL4FHRDYZD6HGQCNHZWYJM.jpg%20420w\">Durante todo noviembre, la Ciudad presentar\u00e1 una programaci\u00f3n que tiene como objetivo poner en valor y fomentar la actividad cultural independiente<\/p>\n\n\n\n<p>Del 1\u00b0 al 30 de noviembre, Buenos Aires se sumerge en la tercera edici\u00f3n del\u00a0<strong>Mes de la Cultura Independiente<\/strong>, un evento que promueve la diversidad art\u00edstica en 156 espacios distribuidos en 30 barrios de la ciudad. Organizado por el\u00a0<strong>Ministerio de Cultura de la Ciudad<\/strong>, a trav\u00e9s de la Direcci\u00f3n General de M\u00fasica, este mes se presenta como una oportunidad \u00fanica para disfrutar de m\u00e1s de 600 actividades que abarcan teatro, danza, literatura y m\u00fasica. Adem\u00e1s, se han preparado programas especiales en el Centro Cultural San Mart\u00edn, el Parque de la Estaci\u00f3n y el Parque Centenario<a rel=\"noreferrer noopener\" href=\"https:\/\/www.infobae.com\/cultura\/2023\/10\/29\/el-despuntar-de-una-cultura-democratica\/\" target=\"_blank\"><\/a><\/p>\n\n\n\n<p><a rel=\"noreferrer noopener\" href=\"https:\/\/www.infobae.com\/cultura\/2023\/10\/29\/el-despuntar-de-una-cultura-democratica\/\" target=\"_blank\"><\/a><\/p>\n\n\n\n<p>Este evento, que tuvo su inicio en 2021, tiene como objetivo no solo acercar la cultura independiente al p\u00fablico, sino tambi\u00e9n impulsar a los artistas y espacios culturales locales. Con m\u00e1s de 600 actividades programadas, los ciudadanos podr\u00e1n disfrutar de una amplia oferta cultural en toda la ciudad.<\/p>\n\n\n\n<p><img loading=\"lazy\" decoding=\"async\" alt=\"Enrique Avogradro encabez\u00f3 el lanzamiento del Mes de la Cultura Independiente\" height=\"2133\" width=\"3200\" src=\"https:\/\/www.infobae.com\/new-resizer\/NnvJ3xTyU0brfabeqvWP9eU-Q4Q=\/420x280\/filters:format(webp):quality(85)\/cloudfront-us-east-1.images.arcpublishing.com\/infobae\/7YRKEZGAP5HFZOHDUMUKWSF3CU.jpg%20420w\">Enrique Avogradro encabez\u00f3 el lanzamiento del Mes de la Cultura Independiente<\/p>\n\n\n\n<p>El Ministro de Cultura de la Ciudad,\u00a0<strong>Enrique Avogadro<\/strong>, expres\u00f3: \u201cLa cultura independiente tiene una capacidad inmensa para sacudir las ideas, para proponer nuevas formas de mirar e imaginar el mundo que nos rodea, para transformarnos. Este Mes, especialmente dedicado a artistas, hacedores y espacios independientes, nos permite impulsar su trabajo y mostrar su talento, acerc\u00e1ndolos a m\u00e1s personas para visibilizar sus propuestas, sus miradas, y darle lugar a la pluralidad de voces que los conforman\u201d.<a rel=\"noreferrer noopener\" href=\"https:\/\/www.infobae.com\/cultura\/2023\/10\/27\/censura-burocracia-o-error-politico-polemica-por-la-prohibicion-de-annie-ernaux-en-la-feria-del-libro-de-argelia\/\" target=\"_blank\"><\/a><a rel=\"noreferrer noopener\" href=\"https:\/\/www.infobae.com\/cultura\/2023\/10\/27\/censura-burocracia-o-error-politico-polemica-por-la-prohibicion-de-annie-ernaux-en-la-feria-del-libro-de-argelia\/\" target=\"_blank\"><\/a><\/p>\n\n\n\n<p>Al respecto, la jefa de Gabinete del Ministerio de Cultura de la Ciudad,&nbsp;<strong>Lara Manguel<\/strong>, sostuvo: \u201cQueremos que nuestros vecinos, y quienes se acerquen a vivir esta experiencia, tengan la oportunidad de disfrutar de m\u00faltiples expresiones art\u00edsticas en toda la Ciudad\u201d. Por su parte, la directora general de M\u00fasica,&nbsp;<strong>Lorena Schejtman<\/strong>, detall\u00f3: \u201cDurante el Mes de la Cultura Independiente, la Ciudad vuelve a poner el foco en las expresiones y espacios emergentes, a trav\u00e9s de la vasta oferta de los espacios y artistas independientes con producciones de gran calidad\u201d.<\/p>\n\n\n\n<p><img loading=\"lazy\" decoding=\"async\" alt=\"La iniciativa busca potenciar el trabajo de artistas y espacios del sector que construyen la identidad porte\u00f1a\" height=\"2133\" width=\"3200\" src=\"https:\/\/www.infobae.com\/new-resizer\/6yKUjVAmpoS5_AZy468qRMftruU=\/420x280\/filters:format(webp):quality(85)\/cloudfront-us-east-1.images.arcpublishing.com\/infobae\/BUVR7NLLCBE2HBFIZQCAOUBH3U.jpg%20420w\">La iniciativa busca potenciar el trabajo de artistas y espacios del sector que construyen la identidad porte\u00f1a<\/p>\n\n\n\n<p>El programa incluye una diversidad de disciplinas art\u00edsticas, como teatro, m\u00fasica, danza y literatura, que se desplegar\u00e1n en 30 barrios diferentes. El\u00a0<strong>Mes de la Cultura Independiente<\/strong>\u00a0culminar\u00e1 con la celebraci\u00f3n del\u00a0<strong>D\u00eda del Teatro Independiente<\/strong>\u00a0el 30 de noviembre.<a rel=\"noreferrer noopener\" href=\"https:\/\/www.infobae.com\/cultura\/2023\/10\/30\/edo-costantini-el-arte-tiene-el-poder-de-transformar-al-ser-humano\/\" target=\"_blank\"><\/a><a rel=\"noreferrer noopener\" href=\"https:\/\/www.infobae.com\/cultura\/2023\/10\/30\/edo-costantini-el-arte-tiene-el-poder-de-transformar-al-ser-humano\/\" target=\"_blank\"><\/a><\/p>\n\n\n\n<p>Destacando el acceso gratuito, se presentar\u00e1n una serie de actividades especiales a lo largo del mes. Por ejemplo, en el Anfiteatro del Parque Centenario, todos los viernes de noviembre a las 19:30 h se llevar\u00e1n a cabo shows de m\u00fasica. Adem\u00e1s, en el Parque de la Estaci\u00f3n se ofrecer\u00e1n charlas literarias y el Centro Cultural San Mart\u00edn albergar\u00e1 presentaciones de artes esc\u00e9nicas.<\/p>\n\n\n\n<p>Esta celebraci\u00f3n de la cultura independiente no solo ofrece entretenimiento, sino tambi\u00e9n apoyo econ\u00f3mico a los artistas y espacios culturales. A trav\u00e9s de convocatorias, se seleccionaron 22 artistas y grupos independientes para presentar sus propuestas en lugares emblem\u00e1ticos como el Anfiteatro del Parque Centenario y el Centro Cultural San Mart\u00edn.<\/p>\n\n\n\n<p>Desde su inicio, el Mes de la Cultura Independiente se ha convertido en una plataforma esencial para impulsar la producci\u00f3n cultural independiente en la Ciudad de Buenos Aires. A trav\u00e9s de diversas iniciativas, se busca reconocer y apoyar el valor simb\u00f3lico y econ\u00f3mico de las producciones independientes y los espacios culturales.<\/p>\n\n\n\n<p><img loading=\"lazy\" decoding=\"async\" alt=\"Enrique Avogadro junto a autoridades del Ministerio de Cultura de la Ciudad, artistas y representantes de espacios culturales que participan de esta edici\u00f3n del MCI\" height=\"2133\" width=\"3200\" src=\"https:\/\/www.infobae.com\/new-resizer\/PhML4dsfNS0UEnSwlHmq_PWAQ6s=\/420x280\/filters:format(webp):quality(85)\/cloudfront-us-east-1.images.arcpublishing.com\/infobae\/HUTVPNP7P5CKLMEKCYMN273XEE.jpg%20420w\">Enrique Avogadro junto a autoridades del Ministerio de Cultura de la Ciudad, artistas y representantes de espacios culturales que participan de esta edici\u00f3n del MCI<\/p>\n\n\n\n<p>Con programas como Impulso Cultural, que ha financiado m\u00e1s de 13 mil proyectos desde 2018, y la Ley de Espacios Culturales Independientes, que ha facilitado la habilitaci\u00f3n y fiscalizaci\u00f3n de espacios culturales, el Ministerio de Cultura de la Ciudad contin\u00faa su compromiso de promover la diversidad cultural y la producci\u00f3n independiente.<\/p>\n\n\n\n<p>En conjunto con artistas, espacios culturales y la comunidad, la Ciudad de Buenos Aires se consolida como un escenario vibrante y diverso para la cultura independiente, fortaleciendo as\u00ed su identidad cultural y promoviendo la participaci\u00f3n de todos sus habitantes en esta enriquecedora experiencia art\u00edstica. Toda la informaci\u00f3n se puede consultar a trav\u00e9s de la web o chateando con Boti, el WhatsApp de la Ciudad.<\/p>\n\n\n\n<p>Fuente: https:\/\/www.infobae.com\/cultura\/2023\/11\/02\/la-ciudad-de-buenos-aires-celebra-el-mes-de-la-cultura-independiente\/<\/p>\n","protected":false},"excerpt":{"rendered":"<p>Durante noviembre se ofrecer\u00e1 una amplia variedad de actividades art\u00edsticas en 156 espacios de 30 barrios, que incluyen teatro, danza, literatura y m\u00fasica Durante todo noviembre, la Ciudad presentar\u00e1 una programaci\u00f3n que tiene como objetivo poner en valor y fomentar la actividad cultural independiente Del 1\u00b0 al 30 de noviembre, Buenos Aires se sumerge en [&hellip;]<\/p>\n","protected":false},"author":3,"featured_media":252,"comment_status":"open","ping_status":"open","sticky":false,"template":"","format":"standard","meta":{"footnotes":""},"categories":[11,12],"tags":[66],"class_list":["post-251","post","type-post","status-publish","format-standard","has-post-thumbnail","hentry","category-agenda","category-sociedad","tag-mes-de-la-cultura-independiente"],"_links":{"self":[{"href":"https:\/\/noticiassaludables.com.ar\/index.php?rest_route=\/wp\/v2\/posts\/251","targetHints":{"allow":["GET"]}}],"collection":[{"href":"https:\/\/noticiassaludables.com.ar\/index.php?rest_route=\/wp\/v2\/posts"}],"about":[{"href":"https:\/\/noticiassaludables.com.ar\/index.php?rest_route=\/wp\/v2\/types\/post"}],"author":[{"embeddable":true,"href":"https:\/\/noticiassaludables.com.ar\/index.php?rest_route=\/wp\/v2\/users\/3"}],"replies":[{"embeddable":true,"href":"https:\/\/noticiassaludables.com.ar\/index.php?rest_route=%2Fwp%2Fv2%2Fcomments&post=251"}],"version-history":[{"count":1,"href":"https:\/\/noticiassaludables.com.ar\/index.php?rest_route=\/wp\/v2\/posts\/251\/revisions"}],"predecessor-version":[{"id":253,"href":"https:\/\/noticiassaludables.com.ar\/index.php?rest_route=\/wp\/v2\/posts\/251\/revisions\/253"}],"wp:featuredmedia":[{"embeddable":true,"href":"https:\/\/noticiassaludables.com.ar\/index.php?rest_route=\/wp\/v2\/media\/252"}],"wp:attachment":[{"href":"https:\/\/noticiassaludables.com.ar\/index.php?rest_route=%2Fwp%2Fv2%2Fmedia&parent=251"}],"wp:term":[{"taxonomy":"category","embeddable":true,"href":"https:\/\/noticiassaludables.com.ar\/index.php?rest_route=%2Fwp%2Fv2%2Fcategories&post=251"},{"taxonomy":"post_tag","embeddable":true,"href":"https:\/\/noticiassaludables.com.ar\/index.php?rest_route=%2Fwp%2Fv2%2Ftags&post=251"}],"curies":[{"name":"wp","href":"https:\/\/api.w.org\/{rel}","templated":true}]}}