{"id":255,"date":"2023-11-02T12:20:44","date_gmt":"2023-11-02T15:20:44","guid":{"rendered":"https:\/\/noticiassaludables.com.ar\/?p=255"},"modified":"2023-11-02T12:20:44","modified_gmt":"2023-11-02T15:20:44","slug":"tercer-debate-presidencial-2023","status":"publish","type":"post","link":"https:\/\/noticiassaludables.com.ar\/?p=255","title":{"rendered":"Tercer debate presidencial 2023"},"content":{"rendered":"\n<h2 class=\"wp-block-heading\">Cu\u00e1les ser\u00e1n los ejes tem\u00e1ticos y todo lo que se sabe hasta ahora del pr\u00f3ximo cruce entre Javier Milei y Sergio Massa<\/h2>\n\n\n\n<p><img loading=\"lazy\" decoding=\"async\" alt=\"Javier Milei y Sergio Massa, los candidatos a presidente de la Naci\u00f3n, deber\u00e1n participar del debate presidencial antes de la segunda vuelta electoral.\" height=\"1080\" width=\"1920\" src=\"https:\/\/www.infobae.com\/new-resizer\/JvNG9aX1hDP2nADFYKLB99pt0jQ=\/420x236\/filters:format(webp):quality(85)\/cloudfront-us-east-1.images.arcpublishing.com\/infobae\/B2GWAX4465CBNIEWFED7WCTYEY.jpg%20420w\">Javier Milei y Sergio Massa, los candidatos a presidente de la Naci\u00f3n, deber\u00e1n participar del debate presidencial antes de la segunda vuelta electoral.<\/p>\n\n\n\n<p>El pr\u00f3ximo 19 de noviembre, los ciudadanos argentinos deber\u00e1n concurrir a las urnas para elegir al pr\u00f3ximo presidente de la Naci\u00f3n, entre<strong>&nbsp;Javier Milei&nbsp;<\/strong>y&nbsp;<strong>Sergio Massa&nbsp;<\/strong>en el&nbsp;<a rel=\"noreferrer noopener\" href=\"https:\/\/www.infobae.com\/tag\/balotaje-2023\/\" target=\"_blank\">balotaje de las elecciones 2023<\/a>. Seg\u00fan el calendario electoral oficial, el ministro de Econom\u00eda y el diputado nacional deber\u00e1n exponer sus propuestas e ideas frente al electorado en un<strong>&nbsp;tercer debate presidencial<\/strong>, que se desarrollar\u00e1&nbsp;<strong>el 12 de noviembre a las 21h en la Facultad de Derecho de la UBA en CABA.<\/strong><a href=\"https:\/\/www.infobae.com\/politica\/2023\/11\/01\/debate-presidencial-hoy-se-conoceran-las-reglas-que-deberan-cumplir-los-candidatos-y-se-sorteara-el-orden-para-exponer\/\" rel=\"noreferrer noopener\" target=\"_blank\"><\/a><\/p>\n\n\n\n<p><a rel=\"noreferrer noopener\" href=\"https:\/\/www.infobae.com\/politica\/2023\/11\/01\/debate-presidencial-hoy-se-conoceran-las-reglas-que-deberan-cumplir-los-candidatos-y-se-sorteara-el-orden-para-exponer\/\" target=\"_blank\"><\/a><\/p>\n\n\n\n<p>La&nbsp;<strong>C\u00e1mara Nacional Electoral&nbsp;<\/strong>difundi\u00f3 este mi\u00e9rcoles&nbsp;<a rel=\"noreferrer noopener\" href=\"https:\/\/www.infobae.com\/politica\/2023\/11\/01\/las-nuevas-reglas-para-el-debate-presidencial-de-cara-al-balotaje-sin-apuntes-y-con-mas-interaccion-entre-los-candidatos\/\" target=\"_blank\"><strong>el reglamento para el tercer debate 2023<\/strong><\/a>, firmado por los representantes de los candidatos. Adem\u00e1s, sorte\u00f3 los lugares en los atriles de cada postulante y el orden de exposici\u00f3n de los seis temas sobre los que expondr\u00e1n en el encuentro.<\/p>\n\n\n\n<p>Cabe se\u00f1alar que, a diferencia de los debates presidenciales previos del 1 y 8 de octubre en los que tambi\u00e9n participaron los candidatos a presidente en las<a rel=\"noreferrer noopener\" href=\"https:\/\/www.infobae.com\/tag\/elecciones-2023-argentina\/\" target=\"_blank\">&nbsp;elecciones generales de octubre<\/a>, Patricia Bullrich, Juan Schiaretti y Myriam Bregman, esta vez<strong>&nbsp;la estructura ser\u00e1 m\u00e1s flexible<\/strong>, con posibilidad de mayor di\u00e1logo e incluso los candidatos podr\u00e1n desplazarse por el escenario, dentro de un espacio delimitado cercano a sus atriles para no quedar fuera del plano de las c\u00e1maras.<\/p>\n\n\n\n<p><img loading=\"lazy\" decoding=\"async\" alt=\"Tanto el primer debate como el segundo contaron con la participaci\u00f3n de Sergio Massa, Javier Milei, Patricia Bullrich, Juan Schiaretti y Myriam Bregman (Tom\u00e1s Cuesta)\" height=\"3648\" width=\"5472\" src=\"https:\/\/www.infobae.com\/new-resizer\/1YJIz6seciBPh6Bx9bFaFfE0lWQ=\/420x280\/filters:format(webp):quality(85)\/cloudfront-us-east-1.images.arcpublishing.com\/infobae\/QYLPPVSRFZAQBMVQFJ4B3H2FIE.jpg%20420w\">Tanto el primer debate como el segundo contaron con la participaci\u00f3n de Sergio Massa, Javier Milei, Patricia Bullrich, Juan Schiaretti y Myriam Bregman (Tom\u00e1s Cuesta)<\/p>\n\n\n\n<h2 class=\"wp-block-heading\">\u00bfCu\u00e1l ser\u00e1 la ubicaci\u00f3n y el orden de los candidatos en el tercer debate presidencial 2023?<\/h2>\n\n\n\n<p>De acuerdo al sorteo, Javier Milei se ubicar\u00e1 en el atril de la izquierda y Sergio Massa en el de la derecha. En tanto,&nbsp;<strong>el primero en hablar ser\u00e1 el candidato de Uni\u00f3n por la Patria<\/strong>, que deber\u00e1 abrir la presentaci\u00f3n de dos minutos. El cierre, por otro lado, ser\u00e1 comenzado por el candidato de La Libertad Avanza.<a rel=\"noreferrer noopener\" href=\"https:\/\/www.infobae.com\/politica\/2023\/10\/31\/quienes-son-los-cuatro-periodistas-que-moderaran-el-debate-presidencial-previo-al-balotaje\/\" target=\"_blank\"><\/a><a rel=\"noreferrer noopener\" href=\"https:\/\/www.infobae.com\/politica\/2023\/10\/31\/quienes-son-los-cuatro-periodistas-que-moderaran-el-debate-presidencial-previo-al-balotaje\/\" target=\"_blank\"><\/a><\/p>\n\n\n\n<p>Por otra parte, se estableci\u00f3 que los candidatos no puedan contar con papeles impresos en sus atriles, sino solo con<strong>&nbsp;hojas en blanco y lapiceras<\/strong>&nbsp;para tomar apuntes durante el desarrollo del debate<\/p>\n\n\n\n<h2 class=\"wp-block-heading\">\u00bfCu\u00e1les ser\u00e1n los ejes tem\u00e1ticos del tercer debate presidencial?<\/h2>\n\n\n\n<p>Los ejes tem\u00e1ticos del tercer debate presidencial tendr\u00e1n 12 minutos de duraci\u00f3n cada uno, estar\u00e1n divididos en dos bloques y ordenados de la siguiente manera, de acuerdo al sorteo:<\/p>\n\n\n\n<ul class=\"wp-block-list\">\n<li>Bloque 1:&nbsp;<strong>Econom\u00eda, Relaciones de Argentina con el mundo, y Educaci\u00f3n y Salud.<\/strong><\/li>\n\n\n\n<li>Bloque 2:&nbsp;<strong>Producci\u00f3n y Trabajo, Seguridad y Derechos Humanos, y Convivencia democr\u00e1tica<\/strong>.<\/li>\n<\/ul>\n\n\n\n<h2 class=\"wp-block-heading\">\u00bfC\u00f3mo ser\u00e1 la estructura del tercer debate presidencial 2023?<\/h2>\n\n\n\n<p>La estructura de este debate presidencial comprender\u00e1 la&nbsp;<strong>apertura<\/strong>, donde cada candidato tendr\u00e1 un minuto para presentarse. Luego se desarrollar\u00e1n los<strong>&nbsp;primeros tres ejes tem\u00e1ticos<\/strong>: Econom\u00eda (que comenzar\u00e1 con la exposici\u00f3n de Javier Milei), Relaciones de Argentina con el mundo (que iniciar\u00e1 Sergio Massa), y Educaci\u00f3n y Salud (donde volver\u00e1 a comenzar Milei).<a href=\"https:\/\/www.infobae.com\/politica\/2023\/10\/28\/milei-cuestiono-a-los-dirigentes-de-juntos-por-el-cambio-que-no-apoyan-el-pacto-electoral-con-bullrich-y-macri-probablemente-siempre-quisieron-estar-con-massa\/\" rel=\"noreferrer noopener\" target=\"_blank\"><\/a><\/p>\n\n\n\n<p><a rel=\"noreferrer noopener\" href=\"https:\/\/www.infobae.com\/politica\/2023\/10\/28\/milei-cuestiono-a-los-dirigentes-de-juntos-por-el-cambio-que-no-apoyan-el-pacto-electoral-con-bullrich-y-macri-probablemente-siempre-quisieron-estar-con-massa\/\" target=\"_blank\"><\/a><\/p>\n\n\n\n<p>Luego de una&nbsp;<strong>pausa de 12 minutos<\/strong>, se iniciar\u00e1 el&nbsp;<strong>bloque 2 con los 3 ejes tem\u00e1ticos que restan<\/strong>: Producci\u00f3n y Trabajo (que comenzar\u00e1 Massa), Seguridad y Derechos Humanos (que iniciar\u00e1 Milei), y Derechos Humanos y Convivencia democr\u00e1tica.<\/p>\n\n\n\n<p>Cabe se\u00f1alar que, durante la exposici\u00f3n de los ejes tem\u00e1ticos,&nbsp;<strong>cada candidato contar\u00e1 con 6 minutos que podr\u00e1 administrar como desee<\/strong>. Este formato permitir\u00e1 contestar afirmaciones o&nbsp;<strong>realizarse preguntas entre s\u00ed<\/strong>, por lo que otorgar\u00e1 un mayor dinamismo que los debates presidenciales previos. De acuerdo al reglamento, los moderadores solo intervendr\u00e1n aqu\u00ed cuando un candidato hable durante m\u00e1s de dos minutos.<\/p>\n\n\n\n<p>A continuaci\u00f3n seguir\u00e1 un corte de 10 minutos y luego se llevar\u00e1 adelante el cierre, donde cada candidato podr\u00e1 contar con 2 minutos para contestar a la pregunta \u201c<strong>\u00bfPor qu\u00e9 quiere ser presidente?<\/strong>\u201d.<\/p>\n\n\n\n<p><img loading=\"lazy\" decoding=\"async\" alt=\"As\u00ed ser\u00e1 la estructura del debate de la segunda vuelta, y los turnos de Javier Milei y Sergio Massa para exponer.\" height=\"520\" width=\"1920\" src=\"https:\/\/www.infobae.com\/new-resizer\/PeKosTBLdwVORJvhRQN526Frzps=\/arc-anglerfish-arc2-prod-infobae\/public\/SKCLZUEA6VHXHLIZZLDMKBSRHM.jpg\">As\u00ed ser\u00e1 la estructura del debate de la segunda vuelta, y los turnos de Javier Milei y Sergio Massa para exponer.<\/p>\n\n\n\n<h2 class=\"wp-block-heading\">\u00bfCu\u00e1l es la sanci\u00f3n si un candidato no se presenta al debate presidencial?<\/h2>\n\n\n\n<p>La Ley 27.337 establece la obligaci\u00f3n de los candidatos a asistir a los debates y&nbsp;<strong>no contempla ning\u00fan supuesto o causal que justifique la no concurrencia de los candidatos a Presidente a los debates obligatorios<\/strong>&nbsp;dispuestos por el C\u00f3digo Electoral Nacional. Seg\u00fan la ley, \u201csu participaci\u00f3n en \u00e9stos constituye una obligaci\u00f3n&nbsp;<em>intuito personae<\/em>&nbsp;de car\u00e1cter inexcusable\u201d.<\/p>\n\n\n\n<p>En caso de no asistir ser\u00e1n sancionados con el&nbsp;<strong>no otorgamiento de espacios de publicidad audiovisual establecidos<\/strong>. Adem\u00e1s, durante el debate&nbsp;<strong>se dejar\u00e1 un lugar vac\u00edo<\/strong>&nbsp;visible con el nombre del candidato que no concurri\u00f3 y de la organizaci\u00f3n pol\u00edtica a la que pertenece, a fin de denotar su ausencia y las sanciones definidas por la ley. Asimismo,&nbsp;<strong>se brindar\u00e1 al candidato que haya asistido la posibilidad de exponer sus propuestas de gobierno y las preguntas que le hubiera realizado al otro candidato.<\/strong><\/p>\n\n\n\n<p>\u201cLos debates electorales son un derecho de la ciudadan\u00eda y un elemento esencial para la calidad democr\u00e1tica -se\u00f1ala el reglamento- El debate presidencial permite conocer en un mismo momento y en un mismo lugar las propuestas de aquellos que aspiran a ocupar la presidencia de la Naci\u00f3n, en un marco democr\u00e1tico de respeto e igualdad de condiciones\u201d.<\/p>\n\n\n\n<p><img loading=\"lazy\" decoding=\"async\" alt=\"Javier Milei y Sergio Massa, candidatos a presidente en el balotaje de las elecciones 2023, se enfrentar\u00e1n mano a mano en el tercer debate presidencial.\" height=\"1080\" width=\"1920\" src=\"https:\/\/www.infobae.com\/new-resizer\/86Ytf0eV6pLsAO-aEqkklBzYpVQ=\/420x236\/filters:format(webp):quality(85)\/cloudfront-us-east-1.images.arcpublishing.com\/infobae\/4J7ICWU45RCFBB7K7A4ZHORJZY.jpg%20420w\">Javier Milei y Sergio Massa, candidatos a presidente en el balotaje de las elecciones 2023, se enfrentar\u00e1n mano a mano en el tercer debate presidencial.<\/p>\n\n\n\n<h2 class=\"wp-block-heading\">\u00bfQu\u00e9 dice el reglamento sobre el modo de dirigirse entre candidatos?<\/h2>\n\n\n\n<p>El reglamento acordado por la C\u00e1mara Nacional Electoral y los representantes de Javier Milei y Sergio Massa tambi\u00e9n se\u00f1ala qu\u00e9&nbsp;<strong>normas deben cumplir los candidatos a presidente al interactuar entre s\u00ed<\/strong>, as\u00ed como tambi\u00e9n, la forma en la que deben dirigirse a la sala del debate:<\/p>\n\n\n\n<p>\u25cf Mostrar respeto mutuo.<\/p>\n\n\n\n<p>\u25cf Brindarse un trato cordial<\/p>\n\n\n\n<p>\u25cf No opinar sobre el adversario, sino sobre sus propuestas y\/o ideas.<\/p>\n\n\n\n<p>\u25cf Respetar el uso de la palabra<\/p>\n\n\n\n<p>\u25cf No interrumpir al otro candidato mientras habla.<\/p>\n\n\n\n<p>\u25cf Evitar cualquier tipo de agresi\u00f3n a t\u00edtulo personal.<\/p>\n\n\n\n<p>\u25cf Mantener la ubicaci\u00f3n en la zona asignada del escenario.<\/p>\n\n\n\n<p>En tanto, sobre el&nbsp;<strong>modo de dirigirse en la sala del debate<\/strong>, el reglamento se\u00f1ala:<\/p>\n\n\n\n<p>\u25cf Velar por el absoluto silencio y buen comportamiento en la sala del debate seg\u00fan los criterios establecidos en los t\u00e9rminos y condiciones al momento de acreditarse.<\/p>\n\n\n\n<p>\u25cf No est\u00e1 permitido hacer part\u00edcipe y\/o arengar a los asistentes en la sala del debate.<\/p>\n\n\n\n<p><img loading=\"lazy\" decoding=\"async\" alt=\"Javier Milei y Sergio Massa se enfrentar\u00e1n en el balotaje o segunda vuelta, el 19 de noviembre (Franco Fafasuli)\" height=\"1080\" width=\"1920\" src=\"https:\/\/www.infobae.com\/new-resizer\/W37n8qDV0JkPqPuWgDf5UieFTxg=\/420x236\/filters:format(webp):quality(85)\/cloudfront-us-east-1.images.arcpublishing.com\/infobae\/AX7K5K76KVGURPFMLJCSE3U3WY.JPG%20420w\">Javier Milei y Sergio Massa se enfrentar\u00e1n en el balotaje o segunda vuelta, el 19 de noviembre (Franco Fafasuli)<\/p>\n\n\n\n<h2 class=\"wp-block-heading\">\u00bfQui\u00e9nes ser\u00e1n los periodistas que moderar\u00e1n el tercer debate presidencial?<\/h2>\n\n\n\n<p>Los&nbsp;<a rel=\"noreferrer noopener\" href=\"https:\/\/www.infobae.com\/politica\/2023\/10\/31\/quienes-son-los-cuatro-periodistas-que-moderaran-el-debate-presidencial-previo-al-balotaje\/\" target=\"_blank\">periodistas que moderar\u00e1n el tercer debate<\/a>&nbsp;ser\u00e1n&nbsp;<strong>Luciana Geuna&nbsp;<\/strong>(Canal 13),<strong>&nbsp;Pablo Vigna&nbsp;<\/strong>(TV P\u00fablica), que estar\u00e1n la apertura y el bloque 1.Y&nbsp;<strong>\u00c9rica Fontana&nbsp;<\/strong>(Telefe) y&nbsp;<strong>Antonio Laje&nbsp;<\/strong>(Am\u00e9rica), que estar\u00e1n al frente durante el bloque 2 y el bloque 3.<\/p>\n\n\n\n<p>Seg\u00fan el reglamento, la funci\u00f3n de los moderadores es esencial para cumplir las reglas,&nbsp;<strong>mantener un clima cordial en el programa e intervenir en caso necesario&nbsp;<\/strong>acordado. Por otra parte, establece que los periodistas deben dirigirse a los candidatos por nombre y apellido, recordar las reglas del \u201cDebate segunda vuelta 2023\u2033, introducir las secciones tem\u00e1ticas, anunciar qui\u00e9n tiene el uso de la palabra y velar por el debido cumplimiento de las reglas de respeto entre los candidatos.<\/p>\n\n\n\n<p><img loading=\"lazy\" decoding=\"async\" alt=\"Luciana Geuna, Pablo Vigna, \u00c9rica Fontana y Agust\u00edn Laje, los periodistas que moderar\u00e1n el tercer debate presidencial\" height=\"1080\" width=\"1920\" src=\"https:\/\/www.infobae.com\/new-resizer\/tztxsFW8Id2Z8He4p_ZqZvDFAVg=\/420x236\/filters:format(webp):quality(85)\/cloudfront-us-east-1.images.arcpublishing.com\/infobae\/4PBPNLD7OJATJINYBTOECAHAIY.jpg%20420w\">Luciana Geuna, Pablo Vigna, \u00c9rica Fontana y Agust\u00edn Laje, los periodistas que moderar\u00e1n el tercer debate presidencial<\/p>\n\n\n\n<h2 class=\"wp-block-heading\">\u00bfC\u00f3mo ser\u00e1 el manejo de las c\u00e1maras durante el debate presidencial previo al balotaje?<\/h2>\n\n\n\n<p>La producci\u00f3n contar\u00e1 con&nbsp;<strong>nueve c\u00e1maras, dos para los moderadores y siete exclusivas para los candidatos<\/strong>&nbsp;para la realizaci\u00f3n de planos cortos, medios y generales. Cada c\u00e1mara tendr\u00e1 una luz para que identifiquen cu\u00e1l estar\u00e1 activa. Las tomas de c\u00e1mara estar\u00e1n orientadas a centrar la atenci\u00f3n de la audiencia en la exposici\u00f3n de los candidatos sobre un eje tem\u00e1tico.<\/p>\n\n\n\n<p><strong>Se ver\u00e1n los dos candidatos en plano para mantener la ecuanimidad<\/strong>. Durante la presentaci\u00f3n de los candidatos y al cierre del debate, los candidatos har\u00e1n exposiciones sin ning\u00fan tipo de interrupci\u00f3n del otro candidato. En estas instancias espec\u00edficas los planos ser\u00e1n cortos y solo se ver\u00e1 al candidato que est\u00e1 en uso de la palabra.<\/p>\n\n\n\n<h2 class=\"wp-block-heading\">\u00bfD\u00f3nde ver el tercer debate presidencial 2023 en vivo?<\/h2>\n\n\n\n<p>Seg\u00fan inform\u00f3 la C\u00e1mara Nacional Electoral, el debate presidencial obligatorio<strong>&nbsp;ser\u00e1 transmitido en directo por todos los medios pertenecientes a Radio y Televisi\u00f3n Argentina Sociedad del Estado (R.T.A. S.E.)<\/strong>. Las se\u00f1ales radiof\u00f3nicas y televisivas transmitidas por R.T.A. S.E. ser\u00e1n puestas a disposici\u00f3n de todos los medios p\u00fablicos y privados del pa\u00eds que deseen transmitir el debate de manera simult\u00e1nea, en forma gratuita.<\/p>\n\n\n\n<p>Adem\u00e1s, se realizar\u00e1 una transmisi\u00f3n v\u00eda streaming estar\u00e1 disponible en el canal YouTube de la C\u00e1mara Nacional Electoral. El debate contar\u00e1 con lengua de se\u00f1as que estar\u00e1 embebido en la pantalla, y por Youtube habr\u00e1 un canal que de prioridad a la Lengua de Se\u00f1as Argentina de manera ampliada.<\/p>\n\n\n\n<p>Por otra parte, durante la transmisi\u00f3n se suspender\u00e1 la publicidad electoral en los servicios de comunicaci\u00f3n audiovisual y los anuncios p\u00fablicos de los actos de gobierno nacional, provincial y municipal.<\/p>\n\n\n\n<p><strong>Vas a poder ver la previa del debate y seguir el minuto a minuto del mismo, en&nbsp;<\/strong><a rel=\"noreferrer noopener\" href=\"https:\/\/www.youtube.com\/@Infobae\" target=\"_blank\"><strong>el streaming de Infobae<\/strong><\/a><strong>, con el an\u00e1lisis de especialistas y la cobertura exclusiva minuto a minuto desde el lugar.<\/strong><\/p>\n\n\n\n<h2 class=\"wp-block-heading\">\u00bfCu\u00e1ndo ser\u00e1 el ensayo previo del tercer debate presidencial?<\/h2>\n\n\n\n<p><strong>La tarde\/noche del s\u00e1bado previo al debate, es decir, del 11 de noviembre<\/strong>, el reglamento recomienda que los candidatos participen de una puesta a punto de c\u00e1mara in situ en el escenario, en horario a confirmar y acordar. Asimismo, se se\u00f1ala que es una buena oportunidad para que se familiaricen con la escenograf\u00eda, la ubicaci\u00f3n del atril asignado y el espacio delimitado de la escenograf\u00eda donde podr\u00e1n moverse.<\/p>\n\n\n\n<p>En tanto, el d\u00eda del debate, los candidatos&nbsp;<strong>deber\u00e1n estar presentes y disponibles en el recinto del debate con una antelaci\u00f3n suficiente de al menos 30 minutos antes&nbsp;<\/strong>para que pueda darse inicio al mismo, ya que a las 21h en punto la transmisi\u00f3n dar\u00e1 comienzo. As\u00ed, como contar con tiempo suficiente de maquillaje y preparaci\u00f3n.<\/p>\n\n\n\n<p>Fuente: https:\/\/www.infobae.com\/politica\/2023\/11\/02\/tercer-debate-presidencial-2023-fecha-como-sera-y-donde-verlo-en-vivo\/<\/p>\n\n\n\n<p><\/p>\n","protected":false},"excerpt":{"rendered":"<p>Cu\u00e1les ser\u00e1n los ejes tem\u00e1ticos y todo lo que se sabe hasta ahora del pr\u00f3ximo cruce entre Javier Milei y Sergio Massa Javier Milei y Sergio Massa, los candidatos a presidente de la Naci\u00f3n, deber\u00e1n participar del debate presidencial antes de la segunda vuelta electoral. El pr\u00f3ximo 19 de noviembre, los ciudadanos argentinos deber\u00e1n concurrir [&hellip;]<\/p>\n","protected":false},"author":3,"featured_media":256,"comment_status":"open","ping_status":"open","sticky":false,"template":"","format":"standard","meta":{"footnotes":""},"categories":[11,13,12],"tags":[67],"class_list":["post-255","post","type-post","status-publish","format-standard","has-post-thumbnail","hentry","category-agenda","category-politica","category-sociedad","tag-tercer-debate-presidencial-2023"],"_links":{"self":[{"href":"https:\/\/noticiassaludables.com.ar\/index.php?rest_route=\/wp\/v2\/posts\/255","targetHints":{"allow":["GET"]}}],"collection":[{"href":"https:\/\/noticiassaludables.com.ar\/index.php?rest_route=\/wp\/v2\/posts"}],"about":[{"href":"https:\/\/noticiassaludables.com.ar\/index.php?rest_route=\/wp\/v2\/types\/post"}],"author":[{"embeddable":true,"href":"https:\/\/noticiassaludables.com.ar\/index.php?rest_route=\/wp\/v2\/users\/3"}],"replies":[{"embeddable":true,"href":"https:\/\/noticiassaludables.com.ar\/index.php?rest_route=%2Fwp%2Fv2%2Fcomments&post=255"}],"version-history":[{"count":1,"href":"https:\/\/noticiassaludables.com.ar\/index.php?rest_route=\/wp\/v2\/posts\/255\/revisions"}],"predecessor-version":[{"id":257,"href":"https:\/\/noticiassaludables.com.ar\/index.php?rest_route=\/wp\/v2\/posts\/255\/revisions\/257"}],"wp:featuredmedia":[{"embeddable":true,"href":"https:\/\/noticiassaludables.com.ar\/index.php?rest_route=\/wp\/v2\/media\/256"}],"wp:attachment":[{"href":"https:\/\/noticiassaludables.com.ar\/index.php?rest_route=%2Fwp%2Fv2%2Fmedia&parent=255"}],"wp:term":[{"taxonomy":"category","embeddable":true,"href":"https:\/\/noticiassaludables.com.ar\/index.php?rest_route=%2Fwp%2Fv2%2Fcategories&post=255"},{"taxonomy":"post_tag","embeddable":true,"href":"https:\/\/noticiassaludables.com.ar\/index.php?rest_route=%2Fwp%2Fv2%2Ftags&post=255"}],"curies":[{"name":"wp","href":"https:\/\/api.w.org\/{rel}","templated":true}]}}