{"id":267,"date":"2023-11-06T10:41:58","date_gmt":"2023-11-06T13:41:58","guid":{"rendered":"https:\/\/noticiassaludables.com.ar\/?p=267"},"modified":"2023-11-06T10:41:58","modified_gmt":"2023-11-06T13:41:58","slug":"charly-garcia-tendra-su-esquina-en-nueva-york-a-40-anos-de-clics-modernos","status":"publish","type":"post","link":"https:\/\/noticiassaludables.com.ar\/?p=267","title":{"rendered":"Charly Garc\u00eda tendr\u00e1 su esquina en Nueva York a 40 a\u00f1os de Clics Modernos"},"content":{"rendered":"\n<h2 class=\"wp-block-heading\">La intersecci\u00f3n donde se tom\u00f3 la hist\u00f3rica foto de portada del \u00e1lbum pasar\u00e1 a denominarse \u201cCharly Garc\u00eda Corner\u201d. El evento ser\u00e1 este lunes<\/h2>\n\n\n\n<p>Este lunes, la intersecci\u00f3n de Walker Street y Cortlandt Alley en la metr\u00f3poli de Nueva York&nbsp;<a rel=\"noreferrer noopener\" href=\"https:\/\/www.infobae.com\/sociedad\/2023\/07\/01\/charly-garcia-corner-el-homenaje-que-la-ciudad-de-nueva-york-prepara-para-los-40-anos-de-clics-modernos\/\" target=\"_blank\">ser\u00e1 renombrada oficialmente como \u201cCharly Garc\u00eda Corner\u201d<\/a>. Este cambio de denominaci\u00f3n, que se dar\u00e1 desde las 11 de la ma\u00f1ana -hora de esa ciudad-, es el resultado de&nbsp;<a rel=\"noreferrer noopener\" href=\"https:\/\/www.infobae.com\/teleshow\/2023\/04\/19\/charly-garcia-tendra-su-propia-esquina-en-nueva-york-a-40-anos-de-clics-modernos\/\" target=\"_blank\">una iniciativa liderada por&nbsp;<strong>Mariano Cabrera<\/strong><\/a>, un actor y director argentino radicado en la urbe neoyorquina, quien obtuviera el apoyo formal del Consulado de Argentina.<\/p>\n\n\n\n<p><a href=\"https:\/\/www.infobae.com\/teleshow\/2023\/11\/06\/actor-por-un-capricho-amoroso-y-boxeador-profesional-invicto-la-vida-desconocida-de-burt-young-el-recordado-paulie-de-rocky\/\" target=\"_blank\" rel=\"noreferrer noopener\"><\/a><\/p>\n\n\n\n<p><a rel=\"noreferrer noopener\" href=\"https:\/\/www.infobae.com\/teleshow\/2023\/11\/06\/actor-por-un-capricho-amoroso-y-boxeador-profesional-invicto-la-vida-desconocida-de-burt-young-el-recordado-paulie-de-rocky\/\" target=\"_blank\"><\/a>La instauraci\u00f3n de la nueva nomenclatura en el lugar donde se tomara la ic\u00f3nica imagen que fuera tapa del disco&nbsp;<em>Clics Moderno<\/em>s se celebrar\u00e1 mediante un evento protocolar que contar\u00e1 con la presencia de ilustres m\u00fasicos asociados a la trayectoria de Charly, entre los que se encuentran&nbsp;<strong>Fernando Samalea<\/strong>&nbsp;en la bater\u00eda,<strong>&nbsp;Fabi\u00e1n&nbsp;<\/strong><em><strong>El Zorrito<\/strong><\/em><strong>&nbsp;V\u00f6n<\/strong>&nbsp;<strong>Quintiero<\/strong>&nbsp;alternando en el bajo y los teclados, la vocalista&nbsp;<strong>Hilda Lizarazu<\/strong>, y los talentosos chilenos<strong>&nbsp;Kiuge Hayashida<\/strong>&nbsp;y<strong>&nbsp;To\u00f1o Silva&nbsp;<\/strong>en la guitarra y bater\u00eda respectivamente, todos con un historial de colaboraciones en diferentes proyectos musicales del ic\u00f3nico artista argentino.<\/p>\n\n\n\n<p>Las festividades se extender\u00e1n m\u00e1s all\u00e1 de la ceremonia, con un evento programado en las instalaciones del Consulado Argentino, donde se anticipa que se desarrollar\u00e1 una jam session. Adem\u00e1s, las conmemoraciones incluyeron una charla informal que Fernando Samalea ofreci\u00f3 este s\u00e1bado en Central Park y un \u201cwalking tour\u201d guiado por El Zorrito y el tecladista Alfie Martins, que tuvo lugar el pasado domingo. Este recorrido especial est\u00e1 dise\u00f1ado para visitar las locaciones emblem\u00e1ticas utilizadas por la estrella del rock argentino para la filmaci\u00f3n del videoclip de su canci\u00f3n&nbsp;<em>Fanky<\/em>&nbsp;en el a\u00f1o 1989.<\/p>\n\n\n\n<p>Respecto de lo que ocurrir\u00e1 este lunes, el Consulado, a trav\u00e9s de un comunicado, destac\u00f3: \u201cDicha inauguraci\u00f3n contar\u00e1 con la presencia del embajador de la Argentina en los Estados Unidos, el autor creativo del proyecto, el Comisionado de Transporte y otras autoridades de la Ciudad de Nueva York. Ese d\u00eda se develar\u00e1 la \u2018street sign\u2019 y placa conmemorativa que identificar\u00e1 la esquina de Walker St. y Cortlandt Alley como \u2018Charly Garc\u00eda Corner\u2019. Para finalizar la ceremonia, los m\u00fasicos miembros de las bandas que han acompa\u00f1ado a Charly en diferentes momentos de su carrera: Hilda Lizarazu, Fabi\u00e1n Zorrito V\u00f6n Quintiero, Fernando Samalea, Alfi Martins, Kiuge Hayashida y To\u00f1o Silva realizar\u00e1n un concierto en vivo de media hora aproximadamente\u201d.<\/p>\n\n\n\n<p><img loading=\"lazy\" decoding=\"async\" alt=\"El creador del proyecto, Mariano Cabrera, ultimando detalles de la presentaci\u00f3n junto con el c\u00f3nsul argentino en New York y la agregada cultural, en lo que denominan como el evento cultural argentino en New York m\u00e1s importante de los \u00faltimos a\u00f1os (IG charlygarciacorner)\" height=\"1080\" width=\"1080\" src=\"https:\/\/www.infobae.com\/new-resizer\/99Q8GjNY-xA1NL21G2w5EBXpe78=\/420x420\/filters:format(webp):quality(85)\/cloudfront-us-east-1.images.arcpublishing.com\/infobae\/HKMFE3IWNBD5DHPSYIULI4ZIYI.jpg%20420w\">El creador del proyecto, Mariano Cabrera, ultimando detalles de la presentaci\u00f3n junto con el c\u00f3nsul argentino en New York y la agregada cultural, en lo que denominan como el evento cultural argentino en New York m\u00e1s importante de los \u00faltimos a\u00f1os (IG charlygarciacorner)<\/p>\n\n\n\n<p>Sobre este particular momento que se vivir\u00e1, Mariano Cabrera destac\u00f3 en las \u00faltimas horas: \u201cAyer estaba en el Central Park, suena el tel\u00e9fono. Era Charly agradeci\u00e9ndome emocionado todo esto. Me contuve para no llorar. Trat\u00e9 de coordinar algunas palabras en medio del shock. Charly est\u00e1 feliz, todos estamos felices\u201d. Adem\u00e1s, sobre el presente homenaje, el actor y director destac\u00f3: \u201cQuiero agradecer a todos los que de alguna manera u otra han colaborado para que proyecto de inmortalizar a este lugar donde se realiz\u00f3 la portada de este ic\u00f3nico \u00e1lbum de la m\u00fasica y cultura latinoamericana hoy sea realidad. Primero y principal a la consejera&nbsp;<strong>Noelia Dutrey<\/strong>&nbsp;cultural attache del Consulado Argentino en New York, quien sin su trabajo y apoyo hubiera sido imposible este proyecto. Al c\u00f3nsul argentino en New York&nbsp;<strong>Santiago Villalba&nbsp;<\/strong>y a las autoridades de la ciudad de New York\u201d.<\/p>\n\n\n\n<p>Por su parte, en declaraciones a&nbsp;<em>FM Delta<\/em>, el&nbsp;<strong>c\u00f3nsul general de la Argentina en Nueva York, Santiago Villalba,<\/strong>&nbsp;destac\u00f3: \u201c<strong>Viaj\u00f3 much\u00edsima gente no solo de la Argentina, hay gente de Per\u00fa, de Colombia<\/strong>. Es importante hacer hincapi\u00e9 en lo que hoy significa tener un pedazo de la Argentina en Nueva York, una manifestaci\u00f3n cultural no solo de los argentinos, sino de los amantes del buen rock, de la cultura y del talento, que cada vez que pasen podr\u00e1n sacar una foto, y ser\u00e1 una reivindicaci\u00f3n cultural de lo que es la Argentina y Charly Garc\u00eda\u201d.<\/p>\n\n\n\n<p><img loading=\"lazy\" decoding=\"async\" alt=\"Charly Garc\u00eda durante la grabaci\u00f3n del videoclip Fanky\" height=\"3182\" width=\"1920\" src=\"https:\/\/www.infobae.com\/new-resizer\/sD7y5C0Q9GICueMKNGW5ogt2vt8=\/420x747\/filters:format(webp):quality(85)\/cloudfront-us-east-1.images.arcpublishing.com\/infobae\/JMPIDJNWYJG65MKXTFV4A52B6Q.jpg%20420w\">Charly Garc\u00eda durante la grabaci\u00f3n del videoclip Fanky<\/p>\n\n\n\n<p>Reconocido por un sector de la cr\u00edtica y seguidores como la c\u00faspide creativa de su trayectoria musical, el \u00e1lbum en cuesti\u00f3n se distingue por incorporar elementos que aluden a la \u00e9poca de la dictadura militar en la Argentina, entrelazados con una l\u00edrica impregnada del caracter\u00edstico sarcasmo y sentido del humor que define el estilo de Charly.<\/p>\n\n\n\n<p>La producci\u00f3n del \u00e1lbum estuvo a cargo del cantautor, quien adem\u00e1s compuso las piezas musicales que lo integran. La mayor parte del proceso de grabaci\u00f3n tuvo lugar en los renombrados&nbsp;<strong>Electric Lady Studios de Nueva York<\/strong>, un espacio fundado por Jimi Hendrix situado en el coraz\u00f3n de Greenwich Village.&nbsp;<strong>\u201cNo viaj\u00e9 para hacer un disco. Pero en ese lugar, todo inspiraba. Me gust\u00f3 la energ\u00eda y quise componer y juntarme con algunos m\u00fasicos para hacer algo\u201d<\/strong>, revelar\u00eda Garc\u00eda en una entrevista retrospectiva.<\/p>\n\n\n\n<p>Para el bajo, Garc\u00eda busc\u00f3 la habilidad de&nbsp;<strong>Pedro Aznar<\/strong>, mientras que para la percusi\u00f3n convoc\u00f3 al destacado baterista<strong>&nbsp;Casey Scheverrell<\/strong>, sumergi\u00e9ndose juntos en una odisea musical que, si bien se inclinaba predominantemente hacia el new wave, no dejaba de lado ciertos destellos del g\u00e9nero pop. Tras asegurarse el alquiler del estudio, el m\u00fasico solicit\u00f3 a los propietarios que le sugirieran un productor musical de primera l\u00ednea. \u201cEl mejor\u201d, fue la consigna que dio. Como resultado de una inversi\u00f3n considerable, se present\u00f3 en el estudio<strong>&nbsp;Joe Blaney<\/strong>, un ingeniero de sonido de prestigio que ven\u00eda de trabajar en la producci\u00f3n de un \u00e1lbum de la banda The Clash. Tras un breve intercambio con Charly, Blaney accedi\u00f3 a sumarse al proyecto y emprender juntos la grabaci\u00f3n del disco.<\/p>\n\n\n\n<p>Fuente: https:\/\/www.infobae.com\/teleshow\/2023\/11\/06\/charly-garcia-tendra-su-esquina-en-nueva-york-a-40-anos-de-clics-modernos\/<\/p>\n","protected":false},"excerpt":{"rendered":"<p>La intersecci\u00f3n donde se tom\u00f3 la hist\u00f3rica foto de portada del \u00e1lbum pasar\u00e1 a denominarse \u201cCharly Garc\u00eda Corner\u201d. El evento ser\u00e1 este lunes Este lunes, la intersecci\u00f3n de Walker Street y Cortlandt Alley en la metr\u00f3poli de Nueva York&nbsp;ser\u00e1 renombrada oficialmente como \u201cCharly Garc\u00eda Corner\u201d. Este cambio de denominaci\u00f3n, que se dar\u00e1 desde las 11 [&hellip;]<\/p>\n","protected":false},"author":3,"featured_media":268,"comment_status":"open","ping_status":"open","sticky":false,"template":"","format":"standard","meta":{"footnotes":""},"categories":[4,12,10],"tags":[75,76,77],"class_list":["post-267","post","type-post","status-publish","format-standard","has-post-thumbnail","hentry","category-bienestar","category-sociedad","category-tendencia","tag-charly-garcia","tag-clics-modernos","tag-new-york"],"_links":{"self":[{"href":"https:\/\/noticiassaludables.com.ar\/index.php?rest_route=\/wp\/v2\/posts\/267","targetHints":{"allow":["GET"]}}],"collection":[{"href":"https:\/\/noticiassaludables.com.ar\/index.php?rest_route=\/wp\/v2\/posts"}],"about":[{"href":"https:\/\/noticiassaludables.com.ar\/index.php?rest_route=\/wp\/v2\/types\/post"}],"author":[{"embeddable":true,"href":"https:\/\/noticiassaludables.com.ar\/index.php?rest_route=\/wp\/v2\/users\/3"}],"replies":[{"embeddable":true,"href":"https:\/\/noticiassaludables.com.ar\/index.php?rest_route=%2Fwp%2Fv2%2Fcomments&post=267"}],"version-history":[{"count":1,"href":"https:\/\/noticiassaludables.com.ar\/index.php?rest_route=\/wp\/v2\/posts\/267\/revisions"}],"predecessor-version":[{"id":269,"href":"https:\/\/noticiassaludables.com.ar\/index.php?rest_route=\/wp\/v2\/posts\/267\/revisions\/269"}],"wp:featuredmedia":[{"embeddable":true,"href":"https:\/\/noticiassaludables.com.ar\/index.php?rest_route=\/wp\/v2\/media\/268"}],"wp:attachment":[{"href":"https:\/\/noticiassaludables.com.ar\/index.php?rest_route=%2Fwp%2Fv2%2Fmedia&parent=267"}],"wp:term":[{"taxonomy":"category","embeddable":true,"href":"https:\/\/noticiassaludables.com.ar\/index.php?rest_route=%2Fwp%2Fv2%2Fcategories&post=267"},{"taxonomy":"post_tag","embeddable":true,"href":"https:\/\/noticiassaludables.com.ar\/index.php?rest_route=%2Fwp%2Fv2%2Ftags&post=267"}],"curies":[{"name":"wp","href":"https:\/\/api.w.org\/{rel}","templated":true}]}}