{"id":282,"date":"2023-11-07T10:52:28","date_gmt":"2023-11-07T13:52:28","guid":{"rendered":"https:\/\/noticiassaludables.com.ar\/?p=282"},"modified":"2023-11-07T10:52:28","modified_gmt":"2023-11-07T13:52:28","slug":"la-amia-sera-sede-de-la-bienal-de-arte-contemporaneo-de-jerusalen","status":"publish","type":"post","link":"https:\/\/noticiassaludables.com.ar\/?p=282","title":{"rendered":"La AMIA ser\u00e1 sede de la Bienal de Arte Contempor\u00e1neo de Jerusal\u00e9n"},"content":{"rendered":"\n<h2 class=\"wp-block-heading\">El encuentro que iba a realizarse en la ciudad santa debi\u00f3 reversionarse luego de los ataques terroristas. El espacio argentino, junto a otras sedes en el mundo, es el anfitri\u00f3n de una gran instalaci\u00f3n con los nombres de las v\u00edctimas.<\/h2>\n\n\n\n<p><img loading=\"lazy\" decoding=\"async\" alt=\"La Bienal de Arte de Jerusal\u00e9n recal\u00f3 en distintas ciudades del globo tras los ataques terroristas de Hamas\" height=\"1080\" width=\"1920\" src=\"https:\/\/www.infobae.com\/new-resizer\/Vahv2LpNEiu9CqU_iy7UpiXM188=\/420x236\/filters:format(webp):quality(85)\/cloudfront-us-east-1.images.arcpublishing.com\/infobae\/OXQRAZIDJFFJVINQYWV6NGM52Y.jpg%20420w\">La Bienal de Arte de Jerusal\u00e9n recal\u00f3 en distintas ciudades del globo tras los ataques terroristas de Hamas<\/p>\n\n\n\n<p>A un mes de los atentados terroristas en Israel, ocurridos el 7 de octubre, la AMIA rendir\u00e1 homenaje a las v\u00edctimas fatales en un acto que tendr\u00e1 lugar ma\u00f1ana a las 14.30 y en el que se inaugurar\u00e1 la exposici\u00f3n&nbsp;<em><strong>Y estos son los nombres<\/strong><\/em>.<\/p>\n\n\n\n<p>Con este homenaje, adem\u00e1s, la AMIA se convertir\u00e1 en una de las sedes de la sexta edici\u00f3n de la Bienal de Arte Contempor\u00e1neo de Jerusal\u00e9n, que debi\u00f3 ser postergada luego de los fat\u00eddicos ataques cometidos en el sur de Israel. La muestra, realizada con la est\u00e9tica del arte callejero, a partir del concepto \u201cTzon barzel\u201d (Bienes intangibles), propone una instalaci\u00f3n de 40 metros de largo y 3,5 de alto que, sobre paredes de colores negro, ense\u00f1ar\u00e1 escritos con aerosol los nombres de las 1.400 v\u00edctimas fatales. Este registro est\u00e9tico coincide con los carteles que recuerdan a las 85 personas asesinadas en<a rel=\"noreferrer noopener\" href=\"https:\/\/www.infobae.com\/judiciales\/2023\/07\/17\/a-29-anos-del-ataque-a-la-amia-el-profugo-que-escapo-a-tiempo-los-papeles-de-inteligencia-y-el-cansancio-de-las-victimas\/\" target=\"_blank\">&nbsp;el atentado terrorista contra la sede de Pasteur 633<\/a>, frente al edificio de la AMIA.<\/p>\n\n\n\n<p>La realizaci\u00f3n de la dolorosa n\u00f3mina de personas asesinadas estuvo a cargo de&nbsp;<strong>Santiago Fallon<\/strong>&nbsp;y&nbsp;<strong>Gonzalo Hill&nbsp;<\/strong>y fue creada de manera colaborativa con la participaci\u00f3n de m\u00e1s de 400 personas, entre ellos familiares de las v\u00edctimas del atentado a la AMIA, v\u00edctimas sobrevivientes y familiares del atentado a la embajada de Israel en Argentina, colaboradores de la instituci\u00f3n y referentes de organizaciones comunitarias.<\/p>\n\n\n\n<p>\u201cCuando contemplamos los muros en los cuales pintamos cada uno de los nombres, abruma la cantidad, la diversidad, y la vista se nubla. Por un momento, aparece una abstracci\u00f3n de letras sin sentido aparente, pero que inmediatamente hace foco en la historia de cada una de las 1.400 v\u00edctimas fatales\u201d, expres\u00f3 el curador de la muestra&nbsp;<strong>Elio Kapszuk<\/strong>, director de Arte y Producci\u00f3n de AMIA. \u201cEscribir los nombres de cada una de las v\u00edctimas es perpetrar su memoria e incorporar sus nombres a nuestra propia memoria\u201d, concluy\u00f3 Kapszuk.<\/p>\n\n\n\n<p><img loading=\"lazy\" decoding=\"async\" alt=\"Los muros de la instalaci\u00f3n que exhibe la AMIA llevan los nombres de las 1400 v\u00edctimas fatales con una est\u00e9tica similar a la de los carteles que recuerdan a las 85 personas asesinadas en el atentado a la mutual jud\u00eda de Buenos Aires\" height=\"1265\" width=\"1920\" src=\"https:\/\/www.infobae.com\/new-resizer\/s-deVTaqTvK3CP-dBb-3WwpvJWk=\/420x280\/filters:format(webp):quality(85)\/cloudfront-us-east-1.images.arcpublishing.com\/infobae\/24KDDVCRW5CP5OI2KJBQDH3TEY.jpg%20420w\">Los muros de la instalaci\u00f3n que exhibe la AMIA llevan los nombres de las 1400 v\u00edctimas fatales con una est\u00e9tica similar a la de los carteles que recuerdan a las 85 personas asesinadas en el atentado a la mutual jud\u00eda de Buenos Aires<\/p>\n\n\n\n<p>Con esta acci\u00f3n art\u00edstica, \u201cdesde AMIA se busc\u00f3 honrar la memoria de cada una de las v\u00edctimas fatales del accionar terrorista del grupo Hamas, acompa\u00f1ar a las familias en su dolor y expresar la solidaridad con el Estado de Israel\u201d, informaron en un comunicado.<\/p>\n\n\n\n<p>En relaci\u00f3n a la Bienal de arte contempor\u00e1neo, nacida en 2013, la misma iba a celebrarse en la ciudad de Jerusal\u00e9n del 9 al 28 de noviembre, pero luego de los ataques, desde la organizaci\u00f3n decidieron reversionarla. Por eso, a partir de una serie de exposiciones, la bienal tendr\u00e1 lugar en las ciudades de origen de los artistas que iban a formar parte de ella: Roma, Tur\u00edn, Londres, Buenos Aires, Los \u00c1ngeles y Nueva York.<\/p>\n\n\n\n<p>Como parte de la exposici\u00f3n, se exhibir\u00e1 el video&nbsp;<em><strong>Sabemos<\/strong><\/em>, en el cual 31 familiares de personas que fueron asesinadas en el atentado a la AMIA exigieron la urgente liberaci\u00f3n de los rehenes secuestrados y apoyaron a todas las familias dolientes por la masacre de Hamas.<\/p>\n\n\n\n<p>Desde ma\u00f1ana y hasta el 14 de noviembre la muestra podr\u00e1 visitarse en el Espacio de Arte AMIA en el edificio de Pasteur 633, de lunes a jueves de 10 a 19, y los viernes de 10 a 16, con entrada gratuita. Para ingresar solo es necesario asistir con DNI.<\/p>\n\n\n\n<p>Fuente: https:\/\/www.infobae.com\/cultura\/2023\/11\/07\/la-amia-sera-sede-de-la-bienal-de-arte-contemporaneo-de-jerusalen\/<\/p>\n","protected":false},"excerpt":{"rendered":"<p>El encuentro que iba a realizarse en la ciudad santa debi\u00f3 reversionarse luego de los ataques terroristas. El espacio argentino, junto a otras sedes en el mundo, es el anfitri\u00f3n de una gran instalaci\u00f3n con los nombres de las v\u00edctimas. La Bienal de Arte de Jerusal\u00e9n recal\u00f3 en distintas ciudades del globo tras los ataques [&hellip;]<\/p>\n","protected":false},"author":3,"featured_media":283,"comment_status":"open","ping_status":"open","sticky":false,"template":"","format":"standard","meta":{"footnotes":""},"categories":[11,3,12],"tags":[89,88],"class_list":["post-282","post","type-post","status-publish","format-standard","has-post-thumbnail","hentry","category-agenda","category-principal","category-sociedad","tag-amia","tag-bienal-de-arte-contemporaneo-de-jerusalen"],"_links":{"self":[{"href":"https:\/\/noticiassaludables.com.ar\/index.php?rest_route=\/wp\/v2\/posts\/282","targetHints":{"allow":["GET"]}}],"collection":[{"href":"https:\/\/noticiassaludables.com.ar\/index.php?rest_route=\/wp\/v2\/posts"}],"about":[{"href":"https:\/\/noticiassaludables.com.ar\/index.php?rest_route=\/wp\/v2\/types\/post"}],"author":[{"embeddable":true,"href":"https:\/\/noticiassaludables.com.ar\/index.php?rest_route=\/wp\/v2\/users\/3"}],"replies":[{"embeddable":true,"href":"https:\/\/noticiassaludables.com.ar\/index.php?rest_route=%2Fwp%2Fv2%2Fcomments&post=282"}],"version-history":[{"count":1,"href":"https:\/\/noticiassaludables.com.ar\/index.php?rest_route=\/wp\/v2\/posts\/282\/revisions"}],"predecessor-version":[{"id":284,"href":"https:\/\/noticiassaludables.com.ar\/index.php?rest_route=\/wp\/v2\/posts\/282\/revisions\/284"}],"wp:featuredmedia":[{"embeddable":true,"href":"https:\/\/noticiassaludables.com.ar\/index.php?rest_route=\/wp\/v2\/media\/283"}],"wp:attachment":[{"href":"https:\/\/noticiassaludables.com.ar\/index.php?rest_route=%2Fwp%2Fv2%2Fmedia&parent=282"}],"wp:term":[{"taxonomy":"category","embeddable":true,"href":"https:\/\/noticiassaludables.com.ar\/index.php?rest_route=%2Fwp%2Fv2%2Fcategories&post=282"},{"taxonomy":"post_tag","embeddable":true,"href":"https:\/\/noticiassaludables.com.ar\/index.php?rest_route=%2Fwp%2Fv2%2Ftags&post=282"}],"curies":[{"name":"wp","href":"https:\/\/api.w.org\/{rel}","templated":true}]}}