{"id":289,"date":"2023-11-08T11:47:51","date_gmt":"2023-11-08T14:47:51","guid":{"rendered":"https:\/\/noticiassaludables.com.ar\/?p=289"},"modified":"2023-11-08T11:47:51","modified_gmt":"2023-11-08T14:47:51","slug":"la-revista-nature-contra-las-politicas-de-javier-milei-en-salud-ciencia-y-educacion","status":"publish","type":"post","link":"https:\/\/noticiassaludables.com.ar\/?p=289","title":{"rendered":"La revista Nature contra las pol\u00edticas de Javier Milei en salud, ciencia y educaci\u00f3n"},"content":{"rendered":"\n<h2 class=\"wp-block-heading\">La prestigiosa publicaci\u00f3n inglesa asegura que reducir el apoyo estatal en estas \u00e1reas &#8220;no deber\u00eda ser una opci\u00f3n en las elecciones de Argentina&#8221;.Tambi\u00e9n critica al actual Gobierno por su bajo financiamiento a la ciencia y remarca que &#8220;los l\u00edderes argentinos han decepcionado a su pueblo&#8221;.<\/h2>\n\n\n\n<p><img loading=\"lazy\" decoding=\"async\" width=\"360\" height=\"240\" src=\"https:\/\/www.clarin.com\/img\/2023\/11\/06\/u7M6fONta_360x240__1.jpg\" alt=\"La revista Nature public\u00f3 un duro editorial contra las pol\u00edticas de Javier Milei en salud, ciencia y educaci\u00f3n\">Las propuestas de Javier Milei fueron el foco de la revista Nature<\/p>\n\n\n\n<p>La prestigiosa revista acad\u00e9mica &#8220;Nature&#8221; public\u00f3 un art\u00edculo cuestionando las propuestas del candidato presidencial de La Libertad Avanza (LLA),&nbsp;<strong>Javier Milei<\/strong>, por plantear &#8220;reducir el apoyo a la salud y la ciencia&#8221; y se\u00f1alaron que esa medida &#8220;<strong>no deber\u00eda ser una opci\u00f3n<\/strong>&#8221; y que &#8220;los l\u00edderes de una naci\u00f3n deben trabajar en estrecha colaboraci\u00f3n con los cient\u00edficos&#8221;.<\/p>\n\n\n\n<p>El art\u00edculo, en su titular, remarca que &#8220;reducir el apoyo a la salud y la ciencia&nbsp;<strong>no deber\u00eda ser una opci\u00f3n en las elecciones de Argentina<\/strong>&#8221; y llama a los electores del pa\u00eds a &#8220;considerar los beneficios m\u00e1s amplios de la inversi\u00f3n en investigaci\u00f3n&#8221; como &#8220;la prosperidad, el bienestar y el crecimiento a largo plazo&#8221;.<\/p>\n\n\n\n<p>&#8220;Si es elegido, Milei planea una remodelaci\u00f3n radical de la financiaci\u00f3n para la ciencia, el medio ambiente, la salud y la educaci\u00f3n. Su objetivo es<strong>&nbsp;reducir el gasto del gobierno altamente endeudado<\/strong>&nbsp;de Argentina en un 15% del producto interno bruto (PIB)&#8221;, afirma la nota.<\/p>\n\n\n\n<p>El plan del libertario, remarca&nbsp;<em>Nature<\/em>, supondr\u00eda &#8220;el cierre de la principal agencia p\u00fablica de financiaci\u00f3n de la ciencia de Argentina, el Consejo Nacional de Investigaciones Cient\u00edficas y T\u00e9cnicas (CONICET), que proporciona financiaci\u00f3n a 12.000 investigadores en 300 instituciones a un costo anual de 400 millones de d\u00f3lares&#8221;. Tambi\u00e9n dice que &#8220;eliminar\u00eda tres ministerios: Medio Ambiente, Salud y el Ministerio de la Mujer, G\u00e9neros y Diversidad&#8221;.<\/p>\n\n\n\n<p>&#8220;Milei quiere que empresas privadas administren la educaci\u00f3n primaria, secundaria y universitaria, y que los padres y estudiantes reciban vales para gastar en las instituciones educativas de su elecci\u00f3n. Tambi\u00e9n tiene la intenci\u00f3n de eliminar lo que considera barreras al comercio, que podr\u00edan incluir regulaciones sanitarias y ambientales&#8221;, agrega.<\/p>\n\n\n\n<p>Y cita a V\u00edctor Ramos, presidente de la Academia Nacional de Ciencias Exactas, F\u00edsicas y Naturales de Argentina, quien escribi\u00f3 en Nature que \u201cnunca hab\u00eda escuchado a un pol\u00edtico proponer ideas tan extremas\u201d en su pa\u00eds en los casi 60 a\u00f1os desde que se gradu\u00f3 en la Universidad de Buenos Aires en 1965.<\/p>\n\n\n\n<p>Desde all\u00ed, la cr\u00edtica: &#8220;No hay duda de que&nbsp;<strong>los l\u00edderes argentinos han decepcionado a su pueblo<\/strong>. Alrededor del 40% de la poblaci\u00f3n vive en la pobreza, causada en parte por una inflaci\u00f3n superior al 100%. El pa\u00eds es el mayor deudor del Fondo Monetario Internacional (FMI) y debe alrededor de 46.000 millones de d\u00f3lares. En junio, el FMI le lanz\u00f3 a Argentina un salvavidas, que le permiti\u00f3 seguir endeud\u00e1ndose para mantenerse al d\u00eda con los pagos de sus pr\u00e9stamos al fondo y a otros acreedores&#8221;.<\/p>\n\n\n\n<p>&#8220;Sin embargo, vale la pena detenerse a analizar la propuesta de Milei y si impulsar\u00e1 la tambaleante econom\u00eda argentina. La econom\u00eda mundial en su conjunto est\u00e1 atravesando un per\u00edodo de bajo crecimiento. Pero&nbsp;<strong>la soluci\u00f3n no es recortar la investigaci\u00f3n y el desarrollo&nbsp;<\/strong>(I+D), y mucho menos abolir toda una agencia de financiaci\u00f3n de la ciencia. Es necesario que suceda lo contrario, sobre la base de mucha evidencia de que la inversi\u00f3n en I+D \u2013incluida la ciencia b\u00e1sica\u2013 impulsa el crecimiento econ\u00f3mico&#8221;, refiere.<\/p>\n\n\n\n<p>Pero tambi\u00e9n Natura&nbsp;<strong>critica a la gesti\u00f3n de Alberto Fern\u00e1ndez y Sergio Massa<\/strong>: &#8220;Actualmente, Argentina gasta s\u00f3lo el 0,5% de su PIB en I+D, lo que&nbsp;<strong>es bajo incluso para los est\u00e1ndares de algunos pa\u00edses de ingresos medios<\/strong>, en particular Brasil (que gasta alrededor del 1,2%). El promedio de las naciones de altos ingresos rondaba el 2,7% en 2020. Eso es a lo que deber\u00eda aspirar Argentina&#8221;.<\/p>\n\n\n\n<p>Y cierra con m\u00e1s cr\u00edticas a Milei: &#8220;El cambio no se producir\u00e1 de la noche a la ma\u00f1ana y necesita una gesti\u00f3n econ\u00f3mica estable. En lugar de abolir su agencia de financiaci\u00f3n y sus ministerios clave, los l\u00edderes del pa\u00eds deben trabajar estrechamente con los cient\u00edficos y aprovechar sus conocimientos y habilidades. Los investigadores est\u00e1n dispuestos a desempe\u00f1ar su papel. S\u00f3lo necesitan una oportunidad para contribuir.<\/p>\n\n\n\n<p>Fuente: https:\/\/www.clarin.com\/politica\/revista-nature-publico-duro-editorial-politicas-javier-milei-salud-ciencia-educacion_0_JXUeKfiqt3.html<\/p>\n","protected":false},"excerpt":{"rendered":"<p>La prestigiosa publicaci\u00f3n inglesa asegura que reducir el apoyo estatal en estas \u00e1reas &#8220;no deber\u00eda ser una opci\u00f3n en las elecciones de Argentina&#8221;.Tambi\u00e9n critica al actual Gobierno por su bajo financiamiento a la ciencia y remarca que &#8220;los l\u00edderes argentinos han decepcionado a su pueblo&#8221;. Las propuestas de Javier Milei fueron el foco de la [&hellip;]<\/p>\n","protected":false},"author":3,"featured_media":290,"comment_status":"open","ping_status":"open","sticky":false,"template":"","format":"standard","meta":{"footnotes":""},"categories":[11,13,12],"tags":[92,91],"class_list":["post-289","post","type-post","status-publish","format-standard","has-post-thumbnail","hentry","category-agenda","category-politica","category-sociedad","tag-javier-milei","tag-la-revista-nature"],"_links":{"self":[{"href":"https:\/\/noticiassaludables.com.ar\/index.php?rest_route=\/wp\/v2\/posts\/289","targetHints":{"allow":["GET"]}}],"collection":[{"href":"https:\/\/noticiassaludables.com.ar\/index.php?rest_route=\/wp\/v2\/posts"}],"about":[{"href":"https:\/\/noticiassaludables.com.ar\/index.php?rest_route=\/wp\/v2\/types\/post"}],"author":[{"embeddable":true,"href":"https:\/\/noticiassaludables.com.ar\/index.php?rest_route=\/wp\/v2\/users\/3"}],"replies":[{"embeddable":true,"href":"https:\/\/noticiassaludables.com.ar\/index.php?rest_route=%2Fwp%2Fv2%2Fcomments&post=289"}],"version-history":[{"count":1,"href":"https:\/\/noticiassaludables.com.ar\/index.php?rest_route=\/wp\/v2\/posts\/289\/revisions"}],"predecessor-version":[{"id":291,"href":"https:\/\/noticiassaludables.com.ar\/index.php?rest_route=\/wp\/v2\/posts\/289\/revisions\/291"}],"wp:featuredmedia":[{"embeddable":true,"href":"https:\/\/noticiassaludables.com.ar\/index.php?rest_route=\/wp\/v2\/media\/290"}],"wp:attachment":[{"href":"https:\/\/noticiassaludables.com.ar\/index.php?rest_route=%2Fwp%2Fv2%2Fmedia&parent=289"}],"wp:term":[{"taxonomy":"category","embeddable":true,"href":"https:\/\/noticiassaludables.com.ar\/index.php?rest_route=%2Fwp%2Fv2%2Fcategories&post=289"},{"taxonomy":"post_tag","embeddable":true,"href":"https:\/\/noticiassaludables.com.ar\/index.php?rest_route=%2Fwp%2Fv2%2Ftags&post=289"}],"curies":[{"name":"wp","href":"https:\/\/api.w.org\/{rel}","templated":true}]}}