{"id":301,"date":"2023-11-09T11:49:29","date_gmt":"2023-11-09T14:49:29","guid":{"rendered":"https:\/\/noticiassaludables.com.ar\/?p=301"},"modified":"2023-11-09T11:49:29","modified_gmt":"2023-11-09T14:49:29","slug":"criar-hijos-llevar-adelante-una-casa-y-salir-a-trabajar-la-salud-de-las-mujeres","status":"publish","type":"post","link":"https:\/\/noticiassaludables.com.ar\/?p=301","title":{"rendered":"Criar hijos, llevar adelante una casa y salir a trabajar: la salud de las mujeres"},"content":{"rendered":"\n<h2 class=\"wp-block-heading\">Atender la casa, criar a hijos peque\u00f1os y al mismo tiempo cumplir con las obligaciones laborales no es gratuito.Los riesgos para la salud.<\/h2>\n\n\n\n<p><img loading=\"lazy\" decoding=\"async\" width=\"1256\" height=\"620\" src=\"https:\/\/www.clarin.com\/img\/2020\/09\/25\/jCfUUsi1G_1256x620__2.jpg#1699376513680\" alt=\"Criar hijos, llevar adelante una casa y salir a trabajar, el combo que pone en riesgo la salud de las mujeres\">Conciliar la actividad laboral con la materna obliga a realizar grandes esfuerzos. Foto ilustraci\u00f3n: Shutterstock.<\/p>\n\n\n\n<p><em>Pregunta: Tengo 32 a\u00f1os y hace 8 meses tuve a mi divino primer hijo. Hace 2 meses retom\u00e9 mi trabajo y no doy m\u00e1s. Adem\u00e1s de agotada, me siento mal de \u00e1nimo, con angustia y no estoy bien con mi marido. Gracias por su opini\u00f3n. (Silvina Propatty. Mar del Plata)<\/em><\/p>\n\n\n\n<p>Aunque el trabajo es salud, en exceso es perjudicial. Este es un serio problema para&nbsp;<strong>muchas mujeres que deben realizar al mismo tiempo un intenso esfuerzo para atender a su familia y adem\u00e1s sostener un trabajo fuera del \u00e1mbito hogare\u00f1o<\/strong>, combinaci\u00f3n que puede condicionar enfermedades.<\/p>\n\n\n\n<p>Por un lado, se ha comprobado que las mujeres que solo se dedican a las tareas hogare\u00f1as&nbsp;<strong>tienden a deprimirse m\u00e1s por realizar un trabajo sacrificado<\/strong>&nbsp;y, para muchas, muy poco gratificante.<\/p>\n\n\n\n<p>Y que, con frecuencia,&nbsp;<strong>tampoco se valora por los miembros de la familia.<\/strong>&nbsp;Quiz\u00e1s sea la raz\u00f3n por la cual cuando la mujer logra tener un trabajo fuera de su casa tiende a estar de mejor \u00e1nimo que si dedica solo a ser ama de casa.<img loading=\"lazy\" decoding=\"async\" alt=\"Hay cuadros depresivos y ansiosos cuando la mujer debe conjugar el esfuerzo de atender su casa y cumplir con sus obligaciones laborales. Foto: Shutterstock.\" src=\"https:\/\/www.clarin.com\/img\/2019\/11\/21\/LgUQXiXA_720x0__1.jpg\" width=\"720\" height=\"0\">Hay cuadros depresivos y ansiosos cuando la mujer debe conjugar el esfuerzo de atender su casa y cumplir con sus obligaciones laborales. Foto: Shutterstock.<\/p>\n\n\n\n<p>Sin embargo, por otro lado, tambi\u00e9n&nbsp;<strong>se constat\u00f3 que son cada vez m\u00e1s las mujeres que padecen diversos trastornos<\/strong>&nbsp;de&nbsp;<a href=\"https:\/\/www.clarin.com\/viva\/estres-cronico-problemas-salud-causa_0_ZQHk02YSUY.html\">estr\u00e9s<\/a>, ansiedad, p\u00e1nico o&nbsp;<a href=\"https:\/\/www.clarin.com\/viva\/depresion-producen-recaidas_0_cwcYXCqEAm.html\">depresi\u00f3n<\/a>, coincidiendo con su incorporaci\u00f3n al mercado laboral.<\/p>\n\n\n\n<p>Las estad\u00edsticas a nivel mundial muestran, en ese sentido, una clara concordancia entre las altas tasas de cuadros depresivos y ansiosos cuando&nbsp;<strong>la mujer debe conjugar el esfuerzo de atender su casa, dar de mamar, criar a ni\u00f1os peque\u00f1os y, al mismo tiempo, cumplir con sus obligaciones laborales.<\/strong><\/p>\n\n\n\n<p>Estas responsabilidades no son gratuitas para la salud, lo cual&nbsp;<strong>se ha hecho m\u00e1s evidente en estas dos \u00faltimas d\u00e9cadas<\/strong>, coincidiendo con la crisis econ\u00f3mica global que azota a nuestro pa\u00eds.<\/p>\n\n\n\n<p>Algunas mujeres&nbsp;<strong>salen a trabajar como una necesidad para su crecimiento personal<\/strong>&nbsp;y muchas otras para poder subsistir (si est\u00e1n solas) o complementar magros ingresos familiares.<\/p>\n\n\n\n<p>\u00bfQu\u00e9 es m\u00e1s saludable entonces para la mujer: dedicarse solo a la casa o adem\u00e1s tener que trabajar fuera de ella?<\/p>\n\n\n\n<p><strong>\u00bfNo es contradictorio que ambas situaciones sean perjudiciales?<\/strong><\/p>\n\n\n\n<p>No, si se considera la actitud que tome la mujer.<img loading=\"lazy\" decoding=\"async\" alt=\"El nivel de sobrecarga le pasa factura al organismo. Foto: Shutterstock.\" src=\"https:\/\/www.clarin.com\/img\/2021\/11\/04\/FFu2PcI2u_720x0__1.jpg\" width=\"720\" height=\"0\">El nivel de sobrecarga le pasa factura al organismo. Foto: Shutterstock.<\/p>\n\n\n\n<h2 class=\"wp-block-heading\">Los riesgos de exigirse la perfecci\u00f3n<\/h2>\n\n\n\n<p>Si la mujer se exige ser una perfecta madre, esposa y trabajadora,&nbsp;<strong>el nivel de sobrecarga condenar\u00e1 a que su organismo le pase la factura<\/strong>&nbsp;por los excesivos esfuerzos que realiza.<\/p>\n\n\n\n<p>Es bueno no perder de vista que en la vida nada es gratuito.<\/p>\n\n\n\n<p>Tambi\u00e9n hay que se\u00f1alar que, en general, la mayor\u00eda de los lugares de trabajo (salvo escasas y honrosas excepciones) est\u00e1n&nbsp;<strong>organizados y dise\u00f1ados para trabajadores que no tienen responsabilidades en el cuidado de sus hijos.<\/strong><\/p>\n\n\n\n<p>El trabajo y la familia son \u00e1mbitos interdependientes que implican una relaci\u00f3n compleja, la cual podr\u00e1 ser positiva (si se logra&nbsp;<strong>un balance satisfactorio<\/strong>&nbsp;entre ellos) o negativa (cuando la participaci\u00f3n en uno de esos \u00e1mbitos obstaculiza al otro, genera malestar o un desgaste psicof\u00edsico importante).<\/p>\n\n\n\n<p><strong>Conciliar la actividad laboral con la familiar y la materna obliga a realizar grandes esfuerzos<\/strong>&nbsp;pero, tambi\u00e9n, a reconocer que, para poder compatibilizarlas, se deben hacer algunas concesiones y aceptar renuncias al querer hacer todo perfecto.<\/p>\n\n\n\n<p>El desvelo de la mujer para\u00a0<strong>cumplir con todas las obligaciones se puede asociar con una alta incidencia de diversos trastornos de salud<\/strong>, tales como\u00a0<a href=\"https:\/\/www.clarin.com\/viva\/detras-sonrisa-esconde-depresion_0_B7czqMkZlx.html\">depresi\u00f3n<\/a>, hipertensi\u00f3n, infertilidad, sobrepeso, ansiedad, dolores, insatisfacci\u00f3n sexual, abuso de alcohol, cigarrillos o dulces, conflictos de pareja, entre otros posibles.<\/p>\n\n\n\n<p>Fuente: https:\/\/www.clarin.com\/viva\/criar-hijos-llevar-adelante-casa-salir-trabajar-combo-pone-riesgo-salud-mujeres_0_8j2CigFS19.html<\/p>\n","protected":false},"excerpt":{"rendered":"<p>Atender la casa, criar a hijos peque\u00f1os y al mismo tiempo cumplir con las obligaciones laborales no es gratuito.Los riesgos para la salud. Conciliar la actividad laboral con la materna obliga a realizar grandes esfuerzos. Foto ilustraci\u00f3n: Shutterstock. Pregunta: Tengo 32 a\u00f1os y hace 8 meses tuve a mi divino primer hijo. Hace 2 meses [&hellip;]<\/p>\n","protected":false},"author":3,"featured_media":303,"comment_status":"open","ping_status":"open","sticky":false,"template":"","format":"standard","meta":{"footnotes":""},"categories":[11,4,12],"tags":[100],"class_list":["post-301","post","type-post","status-publish","format-standard","has-post-thumbnail","hentry","category-agenda","category-bienestar","category-sociedad","tag-mujeres-a-full"],"_links":{"self":[{"href":"https:\/\/noticiassaludables.com.ar\/index.php?rest_route=\/wp\/v2\/posts\/301","targetHints":{"allow":["GET"]}}],"collection":[{"href":"https:\/\/noticiassaludables.com.ar\/index.php?rest_route=\/wp\/v2\/posts"}],"about":[{"href":"https:\/\/noticiassaludables.com.ar\/index.php?rest_route=\/wp\/v2\/types\/post"}],"author":[{"embeddable":true,"href":"https:\/\/noticiassaludables.com.ar\/index.php?rest_route=\/wp\/v2\/users\/3"}],"replies":[{"embeddable":true,"href":"https:\/\/noticiassaludables.com.ar\/index.php?rest_route=%2Fwp%2Fv2%2Fcomments&post=301"}],"version-history":[{"count":1,"href":"https:\/\/noticiassaludables.com.ar\/index.php?rest_route=\/wp\/v2\/posts\/301\/revisions"}],"predecessor-version":[{"id":304,"href":"https:\/\/noticiassaludables.com.ar\/index.php?rest_route=\/wp\/v2\/posts\/301\/revisions\/304"}],"wp:featuredmedia":[{"embeddable":true,"href":"https:\/\/noticiassaludables.com.ar\/index.php?rest_route=\/wp\/v2\/media\/303"}],"wp:attachment":[{"href":"https:\/\/noticiassaludables.com.ar\/index.php?rest_route=%2Fwp%2Fv2%2Fmedia&parent=301"}],"wp:term":[{"taxonomy":"category","embeddable":true,"href":"https:\/\/noticiassaludables.com.ar\/index.php?rest_route=%2Fwp%2Fv2%2Fcategories&post=301"},{"taxonomy":"post_tag","embeddable":true,"href":"https:\/\/noticiassaludables.com.ar\/index.php?rest_route=%2Fwp%2Fv2%2Ftags&post=301"}],"curies":[{"name":"wp","href":"https:\/\/api.w.org\/{rel}","templated":true}]}}