{"id":308,"date":"2023-11-10T11:27:53","date_gmt":"2023-11-10T14:27:53","guid":{"rendered":"https:\/\/noticiassaludables.com.ar\/?p=308"},"modified":"2023-11-10T11:27:53","modified_gmt":"2023-11-10T14:27:53","slug":"festival-rural-de-poesia-de-lobos-un-espacio-ecologico-plural-y-democratico","status":"publish","type":"post","link":"https:\/\/noticiassaludables.com.ar\/?p=308","title":{"rendered":"Festival Rural de Poes\u00eda de Lobos, un espacio ecol\u00f3gico, plural y democr\u00e1tico"},"content":{"rendered":"\n<h2 class=\"wp-block-heading\">En la localidad de Salvador Mar\u00eda, un peque\u00f1o pueblo de 845 habitantes, a 20 minutos de la ciudad, dialogar\u00e1n los poetas Hugo Mujica y Roberta Iannamico. Habr\u00e1s talleres, lecturas y m\u00fasica.<\/h2>\n\n\n\n<p><a href=\"https:\/\/www.pagina12.com.ar\/autores\/5997-silvina-friera\"><\/a><\/p>\n\n\n\n<figure class=\"wp-block-image\"><img decoding=\"async\" src=\"https:\/\/images.pagina12.com.ar\/styles\/focal_3_2_960x640\/public\/2023-11\/787435-img-20231110-wa0002.jpg?h=ada05aa9&amp;itok=w-hdtVi0\" alt=\"Roberta Iannamico.\" \/><figcaption class=\"wp-element-caption\">Roberta Iannamico.<\/figcaption><\/figure>\n\n\n\n<p>&#8220;Aceptar que somos animales, criaturas de la tierra. Sintonizar nuestros sentidos animales con el terreno sensible: fundir nuestra piel con la superficie de los r\u00edos ondulada por la lluvia, unir nuestros o\u00eddos con el trueno y el croar de las ranas y nuestros ojos con el cielo fundido\u201d. Esta reflexi\u00f3n de&nbsp;<em>Devenir animal<\/em>&nbsp;(Sigilo), formidable libro del fil\u00f3sofo ecologista estadounidense David Abram, podr\u00eda servir como ep\u00edgrafe del 7\u00b0 Festival Rural de Poes\u00eda de Lobos, que se realiza desde 2016 en un espacio rural diferente. En la localidad de Salvador Mar\u00eda, un peque\u00f1o pueblo de 845 habitantes, a 20 minutos de la ciudad, el lugar elegido para esta edici\u00f3n, comenzar\u00e1 este viernes un taller de T\u00e1lata Rodr\u00edguez para chicos y chicas de escuelas secundarias. Hugo Mujica y Roberta Iannamico dialogar\u00e1n sobre poes\u00eda, naturaleza y origen. Tambi\u00e9n participar\u00e1n con lecturas y m\u00fasica Sat\u00fcrado, ARCHAIC KNOWLEDGE, Anna Ferrer, Florencia Nigro, Ana Guebel, Manuela Su\u00e1rez y Ernesto Romeo.<\/p>\n\n\n\n<p>En una edici\u00f3n que se extiende un d\u00eda m\u00e1s, el s\u00e1bado, en los alrededores de la estaci\u00f3n de trenes de Salvador Mar\u00eda, desde el mediod\u00eda y hasta el atardecer, se podr\u00e1n escuchar las voces de poetas de diferentes estilos y procedencias, como Marina Alessio, Pablo Katchadjian, Marie Gouiric, Juan Laxagueborde, Carolina Rack, Juan Diego Incardona, Flavia Calise, Galaxia y Mar, Marta Dillon y Marina Mariasch, entre otros. Tambi\u00e9n se presentar\u00e1n la cantante Mail\u00e9n Pankonin y DJ Empalme, que cerrar\u00e1 con un set bailable. La Escuela de Televisi\u00f3n realizar\u00e1 un registro documental de este Festival organizado por Mar\u00eda Lucesole, Elisa Palacio, Ana In\u00e9s L\u00f3pez, Alejandro Jorge, Javiera P\u00e9rez Salerno y Carli Palazzesi. El 7\u00b0 Festival Rural de Poes\u00eda de Lobos recibi\u00f3 este a\u00f1o subsidios como Gestionar Futuro del Ministerio de Cultura de la Naci\u00f3n y del Instituto Cultural de la Provincia de Buenos Aires, adem\u00e1s de aportes de la Municipalidad de Lobos.<\/p>\n\n\n\n<p>\u201cEl festival surge de la pertenencia a una comunidad. De leer y escribir poes\u00eda, de ir a lecturas en vivo, de hacernos nuevos amigos poetas y de ir a otros festivales en el resto del pa\u00eds. La mayor\u00eda de los organizadores nacimos y vivimos en Lobos, o tenemos v\u00ednculos con la ciudad. Cuando surgi\u00f3 la idea de hacer algo en Lobos, todos viv\u00edamos en Capital Federal\u201d, explica Mar\u00eda Lucesole. \u201cEl concepto principal del festival es que tenga lugar en zonas rurales. Nos mov\u00eda y nos mueve la idea de expandir los espacios de lectura y tambi\u00e9n cierta performance, como leer con un paisaje, con un horizonte. As\u00ed que cuando la pandemia no era ni siquiera una idea dist\u00f3pica, el Festival ya ten\u00eda este formato\u201d, revela Ana In\u00e9s L\u00f3pez\u201d.<\/p>\n\n\n\n<p>Javiera P\u00e9rez Salerno subraya que en la postpandemia los espacios rurales se revalorizaron. \u201cMuchas personas volvieron a sus ciudades natales, inclusive algunos de nosotros. Tambi\u00e9n notamos que hay una puesta en foco de temas que tienen que ver con pensar nuestra relaci\u00f3n con la naturaleza o el cambio clim\u00e1tico, tanto en las ciudades grandes como en las peque\u00f1as\u201d, plantea la poeta, guionista y productora digital y aclara que en paralelo hay un aumento de la dependencia a las tecnolog\u00edas de todo tipo. \u201cDespu\u00e9s de todo lo que vivimos con la pandemia, volvimos a una alienaci\u00f3n muy parecida a la que ten\u00edamos antes o incluso m\u00e1s, si pensamos en esta pregnancia de lo virtual. Por eso, este espacio sigue guardando la misi\u00f3n con la que surgi\u00f3, y que nos parece cada vez m\u00e1s importante: la idea de permitirnos un d\u00eda festivo, sin hacer nada productivo, de vivir un d\u00eda de contemplaci\u00f3n, de contacto con la naturaleza y con la poes\u00eda\u201d.<\/p>\n\n\n\n<p>El \u00e9nfasis puesto en lo rural alude al espacio geogr\u00e1fico. \u201cLa consigna no es leer poemas rurales, la tem\u00e1tica es libre. Nos interesa el cruce de est\u00e9ticas, estilos y propuestas. En el festival se han le\u00eddo poemas hermosos que hablan sobre el campo o sobre vivir en espacios peque\u00f1os, pero tambi\u00e9n sobre ser queer, sobre nuestro v\u00ednculo con el trabajo o el consumo. Han pasado payadores, m\u00fasicos con guitarra, m\u00fasicos electr\u00f3nicos. Tenemos raperos locales (hay una gran movida en Lobos y las zonas aleda\u00f1as de este tipo de poes\u00eda y ritmo) y poetas muy contemplativos como Hugo Mujica\u201d, cuenta Alejandro Jorge. \u201cM\u00e1s que nunca queremos ser un espacio de resistencia, queer, antifascista, ecol\u00f3gico, plural y democr\u00e1tico\u201d, agrega uno de los organizadores y comenta que entre los proyectos en mente quieren generar una residencia orientada a poetas j\u00f3venes para que puedan escribir y pensar desde el espacio rural como desencadenante.<\/p>\n\n\n\n<p>En los poemas de Roberta Iannamico \u2013que naci\u00f3 en Bah\u00eda Blanca, en 1972 y vive en Villa Ventana&#8211; hay lechugas, vacas, burros, viento, pasto, sand\u00eda, zanahoria, yuyos; todos los seres que aparecen dan la impresi\u00f3n de ser m\u00e1s grandes que la voz que los nombra (y los mira tambi\u00e9n). \u201cMi v\u00ednculo con la naturaleza y el paisaje y sus elementos se construy\u00f3 en Villa Ventana, yo ac\u00e1 fui una m\u00e1s con plantas, animales o piedras, una m\u00e1s bajo el enorme cielo lleno de estrellas, una entre ellos y tambi\u00e9n en el mundo de los hermanos que tenemos m\u00e1s o menos el mismo comportamiento que los animales o el mismo tama\u00f1o que algunos mam\u00edferos. Una m\u00e1s que necesita sol, agua, aire y comida para vivir. Que atraviesa cada a\u00f1o con las estaciones, sus noches y d\u00edas. \u00a1Y bueno, la locura y belleza de la naturaleza se sirve en bandeja para la poes\u00eda!\u201d, exclama desde Villa Ventana.<\/p>\n\n\n\n<p>\u201cNo para nombrar\/ lo que en la vida calla,\/ para escucharlo\/ es que escribo\u201d, postula Hugo Mujica (Buenos Aires, 1942), poeta y sacerdote que vivi\u00f3 siete a\u00f1os en el m\u00e1s estricto de los silencios en el Monasterio de la Orden Trapense, y fue artista pl\u00e1stico, hippie y disc\u00edpulo de Allen Ginsberg en la d\u00e9cada del 60 en Nueva York. \u201cLo que escucho de la naturaleza es lo que se lee en mis poemas, lo que de ella me afecta y esa afectaci\u00f3n es el responderle, el poetizar, cada vez, distinta y \u00fanica vez, pero no es ella por un lado y yo por otro, dado que tambi\u00e9n lo humano es naturaleza\u201d, advierte Mujica. \u201cCreo que ser poeta, o crear en el sentido m\u00e1s amplio, es escuchar lo que la vida nos revela de lo que ella aprende de s\u00ed vivi\u00e9ndonos, y, claro, darle voz, esa voz que es de ella misma. Pero todo eso lo s\u00e9 al escribirlo, nunca antes, antes apenas est\u00e1 el susurro, el aliento\u2026 el quiz\u00e1\u201d.<\/p>\n\n\n\n<p>Fuente: https:\/\/www.pagina12.com.ar\/615187-festival-rural-de-poesia-de-lobos-un-espacio-ecologico-plura<\/p>\n","protected":false},"excerpt":{"rendered":"<p>En la localidad de Salvador Mar\u00eda, un peque\u00f1o pueblo de 845 habitantes, a 20 minutos de la ciudad, dialogar\u00e1n los poetas Hugo Mujica y Roberta Iannamico. Habr\u00e1s talleres, lecturas y m\u00fasica. &#8220;Aceptar que somos animales, criaturas de la tierra. Sintonizar nuestros sentidos animales con el terreno sensible: fundir nuestra piel con la superficie de los [&hellip;]<\/p>\n","protected":false},"author":3,"featured_media":309,"comment_status":"open","ping_status":"open","sticky":false,"template":"","format":"standard","meta":{"footnotes":""},"categories":[11,10],"tags":[102],"class_list":["post-308","post","type-post","status-publish","format-standard","has-post-thumbnail","hentry","category-agenda","category-tendencia","tag-festival-rural-de-poesia-de-lobos"],"_links":{"self":[{"href":"https:\/\/noticiassaludables.com.ar\/index.php?rest_route=\/wp\/v2\/posts\/308","targetHints":{"allow":["GET"]}}],"collection":[{"href":"https:\/\/noticiassaludables.com.ar\/index.php?rest_route=\/wp\/v2\/posts"}],"about":[{"href":"https:\/\/noticiassaludables.com.ar\/index.php?rest_route=\/wp\/v2\/types\/post"}],"author":[{"embeddable":true,"href":"https:\/\/noticiassaludables.com.ar\/index.php?rest_route=\/wp\/v2\/users\/3"}],"replies":[{"embeddable":true,"href":"https:\/\/noticiassaludables.com.ar\/index.php?rest_route=%2Fwp%2Fv2%2Fcomments&post=308"}],"version-history":[{"count":1,"href":"https:\/\/noticiassaludables.com.ar\/index.php?rest_route=\/wp\/v2\/posts\/308\/revisions"}],"predecessor-version":[{"id":310,"href":"https:\/\/noticiassaludables.com.ar\/index.php?rest_route=\/wp\/v2\/posts\/308\/revisions\/310"}],"wp:featuredmedia":[{"embeddable":true,"href":"https:\/\/noticiassaludables.com.ar\/index.php?rest_route=\/wp\/v2\/media\/309"}],"wp:attachment":[{"href":"https:\/\/noticiassaludables.com.ar\/index.php?rest_route=%2Fwp%2Fv2%2Fmedia&parent=308"}],"wp:term":[{"taxonomy":"category","embeddable":true,"href":"https:\/\/noticiassaludables.com.ar\/index.php?rest_route=%2Fwp%2Fv2%2Fcategories&post=308"},{"taxonomy":"post_tag","embeddable":true,"href":"https:\/\/noticiassaludables.com.ar\/index.php?rest_route=%2Fwp%2Fv2%2Ftags&post=308"}],"curies":[{"name":"wp","href":"https:\/\/api.w.org\/{rel}","templated":true}]}}