{"id":311,"date":"2023-11-10T11:33:39","date_gmt":"2023-11-10T14:33:39","guid":{"rendered":"https:\/\/noticiassaludables.com.ar\/?p=311"},"modified":"2023-11-10T11:33:39","modified_gmt":"2023-11-10T14:33:39","slug":"una-caminata-por-la-democracia","status":"publish","type":"post","link":"https:\/\/noticiassaludables.com.ar\/?p=311","title":{"rendered":"Una &#8220;Caminata por la Democracia&#8221;"},"content":{"rendered":"\n<h2 class=\"wp-block-heading\">Participar\u00e1n numerosas figuras de la cultura y del arte. Adhieren y convocan, entre otros, Mauricio Kartun, Alejandro Dolina,&nbsp;V\u00edctor Laplace, Pompeyo Audivert, Santiago Doria, Patricia Palmer, Luisa Kuliok, Ra\u00fal Rizzo, Fern\u00e1n Mir\u00e1s, Alejandra Dar\u00edn, Ricardo Forster, Enrique Stola, Juano Villafa\u00f1e, Nora Laf\u00f3n, Juan Subir\u00e1, La Bersuit y Ariel Prat. &#8220;Estamos frente a un peligro nacional como recuerdo haber vivido muy pocos en mi vida&#8221;, resume Kartun el sentimiento de muchos.<\/h2>\n\n\n\n<figure class=\"wp-block-image\"><img decoding=\"async\" src=\"https:\/\/images.pagina12.com.ar\/styles\/focal_3_2_960x640\/public\/2023-11\/786667-img-20231110-wa0001.jpg?h=ada05aa9&amp;itok=FHKicOZR\" alt=\" (Fuente: Enrique Garc\u00eda Medina)\" \/><figcaption class=\"wp-element-caption\">. Imagen: Enrique Garc\u00eda Medina<\/figcaption><\/figure>\n\n\n\n<p><strong>Mauricio Kartun<\/strong>&nbsp;dice sin vueltas lo que muchos sienten por estos d\u00edas:&nbsp;<strong>&#8220;Estamos frente a un peligro nacional como recuerdo haber vivido muy pocos en mi vida&#8221;<\/strong>. En los \u00faltimos d\u00edas, de cara al balotaje, se difundieron distintas&nbsp;<a href=\"https:\/\/www.pagina12.com.ar\/611775-la-carta-de-artistas-e-intelectuales-en-apoyo-a-sergio-massa\">cartas p\u00fablicas de referentes de la cultura y del \u00e1mbito intelectual<\/a>&nbsp;que llaman a votar a Sergio Massa. La convocatoria a una&nbsp;<strong>&#8220;Caminata por la Democracia&#8221;&nbsp;<\/strong>va m\u00e1s all\u00e1 del pronunciamiento y busca -en palabras de su organizador, Juano Villafa\u00f1e- &#8220;ponerle el cuerpo&#8221; al avance del &#8220;fascismo&#8221;. Ser\u00e1 este s\u00e1bado. Convocan, tambi\u00e9n, V\u00edctor Laplace, Pompeyo Audivert, Santiago Doria, Patricia Palmer, Luisa Kuliok, Ra\u00fal Rizzo, Fern\u00e1n Mir\u00e1s, Alejandra Dar\u00edn, Ricardo Forster, Enrique Stola, Nora Laf\u00f3n, Juan Subir\u00e1, La Bersuit y Ariel Prat, entre otros.<\/p>\n\n\n\n<p>&#8220;Nos olvidamos a veces de que la historia de los pueblos, entre otras, es la historia de sus conquistas sociales, sus peleas&nbsp;por el mejor vivir. Esa&nbsp;<strong>b\u00fasqueda vital y humana del buen vivir como sentido, como meta<\/strong>. Vivir un cacho mejor porque laburo ocho horas en cambio de 12, porque estoy protegido frente a que me rajen, porque el esfuerzo tiene un horizonte jubilatorio, porque mi salud y la de la familia est\u00e1n atendidas y porque un servicio p\u00fablico de educaci\u00f3n nos ofrece todas las herramientas que hagan falta para alcanzar las metas en el oficio que cada uno haya elegido&#8221;, analiza Kartun, en di\u00e1logo con&nbsp;<strong>P\u00e1gina\/12<\/strong>.<br><br>El autor de&nbsp;<em>Salvajada&nbsp;<\/em>alerta: &#8220;<strong>La posibilidad de que La Libertad Avanza llegue al gobierno arranca a tirones uno por uno a esos logros, los manda &#8220;Afuera&#8221;<\/strong>, por tomar uno de sus eslogan de campa\u00f1a. En nombre de un fanatismo monetarista Milei arrasar\u00eda con, al menos, 100 a\u00f1os de esos logros. Es, por otro lado, la apertura hacia un modelo de pa\u00eds que da ganas de llorar, perif\u00e9rico, exportador primario, explotador de recursos naturales con bajo o ning\u00fan valor agregado. Y con la privatizaci\u00f3n de esos recursos, claro: la p\u00e9rdida de la autonom\u00eda sobre el petr\u00f3leo, el litio, el agua.&nbsp;<strong>Milei es el desastre<\/strong>. Y lo m\u00e1s grave es que est\u00e1 tan trastornado que es capaz de algo as\u00ed&#8221;.<\/p>\n\n\n\n<p>&#8220;(La caminata) es un&nbsp;<strong>llamado a la poblaci\u00f3n a votar a Massa<\/strong>. Con total firmeza respaldamos su candidatura&#8221;, dice&nbsp;Villafa\u00f1e, director art\u00edstico del&nbsp;<strong>Centro Cultural de la Cooperaci\u00f3n<\/strong>&nbsp;(CCC), espacio que motoriz\u00f3 el encuentro. Ser\u00e1 a las 19 en Corrientes y Callao -la esquina del bar La \u00d3pera-. La caminata avanzar\u00e1 hacia el Obelisco, con pancartas y meg\u00e1fono, y habr\u00e1 n\u00fameros art\u00edsticos. Se repartir\u00e1n volantes en respaldo a la f\u00f3rmula de UxP. El lunes el CCC (Corrientes 1543) ser\u00e1 adem\u00e1s sede de la charla&nbsp;<strong>&#8220;Medios y pol\u00edtica ante el desaf\u00edo electoral&#8221;<\/strong>, con la participaci\u00f3n de Eduardo Aliverti; Pablo Caruso; y la presidenta del Instituto Cultural de la provincia de Buenos Aires, Florencia Saintout; con moderaci\u00f3n de Juan Carlos Junio, director de la instituci\u00f3n.<\/p>\n\n\n\n<p>La &#8220;Caminata&#8221; tiene un antecedente.&nbsp;<a href=\"https:\/\/www.pagina12.com.ar\/591436-una-fiesta-callejera-en-defensa-de-la-cultura\">El domingo 24 de septiembre referentes del teatro, el cine, la danza, la m\u00fasica y las artes visuales salieron a la calle con la consigna de &#8220;<strong>M\u00e1s cultura&#8221;<\/strong><\/a>. La jornada estuvo centrada en advertir las amenazas que implicar\u00eda un triunfo presidencial de Milei para el \u00e1mbito cultural. Se apuntaba a defender lo conquistado y revisar lo pendiente. Ahora el escenario es otro. El peligro est\u00e1 m\u00e1s cerca.&nbsp;<strong>Aparte de llamar a votar a Massa, los artistas e intelectuales ampliaron sus consignas, trascendiendo la esfera cultural sin dejarla de lado<\/strong>. &#8220;\u00a1M\u00e1s democracia! No al autoritarismo. S\u00ed a la Justicia Social. No a la venta de \u00f3rganos, s\u00ed a la vida. Frente al vaucher educativo, m\u00e1s y mejor educaci\u00f3n p\u00fablica. Por la soberan\u00eda cient\u00edfica y tecnol\u00f3gica&#8221;, dice el comunicado de anuncio del nuevo encuentro. Tambi\u00e9n defiende la salud p\u00fablica.<\/p>\n\n\n\n<p>Los firmantes advierten sobre la &#8220;<strong>estafa econ\u00f3mica y pol\u00edtica&#8221;<\/strong>&nbsp;que implica la candidatura de Milei, respaldada por Macri. El texto alude, asimismo, al riesgo de la quita de subsidios al transporte p\u00fablico y las &#8220;falsedades sobre la dolarizaci\u00f3n&#8221;. &#8220;Construiremos la Argentina que so\u00f1amos en base a los logros colectivos (&#8230;). Nuestra esperanza es que la democracia pol\u00edtica sea tambi\u00e9n econ\u00f3mica. Que los derechos sociales fundamentales tengan la misma vigencia que el derecho al voto. Necesitamos m\u00e1s democracia, no menos democracia. Necesitamos expandirla. Construir una democracia vibrante&#8221;, expresan. Y concluyen: &#8220;<strong>Cuando algo no funciona bien la soluci\u00f3n no es su destrucci\u00f3n, es la reparaci\u00f3n<\/strong>. Cuando hay l\u00edderes que celebran la explosi\u00f3n de una bomba o la pol\u00edtica como motosierra nosotros nos unimos m\u00e1s que nunca para defender la vida y la democracia, la paz y la convivencia plural&#8221;. En s\u00edntesis: la ultraderecha viene a&nbsp;<strong>&#8220;derrumbar las bases de nuestra democracia&#8221;<\/strong>.<\/p>\n\n\n\n<p>Entre las figuras convocantes est\u00e1n tambi\u00e9n Ana Celentano, Nito Artaza, Eduardo Calvo, Alejandro Vaccaro, Alejandro Grimson y Manuel Santos I\u00f1urrieta, y funcionarios como el ministro de Cultura,&nbsp;<strong>Trist\u00e1n Bauer<\/strong>; la secretaria de Desarrollo Cultural, Lucrecia Cardoso; y la subsecretaria de Pol\u00edticas Culturales de la provincia de Buenos Aires, la actriz Victoria Onetto.<\/p>\n\n\n\n<p><strong>Alejandro Dolina&nbsp;<\/strong>cuenta a este diario c\u00f3mo se gest\u00f3 la &#8220;Caminata&#8221;. Fue el domingo, en una reuni\u00f3n en el CCC. La mayor\u00eda de los participantes provienen del \u00e1mbito del teatro. &#8220;<strong>Se decidi\u00f3 interpelar a la gente que ama a sus artistas<\/strong>,&nbsp;para que se pudiera juntar con ellos en esta convocatoria. Es una forma de conexi\u00f3n y pronunciamiento en un momento pol\u00edtico tan especial&#8221;, resume el escritor y conductor de&nbsp;<em>La venganza ser\u00e1 terrible.&nbsp;<\/em><strong>V<\/strong><strong>ive&nbsp;<\/strong><strong>este momento con &#8220;ansiedad, angustia, tristeza&#8221;.&nbsp;<\/strong>Reconoce que gran parte de la poblaci\u00f3n &#8220;est\u00e1 enojada y cree que la democracia no sirve&#8221;. No tiene, para \u00e9l, raz\u00f3n; s\u00ed &#8220;razones&#8221;: &#8220;Es un pensamiento que ha sido abonado por gobiernos que no han sabido dar respuestas adecuadas&#8221;.<\/p>\n\n\n\n<p>No podr\u00e1 estar el s\u00e1bado porque tiene una funci\u00f3n en Rosario, pero asisti\u00f3 a la reuni\u00f3n en el CCC y viene agitando la invitaci\u00f3n. &#8220;Puede ser que haya gente que no tenga tan decidida la cosa, que no est\u00e9 tan enterada, no haya prestado atenci\u00f3n a lo que sucede, est\u00e9 un poco distra\u00edda, entonces uno puede acercarle unas opiniones, unas ideas. Puede ser eficaz, muy eficaz, poco eficaz. No lo podemos mensurar&#8221;, responde cuando se le pregunta si entre los objetivos de la movilizaci\u00f3n y el &#8220;oc\u00e9ano&#8221; de comunicados se encuentra el hecho de hablarle al que no vota a Massa. Y a\u00f1ade: &#8220;<strong>Hay gente cuyo voto no tiene historia, entonces se encuentra como quien ve una vidriera y tiene que elegir alg\u00fan art\u00edculo. A esa gente se le puede hablar<\/strong>. No se trata de manipularla sino de contarle c\u00f3mo uno cree que son las cosas&#8221;.<\/p>\n\n\n\n<p>El psiquiatra&nbsp;<strong>Enrique Stola<\/strong>&nbsp;suma su perspectiva: &#8220;En Espa\u00f1a ya tenemos la ligaz\u00f3n, en varias comunidades, de la ultraderecha y la derecha, y lo que se est\u00e1 viendo es la<strong>&nbsp;p\u00e9rdida de derechos<\/strong>. Hay&nbsp;<strong>ataques fascistas<\/strong>&nbsp;contra grupos feministas, antirracistas, etc\u00e9tera. Es lo menos que podemos esperar ac\u00e1 si gana Milei. Es un fascista.&nbsp;<strong>No puedo hablar de un diagn\u00f3stico psiqui\u00e1trico porque me inhibe la \u00e9tica&nbsp;<\/strong>-tendr\u00eda que tenerlo en el consultorio-, pero todos sabemos del nivel de&nbsp;<strong>inestabilidad&nbsp;<\/strong>de este personaje, dispuesto a ser esclavo de su hermana y de Macri&#8221;.<br><br>En este contexto, el rol de la cultura no es otro que &#8220;el de siempre&#8221;, seg\u00fan Kartun, quien concluye con una bella definici\u00f3n: &#8220;Es como un alambique, un techo de vidrio en el que se condensa el vapor de las sociedades, sus efluvios, digamos. La cultura les devuelve esa otra condici\u00f3n de densidad, los vuelve gota y los deja caer, los hace visibles, audibles.&nbsp;<strong>Sin una cultura que condense&nbsp;<\/strong>-cultura en el sentido m\u00e1s amplio del t\u00e9rmino-&nbsp;<strong>vivir\u00edamos en neblina constante<\/strong>&#8220;. La del s\u00e1bado es una apuesta para salir por un rato de la neblina.&nbsp;<\/p>\n\n\n\n<p>Fuente: https:\/\/www.pagina12.com.ar\/615179-una-caminata-por-la-democracia-para-frenar-el-avance-de-la-u<\/p>\n","protected":false},"excerpt":{"rendered":"<p>Participar\u00e1n numerosas figuras de la cultura y del arte. Adhieren y convocan, entre otros, Mauricio Kartun, Alejandro Dolina,&nbsp;V\u00edctor Laplace, Pompeyo Audivert, Santiago Doria, Patricia Palmer, Luisa Kuliok, Ra\u00fal Rizzo, Fern\u00e1n Mir\u00e1s, Alejandra Dar\u00edn, Ricardo Forster, Enrique Stola, Juano Villafa\u00f1e, Nora Laf\u00f3n, Juan Subir\u00e1, La Bersuit y Ariel Prat. &#8220;Estamos frente a un peligro nacional como [&hellip;]<\/p>\n","protected":false},"author":3,"featured_media":313,"comment_status":"open","ping_status":"open","sticky":false,"template":"","format":"standard","meta":{"footnotes":""},"categories":[11,13,12],"tags":[204],"class_list":["post-311","post","type-post","status-publish","format-standard","has-post-thumbnail","hentry","category-agenda","category-politica","category-sociedad","tag-caminata-por-la-democracia"],"_links":{"self":[{"href":"https:\/\/noticiassaludables.com.ar\/index.php?rest_route=\/wp\/v2\/posts\/311","targetHints":{"allow":["GET"]}}],"collection":[{"href":"https:\/\/noticiassaludables.com.ar\/index.php?rest_route=\/wp\/v2\/posts"}],"about":[{"href":"https:\/\/noticiassaludables.com.ar\/index.php?rest_route=\/wp\/v2\/types\/post"}],"author":[{"embeddable":true,"href":"https:\/\/noticiassaludables.com.ar\/index.php?rest_route=\/wp\/v2\/users\/3"}],"replies":[{"embeddable":true,"href":"https:\/\/noticiassaludables.com.ar\/index.php?rest_route=%2Fwp%2Fv2%2Fcomments&post=311"}],"version-history":[{"count":1,"href":"https:\/\/noticiassaludables.com.ar\/index.php?rest_route=\/wp\/v2\/posts\/311\/revisions"}],"predecessor-version":[{"id":314,"href":"https:\/\/noticiassaludables.com.ar\/index.php?rest_route=\/wp\/v2\/posts\/311\/revisions\/314"}],"wp:featuredmedia":[{"embeddable":true,"href":"https:\/\/noticiassaludables.com.ar\/index.php?rest_route=\/wp\/v2\/media\/313"}],"wp:attachment":[{"href":"https:\/\/noticiassaludables.com.ar\/index.php?rest_route=%2Fwp%2Fv2%2Fmedia&parent=311"}],"wp:term":[{"taxonomy":"category","embeddable":true,"href":"https:\/\/noticiassaludables.com.ar\/index.php?rest_route=%2Fwp%2Fv2%2Fcategories&post=311"},{"taxonomy":"post_tag","embeddable":true,"href":"https:\/\/noticiassaludables.com.ar\/index.php?rest_route=%2Fwp%2Fv2%2Ftags&post=311"}],"curies":[{"name":"wp","href":"https:\/\/api.w.org\/{rel}","templated":true}]}}