{"id":317,"date":"2023-11-21T10:47:06","date_gmt":"2023-11-21T13:47:06","guid":{"rendered":"https:\/\/noticiassaludables.com.ar\/?p=317"},"modified":"2023-11-21T10:47:06","modified_gmt":"2023-11-21T13:47:06","slug":"llego-la-temporada-del-estres","status":"publish","type":"post","link":"https:\/\/noticiassaludables.com.ar\/?p=317","title":{"rendered":"Lleg\u00f3 la temporada del estr\u00e9s"},"content":{"rendered":"\n<h2 class=\"wp-block-heading\">Los eventos mundiales y la econom\u00eda est\u00e1n a\u00f1adiendo estr\u00e9s a las tensiones normales de las festividades, muestra un nuevo estudio realizado en EE.UU. Las personas que buscan una experiencia festiva perfecta podr\u00edan estar prepar\u00e1ndose para el estr\u00e9s<\/h2>\n\n\n\n<p><img loading=\"lazy\" decoding=\"async\" alt=\"El estr\u00e9s festivo es normal, pero se puede manejar si las personas toman medidas sobre los factores de estr\u00e9s dentro de su control\" height=\"551\" width=\"980\" src=\"https:\/\/www.infobae.com\/new-resizer\/WMQsrSinNAvjQs_NL7M279BEiCE=\/420x236\/filters:format(webp):quality(85)\/cloudfront-us-east-1.images.arcpublishing.com\/infobae\/C6DFF4PTG5AORD5G2VUMMWYE3I.jpg%20420w\">El estr\u00e9s festivo es normal, pero se puede manejar si las personas toman medidas sobre los factores de estr\u00e9s dentro de su control<\/p>\n\n\n\n<p>(HealthDay News) &#8212; La&nbsp;<strong>canci\u00f3n<\/strong>&nbsp;dice que \u201ces la temporada para estar alegres\u201d, pero muchos&nbsp;<strong>estadounidenses<\/strong>&nbsp;la encuentran m\u00e1s como una temporada de&nbsp;<strong>estr\u00e9s<\/strong>&nbsp;y preocupaci\u00f3n, seg\u00fan informa una nueva&nbsp;<strong>encuesta<\/strong>.<a href=\"https:\/\/www.infobae.com\/salud\/2023\/11\/17\/el-estres-puede-enfermar-y-causar-desde-insomnio-hasta-aumento-de-la-presion-arterial\/\" rel=\"noreferrer noopener\" target=\"_blank\"><\/a><\/p>\n\n\n\n<p>La&nbsp;<strong>tensi\u00f3n<\/strong>&nbsp;de la&nbsp;<strong>inflaci\u00f3n<\/strong>&nbsp;y los&nbsp;<strong>asuntos mundiales<\/strong>&nbsp;de este a\u00f1o se suman a otros factores&nbsp;<strong>estresantes<\/strong>&nbsp;de la&nbsp;<strong>\u00e9poca festiva<\/strong>&nbsp;para crear un&nbsp;<strong>c\u00f3ctel t\u00f3xico<\/strong>&nbsp;de&nbsp;<strong>salud mental<\/strong>, seg\u00fan los&nbsp;<strong>hallazgos<\/strong>&nbsp;del&nbsp;<strong>Centro M\u00e9dico Wexner<\/strong>&nbsp;y la&nbsp;<strong>Facultad de Medicina<\/strong>&nbsp;de la&nbsp;<strong>Universidad Estatal de Ohio<\/strong>.<\/p>\n\n\n\n<p>Los resultados de la&nbsp;<strong>encuesta<\/strong>&nbsp;muestran que:<\/p>\n\n\n\n<ul class=\"wp-block-list\">\n<li>El 81% de los&nbsp;<strong>estadounidenses<\/strong>&nbsp;est\u00e1n&nbsp;<strong>estresados<\/strong>&nbsp;por&nbsp;<strong>cuestiones nacionales<\/strong>&nbsp;y&nbsp;<strong>asuntos mundiales<\/strong>.<\/li>\n\n\n\n<li>El 75% est\u00e1&nbsp;<strong>estresado<\/strong>&nbsp;por el&nbsp;<strong>aumento de precios<\/strong>&nbsp;y el&nbsp;<strong>gasto<\/strong>&nbsp;en las&nbsp;<strong>festividades<\/strong>.<\/li>\n\n\n\n<li>El 53% est\u00e1&nbsp;<strong>estresado<\/strong>&nbsp;por el&nbsp;<strong>aumento de casos<\/strong>&nbsp;de&nbsp;<strong>gripe<\/strong>,&nbsp;<strong>COVID<\/strong>&nbsp;y otras&nbsp;<strong>enfermedades respiratorias<\/strong>.<\/li>\n\n\n\n<li>El 44% est\u00e1&nbsp;<strong>estresado<\/strong>&nbsp;por los&nbsp;<strong>recuerdos<\/strong>&nbsp;del&nbsp;<strong>colapso<\/strong>&nbsp;de los&nbsp;<strong>viajes<\/strong>&nbsp;durante las&nbsp;<strong>festividades<\/strong>&nbsp;del a\u00f1o pasado.<\/li>\n<\/ul>\n\n\n\n<p>Estos\u00a0<strong>hallazgos<\/strong>\u00a0van en contra de la\u00a0<strong>noci\u00f3n<\/strong>\u00a0de que las\u00a0<strong>festividades<\/strong>\u00a0deben ser un momento para que las\u00a0<strong>familias<\/strong>\u00a0y\u00a0<strong>amigos<\/strong>\u00a0se\u00a0<strong>conecten<\/strong>,\u00a0<strong>recarguen<\/strong>\u00a0y comiencen el nuevo a\u00f1o con una\u00a0<strong>perspectiva fresca<\/strong>, dijo la\u00a0<strong>investigadora<\/strong>\u00a0<strong>Nicole Hollingshead<\/strong>,\u00a0<strong>psic\u00f3loga<\/strong>\u00a0del\u00a0<strong>Departamento de Psiquiatr\u00eda y Salud del Comportamiento<\/strong>\u00a0del\u00a0<strong>Centro M\u00e9dico Wexner<\/strong>.<a href=\"https:\/\/www.infobae.com\/salud\/2023\/11\/17\/la-salud-mental-de-la-madre-durante-el-embarazo-podria-afectar-la-de-su-hijo\/\" target=\"_blank\" rel=\"noreferrer noopener\"><\/a><a href=\"https:\/\/www.infobae.com\/salud\/2023\/11\/17\/la-salud-mental-de-la-madre-durante-el-embarazo-podria-afectar-la-de-su-hijo\/\" target=\"_blank\" rel=\"noreferrer noopener\"><\/a><\/p>\n\n\n\n<p>\u201cLas&nbsp;<strong>festividades<\/strong>&nbsp;suelen traer este&nbsp;<strong>sentimiento de tristeza<\/strong>&nbsp;y&nbsp;<strong>lucha<\/strong>&nbsp;cuando realmente queremos que sea m\u00e1s un momento&nbsp;<strong>alegre<\/strong>\u201d, dijo&nbsp;<strong>Hollingshead<\/strong>&nbsp;en un&nbsp;<strong>comunicado de prensa<\/strong>&nbsp;de la&nbsp;<strong>universidad<\/strong>. \u201cAnimo a las personas a reflexionar sobre lo que significaban para ti las&nbsp;<strong>festividades<\/strong>&nbsp;cuando eras joven. Y la mayor\u00eda de las veces no escucho a la gente reflexionar sobre, \u2018Me encantaba tener todos los&nbsp;<strong>regalos<\/strong>, o recuerdo cada cosa que alguien me dio\u2019. En cambio, es m\u00e1s el&nbsp;<strong>sentimiento<\/strong>&nbsp;de las&nbsp;<strong>festividades<\/strong>\u201d.<\/p>\n\n\n\n<p>Las personas pueden resistir el\u00a0<strong>estr\u00e9s festivo<\/strong>\u00a0tomando un paso atr\u00e1s y tomando el control de lo que pueden controlar, en lugar de centrarse en cosas que no pueden, dijo\u00a0<strong>Hollingshead<\/strong>.<a href=\"https:\/\/www.infobae.com\/salud\/2023\/11\/15\/clinicas-venden-ketamina-como-falsa-cura-para-enfermedades\/\" target=\"_blank\" rel=\"noreferrer noopener\"><\/a><a href=\"https:\/\/www.infobae.com\/salud\/2023\/11\/15\/clinicas-venden-ketamina-como-falsa-cura-para-enfermedades\/\" target=\"_blank\" rel=\"noreferrer noopener\"><\/a><\/p>\n\n\n\n<p>Por ejemplo, las personas pueden:<\/p>\n\n\n\n<ul class=\"wp-block-list\">\n<li><strong>Planificar<\/strong>&nbsp;su&nbsp;<strong>presupuesto festivo<\/strong>&nbsp;y tomar medidas para&nbsp;<strong>reducir el gasto<\/strong>&nbsp;en respuesta a la&nbsp;<strong>ansiedad<\/strong>&nbsp;por los&nbsp;<strong>altos precios<\/strong>.<\/li>\n\n\n\n<li><strong>Limitar<\/strong>&nbsp;el&nbsp;<strong>tiempo dedicado<\/strong>&nbsp;a ver&nbsp;<strong>noticias<\/strong>&nbsp;en la&nbsp;<strong>televisi\u00f3n<\/strong>&nbsp;y desplazarse por las&nbsp;<strong>noticias<\/strong>&nbsp;y&nbsp;<strong>redes sociales<\/strong>&nbsp;en l\u00ednea, para manejar el&nbsp;<strong>estr\u00e9s<\/strong>&nbsp;por&nbsp;<strong>asuntos nacionales<\/strong>&nbsp;y&nbsp;<strong>mundiales<\/strong>.<\/li>\n\n\n\n<li><strong>Ponerse al d\u00eda<\/strong>&nbsp;con las&nbsp;<strong>vacunas recomendadas<\/strong>&nbsp;y&nbsp;<strong>protegerse<\/strong>&nbsp;contra la&nbsp;<strong>infecci\u00f3n<\/strong>&nbsp;usando una&nbsp;<strong>m\u00e1scara<\/strong>&nbsp;cuando salga,&nbsp;<strong>lav\u00e1ndose las manos<\/strong>&nbsp;y manteniendo la&nbsp;<strong>distancia social<\/strong>, para manejar el&nbsp;<strong>estr\u00e9s<\/strong>&nbsp;durante la&nbsp;<strong>temporada<\/strong>&nbsp;de&nbsp;<strong>gripe<\/strong>&nbsp;y&nbsp;<strong>resfriados<\/strong>.<\/li>\n\n\n\n<li>Estar&nbsp;<strong>atento<\/strong>&nbsp;a los&nbsp;<strong>retrasos en los vuelos<\/strong>&nbsp;o&nbsp;<strong>atascos<\/strong>&nbsp;de&nbsp;<strong>tr\u00e1fico<\/strong>, y siempre tener un&nbsp;<strong>plan B<\/strong>&nbsp;en caso de que las cosas salgan mal, para controlar el&nbsp;<strong>estr\u00e9s<\/strong>&nbsp;por&nbsp;<strong>planes de viaje poco fiables<\/strong>.<\/li>\n<\/ul>\n\n\n\n<p><strong>Hollingshead<\/strong>&nbsp;tambi\u00e9n alienta a las personas a evitar el&nbsp;<strong>gasto emocional<\/strong>&nbsp;impulsado por la&nbsp;<strong>publicidad<\/strong>&nbsp;que aprovecha el deseo&nbsp;<strong>nost\u00e1lgico<\/strong>&nbsp;de unas&nbsp;<strong>festividades perfectas<\/strong>, al estilo de la \u201c<strong>Navidad familiar<\/strong>, antigua y&nbsp;<strong>divertida<\/strong>\u201d de&nbsp;<strong>Clark Griswold<\/strong>.<\/p>\n\n\n\n<p>\u201cSe acercan las&nbsp;<strong>festividades<\/strong>, y me preocupo: \u2018\u00bfCompr\u00e9 lo suficiente para mi&nbsp;<strong>familia<\/strong>? \u00bfHice lo suficiente?\u2019 Y as\u00ed podemos&nbsp;<strong>perder de vista<\/strong>&nbsp;la&nbsp;<strong>importancia<\/strong>&nbsp;de tener demasiados&nbsp;<strong>regalos<\/strong>&nbsp;o asegurarnos de que todos tengan suficiente para&nbsp;<strong>desenvolver<\/strong>\u201d, dijo&nbsp;<strong>Hollingshead<\/strong>. \u201cEntonces&nbsp;<strong>perdemos de vista el panorama general<\/strong>, que es ese&nbsp;<strong>tiempo juntos<\/strong>\u201d.<\/p>\n\n\n\n<p>La\u00a0<strong>encuesta<\/strong>\u00a0se realiz\u00f3 entre el 20 y el 23 de\u00a0<strong>octubre<\/strong>\u00a0entre una\u00a0<strong>muestra<\/strong>\u00a0de\u00a0<strong>1.007 encuestados<\/strong>. El\u00a0<strong>margen de error<\/strong>\u00a0para los\u00a0<strong>encuestados totales<\/strong>\u00a0es de\u00a0<strong>+\/-3.6 puntos porcentuales<\/strong>\u00a0con un\u00a0<strong>nivel de confianza<\/strong>\u00a0del\u00a0<strong>95%<\/strong>.<\/p>\n\n\n\n<p>Fuente: https:\/\/www.infobae.com\/salud\/2023\/11\/21\/llego-la-temporada-del-estres-revela-una-nueva-encuesta\/<\/p>\n","protected":false},"excerpt":{"rendered":"<p>Los eventos mundiales y la econom\u00eda est\u00e1n a\u00f1adiendo estr\u00e9s a las tensiones normales de las festividades, muestra un nuevo estudio realizado en EE.UU. Las personas que buscan una experiencia festiva perfecta podr\u00edan estar prepar\u00e1ndose para el estr\u00e9s El estr\u00e9s festivo es normal, pero se puede manejar si las personas toman medidas sobre los factores de [&hellip;]<\/p>\n","protected":false},"author":3,"featured_media":318,"comment_status":"open","ping_status":"open","sticky":false,"template":"","format":"standard","meta":{"footnotes":""},"categories":[4,5],"tags":[205,206],"class_list":["post-317","post","type-post","status-publish","format-standard","has-post-thumbnail","hentry","category-bienestar","category-salud","tag-estres","tag-fin-de-ano"],"_links":{"self":[{"href":"https:\/\/noticiassaludables.com.ar\/index.php?rest_route=\/wp\/v2\/posts\/317","targetHints":{"allow":["GET"]}}],"collection":[{"href":"https:\/\/noticiassaludables.com.ar\/index.php?rest_route=\/wp\/v2\/posts"}],"about":[{"href":"https:\/\/noticiassaludables.com.ar\/index.php?rest_route=\/wp\/v2\/types\/post"}],"author":[{"embeddable":true,"href":"https:\/\/noticiassaludables.com.ar\/index.php?rest_route=\/wp\/v2\/users\/3"}],"replies":[{"embeddable":true,"href":"https:\/\/noticiassaludables.com.ar\/index.php?rest_route=%2Fwp%2Fv2%2Fcomments&post=317"}],"version-history":[{"count":1,"href":"https:\/\/noticiassaludables.com.ar\/index.php?rest_route=\/wp\/v2\/posts\/317\/revisions"}],"predecessor-version":[{"id":319,"href":"https:\/\/noticiassaludables.com.ar\/index.php?rest_route=\/wp\/v2\/posts\/317\/revisions\/319"}],"wp:featuredmedia":[{"embeddable":true,"href":"https:\/\/noticiassaludables.com.ar\/index.php?rest_route=\/wp\/v2\/media\/318"}],"wp:attachment":[{"href":"https:\/\/noticiassaludables.com.ar\/index.php?rest_route=%2Fwp%2Fv2%2Fmedia&parent=317"}],"wp:term":[{"taxonomy":"category","embeddable":true,"href":"https:\/\/noticiassaludables.com.ar\/index.php?rest_route=%2Fwp%2Fv2%2Fcategories&post=317"},{"taxonomy":"post_tag","embeddable":true,"href":"https:\/\/noticiassaludables.com.ar\/index.php?rest_route=%2Fwp%2Fv2%2Ftags&post=317"}],"curies":[{"name":"wp","href":"https:\/\/api.w.org\/{rel}","templated":true}]}}