{"id":32,"date":"2022-05-12T17:43:13","date_gmt":"2022-05-12T20:43:13","guid":{"rendered":"https:\/\/noticiassaludables.com.ar\/?p=32"},"modified":"2022-11-27T21:57:17","modified_gmt":"2022-11-28T00:57:17","slug":"coffee-is-health-food-myth-or-fact","status":"publish","type":"post","link":"https:\/\/noticiassaludables.com.ar\/?p=32","title":{"rendered":"M\u00e1s de 2 millones de ni\u00f1os y ni\u00f1as de entre 3 y 11 a\u00f1os ya se vacunaron contra la COVID-19"},"content":{"rendered":"\n<p>Tres semanas despu\u00e9s de iniciada la estrategia de vacunaci\u00f3n pedi\u00e1trica contra la COVID-19, al menos 2.201.917 ni\u00f1os y ni\u00f1as de entre 3 y 11 a\u00f1os iniciaron su esquema con la primera dosis de la vacuna del laboratorio Sinopharm, lo que representa un 32,9% de esta poblaci\u00f3n objetivo. Este n\u00famero refleja el alto nivel de adherencia que recibi\u00f3 la vacunaci\u00f3n infantil.<\/p>\n\n\n\n<p>Desde el Ministerio de Salud afirman que la vacunaci\u00f3n pedi\u00e1trica \u201ces un paso fundamental para minimizar el impacto de la pandemia, porque permite no solo proteger a los ni\u00f1os y las ni\u00f1as contra la enfermedad, sino que adem\u00e1s tiene impacto en la disminuci\u00f3n de la cadena de transmisi\u00f3n. As\u00ed, implica un beneficio individual, pero tambi\u00e9n colectivo\u201d.<\/p>\n\n\n\n<p>Este resultado es compatible con el fuerte avance que ha tenido la vacunaci\u00f3n entre la poblaci\u00f3n adolescente: el 61,5% de los j\u00f3venes entre 12 y 17 a\u00f1os ya han iniciado su esquema (un total de 2.566.733 personas), y el 16,7% lo han completado (737.531 personas).<\/p>\n\n\n\n<p>La Campa\u00f1a Nacional de Vacunaci\u00f3n continua avanzando entre los distintos grupos etarios. A su vez, el 93,4% de las personas mayores de 60 a\u00f1os ya han recibido la primera dosis de la vacuna y el 88,7% de esta franja etaria ya concluy\u00f3 su esquema. Adem\u00e1s, entre los mayores de 50 a\u00f1os, el 93,6% cuenta con una dosis y el 87,9% lo complet\u00f3.<\/p>\n","protected":false},"excerpt":{"rendered":"<p>Tres semanas despu\u00e9s de iniciada la estrategia de vacunaci\u00f3n pedi\u00e1trica contra la COVID-19, al menos 2.201.917 ni\u00f1os y ni\u00f1as de entre 3 y 11 a\u00f1os iniciaron su esquema con la primera dosis de la vacuna del laboratorio Sinopharm, lo que representa un 32,9% de esta poblaci\u00f3n objetivo. Este n\u00famero refleja el alto nivel de adherencia [&hellip;]<\/p>\n","protected":false},"author":1,"featured_media":71,"comment_status":"open","ping_status":"open","sticky":false,"template":"","format":"standard","meta":{"footnotes":""},"categories":[3],"tags":[27],"class_list":["post-32","post","type-post","status-publish","format-standard","has-post-thumbnail","hentry","category-principal","tag-covid-19"],"_links":{"self":[{"href":"https:\/\/noticiassaludables.com.ar\/index.php?rest_route=\/wp\/v2\/posts\/32","targetHints":{"allow":["GET"]}}],"collection":[{"href":"https:\/\/noticiassaludables.com.ar\/index.php?rest_route=\/wp\/v2\/posts"}],"about":[{"href":"https:\/\/noticiassaludables.com.ar\/index.php?rest_route=\/wp\/v2\/types\/post"}],"author":[{"embeddable":true,"href":"https:\/\/noticiassaludables.com.ar\/index.php?rest_route=\/wp\/v2\/users\/1"}],"replies":[{"embeddable":true,"href":"https:\/\/noticiassaludables.com.ar\/index.php?rest_route=%2Fwp%2Fv2%2Fcomments&post=32"}],"version-history":[{"count":2,"href":"https:\/\/noticiassaludables.com.ar\/index.php?rest_route=\/wp\/v2\/posts\/32\/revisions"}],"predecessor-version":[{"id":72,"href":"https:\/\/noticiassaludables.com.ar\/index.php?rest_route=\/wp\/v2\/posts\/32\/revisions\/72"}],"wp:featuredmedia":[{"embeddable":true,"href":"https:\/\/noticiassaludables.com.ar\/index.php?rest_route=\/wp\/v2\/media\/71"}],"wp:attachment":[{"href":"https:\/\/noticiassaludables.com.ar\/index.php?rest_route=%2Fwp%2Fv2%2Fmedia&parent=32"}],"wp:term":[{"taxonomy":"category","embeddable":true,"href":"https:\/\/noticiassaludables.com.ar\/index.php?rest_route=%2Fwp%2Fv2%2Fcategories&post=32"},{"taxonomy":"post_tag","embeddable":true,"href":"https:\/\/noticiassaludables.com.ar\/index.php?rest_route=%2Fwp%2Fv2%2Ftags&post=32"}],"curies":[{"name":"wp","href":"https:\/\/api.w.org\/{rel}","templated":true}]}}