{"id":366,"date":"2023-11-24T10:36:59","date_gmt":"2023-11-24T13:36:59","guid":{"rendered":"https:\/\/noticiassaludables.com.ar\/?p=366"},"modified":"2023-11-24T10:37:00","modified_gmt":"2023-11-24T13:37:00","slug":"1983-volver-a-votar","status":"publish","type":"post","link":"https:\/\/noticiassaludables.com.ar\/?p=366","title":{"rendered":"&#8220;1983. Volver a votar&#8221;"},"content":{"rendered":"\n<h3 class=\"wp-block-heading\">La nueva exposici\u00f3n temporaria por los 40 a\u00f1os de democracia.<\/h3>\n\n\n\n<p><strong>Se cumplen 40 a\u00f1os de la campa\u00f1a electoral que marc\u00f3 el fin de la \u00faltima dictadura c\u00edvico militar,<\/strong>&nbsp;y a la vez, la que inaugur\u00f3 el per\u00edodo m\u00e1s largo de democracia en la Argentina.&nbsp;<strong>La campa\u00f1a fue un hito en la comunicaci\u00f3n pol\u00edtica del pa\u00eds&nbsp;<\/strong>por la importancia que se le otorg\u00f3 tanto al uso de los medios de comunicaci\u00f3n como a las estrategias de marketing y publicidad utilizadas.&nbsp;<\/p>\n\n\n\n<p>En una fecha importante para el pa\u00eds,&nbsp;<strong>el Museo Hist\u00f3rico Nacional invita a recorrer desde el pr\u00f3ximo s\u00e1bado 28 de octubre la nueva exposici\u00f3n \u201c1983. Volver a votar\u201d,<\/strong>&nbsp;que es la&nbsp;<strong>primera parte de una exhibici\u00f3n m\u00e1s amplia sobre momentos clave del siglo XX argentino.<\/strong><\/p>\n\n\n\n<p>En esta nueva exposici\u00f3n temporaria que&nbsp;<strong>se realiza en el marco del proyecto \u201cEl presente de la historia. Narrar el siglo XX en el Museo Hist\u00f3rico Nacional\u201d, premiado por la Fundaci\u00f3n Williams,<\/strong>&nbsp;se podr\u00e1n observar afiches de los diferentes partidos pol\u00edticos que formaron parte de esa hist\u00f3rica campa\u00f1a electoral en la que si bien se presentaron m\u00e1s de diez partidos a la elecci\u00f3n presidencial, esta estuvo marcada por la polarizaci\u00f3n entre la Uni\u00f3n C\u00edvica Radical y el Partido Justicialista.&nbsp;<\/p>\n\n\n\n<figure class=\"wp-block-image\"><img decoding=\"async\" src=\"https:\/\/museohistoriconacional.cultura.gob.ar\/media\/uploads\/site-6\/1983.png\" alt=\"\"\/><\/figure>\n\n\n\n<p><strong>&#8220;El Museo Hist\u00f3rico Nacional empez\u00f3 a trabajar sobre el siglo XX argentino en sus exposiciones.<\/strong>&nbsp;Hicimos una sobre el rock de los 80 en 2021 y otra sobre la historia del f\u00fatbol este a\u00f1o.&nbsp;<strong>Ahora vamos a tener una exhibici\u00f3n sobre algunos momentos pol\u00edticos fundamentales del siglo XX en el pa\u00eds, lo que es parte del nuevo gui\u00f3n del museo.<\/strong>&nbsp;Comenzamos con esta sala dedicada a las cruciales elecciones de 1983, que se inaugura justo al cumplirse los 40 a\u00f1os&#8221;, comenta el director del museo Gabriel Di Meglio.<\/p>\n\n\n\n<p><strong>&#8220;1983. Volver a votar&#8221;&nbsp;fue realizada por el equipo del Museo Hist\u00f3rico Nacional&nbsp;<\/strong>y est\u00e1 basada en &#8220;Argentina elige la campa\u00f1a electoral de 1983 en afiches&#8221;, una exposici\u00f3n desarrollada por el Laboratorio de Historia P\u00fablica del Departamento de Estudios Hist\u00f3ricos y Sociales de la Universidad Torcuato Di Tella.&nbsp;<\/p>\n\n\n\n<h4 class=\"wp-block-heading\">Escuch\u00e1 la playlist de la exposici\u00f3n&nbsp;<a href=\"https:\/\/spotify.link\/mZdJEmmHbEb\" target=\"_blank\" rel=\"noreferrer noopener\">aqu\u00ed<\/a><\/h4>\n\n\n\n<h4 class=\"wp-block-heading\">CU\u00c1NDO<\/h4>\n\n\n\n<p>A partir del 28 Oct. 2023<\/p>\n\n\n\n<hr class=\"wp-block-separator has-alpha-channel-opacity\"\/>\n\n\n\n<h4 class=\"wp-block-heading\">D\u00d3NDE<\/h4>\n\n\n\n<p><strong>Museo Hist\u00f3rico Nacional<\/strong><\/p>\n\n\n\n<p>Defensa 1600 Ciudad Aut\u00f3noma de Buenos Aireshttps:\/\/maps.google.com\/maps?width=100%&amp;height=600&amp;hl=es&amp;q=Defensa%201600+Ciudad%20Aut%C3%B3noma%20de%20Buenos%20Aires++Argentina+Museo%20Hist%C3%B3rico%20Nacional&amp;ie=UTF8&amp;t=&amp;z=14&amp;iwloc=B&amp;output=embed<\/p>\n\n\n\n<hr class=\"wp-block-separator has-alpha-channel-opacity\"\/>\n\n\n\n<hr class=\"wp-block-separator has-alpha-channel-opacity\"\/>\n\n\n\n<h4 class=\"wp-block-heading\"><a href=\"https:\/\/museohistoriconacional.cultura.gob.ar\/exhibicion\/1983-volver-a-votar-1\/#\" target=\"_blank\" rel=\"noreferrer noopener\"><\/a>HORARIOS<\/h4>\n\n\n\n<ul class=\"wp-block-list\">\n<li>Lunes | Cerrado<\/li>\n\n\n\n<li>Martes | Cerrado<\/li>\n\n\n\n<li>Mi\u00e9rcoles | Abierto de 11:00 a 19:00hs<\/li>\n\n\n\n<li>Jueves | Abierto de 11:00 a 19:00hs<\/li>\n\n\n\n<li>Viernes | Abierto de 11:00 a 19:00hs<\/li>\n\n\n\n<li>S\u00e1bado | Abierto de 11:00 a 19:00hs<\/li>\n\n\n\n<li>Domingo | Abierto de 11:00 a 19:00hs<\/li>\n<\/ul>\n\n\n\n<p>D\u00cdAS ESPECIALES<\/p>\n\n\n\n<ul class=\"wp-block-list\">\n<li>19\/11\/2023 | Cerrado<\/li>\n\n\n\n<li>20\/11\/2023 | Abierto de 11:00 a 19:00<\/li>\n\n\n\n<li>25\/12\/2023 | Cerrado<\/li>\n\n\n\n<li>01\/01\/2024 | Cerrado<\/li>\n<\/ul>\n\n\n\n<hr class=\"wp-block-separator has-alpha-channel-opacity\"\/>\n\n\n\n<p>MUSEO HIST\u00d3RICO NACIONALEl Museo invita a conocer y pensar la historia argentina a trav\u00e9s de las colecciones, y de actividades culturales y educativas.<\/p>\n\n\n\n<hr class=\"wp-block-separator has-alpha-channel-opacity\"\/>\n\n\n\n<p>CONTACTO<\/p>\n\n\n\n<p>Administraci\u00f3n (011) 4300-7540 \/ Prensa &#8211; Educaci\u00f3n: (011) 4307-1182<\/p>\n\n\n\n<p>informes@mhn.gob.ar<\/p>\n\n\n\n<hr class=\"wp-block-separator has-alpha-channel-opacity\"\/>\n\n\n\n<p>HORARIO DE ATENCI\u00d3N<\/p>\n\n\n\n<ul class=\"wp-block-list\">\n<li>Mi\u00e9rcoles de 11:00 a 19:00hs<\/li>\n\n\n\n<li>Jueves de 11:00 a 19:00hs<\/li>\n\n\n\n<li>Viernes de 11:00 a 19:00hs<\/li>\n\n\n\n<li>S\u00e1bado de 11:00 a 19:00hs<\/li>\n\n\n\n<li>Domingo de 11:00 a 19:00hs<\/li>\n<\/ul>\n","protected":false},"excerpt":{"rendered":"<p>La nueva exposici\u00f3n temporaria por los 40 a\u00f1os de democracia. Se cumplen 40 a\u00f1os de la campa\u00f1a electoral que marc\u00f3 el fin de la \u00faltima dictadura c\u00edvico militar,&nbsp;y a la vez, la que inaugur\u00f3 el per\u00edodo m\u00e1s largo de democracia en la Argentina.&nbsp;La campa\u00f1a fue un hito en la comunicaci\u00f3n pol\u00edtica del pa\u00eds&nbsp;por la importancia [&hellip;]<\/p>\n","protected":false},"author":3,"featured_media":367,"comment_status":"open","ping_status":"open","sticky":false,"template":"","format":"standard","meta":{"footnotes":""},"categories":[11,12],"tags":[220,219],"class_list":["post-366","post","type-post","status-publish","format-standard","has-post-thumbnail","hentry","category-agenda","category-sociedad","tag-1983-volver-a-votar","tag-museo-historico-nacional"],"_links":{"self":[{"href":"https:\/\/noticiassaludables.com.ar\/index.php?rest_route=\/wp\/v2\/posts\/366","targetHints":{"allow":["GET"]}}],"collection":[{"href":"https:\/\/noticiassaludables.com.ar\/index.php?rest_route=\/wp\/v2\/posts"}],"about":[{"href":"https:\/\/noticiassaludables.com.ar\/index.php?rest_route=\/wp\/v2\/types\/post"}],"author":[{"embeddable":true,"href":"https:\/\/noticiassaludables.com.ar\/index.php?rest_route=\/wp\/v2\/users\/3"}],"replies":[{"embeddable":true,"href":"https:\/\/noticiassaludables.com.ar\/index.php?rest_route=%2Fwp%2Fv2%2Fcomments&post=366"}],"version-history":[{"count":1,"href":"https:\/\/noticiassaludables.com.ar\/index.php?rest_route=\/wp\/v2\/posts\/366\/revisions"}],"predecessor-version":[{"id":368,"href":"https:\/\/noticiassaludables.com.ar\/index.php?rest_route=\/wp\/v2\/posts\/366\/revisions\/368"}],"wp:featuredmedia":[{"embeddable":true,"href":"https:\/\/noticiassaludables.com.ar\/index.php?rest_route=\/wp\/v2\/media\/367"}],"wp:attachment":[{"href":"https:\/\/noticiassaludables.com.ar\/index.php?rest_route=%2Fwp%2Fv2%2Fmedia&parent=366"}],"wp:term":[{"taxonomy":"category","embeddable":true,"href":"https:\/\/noticiassaludables.com.ar\/index.php?rest_route=%2Fwp%2Fv2%2Fcategories&post=366"},{"taxonomy":"post_tag","embeddable":true,"href":"https:\/\/noticiassaludables.com.ar\/index.php?rest_route=%2Fwp%2Fv2%2Ftags&post=366"}],"curies":[{"name":"wp","href":"https:\/\/api.w.org\/{rel}","templated":true}]}}