{"id":376,"date":"2023-11-27T10:49:40","date_gmt":"2023-11-27T13:49:40","guid":{"rendered":"https:\/\/noticiassaludables.com.ar\/?p=376"},"modified":"2023-11-27T10:49:40","modified_gmt":"2023-11-27T13:49:40","slug":"las-consecuencias-de-la-violencia-en-la-salud-mental-de-las-mujeres","status":"publish","type":"post","link":"https:\/\/noticiassaludables.com.ar\/?p=376","title":{"rendered":"Las consecuencias de la violencia en la salud mental de las mujeres"},"content":{"rendered":"\n<h2 class=\"wp-block-heading\">Esta realidad se manifiesta de m\u00faltiples maneras, desde sutiles hasta mortales, impactando profundamente en su salud mental y f\u00edsica. Este fen\u00f3meno afecta no solo a la salud individual, sino tambi\u00e9n al bienestar social y econ\u00f3mico de las v\u00edctimas.<\/h2>\n\n\n\n<p><img loading=\"lazy\" decoding=\"async\" alt=\"Hay diversas formas de violencia, desde el da\u00f1o f\u00edsico, al psicol\u00f3gico, as\u00ed como el sometimiento expresado en distintas maneras y sin consentimiento (Getty)\" height=\"1280\" width=\"1920\" src=\"https:\/\/www.infobae.com\/new-resizer\/wDy1bn7Q0NHUXS-zfKgB1DeHYb4=\/420x280\/filters:format(webp):quality(85)\/cloudfront-us-east-1.images.arcpublishing.com\/infobae\/RC6ZEM2HENFRRMFCMNDJCHM7IE.jpg%20420w\" srcset=\"https:\/\/www.infobae.com\/new-resizer\/wDy1bn7Q0NHUXS-zfKgB1DeHYb4=\/420x280\/filters:format(webp):quality(85)\/cloudfront-us-east-1.images.arcpublishing.com\/infobae\/RC6ZEM2HENFRRMFCMNDJCHM7IE.jpg 420w,https:\/\/www.infobae.com\/new-resizer\/bOSazMXsu5v8Wfu4ThFJ0P6izKo=\/768x512\/filters:format(webp):quality(85)\/cloudfront-us-east-1.images.arcpublishing.com\/infobae\/RC6ZEM2HENFRRMFCMNDJCHM7IE.jpg 768w,https:\/\/www.infobae.com\/new-resizer\/NrwmMFC1dtUQWjKpaCEoHPkUMlc=\/992x661\/filters:format(webp):quality(85)\/cloudfront-us-east-1.images.arcpublishing.com\/infobae\/RC6ZEM2HENFRRMFCMNDJCHM7IE.jpg 992w,https:\/\/www.infobae.com\/new-resizer\/WnX2nAhZ7kL-vQKvizobIakSLlI=\/1200x800\/filters:format(webp):quality(85)\/cloudfront-us-east-1.images.arcpublishing.com\/infobae\/RC6ZEM2HENFRRMFCMNDJCHM7IE.jpg 1200w,https:\/\/www.infobae.com\/new-resizer\/GyuYZbB5o6BFvsxM-9xdfIQADnE=\/1440x960\/filters:format(webp):quality(85)\/cloudfront-us-east-1.images.arcpublishing.com\/infobae\/RC6ZEM2HENFRRMFCMNDJCHM7IE.jpg 1440w\">Hay diversas formas de violencia, desde el da\u00f1o f\u00edsico, al psicol\u00f3gico, as\u00ed como el sometimiento expresado en distintas maneras y sin consentimiento (Getty)<\/p>\n\n\n\n<p>La\u00a0<strong>violencia\u00a0<\/strong>es una de las formas de manifestaci\u00f3n m\u00e1s frecuentes y, de alguna manera, se encuentra normalizada. El\u00a0<strong>malestar interno, individual,<\/strong>\u00a0pero tambi\u00e9n el\u00a0<strong>externo y el colectivo, social y cultural\u00a0<\/strong>se expresa en forma de violencia dirigidas hacia afuera, a los dem\u00e1s,\u00a0<strong>a la sociedad,<\/strong>\u00a0pero tambi\u00e9n\u00a0<strong>hacia s\u00ed mismo<\/strong>. Es por eso que las manifestaciones son m\u00faltiples. Existe la tendencia en esas formas de expresi\u00f3n a ver algunas separadas de otras y sin un nexo continuo. Esto hace m\u00e1s dif\u00edcil su estudio, pero especialmente su\u00a0<strong>comprensi\u00f3n, la prevenci\u00f3n<\/strong>\u00a0y por supuesto el\u00a0<strong>ab<\/strong>ordaje.<a href=\"https:\/\/www.infobae.com\/salud\/2023\/11\/21\/la-ia-podria-identificar-con-precision-el-autismo-desde-la-primera-infancia\/\" target=\"_blank\" rel=\"noreferrer noopener\"><\/a><\/p>\n\n\n\n<p><a href=\"https:\/\/www.infobae.com\/salud\/2023\/11\/21\/la-ia-podria-identificar-con-precision-el-autismo-desde-la-primera-infancia\/\" target=\"_blank\" rel=\"noreferrer noopener\"><\/a><\/p>\n\n\n\n<p>Hace ya muchos a\u00f1os el soci\u00f3logo noruego&nbsp;<strong>Johan Galtung<\/strong>&nbsp;habl\u00f3 de la&nbsp;<strong>pir\u00e1mide&nbsp;<\/strong>(tri\u00e1ngulo en algunas presentaciones) de la&nbsp;<strong>violencia<\/strong>. En ella se establec\u00eda algo evidente y es que la violencia que vemos, a la cual llam\u00f3&nbsp;<strong>directa o expresa,<\/strong>&nbsp;se sostiene en un&nbsp;<strong>aspecto cultural<\/strong>&nbsp;y otro&nbsp;<strong>estructural<\/strong>. Es decir, los diferentes aspectos que hacen a la construcci\u00f3n de las sociedades. Es interesante notar que Galtung se inscribe en toda un l\u00ednea de estudios en los pa\u00edses escandinavos y en&nbsp;<strong>Noruega&nbsp;<\/strong>en particular en los cuales el estudio del&nbsp;<strong>bienestar&nbsp;<\/strong>y&nbsp;<strong>malestar&nbsp;<\/strong>se hace desde una perspectiva amplia, como vemos en el lugar que se le concede a la&nbsp;<strong>psicolog\u00eda de la felicidad.<\/strong><\/p>\n\n\n\n<p>Es en este contexto amplio e interconectado en el cual la&nbsp;<strong>variable bienestar-malestar&nbsp;<\/strong>es un espectro, es que hay que entender cada forma de violencia y en este caso una en particular que es aquella dirigida hacia las mujeres.<\/p>\n\n\n\n<p><img loading=\"lazy\" decoding=\"async\" alt=\"Usualmente, la violencia cobra notoriedad en los casos de femicidio, pero es un espectro amplio que muestra sus consecuencias en la reducci\u00f3n a la marginalidad social y econ\u00f3mica de las v\u00edctimas (Andina)\" height=\"1080\" width=\"1920\" src=\"https:\/\/www.infobae.com\/new-resizer\/OHaqCy_6DZjLJo5p9uIR_rpbt_s=\/420x236\/filters:format(webp):quality(85)\/cloudfront-us-east-1.images.arcpublishing.com\/infobae\/VATE22GSQNE3NCIPQLFWW5UKKI.jpg%20420w\" srcset=\"https:\/\/www.infobae.com\/new-resizer\/OHaqCy_6DZjLJo5p9uIR_rpbt_s=\/420x236\/filters:format(webp):quality(85)\/cloudfront-us-east-1.images.arcpublishing.com\/infobae\/VATE22GSQNE3NCIPQLFWW5UKKI.jpg 420w,https:\/\/www.infobae.com\/new-resizer\/n0esqhntpb0UdKZEG26FI-wr718=\/768x432\/filters:format(webp):quality(85)\/cloudfront-us-east-1.images.arcpublishing.com\/infobae\/VATE22GSQNE3NCIPQLFWW5UKKI.jpg 768w,https:\/\/www.infobae.com\/new-resizer\/Z7DLHvsbBWxzaQkIzHCGmk7i9ig=\/992x558\/filters:format(webp):quality(85)\/cloudfront-us-east-1.images.arcpublishing.com\/infobae\/VATE22GSQNE3NCIPQLFWW5UKKI.jpg 992w,https:\/\/www.infobae.com\/new-resizer\/iXHnViZIqFUw1NuyIRB6_qhzfqg=\/1200x675\/filters:format(webp):quality(85)\/cloudfront-us-east-1.images.arcpublishing.com\/infobae\/VATE22GSQNE3NCIPQLFWW5UKKI.jpg 1200w,https:\/\/www.infobae.com\/new-resizer\/uT--INNAylqtEzOh8iqHilupBOY=\/1440x810\/filters:format(webp):quality(85)\/cloudfront-us-east-1.images.arcpublishing.com\/infobae\/VATE22GSQNE3NCIPQLFWW5UKKI.jpg 1440w\">Usualmente, la violencia cobra notoriedad en los casos de femicidio, pero es un espectro amplio que muestra sus consecuencias en la reducci\u00f3n a la marginalidad social y econ\u00f3mica de las v\u00edctimas (Andina)<\/p>\n\n\n\n<p>La\u00a0<strong>violencia contra las mujeres<\/strong>\u00a0es un problema que ya no admite discusiones y afecta a millones de\u00a0<strong>v\u00edctimas\u00a0<\/strong>cada a\u00f1o y, a su vez, tiene consecuencias que alcanzan a otros, como son sus\u00a0<strong>hijos<\/strong>. A horas de que se haya conmemorado, este 25 de noviembre, el\u00a0<a href=\"https:\/\/www.paho.org\/journal\/es\/dias-internacionales-salud\/dia-internacional-por-eliminacion-violencia-contra-mujer\" target=\"_blank\" rel=\"noreferrer noopener\">D\u00eda internacional por la eliminaci\u00f3n de la violencia contra la mujer, la importancia\u00a0<\/a>concientizar sobre esta problem\u00e1tica.<a href=\"https:\/\/www.infobae.com\/salud\/2023\/11\/21\/en-busca-de-la-felicidad-es-el-activo-social-mas-escaso-del-mundo\/\" target=\"_blank\" rel=\"noreferrer noopener\"><\/a><a href=\"https:\/\/www.infobae.com\/salud\/2023\/11\/21\/en-busca-de-la-felicidad-es-el-activo-social-mas-escaso-del-mundo\/\" target=\"_blank\" rel=\"noreferrer noopener\"><\/a><\/p>\n\n\n\n<p>La violencia contra las mujeres puede expresarse de diversas formas, desde algunas sutiles y aparentemente imperceptibles, hasta ser la raz\u00f3n de la p\u00e9rdida de la vida. Esa violencia puede, y usualmente es el caso, tener&nbsp;<strong>efectos graves y duraderos<\/strong>&nbsp;sobre todos los aspectos de la&nbsp;<strong>salud f\u00edsica y mental<\/strong>, as\u00ed como sobre su&nbsp;<strong>bienestar social y econ\u00f3mico<\/strong>.<\/p>\n\n\n\n<p>Usualmente, la violencia cobra notoriedad en los casos de&nbsp;<strong>femicidio<\/strong>, pero es un espectro amplio que, por ejemplo, tambi\u00e9n muestra sus consecuencias en la reducci\u00f3n a la&nbsp;<strong>marginalidad social y econ\u00f3mica de las v\u00edctimas<\/strong>.<\/p>\n\n\n\n<p><img loading=\"lazy\" decoding=\"async\" alt=\"Las personas que sufren violencia tienen un mayor riesgo de desarrollar cuadros como depresi\u00f3n, ansiedad, trastorno de estr\u00e9s postraum\u00e1tico e inclusive cuadros psic\u00f3ticos (Getty)\" height=\"1080\" width=\"1920\" src=\"https:\/\/www.infobae.com\/new-resizer\/tqR3DAF25Ehap3hNgqCbekn-LQI=\/420x236\/filters:format(webp):quality(85)\/cloudfront-us-east-1.images.arcpublishing.com\/infobae\/EL74P7ZSQRFRPIMH7TGDOUUS7I.jpg%20420w\" srcset=\"https:\/\/www.infobae.com\/new-resizer\/tqR3DAF25Ehap3hNgqCbekn-LQI=\/420x236\/filters:format(webp):quality(85)\/cloudfront-us-east-1.images.arcpublishing.com\/infobae\/EL74P7ZSQRFRPIMH7TGDOUUS7I.jpg 420w,https:\/\/www.infobae.com\/new-resizer\/kU5PEfjMvU-BvZ4DjiGKeHBlHKQ=\/768x432\/filters:format(webp):quality(85)\/cloudfront-us-east-1.images.arcpublishing.com\/infobae\/EL74P7ZSQRFRPIMH7TGDOUUS7I.jpg 768w,https:\/\/www.infobae.com\/new-resizer\/izcU_9DnSwLuEtGIh15uWSfb1ns=\/992x558\/filters:format(webp):quality(85)\/cloudfront-us-east-1.images.arcpublishing.com\/infobae\/EL74P7ZSQRFRPIMH7TGDOUUS7I.jpg 992w,https:\/\/www.infobae.com\/new-resizer\/d664TdO2-bVW1ZbkikiswjoITgg=\/1200x675\/filters:format(webp):quality(85)\/cloudfront-us-east-1.images.arcpublishing.com\/infobae\/EL74P7ZSQRFRPIMH7TGDOUUS7I.jpg 1200w,https:\/\/www.infobae.com\/new-resizer\/_PZcUzoXB9jbe1gqs7mJFQGVTgI=\/1440x810\/filters:format(webp):quality(85)\/cloudfront-us-east-1.images.arcpublishing.com\/infobae\/EL74P7ZSQRFRPIMH7TGDOUUS7I.jpg 1440w\">Las personas que sufren violencia tienen un mayor riesgo de desarrollar cuadros como depresi\u00f3n, ansiedad, trastorno de estr\u00e9s postraum\u00e1tico e inclusive cuadros psic\u00f3ticos (Getty)<\/p>\n\n\n\n<p>Para la&nbsp;<a rel=\"noreferrer noopener\" href=\"https:\/\/www.who.int\/news-room\/fact-sheets\/detail\/violence-against-women\" target=\"_blank\">Organizaci\u00f3n Mundial de la Salud<\/a>&nbsp;(OMS) la violencia contra las mujeres se define como \u201ctodo acto de violencia de g\u00e9nero que resulte, o pueda tener como resultado, un&nbsp;<strong>da\u00f1o o sufrimiento f\u00edsico, sexual o mental para las mujeres<\/strong>, inclusive las&nbsp;<strong>amenazas&nbsp;<\/strong>de tales actos, la&nbsp;<strong>coacci\u00f3n o la privaci\u00f3n arbitraria de la libertad<\/strong>, tanto si se producen en la vida p\u00fablica como en la privada\u201d.<\/p>\n\n\n\n<p>Hay diversas formas de violencia, como la que ocurre en el seno de la pareja, donde existe desde el\u00a0<strong>da\u00f1o f\u00edsico<\/strong>, al\u00a0<strong>psicol\u00f3gico<\/strong>, as\u00ed como el\u00a0<strong>sometimiento\u00a0<\/strong>expresado en distintas maneras, o la violencia sexual en la cual la v\u00edctima es\u00a0<strong>sometida al deseo del otro<\/strong>\u00a0sin considerar su\u00a0<strong>consentimiento<\/strong>.<a href=\"https:\/\/www.infobae.com\/salud\/2023\/11\/23\/las-3-claves-para-relacionarse-con-una-persona-narcisista-en-el-trabajo-o-la-familia\/\" target=\"_blank\" rel=\"noreferrer noopener\"><\/a><a href=\"https:\/\/www.infobae.com\/salud\/2023\/11\/23\/las-3-claves-para-relacionarse-con-una-persona-narcisista-en-el-trabajo-o-la-familia\/\" target=\"_blank\" rel=\"noreferrer noopener\"><\/a><\/p>\n\n\n\n<p>En relaci\u00f3n a esto, es importante tomar conciencia de que el&nbsp;<strong>nexo civil o legal&nbsp;<\/strong>(pareja\/matrimonio)&nbsp;<strong>no avala tal consentimiento<\/strong>&nbsp;y se puede ser v\u00edctima inclusive de&nbsp;<strong>violaci\u00f3n&nbsp;<\/strong>aun en este contexto. En muchas mujeres persisten los sentimientos de&nbsp;<strong>verg\u00fcenza<\/strong>, de obligaci\u00f3n de deber, que vienen como legado de \u00e9pocas muy lejanas.<\/p>\n\n\n\n<p>Si bien la prevalencia de la violencia contra las mujeres y las modalidades de la misma var\u00eda seg\u00fan las regiones y los pa\u00edses, un&nbsp;<a rel=\"noreferrer noopener\" href=\"https:\/\/www.who.int\/news\/item\/09-03-2021-devastatingly-pervasive-1-in-3-women-globally-experience-violence\" target=\"_blank\">informe&nbsp;<\/a>de la OMS estima que a nivel mundial, alrededor de&nbsp;<strong>1 de cada 3<\/strong>&nbsp;(30%) de las mujeres han sido v\u00edctimas de al menos un episodio de violencia f\u00edsica y\/o sexual por parte de parejas o no, en alg\u00fan momento de su vida.<\/p>\n\n\n\n<p><img loading=\"lazy\" decoding=\"async\" alt=\"Otras inevitables consecuencias frecuentemente invisibilizadas de la violencia de g\u00e9nero son sus efectos en los ni\u00f1os (Imagen Ilustrativa Infobae)\" height=\"816\" width=\"1456\" src=\"https:\/\/www.infobae.com\/new-resizer\/lYC9IpmZ4I2Lugs0YczvjFLykpo=\/420x236\/filters:format(webp):quality(85)\/cloudfront-us-east-1.images.arcpublishing.com\/infobae\/KJU2Y2FVHNCAPOLLMVTDYMRVBQ.jpg%20420w\" srcset=\"https:\/\/www.infobae.com\/new-resizer\/lYC9IpmZ4I2Lugs0YczvjFLykpo=\/420x236\/filters:format(webp):quality(85)\/cloudfront-us-east-1.images.arcpublishing.com\/infobae\/KJU2Y2FVHNCAPOLLMVTDYMRVBQ.jpg 420w,https:\/\/www.infobae.com\/new-resizer\/p8N30lXvxzzC_kULm7yu0S-30A0=\/768x432\/filters:format(webp):quality(85)\/cloudfront-us-east-1.images.arcpublishing.com\/infobae\/KJU2Y2FVHNCAPOLLMVTDYMRVBQ.jpg 768w,https:\/\/www.infobae.com\/new-resizer\/dxtBhDmRBFWlYJh-utXJtzApYWI=\/992x558\/filters:format(webp):quality(85)\/cloudfront-us-east-1.images.arcpublishing.com\/infobae\/KJU2Y2FVHNCAPOLLMVTDYMRVBQ.jpg 992w,https:\/\/www.infobae.com\/new-resizer\/pbKfwM5CjcObNM-Z9Kd28dgGw88=\/1200x675\/filters:format(webp):quality(85)\/cloudfront-us-east-1.images.arcpublishing.com\/infobae\/KJU2Y2FVHNCAPOLLMVTDYMRVBQ.jpg 1200w,https:\/\/www.infobae.com\/new-resizer\/48Zgfr_omxDWyRKrLnn-AKG2xLE=\/1440x810\/filters:format(webp):quality(85)\/cloudfront-us-east-1.images.arcpublishing.com\/infobae\/KJU2Y2FVHNCAPOLLMVTDYMRVBQ.jpg 1440w\">Otras inevitables consecuencias frecuentemente invisibilizadas de la violencia de g\u00e9nero son sus efectos en los ni\u00f1os (Imagen Ilustrativa Infobae)<\/p>\n\n\n\n<p>Otra estad\u00edstica sit\u00faa en que un&nbsp;<strong>25 % de las mujeres de 15 a 49 a\u00f1os<\/strong>&nbsp;han sido sometidas a violencia f\u00edsica y\/o sexual por parte de su pareja \u00edntima al menos una vez en su vida. Hay&nbsp;<a rel=\"noreferrer noopener\" href=\"https:\/\/vaw-data.srhr.org\/\" target=\"_blank\">estad\u00edsticas&nbsp;<\/a>entre el 20 al 33% seg\u00fan las diferentes regiones del mundo, desde el 20% en el&nbsp;<strong>Pac\u00edfico Occidental<\/strong>, el 22% en los pa\u00edses de ingresos altos y&nbsp;<strong>Europa&nbsp;<\/strong>y el 25% en&nbsp;<strong>Sud Am\u00e9rica<\/strong>&nbsp;hasta el 33% en la&nbsp;<strong>Regi\u00f3n Africana y Sudeste Asi\u00e1tico.<\/strong><\/p>\n\n\n\n<h2 class=\"wp-block-heading\">Efectos en la salud mental<\/h2>\n\n\n\n<p>La violencia contra las mujeres puede tener consecuencias a m\u00e1s largo plazo e inclusive en \u00e1reas a veces no tan tenidas en cuenta o minimizadas, como son las&nbsp;<strong>secuelas en la salud mental<\/strong>. Quiz\u00e1s por habituales en sociedades del malestar y del vac\u00edo, ya se considera que forman parte de la normalidad, pero las personas que sufren violencia tienen un&nbsp;<strong>mayor riesgo de desarrollar cuadros como depresi\u00f3n, ansiedad, trastorno de estr\u00e9s postraum\u00e1tico (TEPT), e inclusive cuadros psic\u00f3ticos<\/strong>. Tampoco hay que obviar la frecuente comorbilidad del&nbsp;<strong>abuso de sustancias ilegales o inclusive f\u00e1rmacos&nbsp;<\/strong>como intento de salida o desgraciadamente una \u00faltima v\u00eda de escape en la desesperaci\u00f3n que son las&nbsp;<a rel=\"noreferrer noopener\" href=\"https:\/\/www.unwomen.org\/en\/what-we-do\/ending-violence-against-women\/faqs\/types-of-violence\" target=\"_blank\"><strong>conductas suicidas<\/strong><\/a>&nbsp;directas, ya no indirectas como son las adicciones.<\/p>\n\n\n\n<p>Por otra parte, es evidente que el padecimiento de estas enfermedades o en realidad el ingreso en esa condici\u00f3n mental incide en la salud de manera completa y as\u00ed las&nbsp;<strong>consecuencias psicosom\u00e1ticas<\/strong>. Asimismo, se incrementa la&nbsp;<strong>vulnerabilidad&nbsp;<\/strong>y as\u00ed a padecer m\u00e1s violencia, potenciando el&nbsp;<strong>circuito de abuso, sufrimiento y revictimizaci\u00f3n.<\/strong><\/p>\n\n\n\n<p><img loading=\"lazy\" decoding=\"async\" alt=\"La persistencia de la alerta del miedo se expresa bajo diversas formas de trastornos de ansiedad (Imagen Ilustrativa Infobae)\" height=\"816\" width=\"1456\" src=\"https:\/\/www.infobae.com\/new-resizer\/KRG27OCAm2_q7a4oUUjVOB-Vy48=\/420x236\/filters:format(webp):quality(85)\/cloudfront-us-east-1.images.arcpublishing.com\/infobae\/G6B6ZWZD7JD5ZDHOIVWYCPNCJM.jpg%20420w\" srcset=\"https:\/\/www.infobae.com\/new-resizer\/KRG27OCAm2_q7a4oUUjVOB-Vy48=\/420x236\/filters:format(webp):quality(85)\/cloudfront-us-east-1.images.arcpublishing.com\/infobae\/G6B6ZWZD7JD5ZDHOIVWYCPNCJM.jpg 420w,https:\/\/www.infobae.com\/new-resizer\/TMjdkn7CAetG51T0FHFIFHKFD_0=\/768x432\/filters:format(webp):quality(85)\/cloudfront-us-east-1.images.arcpublishing.com\/infobae\/G6B6ZWZD7JD5ZDHOIVWYCPNCJM.jpg 768w,https:\/\/www.infobae.com\/new-resizer\/4U7me8HRv4NDYTU-oKjUs7cP25Y=\/992x558\/filters:format(webp):quality(85)\/cloudfront-us-east-1.images.arcpublishing.com\/infobae\/G6B6ZWZD7JD5ZDHOIVWYCPNCJM.jpg 992w,https:\/\/www.infobae.com\/new-resizer\/nHweW9Kzm0yQlpFbnFsjWCyx5Oc=\/1200x675\/filters:format(webp):quality(85)\/cloudfront-us-east-1.images.arcpublishing.com\/infobae\/G6B6ZWZD7JD5ZDHOIVWYCPNCJM.jpg 1200w,https:\/\/www.infobae.com\/new-resizer\/JR2S30K2t8Wh4uxgbMOAwm5keMI=\/1440x810\/filters:format(webp):quality(85)\/cloudfront-us-east-1.images.arcpublishing.com\/infobae\/G6B6ZWZD7JD5ZDHOIVWYCPNCJM.jpg 1440w\">La persistencia de la alerta del miedo se expresa bajo diversas formas de trastornos de ansiedad (Imagen Ilustrativa Infobae)<\/p>\n\n\n\n<p>Algunas de las&nbsp;<strong>consecuencias psicol\u00f3gicas y psiqui\u00e1tricas de la violencia contra las mujeres son:<\/strong><\/p>\n\n\n\n<p><strong>&#8211; Depresi\u00f3n:<\/strong>&nbsp;este cuadro genera m\u00e1s all\u00e1 del estado an\u00edmico, p\u00e9rdida de inter\u00e9s, baja autoestima, culpa, desesperanza y pensamientos suicidas. Se considera que la probabilidad de sufrir cuadros depresivos en comparaci\u00f3n con las mujeres que no han sufrido&nbsp;<a rel=\"noreferrer noopener\" href=\"https:\/\/www.who.int\/news-room\/feature-stories\/detail\/violence-against-women\" target=\"_blank\">violencia<\/a>,&nbsp;<strong>es el doble en violencia de pareja y el triple en aquellas v\u00edctimas de violencia sexual<\/strong>. Los cuadros dist\u00edmicos cr\u00f3nicos no solo afectan la salud mental, sino la f\u00edsica, pero esencialmente las diferentes \u00e1reas de la&nbsp;<strong>proyecci\u00f3n existencial, trabajo, estudios, proyectos vitales etc.<\/strong><\/p>\n\n\n\n<p><strong>&#8211; Ansiedad:<\/strong>&nbsp;sin bien es una respuesta inicialmente adaptativa, luego se transforma en la persistencia de la alerta del miedo que se expresa bajo diversas formas de trastornos de ansiedad. Al igual que la depresi\u00f3n u otros cuadros la correlaci\u00f3n violencia y ansiedad es directa y as\u00ed las mujeres que son v\u00edctimas de alguna de las formas de la mismas est\u00e1n representadas de mayor manera en las estad\u00edsticas de estos cuadros. El&nbsp;<strong>trastorno de ansiedad generalizada,&nbsp;<\/strong>el trastorno de&nbsp;<strong>p\u00e1nico,&nbsp;<\/strong>el trastorno de<strong>&nbsp;ansiedad social y las fobias&nbsp;<\/strong>son frecuentes y casi inevitables<strong>.<\/strong><\/p>\n\n\n\n<p>&#8211; El&nbsp;<strong>consumo de psicof\u00e1rmacos autoadministrados<\/strong>&nbsp;tambi\u00e9n se incrementa, al mismo tiempo que el acceso a la atenci\u00f3n en salud mental se dificulta. Al igual que en otros cuadros los victimarios usan inclusive la eventualidad de ese tratamiento, para culpabilizar a\u00fan m\u00e1s a la v\u00edctima, en base al&nbsp;<strong>estigma&nbsp;<\/strong>que existe en la sociedad respecto a la atenci\u00f3n psiqui\u00e1trica y act\u00faa como un fen\u00f3meno de&nbsp;<strong>culpabilizaci\u00f3n&nbsp;<\/strong>tanto externa como propia. La&nbsp;<strong>\u201cenferma mental\u201d<\/strong>&nbsp;es as\u00ed responsable de su victimizaci\u00f3n y no a la inversa, y en muchos casos la v\u00edctima lo cree. Estas consideraciones ligadas a la&nbsp;<strong>verg\u00fcenza y la culpa<\/strong>&nbsp;son aplicables tambi\u00e9n a otros cuadros.<\/p>\n\n\n\n<p><img loading=\"lazy\" decoding=\"async\" alt=\"Una estad\u00edstica afirma que un 25 % de las mujeres de 15 a 49 a\u00f1os han sido sometidas a violencia f\u00edsica y\/o sexual por parte de su pareja \u00edntima al menos una vez en su vida\" height=\"5327\" width=\"7990\" src=\"https:\/\/www.infobae.com\/new-resizer\/c4aErEoC-H0wrHPj5VH7tqaQyzg=\/420x280\/filters:format(webp):quality(85)\/cloudfront-us-east-1.images.arcpublishing.com\/infobae\/VKDA4IPIV5AHVAQHRTVAX4NDYA.jpg%20420w\" srcset=\"https:\/\/www.infobae.com\/new-resizer\/c4aErEoC-H0wrHPj5VH7tqaQyzg=\/420x280\/filters:format(webp):quality(85)\/cloudfront-us-east-1.images.arcpublishing.com\/infobae\/VKDA4IPIV5AHVAQHRTVAX4NDYA.jpg 420w,https:\/\/www.infobae.com\/new-resizer\/tPK-M1LjWPjiB4a58t7XValxAtE=\/768x512\/filters:format(webp):quality(85)\/cloudfront-us-east-1.images.arcpublishing.com\/infobae\/VKDA4IPIV5AHVAQHRTVAX4NDYA.jpg 768w,https:\/\/www.infobae.com\/new-resizer\/7gDz9Z9hlVERG7mwOswSRJEFUjk=\/992x661\/filters:format(webp):quality(85)\/cloudfront-us-east-1.images.arcpublishing.com\/infobae\/VKDA4IPIV5AHVAQHRTVAX4NDYA.jpg 992w,https:\/\/www.infobae.com\/new-resizer\/Eef4B6L7hsorNSBQz4QzZxcioH4=\/1200x800\/filters:format(webp):quality(85)\/cloudfront-us-east-1.images.arcpublishing.com\/infobae\/VKDA4IPIV5AHVAQHRTVAX4NDYA.jpg 1200w,https:\/\/www.infobae.com\/new-resizer\/wtCgKX3dmj_YHMHycLnmBR6cQk4=\/1440x960\/filters:format(webp):quality(85)\/cloudfront-us-east-1.images.arcpublishing.com\/infobae\/VKDA4IPIV5AHVAQHRTVAX4NDYA.jpg 1440w\">Una estad\u00edstica afirma que un 25 % de las mujeres de 15 a 49 a\u00f1os han sido sometidas a violencia f\u00edsica y\/o sexual por parte de su pareja \u00edntima al menos una vez en su vida<\/p>\n\n\n\n<p><strong>&#8211; Trastorno de estr\u00e9s postraum\u00e1tico (TEPT):<\/strong>&nbsp;es un trastorno que puede desarrollarse despu\u00e9s de la exposici\u00f3n a un evento traum\u00e1tico, como la&nbsp;<a rel=\"noreferrer noopener\" href=\"https:\/\/www.cambridge.org\/core\/journals\/european-psychiatry\/article\/psychological-and-psychiatric-consequences-of-violence-against-women\/16AA87F4C38EB4D391B3227D37C17F94\" target=\"_blank\">violencia<\/a>. Se manifiesta mediante&nbsp;<strong>cuatro s\u00edntomas principales<\/strong>:<strong>&nbsp;revivir el trauma<\/strong>&nbsp;a trav\u00e9s de recuerdos intrusivos, pesadillas o flashbacks;&nbsp;<strong>conductas evitativas;<\/strong>&nbsp;<strong>alteraciones cognitivas y an\u00edmicas<\/strong>, como culpa, verg\u00fcenza, desapego o creencias distorsionadas, y por \u00faltimo el&nbsp;<strong>incremento de la alerta<\/strong>&nbsp;con hiperactivaci\u00f3n, hipervigilancia, irritabilidad, insomnio o respuesta auton\u00f3micas aumentadas.<\/p>\n\n\n\n<p><strong>&#8211; Abuso de sustancias:<\/strong>&nbsp;aparece al igual que el de psicof\u00e1rmacos como intento de escape y al mismo tiempo como equivalente depresivo y autolesivo. Lo que nos lleva a las conductas suicidas.<\/p>\n\n\n\n<p><strong>&#8211; Conductas suicidas:<\/strong>&nbsp;tienen su origen en la huida del \u00edtem anterior y a su vez al incremento de otras patolog\u00edas psiqui\u00e1tricas com\u00f3rbidas fruto del cuadro, como el TEPT. En este contexto se comprueban conductas de riesgo que en algunos casos no son comprendidas en el contexto que ocurren y se adjudican a la personalidad de base.<\/p>\n\n\n\n<p><img loading=\"lazy\" decoding=\"async\" alt=\"La violencia de g\u00e9nero puede causar estr\u00e9s postraum\u00e1tico, que se manifiesta mediante cuatro s\u00edntomas principales: revivir el trauma a trav\u00e9s de recuerdos intrusivos, pesadillas o flashbacks; conductas evitativas; alteraciones cognitivas y an\u00edmicas e incremento de la alerta (Imagen Ilustrativa Infobae)\" height=\"816\" width=\"1456\" src=\"https:\/\/www.infobae.com\/new-resizer\/B8mMhDs2Fafv9QnD6RXbpLuayU8=\/420x236\/filters:format(webp):quality(85)\/cloudfront-us-east-1.images.arcpublishing.com\/infobae\/OLBSSTGOT5BEJL4BMTLPRN2WPE.png%20420w\" srcset=\"https:\/\/www.infobae.com\/new-resizer\/B8mMhDs2Fafv9QnD6RXbpLuayU8=\/420x236\/filters:format(webp):quality(85)\/cloudfront-us-east-1.images.arcpublishing.com\/infobae\/OLBSSTGOT5BEJL4BMTLPRN2WPE.png 420w,https:\/\/www.infobae.com\/new-resizer\/9CjVGBqU7l9UhxmlyS7ZlgDcrdA=\/768x432\/filters:format(webp):quality(85)\/cloudfront-us-east-1.images.arcpublishing.com\/infobae\/OLBSSTGOT5BEJL4BMTLPRN2WPE.png 768w,https:\/\/www.infobae.com\/new-resizer\/FdadXI1yihXn105k329ROWbmiio=\/992x558\/filters:format(webp):quality(85)\/cloudfront-us-east-1.images.arcpublishing.com\/infobae\/OLBSSTGOT5BEJL4BMTLPRN2WPE.png 992w,https:\/\/www.infobae.com\/new-resizer\/lRceVDqmA9sD7E9KNMjSdAsgefY=\/1200x675\/filters:format(webp):quality(85)\/cloudfront-us-east-1.images.arcpublishing.com\/infobae\/OLBSSTGOT5BEJL4BMTLPRN2WPE.png 1200w,https:\/\/www.infobae.com\/new-resizer\/JLs4jSj2ZYgp2Zj08dygAUr1tcE=\/1440x810\/filters:format(webp):quality(85)\/cloudfront-us-east-1.images.arcpublishing.com\/infobae\/OLBSSTGOT5BEJL4BMTLPRN2WPE.png 1440w\">La violencia de g\u00e9nero puede causar estr\u00e9s postraum\u00e1tico, que se manifiesta mediante cuatro s\u00edntomas principales: revivir el trauma a trav\u00e9s de recuerdos intrusivos, pesadillas o flashbacks; conductas evitativas; alteraciones cognitivas y an\u00edmicas e incremento de la alerta (Imagen Ilustrativa Infobae)<\/p>\n\n\n\n<p><strong>&#8211; Psicosis:<\/strong>&nbsp;Por \u00faltimo, no es ajena a esta situaci\u00f3n, la probabilidad de desarrollar cuadros psic\u00f3ticos, sea en relaci\u00f3n a alguno de los factores anteriores, como el abuso de sustancias, o el trauma, o la incidencia sobre factores de base que se ven sometidos a una presi\u00f3n ps\u00edquica que generan la ruptura psic\u00f3tica. Al igual que los otros cuadros, las mujeres bajo condiciones de violencia tienen mayores probabilidades de desarrollar un cuadro psic\u00f3tico. Las&nbsp;<a rel=\"noreferrer noopener\" href=\"https:\/\/www.unwomen.org\/en\/what-we-do\/ending-violence-against-women\/faqs\/types-of-violence\" target=\"_blank\">formas de la violencia<\/a>&nbsp;tambi\u00e9n inciden en cuanto a la diferente probabilidad de generar esa&nbsp;<strong>disociaci\u00f3n traum\u00e1tica<\/strong>, que de incrementarse puede llevar a la psicosis.<\/p>\n\n\n\n<p><strong>La violencia es un tema de salud p\u00fablica y se manifiesta de m\u00faltiples maneras.<\/strong>&nbsp;Aquella dirigida contra las mujeres no escapa a esto y tiene algunas caracter\u00edsticas diferenciales que le dan una especial importancia. Al igual que otros temas en salud la&nbsp;<strong>prevenci\u00f3n primaria<\/strong>, la&nbsp;<strong>detecci\u00f3n temprana<\/strong>&nbsp;de indicadores de violencia contra las mujeres en sus diferentes y m\u00faltiples formas, requiere no solo la&nbsp;<strong>concientizaci\u00f3n<\/strong>, sino la&nbsp;<strong>capacitaci\u00f3n&nbsp;<\/strong>espec\u00edfica y las&nbsp;<strong>herramientas y recursos&nbsp;<\/strong>necesarios para enfrentar este fen\u00f3meno creciente.<\/p>\n\n\n\n<p>El abordar la&nbsp;<strong>matriz cultural<\/strong>&nbsp;que subyace en la violencia es de suma importancia, ya que es esta una forma de&nbsp;<strong>prevenci\u00f3n secundaria<\/strong>. El papel de los diversos actores, como los&nbsp;<strong>gobiernos, la sociedad civil, los medios de comunicaci\u00f3n, la educaci\u00f3n, la justicia y la seguridad<\/strong>&nbsp;es esencial, as\u00ed como el manejo coordinado de estos recursos.<\/p>\n\n\n\n<p>Por \u00faltimo, quiz\u00e1s sea importante recordar que no estamos hablando solo de las v\u00edctimas primarias en apariencia, sino que otra inevitable consecuencia frecuentemente invisibilizada que son los&nbsp;<strong>ni\u00f1os, no solo inmersos en la misma violencia sino la secuelar a aquella que sufre su madre.<\/strong><\/p>\n\n\n\n<p><em>* El doctor Enrique De Rosa Alabaster se especializa en temas de salud mental. Es m\u00e9dico psiquiatra, neur\u00f3logo, sex\u00f3logo y m\u00e9dico legista<\/em><\/p>\n\n\n\n<p>Fuente: https:\/\/www.infobae.com\/salud\/2023\/11\/27\/de-estres-postraumatico-a-depresion-las-consecuencias-de-la-violencia-en-la-salud-mental-de-las-mujeres\/<\/p>\n","protected":false},"excerpt":{"rendered":"<p>Esta realidad se manifiesta de m\u00faltiples maneras, desde sutiles hasta mortales, impactando profundamente en su salud mental y f\u00edsica. Este fen\u00f3meno afecta no solo a la salud individual, sino tambi\u00e9n al bienestar social y econ\u00f3mico de las v\u00edctimas. Hay diversas formas de violencia, desde el da\u00f1o f\u00edsico, al psicol\u00f3gico, as\u00ed como el sometimiento expresado en [&hellip;]<\/p>\n","protected":false},"author":3,"featured_media":377,"comment_status":"open","ping_status":"open","sticky":false,"template":"","format":"standard","meta":{"footnotes":""},"categories":[11,3],"tags":[226,225,224],"class_list":["post-376","post","type-post","status-publish","format-standard","has-post-thumbnail","hentry","category-agenda","category-principal","tag-consecuencias","tag-salud-mental","tag-violencia-contra-las-mujeres"],"_links":{"self":[{"href":"https:\/\/noticiassaludables.com.ar\/index.php?rest_route=\/wp\/v2\/posts\/376","targetHints":{"allow":["GET"]}}],"collection":[{"href":"https:\/\/noticiassaludables.com.ar\/index.php?rest_route=\/wp\/v2\/posts"}],"about":[{"href":"https:\/\/noticiassaludables.com.ar\/index.php?rest_route=\/wp\/v2\/types\/post"}],"author":[{"embeddable":true,"href":"https:\/\/noticiassaludables.com.ar\/index.php?rest_route=\/wp\/v2\/users\/3"}],"replies":[{"embeddable":true,"href":"https:\/\/noticiassaludables.com.ar\/index.php?rest_route=%2Fwp%2Fv2%2Fcomments&post=376"}],"version-history":[{"count":1,"href":"https:\/\/noticiassaludables.com.ar\/index.php?rest_route=\/wp\/v2\/posts\/376\/revisions"}],"predecessor-version":[{"id":378,"href":"https:\/\/noticiassaludables.com.ar\/index.php?rest_route=\/wp\/v2\/posts\/376\/revisions\/378"}],"wp:featuredmedia":[{"embeddable":true,"href":"https:\/\/noticiassaludables.com.ar\/index.php?rest_route=\/wp\/v2\/media\/377"}],"wp:attachment":[{"href":"https:\/\/noticiassaludables.com.ar\/index.php?rest_route=%2Fwp%2Fv2%2Fmedia&parent=376"}],"wp:term":[{"taxonomy":"category","embeddable":true,"href":"https:\/\/noticiassaludables.com.ar\/index.php?rest_route=%2Fwp%2Fv2%2Fcategories&post=376"},{"taxonomy":"post_tag","embeddable":true,"href":"https:\/\/noticiassaludables.com.ar\/index.php?rest_route=%2Fwp%2Fv2%2Ftags&post=376"}],"curies":[{"name":"wp","href":"https:\/\/api.w.org\/{rel}","templated":true}]}}