{"id":401,"date":"2023-11-29T10:58:15","date_gmt":"2023-11-29T13:58:15","guid":{"rendered":"https:\/\/noticiassaludables.com.ar\/?p=401"},"modified":"2023-11-29T10:58:16","modified_gmt":"2023-11-29T13:58:16","slug":"lo-que-plantea-milei-a-la-larga-cuesta-vida","status":"publish","type":"post","link":"https:\/\/noticiassaludables.com.ar\/?p=401","title":{"rendered":"&#8220;Lo que plantea Milei a la larga cuesta vida&#8221;"},"content":{"rendered":"\n<h2 class=\"wp-block-heading\">El especialista analiza el rol de las maratones quir\u00fargicas, la pol\u00edtica que realiza&nbsp; intervenciones los fines de semana para reducir la espera. Qu\u00e9 depara el futuro.<\/h2>\n\n\n\n<p><a href=\"https:\/\/www.pagina12.com.ar\/autores\/509381-luca-fernandez\"><\/a><\/p>\n\n\n\n<figure class=\"wp-block-image\"><img decoding=\"async\" src=\"https:\/\/images.pagina12.com.ar\/styles\/focal_3_2_960x640\/public\/2023-11\/794336-img-20231128-wa0168-20-281-29.jpg?h=34bbd072&amp;itok=P7wkmOLk\" alt=\"Juan Riera junto al ministro Nicol\u00e1s Kreplak.\u00a0\"\/><figcaption class=\"wp-element-caption\">Juan Riera junto al ministro Nicol\u00e1s Kreplak.&nbsp;<\/figcaption><\/figure>\n\n\n\n<p>&#8220;<strong>Garantizar el derecho a la salud es garantizar una mejor calidad de vida<\/strong>, m\u00e1s prolongada y en mejores condiciones.&nbsp;<strong>Lo que plantea Javier Milei, de libre mercado e individualismo, a la larga cuesta vida.<\/strong>&nbsp;La expectativa de vida tiene que ver con garantizar la promoci\u00f3n y la prevenci\u00f3n de la salud. Hay que conversar, charlar y profundizar en la conciencia colectiva del pueblo bonaerense, para entender que lo que est\u00e1 hoy no es para siempre, porque hay pol\u00edticas que van en contra de eso, y por ende va en contra de nosotros mismos.&#8221;<\/p>\n\n\n\n<p>Quien habla con&nbsp;<strong>BuenosAires\/12<\/strong>&nbsp;es&nbsp;<strong>Juan Riera<\/strong>, director provincial de Hospitales. El \u00e1rea que \u00e9l conduce dentro de la cartera sanitaria bonaerense es la encargada de llevar adelante las&nbsp;<strong>&#8220;Maratones quir\u00fargicas&#8221;<\/strong>, un dispositivo adoptado durante 2023 que realiza intervenciones quir\u00fargicas de baja complejidad durante los s\u00e1bados y domingos, con el fin de achicar las listas de espera. &#8220;Esto impact\u00f3 fuertemente en la reducci\u00f3n de la espera para las cirug\u00edas, est\u00e1 mejorando mucho la capacidad de respuesta, sobre todo en cirug\u00edas generales, el resultado es positivo y estamos muy contentos&#8221;, explica el m\u00e9dico generalista.<\/p>\n\n\n\n<p>Riera, que a\u00f1os atr\u00e1s se desempe\u00f1\u00f3 como m\u00e9dico rural, fue concejal y secretario de salud de&nbsp;<strong>San Antonio de Areco<\/strong>, le cuenta a este medio que las maratones, que son financiadas \u00edntegramente por la provincia de Buenos Aires, demostraron que &#8220;mejoran el acceso y facilitan la posibilidad de que la gente se realice los estudios y las intervenciones&#8221;.<\/p>\n\n\n\n<p>En cuanto a las medidas que plante\u00f3 el presidente electo, Riera asegura que su temor no tiene que ver &#8220;s\u00f3lo con los recortes&#8221;, sino en c\u00f3mo se comporten los mercados de pr\u00f3tesis e insumos. Si bien valora la creaci\u00f3n del banco de pr\u00f3tesis propio por parte del Estado bonaerense, el director se\u00f1ala que, al tratarse de \u00f3rdenes de compras abiertas, &#8220;los proveedores deben proveer, ya que si no lo hacen con precios razonables, es muy dif\u00edcil sostener algunos procedimientos&#8221;. Y ampl\u00eda: &#8220;Los bonaerenses convalidaron la gesti\u00f3n de Kicillof para seguir garantizando derechos, no para reducirlos. Haremos todo lo posible para que eso se cumpla, pero la provincia no es una isla, est\u00e1 enmarcada bajo condiciones macroecon\u00f3micas&#8221;.<\/p>\n\n\n\n<p>&#8220;Si el gobierno nacional instituye un modelo que permite seguir con los procedimientos continuaremos con estas pol\u00edticas, si no tendremos que buscar estrategias alternativas que permitan cumplir con el electorado y garantizarle los derechos que quisieron los bonaerenses&#8221;, explica.<\/p>\n\n\n\n<p>&#8220;Esto es un dispositivo, se usa para una situaci\u00f3n puntual y despu\u00e9s se encausa en el proyecto de gesti\u00f3n&#8221;, explica el director de Hospitales. Si bien se\u00f1ala que los n\u00fameros actuales de las listas de espera &#8220;est\u00e1n segmentados y dependen de cada hospital&#8221;, asegura que &#8220;en t\u00e9rminos generales se redujo bastante&#8221;.<\/p>\n\n\n\n<p>Como la pol\u00edtica se lleva a cabo los fines de semana, por fuera del horario de trabajo, los profesionales reciben un pago aparte. &#8220;Es un est\u00edmulo al profesional el hecho de cobrar un dinero extra, la adhesi\u00f3n de los especialistas de cada equipo se debe a la idea de sumar un ingreso m\u00e1s, eso jug\u00f3 a favor&#8221;, dice Riera, que a su vez destaca que &#8220;las fuerzas laborales de salud y su escasez en determinadas especialidades est\u00e1 atravesado por varios factores&#8221;, lo que genera que &#8220;tener la posibilidad de trabajar en tu propio hospital el d\u00eda que no te toca sea un incentivo&#8221;.<\/p>\n\n\n\n<h2 class=\"wp-block-heading\">Las maratones<\/h2>\n\n\n\n<p>La pandemia del coronavirus, catalogada como &#8220;la calamidad sanitaria m\u00e1s grande de la historia&#8221; por el gobernador&nbsp;<strong>Axel Kicillof<\/strong>, gener\u00f3 un incremento masivo en la lista de espera de las cirug\u00edas prevalentes de baja complejidad, algo que ocurri\u00f3 tanto en la provincia de Buenos Aires como en el resto del pa\u00eds. El entramado sanitario, azotado por la inundaci\u00f3n de contagios, achic\u00f3 su margen de respuesta y se centr\u00f3 \u00fanicamente en resolver las patolog\u00edas urgentes y de gravedad.<\/p>\n\n\n\n<p>La postergaci\u00f3n de los miles de tratamientos de patolog\u00edas menores gener\u00f3, adem\u00e1s de engrosar las listas de espera, que se agudizaran los cuadros y se complicara la recuperaci\u00f3n de los pacientes. A ra\u00edz de ello, el Ministerio de Salud aument\u00f3 las intervenciones quir\u00fargicas de baja complejidad durante los s\u00e1bados y domingos, lo que garantiza disponibilidad de camas, quir\u00f3fanos y personal provincial por fuera del horario habitual de trabajo en los hospitales de la provincia.<\/p>\n\n\n\n<p>Desde que la cartera sanitaria conducida por&nbsp;<strong>Nicol\u00e1s Kreplak<\/strong>&nbsp;impuls\u00f3 a mitad de a\u00f1o las &#8220;Matarones Quir\u00fargicas&#8221;,&nbsp;<strong>ya fueron 507 los pacientes intervenidos bajo esta modalidad en m\u00e1s de 42 hospitales.<\/strong>&nbsp;Mediante esta pol\u00edtica, articulada entre la&nbsp;<strong>Red de Cirug\u00eda&nbsp;<\/strong>y la<strong>&nbsp;Direcci\u00f3n Provincial de Hospitales<\/strong>,<strong>&nbsp;334 bonaerenses recibieron cirug\u00edas generales, (ves\u00edculas o hernias), 28 fueron operados de endoscopias digestivas y 8 obtuvieron operaciones de \u00edndole traumatol\u00f3gica.<\/strong>&nbsp;<\/p>\n\n\n\n<p>En cuanto a la anticoncepci\u00f3n quir\u00fargica,&nbsp;<strong>el Estado bonaerense realiz\u00f3 70 vasectom\u00edas y 67 ligaduras tubarias<\/strong>. Adem\u00e1s, durante la semana de concientizaci\u00f3n sobre el c\u00e1ncer de mama, en octubre,<strong>&nbsp;1.315 mujeres participaron de la marat\u00f3n de mamograf\u00edas.<\/strong><\/p>\n\n\n\n<p>En ese campo, uno de los efectores especializados en \u00e9ste \u00e1rea es el&nbsp;<strong>Hospital de Maternidad provincial Estela de Carlotto<\/strong>, ubicado en el municipio de Moreno.&nbsp;<strong>Eduardo Fern\u00e1ndez<\/strong>, su director ejecutivo, dialoga con BuenosAires\/12 y afirma que &#8220;hab\u00eda mucha espera de anticoncepci\u00f3n quir\u00fargica, tanto en mujeres como en varones&#8221;.<\/p>\n\n\n\n<p>El hospital que \u00e9l conduce pertenece a la regi\u00f3n sanitaria VII, que est\u00e1 situada al noroeste y al oeste del conurbano bonaerense y conformada por diez partidos:&nbsp;<strong>General Las Heras, General Rodr\u00edguez, Hurlingham, Ituzaing\u00f3, Lujan, Marcos Paz, Merlo, Moreno, Mor\u00f3n y Tres de Febrero<\/strong>. La regi\u00f3n ocupa 2.917 kil\u00f3metros cuadrados, un 0,9 por ciento del territorio provincial, y su alcance abarca a m\u00e1s de dos millones de personas.<\/p>\n\n\n\n<figure class=\"wp-block-image\"><img decoding=\"async\" src=\"https:\/\/images.pagina12.com.ar\/styles\/width960\/public\/2023-11\/794336-img-20231128-wa0165.jpg?itok=qx5xu7vw\" alt=\"\"\/><\/figure>\n\n\n\n<h2 class=\"wp-block-heading\">La organizaci\u00f3n<\/h2>\n\n\n\n<p>Cuando la cartera sanitaria bonaerense le avisa a los hospitales que habr\u00e1 una nueva marat\u00f3n, \u00e9stos formulan un relevamiento con el fin de seleccionar las prioridades. V\u00eda telef\u00f3nica, las autoridades convocan a los pacientes a realizarse los estudios prequir\u00fargicos, y le indican la fecha en la que ser\u00e1n operados. Fern\u00e1ndez le dice a este diario que &#8220;los pacientes demuestran una satisfacci\u00f3n muy grande&#8221;, gracias a que &#8220;la respuesta es excelente, porque la persona siente que se le garantiza un derecho que es ley, como la anticoncepci\u00f3n quir\u00fargica, que fue muy postergada en algunas ocasiones&#8221;. &#8220;La satisfacci\u00f3n es enorme, tiene un impacto muy grande para la poblaci\u00f3n, y para eso trabajamos, para que las pol\u00edticas p\u00fablicas le lleguen a la gente&#8221;, ampl\u00eda el especialista.<\/p>\n\n\n\n<p>Al contrario de lo que ocurre en las competencias deportivas, los art\u00edfices de esta pol\u00edtica subrayan que el nombre &#8220;Maratones Quir\u00fargicas&#8221; no est\u00e1 vinculado a la &#8220;competencia&#8221;, sino que la denominaci\u00f3n est\u00e1 ligada al prop\u00f3sito de &#8220;desaf\u00edo y resistencia&#8221;, ya que las jornadas de intervenci\u00f3n son intensivas y requieren de la disponibilidad de camas, insumos y recursos.&nbsp;<\/p>\n\n\n\n<p>El director ejecutivo del Carlotto se suma a esa concepci\u00f3n, y asegura que en su hospital &#8220;el funcionamiento siempre fue perfecto&#8221;. Tilda las maratones como &#8220;un dispositivo muy interesante&#8221;, ya que adem\u00e1s de necesitar de un&nbsp;<strong>equipo interdisciplinario compuesto por cirujanos, ayudantes, instrumentadores circulantes, anestesi\u00f3logos, camilleros, y m\u00e9dicos que visualizan la internaci\u00f3n<\/strong>, &#8220;es un trabajo intensivo que encima facilita la cotidianidad de los pacientes, ya que al tratarse de fin de semana, no tienen que cortar sus trabajos&#8221;.<\/p>\n\n\n\n<p>Esta herramienta fue autom\u00e1ticamente aceptada por los hospitales bonaerenses, que desde el inicio mostraron total predisposici\u00f3n. Esto tambi\u00e9n tiene su l\u00f3gica, y no se explica \u00fanicamente en el r\u00e9dito econ\u00f3mico:&nbsp;<strong>los trabajadores de la salud estaban cansados de no poder brindar respuestas ni soluciones a sus pacientes<\/strong>.&nbsp;<\/p>\n\n\n\n<p>Explica Fern\u00e1ndez: &#8220;Nosotros sentimos que somos el Estado cuando participamos de estas iniciativas del ministerio, y sobre todo en este momento, donde est\u00e1 tan discutida la participaci\u00f3n estatal. Seg\u00fan la respuesta que uno da es la imagen que la poblaci\u00f3n se lleva del Estado, y nosotros dimos una respuesta muy satisfactoria. Estamos conmovidos por lograr esta soluci\u00f3n&#8221;.<\/p>\n\n\n\n<h2 class=\"wp-block-heading\">Dos realidades<\/h2>\n\n\n\n<p>Fern\u00e1ndez es ginec\u00f3logo y se desempe\u00f1a como director ejecutivo del Carlotto desde hace siete a\u00f1os. Luego del triunfo electoral de Milei, que estuvo acompa\u00f1ado por la promesa de reducir el Ministerio de Salud de Naci\u00f3n a una secretar\u00eda, el especialista le dice a este diario que atraviesa &#8220;una preocupaci\u00f3n muy importante&#8221;.&nbsp;<strong>&#8220;Cuando el ministerio se reduce a secretaria b\u00e1sicamente se achican los programas, los presupuestos y las pol\u00edticas<\/strong>. No permite llegarle a la gente en tiempo y forma. Ya ha pasado, lo hemos vivido con Mauricio Macri&#8221;, subraya.<\/p>\n\n\n\n<p>Al hablar de los \u00faltimos cuatro a\u00f1os, Fern\u00e1ndez asegura que, con pandemia y todo, han tenido &#8220;un alcance impresionante&#8221;, que gener\u00f3 que &#8220;nadie que se quede sin atenci\u00f3n en tiempo y forma, incluso del sector privado&#8221;. Afirma que el desaf\u00edo ser\u00e1 &#8220;no renunciar a las pol\u00edticas p\u00fablicas y a la convicci\u00f3n que tom\u00f3 el gobierno bonaerense y el ministro Kreplak desde el primer minuto&#8221;, y finaliza destacando el rol de sus colegas: &#8220;Hubo compromiso de los trabajadores que pusieron el pecho, el cuerpo y el alma estos cuatro a\u00f1os, poniendo en riesgo su vida y la de sus familias. Hay satisfacci\u00f3n por lo hecho, pero un gran desaf\u00edo de cara a lo que viene, que es garantizar derechos&#8221;.<\/p>\n\n\n\n<p>Siguiendo con la l\u00ednea de Fern\u00e1ndez, el director de Hospitales retoma el eje basado en los derechos y reflexiona:&nbsp;<strong>&#8220;Axel triunf\u00f3 porque la gente le reconoci\u00f3 eso, la posibilidad de acceder a los derechos. A nivel nacional hubo malestar, pero no se resuelve rompiendo todo, sacando ministerios, ni achicando el Estado, en un pa\u00eds como este, de enorme riquezas, se resuelve distribuy\u00e9ndola mejor<\/strong>&#8220;.&nbsp;<\/p>\n\n\n\n<p>Riera le asegura a este diario que, como profesional, &#8220;es un placer llevar adelante pol\u00edticas de salud que garantizan derechos&#8221;, y se lamenta por los planteos libertarios: &#8220;No es bueno eso de pensar &#8216;si me va bien a m\u00ed, no me importa como le va al otro&#8217;. En las concepciones colectivas el impacto positivo es general, no individual. Nadie se salva solo, y el ejemplo fue la pandemia.\u00a0<strong>Pod\u00edas tener mucho dinero y comprar un respirador, pero si no hab\u00eda un sistema sanitario que te brindara un especialista, te mor\u00edas<\/strong>&#8220;.<\/p>\n\n\n\n<p>Fuente: https:\/\/www.pagina12.com.ar\/690116-lo-que-plantea-milei-a-la-larga-cuesta-vida<\/p>\n","protected":false},"excerpt":{"rendered":"<p>El especialista analiza el rol de las maratones quir\u00fargicas, la pol\u00edtica que realiza&nbsp; intervenciones los fines de semana para reducir la espera. Qu\u00e9 depara el futuro. &#8220;Garantizar el derecho a la salud es garantizar una mejor calidad de vida, m\u00e1s prolongada y en mejores condiciones.&nbsp;Lo que plantea Javier Milei, de libre mercado e individualismo, a [&hellip;]<\/p>\n","protected":false},"author":3,"featured_media":402,"comment_status":"open","ping_status":"open","sticky":false,"template":"","format":"standard","meta":{"footnotes":""},"categories":[15,16,3,5],"tags":[238,239],"class_list":["post-401","post","type-post","status-publish","format-standard","has-post-thumbnail","hentry","category-entrevistas","category-opinion","category-principal","category-salud","tag-director-provincial-de-hospitales","tag-juan-riera"],"_links":{"self":[{"href":"https:\/\/noticiassaludables.com.ar\/index.php?rest_route=\/wp\/v2\/posts\/401","targetHints":{"allow":["GET"]}}],"collection":[{"href":"https:\/\/noticiassaludables.com.ar\/index.php?rest_route=\/wp\/v2\/posts"}],"about":[{"href":"https:\/\/noticiassaludables.com.ar\/index.php?rest_route=\/wp\/v2\/types\/post"}],"author":[{"embeddable":true,"href":"https:\/\/noticiassaludables.com.ar\/index.php?rest_route=\/wp\/v2\/users\/3"}],"replies":[{"embeddable":true,"href":"https:\/\/noticiassaludables.com.ar\/index.php?rest_route=%2Fwp%2Fv2%2Fcomments&post=401"}],"version-history":[{"count":1,"href":"https:\/\/noticiassaludables.com.ar\/index.php?rest_route=\/wp\/v2\/posts\/401\/revisions"}],"predecessor-version":[{"id":403,"href":"https:\/\/noticiassaludables.com.ar\/index.php?rest_route=\/wp\/v2\/posts\/401\/revisions\/403"}],"wp:featuredmedia":[{"embeddable":true,"href":"https:\/\/noticiassaludables.com.ar\/index.php?rest_route=\/wp\/v2\/media\/402"}],"wp:attachment":[{"href":"https:\/\/noticiassaludables.com.ar\/index.php?rest_route=%2Fwp%2Fv2%2Fmedia&parent=401"}],"wp:term":[{"taxonomy":"category","embeddable":true,"href":"https:\/\/noticiassaludables.com.ar\/index.php?rest_route=%2Fwp%2Fv2%2Fcategories&post=401"},{"taxonomy":"post_tag","embeddable":true,"href":"https:\/\/noticiassaludables.com.ar\/index.php?rest_route=%2Fwp%2Fv2%2Ftags&post=401"}],"curies":[{"name":"wp","href":"https:\/\/api.w.org\/{rel}","templated":true}]}}