{"id":404,"date":"2023-11-30T11:06:57","date_gmt":"2023-11-30T14:06:57","guid":{"rendered":"https:\/\/noticiassaludables.com.ar\/?p=404"},"modified":"2023-11-30T11:06:57","modified_gmt":"2023-11-30T14:06:57","slug":"cumbre-mundial-del-clima","status":"publish","type":"post","link":"https:\/\/noticiassaludables.com.ar\/?p=404","title":{"rendered":"Cumbre Mundial del Clima"},"content":{"rendered":"\n<h2 class=\"wp-block-heading\">Una sucesi\u00f3n de registros clim\u00e1ticos y fen\u00f3menos meteorol\u00f3gicos extremos han dejado un rastro de devastaci\u00f3n y desesperaci\u00f3n, seg\u00fan el reciente informe la Organizaci\u00f3n Meteorol\u00f3gica Mundial (OMM)<\/h2>\n\n\n\n<p><img loading=\"lazy\" decoding=\"async\" alt=\"El Secretario General de la ONU advierte que 2023 ser\u00e1 el a\u00f1o m\u00e1s c\u00e1lido de la historia y llama a la acci\u00f3n en la COP28 de Dubai (gr\u00e1fico Organizaci\u00f3n Meteorol\u00f3gica Mundial)\" height=\"352\" width=\"626\" src=\"https:\/\/www.infobae.com\/new-resizer\/nZorZbkWz1iBMn0IWNxC1HJktN8=\/420x236\/filters:format(webp):quality(85)\/cloudfront-us-east-1.images.arcpublishing.com\/infobae\/6VBBXJP2CBCMDBQDRS3RVOZCFI.png%20420w\" srcset=\"https:\/\/www.infobae.com\/new-resizer\/nZorZbkWz1iBMn0IWNxC1HJktN8=\/420x236\/filters:format(webp):quality(85)\/cloudfront-us-east-1.images.arcpublishing.com\/infobae\/6VBBXJP2CBCMDBQDRS3RVOZCFI.png 420w,https:\/\/www.infobae.com\/new-resizer\/4lJ6ZRLbvFcUD_jGU0zm9dYaQlA=\/768x432\/filters:format(webp):quality(85)\/cloudfront-us-east-1.images.arcpublishing.com\/infobae\/6VBBXJP2CBCMDBQDRS3RVOZCFI.png 768w,https:\/\/www.infobae.com\/new-resizer\/ys74hupRktVRncfBwBQs3kuUXV4=\/992x558\/filters:format(webp):quality(85)\/cloudfront-us-east-1.images.arcpublishing.com\/infobae\/6VBBXJP2CBCMDBQDRS3RVOZCFI.png 992w,https:\/\/www.infobae.com\/new-resizer\/idX9bmulGAdXd6hGzoNcxpV0pPE=\/1200x675\/filters:format(webp):quality(85)\/cloudfront-us-east-1.images.arcpublishing.com\/infobae\/6VBBXJP2CBCMDBQDRS3RVOZCFI.png 1200w,https:\/\/www.infobae.com\/new-resizer\/wIny7YML6YIDant6TBOj1FVMTxo=\/1440x810\/filters:format(webp):quality(85)\/cloudfront-us-east-1.images.arcpublishing.com\/infobae\/6VBBXJP2CBCMDBQDRS3RVOZCFI.png 1440w\">El Secretario General de la ONU advierte que 2023 ser\u00e1 el a\u00f1o m\u00e1s c\u00e1lido de la historia y llama a la acci\u00f3n en la COP28 de Dubai (gr\u00e1fico Organizaci\u00f3n Meteorol\u00f3gica Mundial)<\/p>\n\n\n\n<p>(Desde Dubai, Emiratos \u00c1rabes Unidos ) &#8211; La cumbre de cambio clim\u00e1tico en Dubai comenz\u00f3 con un discurso grabado del Secretario General de las Naciones Unidas, Ant\u00f2nio Guterres: \u201c<strong>El estado del clima mundial en 2023 es crudo y claro<\/strong>: las cosas van tan deprisa que, un mes antes de que acabe el a\u00f1o, ya podemos afirmar que 2023 ser\u00e1 el a\u00f1o m\u00e1s caluroso de la historia de la humanidad. El nivel del mar ha alcanzado m\u00e1ximos hist\u00f3ricos, y el aumento se est\u00e1 acelerando y los niveles de hielo marino en la Ant\u00e1rtida han alcanzado un m\u00ednimo hist\u00f3rico. Estamos viviendo el colapso clim\u00e1tico en tiempo real, y el impacto es devastador.\u201d<a href=\"https:\/\/www.infobae.com\/america\/medio-ambiente\/2023\/11\/30\/desafios-de-la-cop28-en-dubai-cuales-son-los-principales-ejes-que-se-abordaran-en-la-cumbre-mundial-del-clima\/\" rel=\"noreferrer noopener\" target=\"_blank\"><\/a><\/p>\n\n\n\n<p>El mensaje fue emitido previo a la inauguraci\u00f3n oficial de la cumbre y durante la presentaci\u00f3n del Informe Preliminar del Clima que cada a\u00f1o presenta la&nbsp;<strong>Organizaci\u00f3n Meteorol\u00f3gica Mundial<\/strong>&nbsp;(WMO, por sus siglas en ingl\u00e9s).<\/p>\n\n\n\n<p>El reporte confirma lo que los cient\u00edficos y diferentes organismos t\u00e9cnicos meteorol\u00f3gicos dicen desde hace dos meses:<strong>&nbsp;2023 va camino de ser el a\u00f1o m\u00e1s c\u00e1lido jam\u00e1s registrado<\/strong>.<\/p>\n\n\n\n<p>\u201cLos datos recabados hasta finales de octubre muestran que el a\u00f1o en curso se situ\u00f3 aproximadamente&nbsp;<strong>1,40\u00ba C (con un margen de incertidumbre de \u00b10,12\u00b0 C) por encima del valor de referencia representativo de la era preindustrial (1850-1900)<\/strong>. Al comparar el a\u00f1o 2023 con 2016 y 2020, los a\u00f1os m\u00e1s c\u00e1lidos hasta la fecha, la diferencia es tan importante que, con toda probabilidad, los valores que se registrar\u00e1n en los dos \u00faltimos meses del a\u00f1o no repercutir\u00e1n en la clasificaci\u00f3n\u201d, indica el informe.<\/p>\n\n\n\n<p><img loading=\"lazy\" decoding=\"async\" alt=\"Los niveles de gases de efecto invernadero siguen aumentando y se registraron temperaturas r\u00e9cord de la superficie del mar y aumento del nivel del mar (grafico: Organizaci\u00f3n Meteorol\u00f3gica Mundial)\" height=\"352\" width=\"626\" src=\"https:\/\/www.infobae.com\/new-resizer\/x_oqL2zcBdh9dmbyfw4roJg5Jug=\/420x236\/filters:format(webp):quality(85)\/cloudfront-us-east-1.images.arcpublishing.com\/infobae\/ECMTHXLBGJDBRNPYGJIEDZ3CYQ.png%20420w\" srcset=\"https:\/\/www.infobae.com\/new-resizer\/x_oqL2zcBdh9dmbyfw4roJg5Jug=\/420x236\/filters:format(webp):quality(85)\/cloudfront-us-east-1.images.arcpublishing.com\/infobae\/ECMTHXLBGJDBRNPYGJIEDZ3CYQ.png 420w,https:\/\/www.infobae.com\/new-resizer\/c8Aqtag4rrKxGKsPFO0CBmmAsMc=\/768x432\/filters:format(webp):quality(85)\/cloudfront-us-east-1.images.arcpublishing.com\/infobae\/ECMTHXLBGJDBRNPYGJIEDZ3CYQ.png 768w,https:\/\/www.infobae.com\/new-resizer\/iBin00fOpsi6yJYvT0cFG0OC7XE=\/992x558\/filters:format(webp):quality(85)\/cloudfront-us-east-1.images.arcpublishing.com\/infobae\/ECMTHXLBGJDBRNPYGJIEDZ3CYQ.png 992w,https:\/\/www.infobae.com\/new-resizer\/i61Pwksw0OtFrbofxvqlBNO9d4s=\/1200x675\/filters:format(webp):quality(85)\/cloudfront-us-east-1.images.arcpublishing.com\/infobae\/ECMTHXLBGJDBRNPYGJIEDZ3CYQ.png 1200w,https:\/\/www.infobae.com\/new-resizer\/x7HfTmPqxx2EP_2f2EOTnodJ1TE=\/1440x810\/filters:format(webp):quality(85)\/cloudfront-us-east-1.images.arcpublishing.com\/infobae\/ECMTHXLBGJDBRNPYGJIEDZ3CYQ.png 1440w\">Los niveles de gases de efecto invernadero siguen aumentando y se registraron temperaturas r\u00e9cord de la superficie del mar y aumento del nivel del mar (grafico: Organizaci\u00f3n Meteorol\u00f3gica Mundial)<\/p>\n\n\n\n<p>Los \u00faltimos nueve a\u00f1os, de 2015 a 2023, han sido los m\u00e1s c\u00e1lidos de los que se tiene constancia. Adem\u00e1s, es probable que el efecto de calentamiento del Pac\u00edfico por el fen\u00f3meno de El Ni\u00f1o \u2014que comenz\u00f3 durante la primavera de 2023 del hemisferio norte y r\u00e1pidamente cobr\u00f3 fuerza durante el verano\u2014 intensifique todav\u00eda m\u00e1s el calor en 2024, dado que sus impactos en las temperaturas mundiales suelen ser m\u00e1s importantes despu\u00e9s de que el episodio haya alcanzado su punto \u00e1lgido.<a href=\"https:\/\/www.infobae.com\/colombia\/2023\/11\/29\/reducir-drasticamente-la-produccion-de-combustibles-fosiles-en-el-mundo-en-que-consiste-la-propuesta-que-llevara-gustavo-petro-a-la-cop-28-en-dubai\/\" target=\"_blank\" rel=\"noreferrer noopener\"><\/a><a href=\"https:\/\/www.infobae.com\/colombia\/2023\/11\/29\/reducir-drasticamente-la-produccion-de-combustibles-fosiles-en-el-mundo-en-que-consiste-la-propuesta-que-llevara-gustavo-petro-a-la-cop-28-en-dubai\/\" target=\"_blank\" rel=\"noreferrer noopener\"><\/a><\/p>\n\n\n\n<p>Guterres, quien estuvo hasta hace unas horas en la Ant\u00e1rtida, advirti\u00f3 de esta manera a los l\u00edderes del mundo que se re\u00fanen aqu\u00ed a acelerar la acci\u00f3n clim\u00e1tica y a tomar determinaciones contundentes para intentar detener la suba de la temperatura promedio global en 1.5\u00baC.<\/p>\n\n\n\n<p>\u201cEste a\u00f1o, comunidades de todo el mundo se han visto azotadas por incendios, inundaciones y temperaturas abrasadoras. El calentamiento global r\u00e9cord deber\u00eda provocar escalofr\u00edos a los l\u00edderes mundiales. Y deber\u00eda impulsarlos a actuar. Tenemos la hoja de ruta para limitar el aumento de la temperatura global a 1,5\u00baC y evitar lo peor del caos clim\u00e1tico.<\/p>\n\n\n\n<p>Pero necesitamos que los l\u00edderes den el pistoletazo de salida en la COP28 a una carrera por mantener vivo ese l\u00edmite\u201d, sostuvo.<\/p>\n\n\n\n<p><img loading=\"lazy\" decoding=\"async\" alt=\"El reporte confirma lo que los cient\u00edficos y diferentes organismos t\u00e9cnicos meteorol\u00f3gicos dicen desde hace dos meses: 2023 va camino de ser el a\u00f1o m\u00e1s c\u00e1lido jam\u00e1s registrado (Imagen ilustrativa Infobae)\" height=\"816\" width=\"1456\" src=\"https:\/\/www.infobae.com\/new-resizer\/JSBVNn2RVLepqHTHHJ3fMwsj5xs=\/420x236\/filters:format(webp):quality(85)\/cloudfront-us-east-1.images.arcpublishing.com\/infobae\/45ORJF3VXFFBLO5KJIXQMTB4GI.png%20420w\" srcset=\"https:\/\/www.infobae.com\/new-resizer\/JSBVNn2RVLepqHTHHJ3fMwsj5xs=\/420x236\/filters:format(webp):quality(85)\/cloudfront-us-east-1.images.arcpublishing.com\/infobae\/45ORJF3VXFFBLO5KJIXQMTB4GI.png 420w,https:\/\/www.infobae.com\/new-resizer\/gzF9qiQRlZepmmsKvG_D5k_oNJQ=\/768x432\/filters:format(webp):quality(85)\/cloudfront-us-east-1.images.arcpublishing.com\/infobae\/45ORJF3VXFFBLO5KJIXQMTB4GI.png 768w,https:\/\/www.infobae.com\/new-resizer\/DE8fGVbwjSp2FHUsCdOFjml2L3Q=\/992x558\/filters:format(webp):quality(85)\/cloudfront-us-east-1.images.arcpublishing.com\/infobae\/45ORJF3VXFFBLO5KJIXQMTB4GI.png 992w,https:\/\/www.infobae.com\/new-resizer\/CpUlPXv7KGQgC8xjSXDITGPUC20=\/1200x675\/filters:format(webp):quality(85)\/cloudfront-us-east-1.images.arcpublishing.com\/infobae\/45ORJF3VXFFBLO5KJIXQMTB4GI.png 1200w,https:\/\/www.infobae.com\/new-resizer\/ia6_hIXQUmQ6Nc5v64myvYEt6sc=\/1440x810\/filters:format(webp):quality(85)\/cloudfront-us-east-1.images.arcpublishing.com\/infobae\/45ORJF3VXFFBLO5KJIXQMTB4GI.png 1440w\">El reporte confirma lo que los cient\u00edficos y diferentes organismos t\u00e9cnicos meteorol\u00f3gicos dicen desde hace dos meses: 2023 va camino de ser el a\u00f1o m\u00e1s c\u00e1lido jam\u00e1s registrado (Imagen ilustrativa Infobae)<\/p>\n\n\n\n<p>El Secretario General de la OMM, Petteri Taalas indic\u00f3 en una conferencia de prensa en Dubai: \u201cNo son meras estad\u00edsticas. Corremos el riesgo de perder la oportunidad de salvar nuestros glaciares y frenar el aumento del nivel del mar. No podemos volver al clima del siglo XX, pero debemos actuar ahora para limitar los riesgos de un clima cada vez m\u00e1s inh\u00f3spito en este siglo y en los venideros\u201d.<a href=\"https:\/\/www.infobae.com\/america\/medio-ambiente\/2023\/11\/27\/una-oportunidad-latinoamericana-buscan-impulsar-seis-compromisos-ambientales-para-frenar-el-cambio-climatico\/\" target=\"_blank\" rel=\"noreferrer noopener\"><\/a><a href=\"https:\/\/www.infobae.com\/america\/medio-ambiente\/2023\/11\/27\/una-oportunidad-latinoamericana-buscan-impulsar-seis-compromisos-ambientales-para-frenar-el-cambio-climatico\/\" target=\"_blank\" rel=\"noreferrer noopener\"><\/a><\/p>\n\n\n\n<p>\u201cLos<strong>&nbsp;fen\u00f3menos meteorol\u00f3gicos extremos<\/strong>&nbsp;destruyen vidas y medios de subsistencia a diario. Por tanto, es preciso velar por que todo el mundo est\u00e9 protegido mediante servicios de alerta temprana\u201d, explic\u00f3.<\/p>\n\n\n\n<p>Los niveles de di\u00f3xido de carbono (CO2), uno de los gases de efecto invernadero que retiene el calor en la atm\u00f3sfera, son un 50 % superiores a los de la era preindustrial. Y a ra\u00edz de su prolongado per\u00edodo de vida, las temperaturas seguir\u00e1n aumentando durante muchos a\u00f1os.<\/p>\n\n\n\n<p>Para Guterres, el objetivo a perseguir en esta cumbre radica en triplicar la inversi\u00f3n en energ\u00edas renovables para 2030; eliminar progresivamente los combustibles f\u00f3siles y&nbsp; dise\u00f1ar un sistema de alerta temprana para 2027. \u201cTodos los pa\u00edses en desarrollo vulnerables deben contar con el apoyo que necesitan para desarrollar y aplicar un plan de inversi\u00f3n para la adaptaci\u00f3n antes de 2025. Los l\u00edderes deben poner en marcha el Fondo de P\u00e9rdidas y Da\u00f1os con contribuciones generosas y tempranas.\u201d, agreg\u00f3 el secretario general.<\/p>\n\n\n\n<p>En 2022, el incremento de capacidad en cuanto a energ\u00edas renovables fue de casi un 10 %, siendo la energ\u00eda solar y la energ\u00eda e\u00f3lica las m\u00e1s destacadas.<\/p>\n\n\n\n<p>La versi\u00f3n provisional del informe de la OMM sobre el estado del clima mundial se public\u00f3 para fundamentar las negociaciones de la COP28 de Dub\u00e1i. En esa publicaci\u00f3n se combinan aportaciones de los Servicios Meteorol\u00f3gicos e Hidrol\u00f3gicos Nacionales (SMHN), los Centros Regionales sobre el Clima (CRC), los asociados de las Naciones Unidas y destacados cient\u00edficos especializados en clima. Las cifras relativas a la temperatura son el resultado de la consolidaci\u00f3n de seis importantes conjuntos de datos internacionales.<\/p>\n\n\n\n<p>La versi\u00f3n definitiva del informe sobre el estado del clima mundial en 2023, as\u00ed como los correspondientes informes regionales, se publicar\u00e1n en el primer semestre de 2024.<\/p>\n\n\n\n<p>Fuente: https:\/\/www.infobae.com\/america\/medio-ambiente\/2023\/11\/30\/en-el-primer-dia-de-la-cumbre-mundial-del-clima-la-onu-confirmo-que-2023-es-el-ano-mas-caluroso-de-la-historia\/<\/p>\n","protected":false},"excerpt":{"rendered":"<p>Una sucesi\u00f3n de registros clim\u00e1ticos y fen\u00f3menos meteorol\u00f3gicos extremos han dejado un rastro de devastaci\u00f3n y desesperaci\u00f3n, seg\u00fan el reciente informe la Organizaci\u00f3n Meteorol\u00f3gica Mundial (OMM) El Secretario General de la ONU advierte que 2023 ser\u00e1 el a\u00f1o m\u00e1s c\u00e1lido de la historia y llama a la acci\u00f3n en la COP28 de Dubai (gr\u00e1fico Organizaci\u00f3n [&hellip;]<\/p>\n","protected":false},"author":3,"featured_media":405,"comment_status":"open","ping_status":"open","sticky":false,"template":"","format":"standard","meta":{"footnotes":""},"categories":[11,8,3],"tags":[240],"class_list":["post-404","post","type-post","status-publish","format-standard","has-post-thumbnail","hentry","category-agenda","category-medio-ambiente","category-principal","tag-cumbre-mundial-del-clima"],"_links":{"self":[{"href":"https:\/\/noticiassaludables.com.ar\/index.php?rest_route=\/wp\/v2\/posts\/404","targetHints":{"allow":["GET"]}}],"collection":[{"href":"https:\/\/noticiassaludables.com.ar\/index.php?rest_route=\/wp\/v2\/posts"}],"about":[{"href":"https:\/\/noticiassaludables.com.ar\/index.php?rest_route=\/wp\/v2\/types\/post"}],"author":[{"embeddable":true,"href":"https:\/\/noticiassaludables.com.ar\/index.php?rest_route=\/wp\/v2\/users\/3"}],"replies":[{"embeddable":true,"href":"https:\/\/noticiassaludables.com.ar\/index.php?rest_route=%2Fwp%2Fv2%2Fcomments&post=404"}],"version-history":[{"count":1,"href":"https:\/\/noticiassaludables.com.ar\/index.php?rest_route=\/wp\/v2\/posts\/404\/revisions"}],"predecessor-version":[{"id":406,"href":"https:\/\/noticiassaludables.com.ar\/index.php?rest_route=\/wp\/v2\/posts\/404\/revisions\/406"}],"wp:featuredmedia":[{"embeddable":true,"href":"https:\/\/noticiassaludables.com.ar\/index.php?rest_route=\/wp\/v2\/media\/405"}],"wp:attachment":[{"href":"https:\/\/noticiassaludables.com.ar\/index.php?rest_route=%2Fwp%2Fv2%2Fmedia&parent=404"}],"wp:term":[{"taxonomy":"category","embeddable":true,"href":"https:\/\/noticiassaludables.com.ar\/index.php?rest_route=%2Fwp%2Fv2%2Fcategories&post=404"},{"taxonomy":"post_tag","embeddable":true,"href":"https:\/\/noticiassaludables.com.ar\/index.php?rest_route=%2Fwp%2Fv2%2Ftags&post=404"}],"curies":[{"name":"wp","href":"https:\/\/api.w.org\/{rel}","templated":true}]}}