{"id":419,"date":"2023-12-01T12:13:25","date_gmt":"2023-12-01T15:13:25","guid":{"rendered":"https:\/\/noticiassaludables.com.ar\/?p=419"},"modified":"2023-12-01T12:13:25","modified_gmt":"2023-12-01T15:13:25","slug":"bronquiolitis-aprueban-en-el-pais-una-vacuna-que-puede-ser-una-revolucion-sanitaria","status":"publish","type":"post","link":"https:\/\/noticiassaludables.com.ar\/?p=419","title":{"rendered":"Bronquiolitis: aprueban en el pa\u00eds una vacuna que puede ser una revoluci\u00f3n sanitaria"},"content":{"rendered":"\n<h2 class=\"wp-block-heading\">Ya se aplica en varios pa\u00edses y en Espa\u00f1a observan menos casos graves.Se puede aplicar hasta los dos a\u00f1os de edad y su efecto dura 6 meses.<\/h2>\n\n\n\n<hr class=\"wp-block-separator has-alpha-channel-opacity\"\/>\n\n\n\n<p>Una buena noticia en salud para cerrar la semana y comenzar un diciembre que se anticipa movido es la aprobaci\u00f3n en el pa\u00eds de la vacuna contra el&nbsp;<strong>virus sincicial respiratorio (VSR)<\/strong>, causante de la&nbsp;<strong>bronquiolitis<\/strong>. La ANMAT le dio el visto bueno luego de que hicieran lo propio la FDA de Estados Unidos y la Comisi\u00f3n Europea.<\/p>\n\n\n\n<p>La posibilidad de administrar esta vacuna, indicada para chicos de&nbsp;<strong>hasta 24 meses<\/strong>, puede significar una revoluci\u00f3n en salud p\u00fablica, dado que el VSR es la<strong>&nbsp;enfermedad respiratoria de mayor incidencia&nbsp;<\/strong>en ese rango etario. En este 2023 hubo un pico de demanda sanitaria en mayo, que gener\u00f3 un&nbsp;<strong>cuello de botella<\/strong>&nbsp;en las guardias de los hospitales.<\/p>\n\n\n\n<p>Esa realidad podr\u00eda empezar a cambiar a partir de la disponibilidad de esta vacuna en Argentina (que en realidad no es vacuna propiamente dicha sino un medicamento preventivo cuya droga es el<strong>&nbsp;nirsevimab<\/strong>). Los datos que arroj\u00f3 el ensayo cl\u00ednico hablan de su eficacia para prevenir, sobre todo,<strong>&nbsp;los casos graves de bronquiolitis<\/strong>.<\/p>\n\n\n\n<p>La fase 3 del ensayo cl\u00ednico demostr\u00f3 que el nirsevimab&nbsp;<strong>redujo un 83 por ciento las hospitalizaciones&nbsp;<\/strong>por bronquiolitis. La mayor\u00eda de estas hospitalizaciones se producen en<strong>&nbsp;beb\u00e9s sanos nacidos a t\u00e9rmino<\/strong>. La administraci\u00f3n de nirsevimab se puede programar al inicio de la temporada de circulaci\u00f3n del virus y se estima que su efecto se extiende por<strong>&nbsp;seis meses<\/strong>.<\/p>\n\n\n\n<p>Hasta ahora, en la Argentina estaba disponible otro anticuerpo monoclonal, palivizumab, utilizado<strong>&nbsp;s\u00f3lo&nbsp;en beb\u00e9s prematuros&nbsp;<\/strong>o menores de dos a\u00f1os con&nbsp;<strong>cardiopat\u00edas cong\u00e9nitas<\/strong>, y se aplica en cinco dosis con intervalos de un mes. En el caso del nirsevimab, se trata de&nbsp;una sola aplicaci\u00f3n y se puede aplicar a todos los beb\u00e9s.<\/p>\n\n\n\n<figure class=\"wp-block-image\"><img decoding=\"async\" src=\"https:\/\/www.clarin.com\/redaccionfiler\/clarin\/infografia\/2022\/sociedad\/11\/bronquiolitis_web_mb.svg\" alt=\"Bronquiolitis, c\u00f3mo es la enfermedad\"\/><\/figure>\n\n\n\n<p>Esta droga fue desarrollada de manera conjunta por los laboratorios Sanofi y AstraZeneca. Ya recibi\u00f3 la autorizaci\u00f3n de comercializaci\u00f3n, adem\u00e1s, en Gran Breta\u00f1a, Canad\u00e1, Australia y Brasil.<\/p>\n\n\n\n<h2 class=\"wp-block-heading\">Nirsevimab en el terreno<\/h2>\n\n\n\n<p>Los laboratorios informaron tambi\u00e9n que \u201cnirsevimab ha sido lanzado en Francia a mediados de septiembre, con indicaci\u00f3n universal para<strong>&nbsp;todos los reci\u00e9n nacidos<\/strong>&nbsp;y beb\u00e9s menores de 6 meses; y en Espa\u00f1a fue implementado para la inmunizaci\u00f3n&nbsp;<strong>previo al alta de la maternidad<\/strong>&nbsp;en nacidos en temporada y en menores de 6 meses previo al inicio de la temporada. En el caso de Estados Unidos para todos los ni\u00f1os por debajo de los 8 meses de edad.<\/p>\n\n\n\n<p>De cara al invierno boreal, los primeros datos que llegan de Espa\u00f1a, donde los beb\u00e9s ya est\u00e1n siendo inmunizados, indican que hay un<strong>&nbsp;cambio de perfil&nbsp;<\/strong>en los internados por bronquiolitis: aseguran que&nbsp;<strong>son menos los reci\u00e9n nacidos<\/strong>&nbsp;y, que a su vez,&nbsp;<strong>los cuadros son m\u00e1s leves<\/strong>. Hace menos de un mes, ese pa\u00eds inform\u00f3 que ya hab\u00eda logrado una alta tasa de cobertura:&nbsp;<strong>m\u00e1s del 80 por ciento<\/strong>&nbsp;de los menores de 6 meses hab\u00edan sido inmunizados.<\/p>\n\n\n\n<p>En la Argentina, el Ministerio de Salud todav\u00eda no inform\u00f3\u00a0<strong>c\u00f3mo se instrumentar\u00e1\u00a0<\/strong>la vacunaci\u00f3n de los beb\u00e9s con este f\u00e1rmaco, aunque es probable que esa tarea ya le quede a la futura secretar\u00eda del \u00e1rea a partir del nuevo gobierno de Javier Milei.<\/p>\n\n\n\n<p>Fuente: https:\/\/www.clarin.com\/sociedad\/bronquiolitis-aprueban-pais-vacuna-puede-revolucion-sanitaria_0_8XImJB5A1z.html<\/p>\n\n\n\n<p>Durante la temporada 2023, pese al&nbsp;<strong>pico y saturaci\u00f3n&nbsp;<\/strong>de casos en mayo, los niveles de bronquiolitis estuvieron -en el balance- por debajo de otros a\u00f1os. A esta altura del a\u00f1o la cuenta arroja&nbsp;<strong>210.315 casos<\/strong>&nbsp;registrados, seg\u00fan datos del \u00faltimo Bolet\u00edn Epidemiol\u00f3gico Nacional.<\/p>\n\n\n\n<p>Esa cifra est\u00e1 algo por encima de los 199.617 que para la misma altura del a\u00f1o se hab\u00edan acumulado en 2022, pero\u00a0<strong>por debajo<\/strong>\u00a0de los a\u00f1os 2014, 2015, 2016, 2017, 2018 y 2019. El r\u00e9cord de ese periodo lo tiene 2015, con\u00a0<strong>323.534 casos<\/strong>\u00a0si se toma el periodo transcurrido hasta ahora.<\/p>\n\n\n\n<p>Fuente: https:\/\/www.clarin.com\/sociedad\/bronquiolitis-aprueban-pais-vacuna-puede-revolucion-sanitaria_0_8XImJB5A1z.html<\/p>\n","protected":false},"excerpt":{"rendered":"<p>Ya se aplica en varios pa\u00edses y en Espa\u00f1a observan menos casos graves.Se puede aplicar hasta los dos a\u00f1os de edad y su efecto dura 6 meses. Una buena noticia en salud para cerrar la semana y comenzar un diciembre que se anticipa movido es la aprobaci\u00f3n en el pa\u00eds de la vacuna contra el&nbsp;virus [&hellip;]<\/p>\n","protected":false},"author":3,"featured_media":420,"comment_status":"open","ping_status":"open","sticky":false,"template":"","format":"standard","meta":{"footnotes":""},"categories":[7,3,5],"tags":[246,247],"class_list":["post-419","post","type-post","status-publish","format-standard","has-post-thumbnail","hentry","category-ciencia","category-principal","category-salud","tag-bronquiolitis","tag-vacuna"],"_links":{"self":[{"href":"https:\/\/noticiassaludables.com.ar\/index.php?rest_route=\/wp\/v2\/posts\/419","targetHints":{"allow":["GET"]}}],"collection":[{"href":"https:\/\/noticiassaludables.com.ar\/index.php?rest_route=\/wp\/v2\/posts"}],"about":[{"href":"https:\/\/noticiassaludables.com.ar\/index.php?rest_route=\/wp\/v2\/types\/post"}],"author":[{"embeddable":true,"href":"https:\/\/noticiassaludables.com.ar\/index.php?rest_route=\/wp\/v2\/users\/3"}],"replies":[{"embeddable":true,"href":"https:\/\/noticiassaludables.com.ar\/index.php?rest_route=%2Fwp%2Fv2%2Fcomments&post=419"}],"version-history":[{"count":1,"href":"https:\/\/noticiassaludables.com.ar\/index.php?rest_route=\/wp\/v2\/posts\/419\/revisions"}],"predecessor-version":[{"id":421,"href":"https:\/\/noticiassaludables.com.ar\/index.php?rest_route=\/wp\/v2\/posts\/419\/revisions\/421"}],"wp:featuredmedia":[{"embeddable":true,"href":"https:\/\/noticiassaludables.com.ar\/index.php?rest_route=\/wp\/v2\/media\/420"}],"wp:attachment":[{"href":"https:\/\/noticiassaludables.com.ar\/index.php?rest_route=%2Fwp%2Fv2%2Fmedia&parent=419"}],"wp:term":[{"taxonomy":"category","embeddable":true,"href":"https:\/\/noticiassaludables.com.ar\/index.php?rest_route=%2Fwp%2Fv2%2Fcategories&post=419"},{"taxonomy":"post_tag","embeddable":true,"href":"https:\/\/noticiassaludables.com.ar\/index.php?rest_route=%2Fwp%2Fv2%2Ftags&post=419"}],"curies":[{"name":"wp","href":"https:\/\/api.w.org\/{rel}","templated":true}]}}