{"id":422,"date":"2023-12-04T11:18:35","date_gmt":"2023-12-04T14:18:35","guid":{"rendered":"https:\/\/noticiassaludables.com.ar\/?p=422"},"modified":"2023-12-04T11:18:36","modified_gmt":"2023-12-04T14:18:36","slug":"la-ansiedad-social","status":"publish","type":"post","link":"https:\/\/noticiassaludables.com.ar\/?p=422","title":{"rendered":"La ansiedad social"},"content":{"rendered":"\n<h2 class=\"wp-block-heading\">Con la llegada de diciembre, los eventos sociales se intensifican y participar de cada uno de ellos puede ser un desaf\u00edo. Del miedo a ser juzgado a la necesidad de control extremo, cu\u00e1les son los s\u00edntomas y c\u00f3mo hacerles frente<\/h2>\n\n\n\n<p><img loading=\"lazy\" decoding=\"async\" alt=\"La ansiedad social afecta a personas de todas las edades, creando obst\u00e1culos en la vida diaria, tanto en el trabajo hasta las relaciones personales y familiares (Imagen Ilustrativa Infobae)\" height=\"816\" width=\"1456\" src=\"https:\/\/www.infobae.com\/new-resizer\/W-NHEkBqyqiTkI26adwB9nf_Dfw=\/420x236\/filters:format(webp):quality(85)\/cloudfront-us-east-1.images.arcpublishing.com\/infobae\/BJYJRTNTZNAPFOK2CHRUBPR6AQ.jpg%20420w\" srcset=\"https:\/\/www.infobae.com\/new-resizer\/W-NHEkBqyqiTkI26adwB9nf_Dfw=\/420x236\/filters:format(webp):quality(85)\/cloudfront-us-east-1.images.arcpublishing.com\/infobae\/BJYJRTNTZNAPFOK2CHRUBPR6AQ.jpg 420w,https:\/\/www.infobae.com\/new-resizer\/rXGHEBOp-DLSxC1qQna_ofGN0j4=\/768x432\/filters:format(webp):quality(85)\/cloudfront-us-east-1.images.arcpublishing.com\/infobae\/BJYJRTNTZNAPFOK2CHRUBPR6AQ.jpg 768w,https:\/\/www.infobae.com\/new-resizer\/76sQJA0mWxpw7HiEg3tSxOwe3IA=\/992x558\/filters:format(webp):quality(85)\/cloudfront-us-east-1.images.arcpublishing.com\/infobae\/BJYJRTNTZNAPFOK2CHRUBPR6AQ.jpg 992w,https:\/\/www.infobae.com\/new-resizer\/uH4OiOelTSeVP3YyS_QrSboRgd4=\/1200x675\/filters:format(webp):quality(85)\/cloudfront-us-east-1.images.arcpublishing.com\/infobae\/BJYJRTNTZNAPFOK2CHRUBPR6AQ.jpg 1200w,https:\/\/www.infobae.com\/new-resizer\/WSuy3cqlNo7t1nxrwnKo09t8sQA=\/1440x810\/filters:format(webp):quality(85)\/cloudfront-us-east-1.images.arcpublishing.com\/infobae\/BJYJRTNTZNAPFOK2CHRUBPR6AQ.jpg 1440w\">La ansiedad social afecta a personas de todas las edades, creando obst\u00e1culos en la vida diaria, tanto en el trabajo hasta las relaciones personales y familiares (Imagen Ilustrativa Infobae)<\/p>\n\n\n\n<p>Llega diciembre y los&nbsp;<strong>eventos sociales y familiares<\/strong>&nbsp;se multiplican: despedidas de fin a\u00f1o del trabajo, actos escolares y festejos de Navidad y A\u00f1o Nuevo son, entre otros, los encuentros que implican la interacci\u00f3n con varias personas. Si bien muchos los disfrutan, hay quienes los padecen. Ellos sufren de&nbsp;<strong>ansiedad social.<\/strong><a href=\"https:\/\/www.infobae.com\/salud\/2023\/11\/29\/la-inflamacion-del-cerebro-puede-desencadenar-la-ira-y-la-ansiedad-relacionadas-con-el-alzheimer\/\" rel=\"noreferrer noopener\" target=\"_blank\"><\/a><\/p>\n\n\n\n<p>La licenciada&nbsp;<strong>Gabriela Mart\u00ednez Castro<\/strong>&nbsp;(MN 18627), especialista en trastornos de ansiedad y directora del Centro de Estudio Especializado en Trastornos de Ansiedad (CEETA), explic\u00f3 a&nbsp;<strong>Infobae<\/strong>: \u201cLas personas que presentan un cuadro de ansiedad social&nbsp;<strong>sufren por anticipado<\/strong>&nbsp;dichos encuentros pensando en la fiesta desde muchos meses antes. Se preguntan&nbsp;<strong>qui\u00e9n ir\u00e1<\/strong>,&nbsp;<strong>d\u00f3nde&nbsp;<\/strong>se realizar\u00e1,&nbsp;<strong>qu\u00e9 tema de conversaci\u00f3n<\/strong>&nbsp;van a tocar, qu\u00e9 tipo de iluminaci\u00f3n habr\u00e1, si quedar\u00e1n o no expuestos, entre otras muchas otras cuestiones\u201d, indic\u00f3 la especialista.<\/p>\n\n\n\n<p>Y agreg\u00f3: \u201cPara fin de a\u00f1o se genera una especie de&nbsp;<strong>cuello de botella<\/strong>, donde todo se suma, la gente hace balances, est\u00e1 apurada, cierra el calendario de un a\u00f1o, situaciones todas que generan&nbsp;<strong>estr\u00e9s<\/strong>&nbsp;y pueden desencadenar<strong>&nbsp;ataques de ansiedad<\/strong>\u201d.<\/p>\n\n\n\n<p>Pero \u00bfqu\u00e9 es exactamente el&nbsp;<strong>trastorno de ansiedad social o fobia social<\/strong>?&nbsp;<strong>Jorge E. Catelli<\/strong>, (MN 19868) psicoanalista miembro titular en funci\u00f3n did\u00e1ctica de la Asociaci\u00f3n Psicoanal\u00edtica Argentina (APA) y profesor e Investigador de la Universidad de Buenos Aires (UBA) explic\u00f3 los detalles de este trastorno a&nbsp;<strong>Infobae.<\/strong><\/p>\n\n\n\n<p><img loading=\"lazy\" decoding=\"async\" alt=\"Mientras que algunas personas disfrutan a pleno las Fiestas, en otras la ansiedad social puede intensificarse, afectando su bienestar emocional y psicol\u00f3gico (Imagen ilustrativa Infobae)\" height=\"816\" width=\"1456\" src=\"https:\/\/www.infobae.com\/new-resizer\/qcQFcmMtUMPnpY_cF8LtK-n9iAQ=\/420x236\/filters:format(webp):quality(85)\/cloudfront-us-east-1.images.arcpublishing.com\/infobae\/ZSG7OGTRQRFBDN4OAY4VEVVYSU.jpg%20420w\" srcset=\"https:\/\/www.infobae.com\/new-resizer\/qcQFcmMtUMPnpY_cF8LtK-n9iAQ=\/420x236\/filters:format(webp):quality(85)\/cloudfront-us-east-1.images.arcpublishing.com\/infobae\/ZSG7OGTRQRFBDN4OAY4VEVVYSU.jpg 420w,https:\/\/www.infobae.com\/new-resizer\/1Uwd7aMR1dDxAxeg4YYvgusOQZ4=\/768x432\/filters:format(webp):quality(85)\/cloudfront-us-east-1.images.arcpublishing.com\/infobae\/ZSG7OGTRQRFBDN4OAY4VEVVYSU.jpg 768w,https:\/\/www.infobae.com\/new-resizer\/IU8F9fUbQXx4_dBY3KpwxQQyNWQ=\/992x558\/filters:format(webp):quality(85)\/cloudfront-us-east-1.images.arcpublishing.com\/infobae\/ZSG7OGTRQRFBDN4OAY4VEVVYSU.jpg 992w,https:\/\/www.infobae.com\/new-resizer\/8drRq9js7Zbj6z8lSpzmbd8Mb2s=\/1200x675\/filters:format(webp):quality(85)\/cloudfront-us-east-1.images.arcpublishing.com\/infobae\/ZSG7OGTRQRFBDN4OAY4VEVVYSU.jpg 1200w,https:\/\/www.infobae.com\/new-resizer\/-rOy2IoRs2M_jVK1_6sOBOmDR2w=\/1440x810\/filters:format(webp):quality(85)\/cloudfront-us-east-1.images.arcpublishing.com\/infobae\/ZSG7OGTRQRFBDN4OAY4VEVVYSU.jpg 1440w\">Mientras que algunas personas disfrutan a pleno las Fiestas, en otras la ansiedad social puede intensificarse, afectando su bienestar emocional y psicol\u00f3gico (Imagen ilustrativa Infobae)<\/p>\n\n\n\n<p>\u201cEl trastorno de ansiedad social es un&nbsp;<strong>temor intenso y persistente<\/strong>&nbsp;en el tiempo a ser&nbsp;<strong>observado y juzgado por los dem\u00e1s<\/strong>. Ese juzgamiento, en general, proviene en apariencia de los otros, sin embargo tiene un&nbsp;<strong>fuerte anclaje en el propio psiquismo<\/strong>, en instancias de&nbsp;<strong>autoobservaci\u00f3n&nbsp;<\/strong>muy severas, de&nbsp;<strong>autoexigencia<\/strong>, de desborde de aplastamiento de los ideales que, a su vez, provienen en general, de historias de&nbsp;<strong>exigencias&nbsp;<\/strong>estimuladas por los&nbsp;<strong>ambientes sociales y familiares<\/strong>\u201d, indic\u00f3 Catelli.<a href=\"https:\/\/www.infobae.com\/espana\/2023\/11\/30\/cual-es-la-vitamina-que-ayuda-en-los-momentos-de-ansiedad-y-depresion\/\" target=\"_blank\" rel=\"noreferrer noopener\"><\/a><a href=\"https:\/\/www.infobae.com\/espana\/2023\/11\/30\/cual-es-la-vitamina-que-ayuda-en-los-momentos-de-ansiedad-y-depresion\/\" target=\"_blank\" rel=\"noreferrer noopener\"><\/a><\/p>\n\n\n\n<p>Y agreg\u00f3: \u201cDesde el&nbsp;<strong>psicoan\u00e1lisis<\/strong>, podemos decir que esta \u2018instancia\u2019 representa un aspecto que todo ser humano tiene de su&nbsp;<strong>psiquismo<\/strong>, pero cada sujeto, en su singularidad, tendr\u00e1 un&nbsp;<strong>grado diferente de opresi\u00f3n interna<\/strong>&nbsp;que, en muchos casos, comienza a ser vivido como algo que proviene de otros. Este proceso, interpretar algo tan exigente en s\u00ed mismo como algo externo, que proviene de los dem\u00e1s, es una de las maneras de aparici\u00f3n de la llamada \u2018<strong>proyecci\u00f3n<\/strong>\u2019\u201d.<\/p>\n\n\n\n<p>Este&nbsp;<strong>miedo&nbsp;<\/strong>puede&nbsp;<strong>afectar el trabajo, la escuela y otras actividades diarias<\/strong>, advirti\u00f3 Catelli: \u201cIncluso puede&nbsp;<strong>dificultar hacer nuevos amigos<\/strong>&nbsp;y conservarlos. En casos extremos, consiste en un&nbsp;<strong>pensamiento&nbsp;<\/strong>con caracter\u00edsticas&nbsp;<strong>paranoicas&nbsp;<\/strong>y dependiendo de la configuraci\u00f3n ps\u00edquica de ese sujeto, podr\u00eda derivar en&nbsp;<strong>situaciones muy graves<\/strong>, con consecuencias potenciales complejas para la propia&nbsp;<strong>integridad del sujeto y los otros<\/strong>\u201d.<\/p>\n\n\n\n<p>Las&nbsp;<strong>situaciones&nbsp;<\/strong>m\u00e1s frecuentes que ocasionan ansiedad social son, seg\u00fan Mart\u00ednez Castro:&nbsp;<strong>hablar en p\u00fablico<\/strong>;&nbsp;<strong>concurrir a eventos<\/strong>&nbsp;sociales; hacer una&nbsp;<strong>conquista amorosa<\/strong>;&nbsp;<strong>comer o beber en p\u00fablico<\/strong>; hacer una&nbsp;<strong>representaci\u00f3n&nbsp;<\/strong>ante personas; usar un&nbsp;<strong>ba\u00f1o p\u00fablico<\/strong>; participar en&nbsp;<strong>grupos&nbsp;<\/strong>peque\u00f1os o grandes;&nbsp;<strong>devolver una mercader\u00eda fallada<\/strong>; dirigirse a personas de&nbsp;<strong>autoridad<\/strong>;&nbsp;<strong>rendir examen<\/strong>; ser el centro de&nbsp;<strong>atracci\u00f3n<\/strong>; hacer una&nbsp;<strong>llamada&nbsp;<\/strong>a gente desconocida;&nbsp;<strong>mirar a los ojos&nbsp;<\/strong>a personas que no conoce bien, entre otros aspectos.<\/p>\n\n\n\n<p><img loading=\"lazy\" decoding=\"async\" alt=\"La ansiedad social afecta especialmente a adolescentes y adultos j\u00f3venes, quienes enfrentan temores intensos de evaluaci\u00f3n y juicio en situaciones sociales. Los s\u00edntomas generalmente comienzan alrededor de los 13 a\u00f1os (Imagen Ilustrativa Infobae)\" height=\"816\" width=\"1456\" src=\"https:\/\/www.infobae.com\/new-resizer\/8GWbnkkBGft7EfKtbu92_Lzudu4=\/420x236\/filters:format(webp):quality(85)\/cloudfront-us-east-1.images.arcpublishing.com\/infobae\/NWOGYM6WFRETRMJIQ6BYYKINT4.jpg%20420w\" srcset=\"https:\/\/www.infobae.com\/new-resizer\/8GWbnkkBGft7EfKtbu92_Lzudu4=\/420x236\/filters:format(webp):quality(85)\/cloudfront-us-east-1.images.arcpublishing.com\/infobae\/NWOGYM6WFRETRMJIQ6BYYKINT4.jpg 420w,https:\/\/www.infobae.com\/new-resizer\/TVA48GOM7fAbU7sdU6FBGhOF9E4=\/768x432\/filters:format(webp):quality(85)\/cloudfront-us-east-1.images.arcpublishing.com\/infobae\/NWOGYM6WFRETRMJIQ6BYYKINT4.jpg 768w,https:\/\/www.infobae.com\/new-resizer\/FPwESBDOp25hDVjpHkHuhkV9IIs=\/992x558\/filters:format(webp):quality(85)\/cloudfront-us-east-1.images.arcpublishing.com\/infobae\/NWOGYM6WFRETRMJIQ6BYYKINT4.jpg 992w,https:\/\/www.infobae.com\/new-resizer\/pVWN09BdkdxoLomcBdlRcmBdgTk=\/1200x675\/filters:format(webp):quality(85)\/cloudfront-us-east-1.images.arcpublishing.com\/infobae\/NWOGYM6WFRETRMJIQ6BYYKINT4.jpg 1200w,https:\/\/www.infobae.com\/new-resizer\/lM--LsFmvpcFD7C3otSvTpV6abI=\/1440x810\/filters:format(webp):quality(85)\/cloudfront-us-east-1.images.arcpublishing.com\/infobae\/NWOGYM6WFRETRMJIQ6BYYKINT4.jpg 1440w\">La ansiedad social afecta especialmente a adolescentes y adultos j\u00f3venes, quienes enfrentan temores intensos de evaluaci\u00f3n y juicio en situaciones sociales. Los s\u00edntomas generalmente comienzan alrededor de los 13 a\u00f1os (Imagen Ilustrativa Infobae)<\/p>\n\n\n\n<p>La licenciada manifest\u00f3 que las personas que sufren de este trastorno \u201cnecesitan tener&nbsp;<strong>extremo control&nbsp;<\/strong>sobre las&nbsp;<strong>situaciones sociales<\/strong>, ya que temen hacer el&nbsp;<strong>rid\u00edculo<\/strong>, ser&nbsp;<strong>rechazadas, aburridas, poco atractivas,<\/strong>&nbsp;o quedar en un inc\u00f3modo&nbsp;<strong>silencio<\/strong>, al cual no saben c\u00f3mo enfrentar. Lo peor, temen que todos sus s\u00edntomas se evidencien, y queden expuestas haci\u00e9ndolos quedar m\u00e1s en rid\u00edculo a\u00fan\u201d.<a href=\"https:\/\/www.infobae.com\/wapo\/2023\/11\/29\/una-lesion-que-le-cambio-la-vida-transformo-la-vision-de-un-experto-sobre-los-servicios-para-discapacitados\/\" target=\"_blank\" rel=\"noreferrer noopener\"><\/a><a href=\"https:\/\/www.infobae.com\/wapo\/2023\/11\/29\/una-lesion-que-le-cambio-la-vida-transformo-la-vision-de-un-experto-sobre-los-servicios-para-discapacitados\/\" target=\"_blank\" rel=\"noreferrer noopener\"><\/a><\/p>\n\n\n\n<p>Y agreg\u00f3 que adem\u00e1s estas personas \u201csuelen pensar y&nbsp;<strong>escudri\u00f1ar se\u00f1ales<\/strong>&nbsp;acerca de lo que el otro est\u00e1 pensando sobre ellos y en general todo eso es&nbsp;<strong>negativo<\/strong>;&nbsp;<strong>piensan cr\u00edticas, rechazos o burlas<\/strong>\u201d, expres\u00f3 la psic\u00f3loga.<\/p>\n\n\n\n<p>La situaci\u00f3n m\u00e1s caracter\u00edstica de los afectados por ansiedad social es querer&nbsp;<strong>escapar de los encuentros<\/strong>, incluso familiares, mediante&nbsp;<strong>excusas<\/strong>, o intentan proveerse de&nbsp;<strong>acompa\u00f1antes&nbsp;<\/strong>que los ayuden a transitar el engorroso momento.<\/p>\n\n\n\n<p>\u201cMuchos suelen&nbsp;<strong>medicarse&nbsp;<\/strong>con el fin de atenuar los&nbsp;<strong>nervios&nbsp;<\/strong>y la&nbsp;<strong>ansiedad anticipatoria,<\/strong>&nbsp;con&nbsp;<strong>ansiol\u00edticos<\/strong>, o bien con&nbsp;<strong>alcohol<\/strong>, lo cual, comienza siendo un principio de \u2018soluci\u00f3n\u2019, pero termina siendo una&nbsp;<strong>complicaci\u00f3n<\/strong>, ya que de a poco, se va produciendo una&nbsp;<strong>adicci\u00f3n&nbsp;<\/strong>a dicha sustancia\u201d, agreg\u00f3 Mart\u00ednez Castro.<\/p>\n\n\n\n<p><img loading=\"lazy\" decoding=\"async\" alt=\"Muchas personas con ansiedad social toman alcohol, lo cual termina siendo una complicaci\u00f3n, ya que puede producir adicci\u00f3n  (Imagen ilustrativa Infobae)\" height=\"816\" width=\"1456\" src=\"https:\/\/www.infobae.com\/new-resizer\/hHU6KPlo_VPuiG997ejCzBne5uc=\/420x236\/filters:format(webp):quality(85)\/cloudfront-us-east-1.images.arcpublishing.com\/infobae\/GIVNZTCYIBEY5N4AYZ543XKRFY.jpg%20420w\" srcset=\"https:\/\/www.infobae.com\/new-resizer\/hHU6KPlo_VPuiG997ejCzBne5uc=\/420x236\/filters:format(webp):quality(85)\/cloudfront-us-east-1.images.arcpublishing.com\/infobae\/GIVNZTCYIBEY5N4AYZ543XKRFY.jpg 420w,https:\/\/www.infobae.com\/new-resizer\/4v03X14aGaWnzfeDh3lcb_jUK6w=\/768x432\/filters:format(webp):quality(85)\/cloudfront-us-east-1.images.arcpublishing.com\/infobae\/GIVNZTCYIBEY5N4AYZ543XKRFY.jpg 768w,https:\/\/www.infobae.com\/new-resizer\/PxceKYGqHi458jQASErV2a1DCw0=\/992x558\/filters:format(webp):quality(85)\/cloudfront-us-east-1.images.arcpublishing.com\/infobae\/GIVNZTCYIBEY5N4AYZ543XKRFY.jpg 992w,https:\/\/www.infobae.com\/new-resizer\/jZ2GSClbCZNg_QUZIH_D2GXu3Bg=\/1200x675\/filters:format(webp):quality(85)\/cloudfront-us-east-1.images.arcpublishing.com\/infobae\/GIVNZTCYIBEY5N4AYZ543XKRFY.jpg 1200w,https:\/\/www.infobae.com\/new-resizer\/xp4KJiWEY850PqP9MAX9e-EsPJs=\/1440x810\/filters:format(webp):quality(85)\/cloudfront-us-east-1.images.arcpublishing.com\/infobae\/GIVNZTCYIBEY5N4AYZ543XKRFY.jpg 1440w\">Muchas personas con ansiedad social toman alcohol, lo cual termina siendo una complicaci\u00f3n, ya que puede producir adicci\u00f3n (Imagen ilustrativa Infobae)<\/p>\n\n\n\n<p>Seg\u00fan la&nbsp;<a rel=\"noreferrer noopener\" href=\"https:\/\/adaa.org\/understanding-anxiety\/social-anxiety-disorder\" target=\"_blank\">Asociaci\u00f3n de Ansiedad y Depresi\u00f3n de Am\u00e9rica<\/a>, \u201cla edad promedio de aparici\u00f3n del trastorno de ansiedad social es durante la&nbsp;<strong>adolescencia<\/strong>. Aunque las personas diagnosticadas con ansiedad social com\u00fanmente reportan&nbsp;<strong>timidez extrema<\/strong>&nbsp;en la infancia, es importante se\u00f1alar que este trastorno no es simplemente timidez. Los s\u00edntomas generalmente comienzan alrededor de&nbsp;<strong>los 13 a\u00f1os<\/strong>\u201d.<\/p>\n\n\n\n<h2 class=\"wp-block-heading\">Se\u00f1ales de alerta y principales causas<\/h2>\n\n\n\n<p>Seg\u00fan explic\u00f3 Mart\u00ednez Castro los s\u00edntomas m\u00e1s frecuentes son: \u201cla&nbsp;<strong>ruborizaci\u00f3n<\/strong>,&nbsp;<strong>temblores, sudoraci\u00f3n, taquicardia, agitaci\u00f3n respiratoria, deseos intensos de escapar<\/strong>&nbsp;de la situaci\u00f3n social, y hasta, en los casos m\u00e1s graves,&nbsp;<strong>ataques de p\u00e1nico<\/strong>. Si todos estos se presentan, significa que estamos ante la presencia de un&nbsp;<strong>cuadro de ansiedad social<\/strong>\u201d.<\/p>\n\n\n\n<p>Por su parte, Catelli afirm\u00f3 que los s\u00edntomas m\u00e1s relacionados con el trastorno de ansiedad social son los conocidos como&nbsp;<strong>inhibici\u00f3n del comportamiento<\/strong>&nbsp;y el&nbsp;<strong>miedo a la evaluaci\u00f3n negativa<\/strong>. \u201cSe caracterizan por el&nbsp;<strong>aislamiento, la retracci\u00f3n emocional&nbsp;<\/strong>y&nbsp;<strong>afectiva<\/strong>, manifestaciones exageradas de&nbsp;<strong>enojo<\/strong>,&nbsp;<strong>susceptibilidad extrema, tristeza&nbsp;<\/strong>sostenida en el tiempo\u201d.<\/p>\n\n\n\n<p>Adem\u00e1s, el experto agreg\u00f3 que los&nbsp;<strong>factores ambientales&nbsp;<\/strong>que resultan de riesgo para el desarrollo de la fobia social son m\u00faltiples y se combinan con las caracter\u00edsticas de la&nbsp;<strong>configuraci\u00f3n ps\u00edquica<\/strong>&nbsp;de la persona, \u201csin embargo, el&nbsp;<strong>maltrato<\/strong>, especialmente el infantil, diversos niveles de&nbsp;<strong>violencia institucional y familiar<\/strong>, atravesados en un tiempo hist\u00f3rico y social, cumplen un rol esencial como&nbsp;<strong>disparadores&nbsp;<\/strong>de estas&nbsp;<strong>situaciones sintom\u00e1ticas<\/strong>\u201d.<\/p>\n\n\n\n<p><img loading=\"lazy\" decoding=\"async\" alt=\"Los ni\u00f1os y j\u00f3venes son susceptibles a la ansiedad social, y la enfrentan en la escuela y en las interacciones sociales. Quienes sufren burlas, hostigamiento, rechazo, rid\u00edculo o humillaci\u00f3n pueden ser m\u00e1s propensos a desarrollarla (Imagen Ilustrativa Infobae)\" height=\"816\" width=\"1456\" src=\"https:\/\/www.infobae.com\/new-resizer\/0TDSdDLIes5H_jNH1sl-xV6sUwE=\/420x236\/filters:format(webp):quality(85)\/cloudfront-us-east-1.images.arcpublishing.com\/infobae\/OV6E5DSKV5ETVAZVLEUOKJ2GVI.jpg%20420w\" srcset=\"https:\/\/www.infobae.com\/new-resizer\/0TDSdDLIes5H_jNH1sl-xV6sUwE=\/420x236\/filters:format(webp):quality(85)\/cloudfront-us-east-1.images.arcpublishing.com\/infobae\/OV6E5DSKV5ETVAZVLEUOKJ2GVI.jpg 420w,https:\/\/www.infobae.com\/new-resizer\/2iHiSqMWP76S3Z48jaluManVesM=\/768x432\/filters:format(webp):quality(85)\/cloudfront-us-east-1.images.arcpublishing.com\/infobae\/OV6E5DSKV5ETVAZVLEUOKJ2GVI.jpg 768w,https:\/\/www.infobae.com\/new-resizer\/rj9ohVFpIqqE-MAuosOvKhWg4vY=\/992x558\/filters:format(webp):quality(85)\/cloudfront-us-east-1.images.arcpublishing.com\/infobae\/OV6E5DSKV5ETVAZVLEUOKJ2GVI.jpg 992w,https:\/\/www.infobae.com\/new-resizer\/qwf0lOo9J--eX4WiVR7JBBq7cbk=\/1200x675\/filters:format(webp):quality(85)\/cloudfront-us-east-1.images.arcpublishing.com\/infobae\/OV6E5DSKV5ETVAZVLEUOKJ2GVI.jpg 1200w,https:\/\/www.infobae.com\/new-resizer\/qkktJztVqKx4GDw0_JuxQ2MT_EM=\/1440x810\/filters:format(webp):quality(85)\/cloudfront-us-east-1.images.arcpublishing.com\/infobae\/OV6E5DSKV5ETVAZVLEUOKJ2GVI.jpg 1440w\">Los ni\u00f1os y j\u00f3venes son susceptibles a la ansiedad social, y la enfrentan en la escuela y en las interacciones sociales. Quienes sufren burlas, hostigamiento, rechazo, rid\u00edculo o humillaci\u00f3n pueden ser m\u00e1s propensos a desarrollarla (Imagen Ilustrativa Infobae)<\/p>\n\n\n\n<p>Y sum\u00f3: \u201cTanto los ni\u00f1os, como los j\u00f3venes y los adultos que experimentan&nbsp;<strong>burlas, hostigamiento, rechazo, rid\u00edculo o humillaci\u00f3n<\/strong>&nbsp;pueden ser m\u00e1s propensos a desarrollar trastorno de ansiedad social. Adem\u00e1s, otros acontecimientos negativos de la vida, como los&nbsp;<strong>conflictos familiares, los traumas o los abusos<\/strong>, podr\u00edan estar asociados a este trastorno\u201d, complet\u00f3 Catelli.<\/p>\n\n\n\n<p>Para la directora del CEETA, el origen de esta fobia se basa en tres causas: las relacionadas con la&nbsp;<strong>gen\u00e9tica<\/strong>, es decir, la herencia familiar como padres o madres ansiosos; con los&nbsp;<strong>factores socioambientales<\/strong>, por ejemplo, haber crecido rodeado de personas temerosas, sobreprotectoras, t\u00edmidas y altamente exigentes; o por presenciar situaciones desencadenantes, como haber pasado el&nbsp;<strong>rid\u00edculo&nbsp;<\/strong>o&nbsp;<strong>haber sido rechazado<\/strong>&nbsp;o desaprobado en forma traum\u00e1tica para el individuo.<\/p>\n\n\n\n<p>Seg\u00fan Mart\u00ednez Castro, en&nbsp;<strong>Argentina&nbsp;<\/strong>la poblaci\u00f3n posee una alta propensi\u00f3n a&nbsp;<strong>sufrir ansiedad<\/strong>. \u201cY como ya mencionamos, la carga gen\u00e9tica favorece el aumento de niveles de ansiedad. Hoy d\u00eda vemos<strong>&nbsp;m\u00e1s adolescentes&nbsp;<\/strong>que antes&nbsp;<strong>ansiosos&nbsp;<\/strong>porque son hijos de pap\u00e1s y mam\u00e1s que han sido ansiosos\u201d, describi\u00f3.<\/p>\n\n\n\n<h2 class=\"wp-block-heading\">5 f\u00f3rmulas claves para controlar los s\u00edntomas<\/h2>\n\n\n\n<p>En el caso que alguno de los s\u00edntomas de ansiedad social se presenten durante un evento, la persona no debe preocuparse, dijo Mart\u00ednez Castro: \u201cSi bien son molestos,&nbsp;<strong>no son de ninguna manera peligrosos para la salud&nbsp;<\/strong>porque as\u00ed como vienen, se van\u201d.<\/p>\n\n\n\n<p><img loading=\"lazy\" decoding=\"async\" alt=\"Las t\u00e9cnicas de respiraci\u00f3n y meditaci\u00f3n pueden ser herramientas \u00fatiles para lidiar con los s\u00edntomas de la ansiedad social en situaciones estresantes (Imagen ilustrativa Infobae)\" height=\"816\" width=\"1456\" src=\"https:\/\/www.infobae.com\/new-resizer\/5eHv5YEQmNztWgfiElMwVoCawVI=\/420x236\/filters:format(webp):quality(85)\/cloudfront-us-east-1.images.arcpublishing.com\/infobae\/W2TKNPXLTBD3RKPYK56NJV4KZM.png%20420w\" srcset=\"https:\/\/www.infobae.com\/new-resizer\/5eHv5YEQmNztWgfiElMwVoCawVI=\/420x236\/filters:format(webp):quality(85)\/cloudfront-us-east-1.images.arcpublishing.com\/infobae\/W2TKNPXLTBD3RKPYK56NJV4KZM.png 420w,https:\/\/www.infobae.com\/new-resizer\/KIQe0rb87MTz6KSr2IZR1ul-K6M=\/768x432\/filters:format(webp):quality(85)\/cloudfront-us-east-1.images.arcpublishing.com\/infobae\/W2TKNPXLTBD3RKPYK56NJV4KZM.png 768w,https:\/\/www.infobae.com\/new-resizer\/RgtD_JGnIlnSQ-GWxutP9keMotI=\/992x558\/filters:format(webp):quality(85)\/cloudfront-us-east-1.images.arcpublishing.com\/infobae\/W2TKNPXLTBD3RKPYK56NJV4KZM.png 992w,https:\/\/www.infobae.com\/new-resizer\/0ue-kGzRLyzcq5JvaOoPpbnr8WQ=\/1200x675\/filters:format(webp):quality(85)\/cloudfront-us-east-1.images.arcpublishing.com\/infobae\/W2TKNPXLTBD3RKPYK56NJV4KZM.png 1200w,https:\/\/www.infobae.com\/new-resizer\/PQ65DHRlW5zL8RqQnbT5fXu048g=\/1440x810\/filters:format(webp):quality(85)\/cloudfront-us-east-1.images.arcpublishing.com\/infobae\/W2TKNPXLTBD3RKPYK56NJV4KZM.png 1440w\">Las t\u00e9cnicas de respiraci\u00f3n y meditaci\u00f3n pueden ser herramientas \u00fatiles para lidiar con los s\u00edntomas de la ansiedad social en situaciones estresantes (Imagen ilustrativa Infobae)<\/p>\n\n\n\n<p>Hay distintas t\u00e9cnicas que pueden ser de ayuda para superar estas dificultades. Aqu\u00ed un repaso:<\/p>\n\n\n\n<p>1.&nbsp;<strong>Dejar de enfocarse en nosotros mismos y en lo que otras personas est\u00e1n pensando sobre nosotros.&nbsp;<\/strong>Una forma de lograr estar presente en el evento es concentrarse todo el tiempo en la&nbsp;<strong>respiraci\u00f3n<\/strong>, explic\u00f3 la psic\u00f3loga Mart\u00ednez Castro: \u201cEstando conscientes en el momento&nbsp;<strong>presente&nbsp;<\/strong>a trav\u00e9s de la respiraci\u00f3n es posible concentrarse en lo que est\u00e1 sucediendo, en la charla, en la m\u00fasica o en la comida\u201d.<\/p>\n\n\n\n<p>\u201cConcentrarse en&nbsp;<strong>tres respiraciones<\/strong>&nbsp;en forma silenciosa y suaves suele volver a traer la atenci\u00f3n al momento presente, cuesti\u00f3n que la gente con ansiedad social suele no tener\u201d, detall\u00f3 la licenciada.<\/p>\n\n\n\n<p><strong>2. No anticiparse a los hechos.<\/strong>&nbsp;Mart\u00ednez Castro recomend\u00f3 \u201ctratar de no adelantarse mentalmente a lo que va a suceder. Las personas que sufren ansiedad social suelen hacerlo de&nbsp;<strong>forma negativa<\/strong>. Principalmente en el 98% de los casos lo que piensan no condice con la realidad\u201d.<\/p>\n\n\n\n<p><strong>3. Desafiar los pensamientos negativos y ansiosos.<\/strong>&nbsp;Laexperta en ansiedad&nbsp;<strong>Chloe Brotheridge,<\/strong>&nbsp;hipnoterapeuta y autora del libro \u201cSoluci\u00f3n a la ansiedad\u201d (\u201d<em>The Anxiety Solution\u201d<\/em>) recomienda, en un art\u00edculo en&nbsp;<em>Psychology Today,<\/em>&nbsp;<strong>identificar, analizar y desafiar los pensamientos ansiosos.<\/strong><\/p>\n\n\n\n<p><img loading=\"lazy\" decoding=\"async\" alt=\"Hacer que el ejercicio f\u00edsico sea una prioridad diaria y tratar de estar activo mediante la pr\u00e1ctica de deportes es clave para ayudar a superar el trastorno (Imagen ilustrativa Infobae)\" height=\"1536\" width=\"2688\" src=\"https:\/\/www.infobae.com\/new-resizer\/4Tkc8JqZDHQ26fljQG_xks6SZ-A=\/992x606\/filters:format(webp):quality(85)\/cloudfront-us-east-1.images.arcpublishing.com\/infobae\/JOCPSHBXYZDHJDSYJHIEC73JFI.jpg%20992w\" srcset=\"https:\/\/www.infobae.com\/new-resizer\/4Tkc8JqZDHQ26fljQG_xks6SZ-A=\/992x606\/filters:format(webp):quality(85)\/cloudfront-us-east-1.images.arcpublishing.com\/infobae\/JOCPSHBXYZDHJDSYJHIEC73JFI.jpg 992w\">Hacer que el ejercicio f\u00edsico sea una prioridad diaria y tratar de estar activo mediante la pr\u00e1ctica de deportes es clave para ayudar a superar el trastorno (Imagen ilustrativa Infobae)<\/p>\n\n\n\n<p>\u201cEs una manera efectiva de&nbsp;<strong>reducir los s\u00edntomas<\/strong>&nbsp;de la ansiedad social. Comenzar&nbsp;<strong>identificando los pensamientos ansiosos<\/strong>&nbsp;que autom\u00e1ticamente aparecen en tu cabeza cuando piensas en situaciones sociales. A continuaci\u00f3n,&nbsp;<strong>analizar estos pensamientos y desafiarlos<\/strong>. Preguntarte por qu\u00e9 piensas as\u00ed y si tu primera reacci\u00f3n es realmente c\u00f3mo te sientes o si siempre est\u00e1s asumiendo lo peor. Cambiar la forma en que piensas es un largo viaje y no es una soluci\u00f3n inmediata, pero&nbsp;<strong>la mente es poderosa<\/strong>, y es posible\u201d, asegura Brotheridge.<\/p>\n\n\n\n<p><strong>4. Hacer meditaci\u00f3n.<\/strong>&nbsp;En un estudio publicado en la revista&nbsp;<strong>Social Cognitive and Affective Neuroscience,<\/strong>&nbsp;los investigadores encontraron que la&nbsp;<strong>meditaci\u00f3n&nbsp;<\/strong>tiene efectos en la actividad en \u00e1reas particulares del cerebro, describi\u00f3 Brotheridge en su columna: \u201cLos participantes que ten\u00edan niveles normales de ansiedad participaron en cuatro clases de meditaci\u00f3n de atenci\u00f3n plena de 20 minutos. Encontraron hasta un 39% de disminuci\u00f3n en los niveles de ansiedad despu\u00e9s del entrenamiento\u201d.<\/p>\n\n\n\n<p><strong>5. Adoptar un estilo de vida m\u00e1s saludable.<\/strong>&nbsp;La mente y el cuerpo est\u00e1n vinculados, y la forma en que tratamos nuestro cuerpo puede tener un impacto significativo en los niveles de ansiedad. Hacer peque\u00f1os cambios en el estilo de vida puede ayudar a mejorar la&nbsp;<strong>autoconfianza&nbsp;<\/strong>y la capacidad para hacer frente a los s\u00edntomas. \u201c<strong>Evitar o limitar&nbsp;<\/strong>el consumo de&nbsp;<strong>cafe\u00edna y las bebidas energ\u00e9ticas<\/strong>&nbsp;porque act\u00faan como&nbsp;<strong>estimulantes&nbsp;<\/strong>y pueden aumentar la ansiedad. Hacer que el&nbsp;<strong>ejercicio f\u00edsico<\/strong>&nbsp;sea una prioridad diaria y tratar de estar activo.&nbsp;<strong>Beber alcohol con moderaci\u00f3n<\/strong>; mantenerse hidratado con&nbsp;<strong>agua<\/strong>&nbsp;y tener un&nbsp;<strong>sue\u00f1o de calidad<\/strong>. Una nueva investigaci\u00f3n sugiere que la privaci\u00f3n del sue\u00f1o puede causar un trastorno de ansiedad\u201d, detall\u00f3 Brotheridge.<\/p>\n\n\n\n<p><img loading=\"lazy\" decoding=\"async\" alt=\"Especialistas en salud mental subrayan la necesidad de desestigmatizar la ansiedad social y promover una mayor comprensi\u00f3n del trastorno (Imagen ilustrativa Infobae)\" height=\"816\" width=\"1456\" src=\"https:\/\/www.infobae.com\/new-resizer\/EhLaRpSP9YSmNefigy5HRGUr7sE=\/420x236\/filters:format(webp):quality(85)\/cloudfront-us-east-1.images.arcpublishing.com\/infobae\/EGSH3AVGGFBMLEARVC2OUG3C4I.png%20420w\" srcset=\"https:\/\/www.infobae.com\/new-resizer\/EhLaRpSP9YSmNefigy5HRGUr7sE=\/420x236\/filters:format(webp):quality(85)\/cloudfront-us-east-1.images.arcpublishing.com\/infobae\/EGSH3AVGGFBMLEARVC2OUG3C4I.png 420w,https:\/\/www.infobae.com\/new-resizer\/RHiYCVLzmn7fIUBCM-xJX6KNZJU=\/768x432\/filters:format(webp):quality(85)\/cloudfront-us-east-1.images.arcpublishing.com\/infobae\/EGSH3AVGGFBMLEARVC2OUG3C4I.png 768w,https:\/\/www.infobae.com\/new-resizer\/pffFXrl4LZRrIW60gbJdt4gKaKw=\/992x558\/filters:format(webp):quality(85)\/cloudfront-us-east-1.images.arcpublishing.com\/infobae\/EGSH3AVGGFBMLEARVC2OUG3C4I.png 992w,https:\/\/www.infobae.com\/new-resizer\/IEWkkWkvxnBCH5ZfYX8wGQmEMu8=\/1200x675\/filters:format(webp):quality(85)\/cloudfront-us-east-1.images.arcpublishing.com\/infobae\/EGSH3AVGGFBMLEARVC2OUG3C4I.png 1200w,https:\/\/www.infobae.com\/new-resizer\/EzXuB_lbuEK7lNrZsNAzStQZ12w=\/1440x810\/filters:format(webp):quality(85)\/cloudfront-us-east-1.images.arcpublishing.com\/infobae\/EGSH3AVGGFBMLEARVC2OUG3C4I.png 1440w\">Especialistas en salud mental subrayan la necesidad de desestigmatizar la ansiedad social y promover una mayor comprensi\u00f3n del trastorno (Imagen ilustrativa Infobae)<\/p>\n\n\n\n<h2 class=\"wp-block-heading\">C\u00f3mo es el tratamiento<\/h2>\n\n\n\n<p>Superar la ansiedad social es un largo viaje, y se necesita&nbsp;<strong>tiempo.&nbsp;<\/strong>Cuando una persona sufre estas dificultades, es muy importante la&nbsp;<strong>consulta profesional y la psicoterapia<\/strong>, expres\u00f3 Catelli:<\/p>\n\n\n\n<p>\u201cEl&nbsp;<strong>psicoan\u00e1lisis<\/strong>, basa gran parte de su corpus te\u00f3rico cl\u00ednico en el tratamiento de estas conductas de ansiedad, fobia social, temores, miedos asociados a objetos o situaciones, todas causas de gran&nbsp;<strong>sufrimiento<\/strong>, por la&nbsp;<strong>angustia&nbsp;<\/strong>que provocan, la&nbsp;<strong>evitaci\u00f3n&nbsp;<\/strong>y&nbsp;<strong>renuncia&nbsp;<\/strong>a m\u00faltiples actividades de la vida cotidiana\u201d.<\/p>\n\n\n\n<p>Y agreg\u00f3 que eventualmente, podr\u00edan&nbsp;<strong>tratarse qu\u00edmicamente<\/strong>&nbsp;algunos de estos s\u00edntomas, \u201cespecialmente desde marcos referenciales m\u00e1s biologicistas, como la&nbsp;<strong>psiquiatr\u00eda<\/strong>, sin embargo, no son soluciones reales a largo plazo, sino eventuales y coyunturales, dado que el tratamiento es mediante el&nbsp;<strong>an\u00e1lisis y elaboraci\u00f3n<\/strong>&nbsp;de los&nbsp;<strong>recursos ps\u00edquicos<\/strong>&nbsp;y modo de administraci\u00f3n de estas&nbsp;<strong>emociones&nbsp;<\/strong>consigo mismo, con los otros, con los ideales y con las exigencias\u201d, asever\u00f3 Catelli.<\/p>\n\n\n\n<p><img loading=\"lazy\" decoding=\"async\" alt=\"Cuando una persona sufre s\u00edntomas de trastornos de ansiedad social es muy importante la consulta profesional para iniciar el tratamiento psicol\u00f3gico\" height=\"4000\" width=\"6000\" src=\"https:\/\/www.infobae.com\/new-resizer\/-cfXMeAK5KWyBNcvPSObxJlTg_0=\/420x280\/filters:format(webp):quality(85)\/cloudfront-us-east-1.images.arcpublishing.com\/infobae\/D6BXHMLOKND4PJYWKOTPDGF4AM.jpg%20420w\" srcset=\"https:\/\/www.infobae.com\/new-resizer\/-cfXMeAK5KWyBNcvPSObxJlTg_0=\/420x280\/filters:format(webp):quality(85)\/cloudfront-us-east-1.images.arcpublishing.com\/infobae\/D6BXHMLOKND4PJYWKOTPDGF4AM.jpg 420w,https:\/\/www.infobae.com\/new-resizer\/wgqOnvI1hrqstud__Bn0Qb_7OmI=\/768x512\/filters:format(webp):quality(85)\/cloudfront-us-east-1.images.arcpublishing.com\/infobae\/D6BXHMLOKND4PJYWKOTPDGF4AM.jpg 768w,https:\/\/www.infobae.com\/new-resizer\/d__1p97cKroVfV9xCk_SdNGtR0Y=\/992x661\/filters:format(webp):quality(85)\/cloudfront-us-east-1.images.arcpublishing.com\/infobae\/D6BXHMLOKND4PJYWKOTPDGF4AM.jpg 992w,https:\/\/www.infobae.com\/new-resizer\/GOTzmfzvzg0nhEcackCD-96auJg=\/1200x800\/filters:format(webp):quality(85)\/cloudfront-us-east-1.images.arcpublishing.com\/infobae\/D6BXHMLOKND4PJYWKOTPDGF4AM.jpg 1200w,https:\/\/www.infobae.com\/new-resizer\/4lR8Kvm3iwMRS1NDaBc3HW3zYRI=\/1440x960\/filters:format(webp):quality(85)\/cloudfront-us-east-1.images.arcpublishing.com\/infobae\/D6BXHMLOKND4PJYWKOTPDGF4AM.jpg 1440w\">Cuando una persona sufre s\u00edntomas de trastornos de ansiedad social es muy importante la consulta profesional para iniciar el tratamiento psicol\u00f3gico<\/p>\n\n\n\n<p>Por su parte, la licenciada Mart\u00ednez Castro recomend\u00f3 realizar el tratamiento con la&nbsp;<strong>Terapia Cognitivo Conductual<\/strong>. \u201cEs una&nbsp;<strong>terapia r\u00e1pida, breve<\/strong>&nbsp;en el tiempo y focalizada en el&nbsp;<strong>problema<\/strong>. Es directiva por parte del terapeuta, ya que hay&nbsp;<strong>tareas&nbsp;<\/strong>que se deben hacer fuera del lugar de las sesiones. Y la idea es dar de alta a la persona que viene a consultar lo antes posible\u201d, explic\u00f3.<\/p>\n\n\n\n<p>La licenciada expres\u00f3 que el tratamiento de la&nbsp;<strong>fobia social&nbsp;<\/strong>se divide en dos etapas: una&nbsp;<strong>individual y&nbsp;<\/strong>otra&nbsp;<strong>grupal:<\/strong>&nbsp;\u201cLa primera de ellas consiste en la&nbsp;<strong>Psicoeducaci\u00f3n<\/strong>, basada en un reentrenamiento&nbsp;<strong>respiratorio<\/strong>, refocalizaci\u00f3n de la&nbsp;<strong>atenci\u00f3n<\/strong>, reestructuraci\u00f3n&nbsp;<strong>cognitiva&nbsp;<\/strong>y tareas conductuales y cognitivas a realizar como deber\u201d.<\/p>\n\n\n\n<p>\u201cEn un segundo paso, el individuo deber\u00e1 enfrentarse a un&nbsp;<strong>grupo de 4 a 8 personas<\/strong>, todas las semanas durante aproximadamente dos horas. De esta manera, a lo largo de&nbsp;<strong>12 sesiones<\/strong>&nbsp;se buscar\u00e1 que la persona adquiera confianza en s\u00ed misma y pueda as\u00ed mejorar su estilo de vida\u201d, concluy\u00f3 la especialista.<\/p>\n\n\n\n<p>Fuente: https:\/\/www.infobae.com\/salud\/2023\/12\/04\/que-es-la-ansiedad-social-y-cuales-son-las-5-formulas-claves-para-hacer-frente-a-este-problema\/<\/p>\n","protected":false},"excerpt":{"rendered":"<p>Con la llegada de diciembre, los eventos sociales se intensifican y participar de cada uno de ellos puede ser un desaf\u00edo. Del miedo a ser juzgado a la necesidad de control extremo, cu\u00e1les son los s\u00edntomas y c\u00f3mo hacerles frente La ansiedad social afecta a personas de todas las edades, creando obst\u00e1culos en la vida [&hellip;]<\/p>\n","protected":false},"author":3,"featured_media":423,"comment_status":"open","ping_status":"open","sticky":false,"template":"","format":"standard","meta":{"footnotes":""},"categories":[4,5,10],"tags":[248],"class_list":["post-422","post","type-post","status-publish","format-standard","has-post-thumbnail","hentry","category-bienestar","category-salud","category-tendencia","tag-ansiedad-de-diciembre"],"_links":{"self":[{"href":"https:\/\/noticiassaludables.com.ar\/index.php?rest_route=\/wp\/v2\/posts\/422","targetHints":{"allow":["GET"]}}],"collection":[{"href":"https:\/\/noticiassaludables.com.ar\/index.php?rest_route=\/wp\/v2\/posts"}],"about":[{"href":"https:\/\/noticiassaludables.com.ar\/index.php?rest_route=\/wp\/v2\/types\/post"}],"author":[{"embeddable":true,"href":"https:\/\/noticiassaludables.com.ar\/index.php?rest_route=\/wp\/v2\/users\/3"}],"replies":[{"embeddable":true,"href":"https:\/\/noticiassaludables.com.ar\/index.php?rest_route=%2Fwp%2Fv2%2Fcomments&post=422"}],"version-history":[{"count":1,"href":"https:\/\/noticiassaludables.com.ar\/index.php?rest_route=\/wp\/v2\/posts\/422\/revisions"}],"predecessor-version":[{"id":424,"href":"https:\/\/noticiassaludables.com.ar\/index.php?rest_route=\/wp\/v2\/posts\/422\/revisions\/424"}],"wp:featuredmedia":[{"embeddable":true,"href":"https:\/\/noticiassaludables.com.ar\/index.php?rest_route=\/wp\/v2\/media\/423"}],"wp:attachment":[{"href":"https:\/\/noticiassaludables.com.ar\/index.php?rest_route=%2Fwp%2Fv2%2Fmedia&parent=422"}],"wp:term":[{"taxonomy":"category","embeddable":true,"href":"https:\/\/noticiassaludables.com.ar\/index.php?rest_route=%2Fwp%2Fv2%2Fcategories&post=422"},{"taxonomy":"post_tag","embeddable":true,"href":"https:\/\/noticiassaludables.com.ar\/index.php?rest_route=%2Fwp%2Fv2%2Ftags&post=422"}],"curies":[{"name":"wp","href":"https:\/\/api.w.org\/{rel}","templated":true}]}}