{"id":435,"date":"2023-12-05T11:05:56","date_gmt":"2023-12-05T14:05:56","guid":{"rendered":"https:\/\/noticiassaludables.com.ar\/?p=435"},"modified":"2023-12-05T11:05:57","modified_gmt":"2023-12-05T14:05:57","slug":"el-encuentro-nacional-de-salud-se-reunio-en-exaltacion-de-la-cruz","status":"publish","type":"post","link":"https:\/\/noticiassaludables.com.ar\/?p=435","title":{"rendered":"El Encuentro Nacional de Salud se reuni\u00f3 en Exaltaci\u00f3n de la Cruz"},"content":{"rendered":"\n<h2 class=\"wp-block-heading\">M\u00e1s de ocho mil trabajadores del sistema sanitario intercambiaron sus experiencias y debatieron abordajes. La palabra de los funcionarios bonaerenses.&nbsp;<\/h2>\n\n\n\n<p><a href=\"https:\/\/www.pagina12.com.ar\/autores\/509381-luca-fernandez\"><\/a><\/p>\n\n\n\n<figure class=\"wp-block-image\"><img decoding=\"async\" src=\"https:\/\/images.pagina12.com.ar\/styles\/focal_3_2_960x640\/public\/2023-12\/795538-5a-20-282-29.jpeg?h=ada05aa9&amp;itok=9KgNRUCl\" alt=\"Funcionarios y trabajadores de la salud se reunieron en Exaltaci\u00f3n de la Cruz.\u00a0\"\/><figcaption class=\"wp-element-caption\">Funcionarios y trabajadores de la salud se reunieron en Exaltaci\u00f3n de la Cruz.&nbsp;<\/figcaption><\/figure>\n\n\n\n<p>El partido bonaerense de&nbsp;<strong>Exaltaci\u00f3n de la Cruz&nbsp;<\/strong>recibi\u00f3 ocho mil trabajadores y trabajadoras del sistema sanitario que asistieron al&nbsp;<strong>d\u00e9cimo Encuentro Nacional de Salud<\/strong>. Desde Tierra del Fuego hasta Jujuy, organizaciones nacionales, colegios m\u00e9dicos, profesionales, especialistas, estudiantes, legisladores, sindicatos y ministros de todo el pa\u00eds se encontraron para debatir diversas aristas con un \u00fanico objetivo:&nbsp;<strong>fortalecer la integraci\u00f3n nacional del sistema de salud.<\/strong><\/p>\n\n\n\n<p>El&nbsp;<strong>Centro N\u00e9stor Kirchner- FATICA&nbsp;<\/strong>fue el camping que cobij\u00f3 la convocatoria del s\u00e1bado, donde el entramado sanitario dijo presente para reencontrarse por d\u00e9cimo a\u00f1o consecutivo con el fin de intercambiar experiencias personales, analizar las necesidades conjuntas e idear las respuestas hacia la sociedad.&nbsp;<\/p>\n\n\n\n<p>Seg\u00fan indicaron diversos funcionarios, esta iniciativa naci\u00f3 como resistencia a la tendencia de la d\u00e9cada anterior, donde diversos sectores mundiales impulsaban la idea que indicaba que la soluci\u00f3n para los problemas sanitarios aplicables a cualquier pa\u00eds y a cualquier contexto pod\u00eda ser llevada adelante por cuadros t\u00e9cnicos, despojados de la acci\u00f3n pol\u00edtica. &#8220;Tecn\u00f3cratas&#8221;, como se los nombr\u00f3 en aquel momento. &#8220;No es as\u00ed, porque<strong>&nbsp;la realidad tiene que ver con las historias, los devenires pol\u00edticos y los territorios<\/strong>&#8220;, dijo el ministro de Salud bonaerense&nbsp;<strong>Nicol\u00e1s Kreplak<\/strong>, meses atr\u00e1s.<\/p>\n\n\n\n<p><strong>Julieta Calmels<\/strong>, subsecretaria de Salud Mental, Consumos Problem\u00e1ticos y Violencias de la provincia de Buenos Aires, dialoga con&nbsp;<strong>Buenos Aires\/12<\/strong>&nbsp;y destaca la participaci\u00f3n juvenil: &#8220;<strong>El mundo joven es un actor protag\u00f3nico en la construcci\u00f3n de la salud mental argentina<\/strong>. Es un tema de mucha importancia porque en la juventud hay una sensibilidad particular, con la que es posible pensar y hacer formas de la salud mental distintas a las de otras \u00e9pocas&#8221;. Calmels, a su vez, remarca que esa sensibilidad no se debe a que &#8220;ellos experimenten m\u00e1s padecimientos, como se dice&#8221;, sino porque tienen una &#8220;<strong>mayor capacidad de empat\u00eda, compromiso y sensibilidad hacia aspectos de la vida que en otro tiempo las juventudes no tenian, y que a los adultos le cuesta m\u00e1s<\/strong>&#8220;.<\/p>\n\n\n\n<p>Tambi\u00e9n Kreplak tambi\u00e9n remarc\u00f3 la presencia de los estudiantes. Luego de bromear con que &#8220;nos dimos cuenta ocho a\u00f1os tarde&#8221;, ya que desde 2013 hasta 2021 no se realizaron los encuentros de estudiantes que se realizaron en las \u00faltimas dos ediciones, el titular de la cartera sanitaria dijo que&nbsp;<strong>&#8220;no hay posibilidad de pensar un proyecto de pa\u00eds si cada uno s\u00f3lo conoce su realidad y no entiende que sucede socialmente&#8221;<\/strong>, y se\u00f1al\u00f3 que, en ese sentido, el de los estudiantes fue &#8220;un debate sentido y profundo&#8221;. &#8220;<strong>Nos quieren hacer creer que la juventud se escap\u00f3, que es liberal, de derecha y que no quiere al pueblo. Mentira: la juventud es el motor de la sociedad, es la m\u00e1s solidaria y es la que siempre ha puesto lo necesario para construir el futuro<\/strong>&#8220;, dijo el ministro en el acto central celebrado al mediod\u00eda.<\/p>\n\n\n\n<figure class=\"wp-block-image\"><img decoding=\"async\" src=\"https:\/\/images.pagina12.com.ar\/styles\/width960\/public\/2023-12\/795538-dsc00291.JPG?itok=LmlcTxsj\" alt=\"\"\/><\/figure>\n\n\n\n<p>Al igual que en las ediciones anteriores, el encuentro cont\u00f3 con rondas tem\u00e1ticas abocadas a ejes particulares. Durante la ma\u00f1ana, antes del acto central, fue el turno de las charlas sobre &#8220;Cuidados en salud&#8221;, &#8220;Herramientas para la integraci\u00f3n&#8221;, &#8220;Salud intercultural&#8221;, &#8220;Defensa del derecho a la salud y modelos en disputa&#8221;, &#8220;Federalizaci\u00f3n de la discusi\u00f3n en salud&#8221; y &#8220;Organizaci\u00f3n en salud&#8221;.&nbsp;<\/p>\n\n\n\n<p>Pasado el acto central, que tuvo como oradores a&nbsp;<strong>Daniel Goll\u00e1n, Dora Barrancos, Mario Rovere, Carolina Centeno, Luz D\u00edaz, Mart\u00edn Ariel Rubio, Jorge Rachid, Diego Nanni, Walter Correa&nbsp;<\/strong>y&nbsp;<strong>Nicol\u00e1s Kreplak<\/strong>, fue el turno de las rondas sobre &#8220;Enfermer\u00eda&#8221;, &#8220;Fuerza laboral y salud de los trabajadores&#8221;, &#8220;Comunicaci\u00f3n en salud&#8221;, &#8220;Salud feminista&#8221;, &#8220;Salud mental&#8221;, &#8220;Salud comunitaria&#8221; y &#8220;Salud de ni\u00f1eces y adolescencias&#8221;.<\/p>\n\n\n\n<p>Calmels cuenta que en la ronda tem\u00e1tica vinculada al \u00e1rea de salud mental, se trabaj\u00f3 acerca de la caracterizaci\u00f3n sobre los malestares de la actualidad, y las nuevas formas en las que se piensan los modelos de atenci\u00f3n y de cuidado, con el fin de que &#8220;no se repitan viejos esquemas&#8221;, para ver la forma en la que el pueblo necesita ser acompa\u00f1ado. Adem\u00e1s, la subsecretaria hizo hincapi\u00e9 en la importancia de &#8220;no hacer pasar por la salud mental s\u00f3lo un conjunto de sufrimientos que tienen que ver con desigualdad social y falta de derechos esenciales&#8221;.<\/p>\n\n\n\n<p>En el camping N\u00e9stor Kirchner tambi\u00e9n&nbsp;<strong>se mont\u00f3 una Feria Sanitaria, donde organizaciones sociales, radios abiertas y bibliotecas populares expusieron sus experiencias e intercambiaron con los colegas<\/strong>. En tiempos donde la concepci\u00f3n de la salud p\u00fablica se encuentra en disputa, los diversos actores su unificaron bajo la consigna que recorri\u00f3 las redes sociales:&nbsp;<strong>&#8220;La soluci\u00f3n a los problemas no es la respuesta individual&#8221;<\/strong>. El trabajo en conjunto y el cuidado mutuo se unificaron y fueron una de las principales consignas de la jornada.<\/p>\n\n\n\n<p>La subsecretaria de Salud Mental explica que esa uni\u00f3n permite&nbsp;<strong>&#8220;hacer un balance y una proyecci\u00f3n de lo que nosotros habitamos y definimos como la construcci\u00f3n del movimiento sanitario&#8221;<\/strong>. Resalta que, como resultado del proceso electoral, el futuro depara&nbsp;<strong>&#8220;realidades muy heterog\u00e9neas en las distintas provincias&#8221;<\/strong>, lo que genera que &#8220;la salud sea uno de los ejes y los derechos centrales que organizar\u00e1n la construcci\u00f3n de una nueva etapa de Argentina, que tendr\u00e1 espacios vinculados a la resistencia y a otros espacios vinculados al crecimiento de los proyectos&#8221;.&nbsp;<\/p>\n\n\n\n<p>Calmels indica que &#8220;hay mucha&nbsp;<strong>evoluci\u00f3n en los debates sanitarios<\/strong>&nbsp;que se refleja en todas las mesas&#8221;, y que eso permite plantear estrategias vinculadas a los debates sobre la integraci\u00f3n de los sistemas de salud, que<strong>&nbsp;&#8220;tendr\u00e1 avances sustantivos en Buenos Aires en la etapa que viene&#8221;<\/strong>.<\/p>\n\n\n\n<figure class=\"wp-block-image\"><img decoding=\"async\" src=\"https:\/\/images.pagina12.com.ar\/styles\/width960\/public\/2023-12\/795538-dsc00251.JPG?itok=0LsHFYYf\" alt=\"\"\/><\/figure>\n\n\n\n<p>El d\u00e9cimo Encuentro Nacional de Salud se da en un contexto particular. Sobre todo para un&nbsp;<strong>&#8220;ministerio militante&#8221;<\/strong>, como el propio Kreplak defini\u00f3 a la cartera de Salud en m\u00e1s de una ocasi\u00f3n.&nbsp;<strong>La victoria electoral de Javier Milei y su promesa de reducir el ministerio sanitario de Naci\u00f3n a secretar\u00eda, despert\u00f3 un c\u00famulo de malas sensaciones en todo el entramado sanitario.&nbsp;<\/strong><\/p>\n\n\n\n<p>Al tomar la palabra, el diputado nacional por la provincia de Buenos Aires,&nbsp;<strong>Daniel Goll\u00e1n<\/strong>, record\u00f3 el Encuentro Nacional de Salud celebrado en Lan\u00fas, el 3 de diciembre de 2015. Con la derrota latente a manos de&nbsp;<strong>Mauricio Macri&nbsp;<\/strong>en Naci\u00f3n y&nbsp;<strong>Mar\u00eda Eugenia Vidal&nbsp;<\/strong>en Provincia, Goll\u00e1n dijo que en ese entonces &#8220;estaba por asumir un personaje nefasto, un capo mafia&#8221;, y que all\u00ed &#8220;estuvieron miles y miles de compa\u00f1eros y compa\u00f1eras diciendo que en 2019 volver\u00edamos a ser gobierno&#8221;. &#8220;Hoy les decimos lo mismo,&nbsp;<strong>vamos a volver a ser gobierno y el proyecto nacional y popular volver\u00e1 a gobernar la Argentina acompa\u00f1ando al pueblo, que har\u00e1 su trabajo&#8221;<\/strong>.<\/p>\n\n\n\n<p>En su discurso, Kreplak se mantuvo sobre esa l\u00ednea y tild\u00f3 como&nbsp;<strong>una &#8220;responsabilidad hist\u00f3rica&#8221; el hecho de &#8220;discutir y so\u00f1ar con una patria libre, justa y soberana&#8221;<\/strong>. Luego de se\u00f1alar que<strong>&nbsp;&#8220;se vienen a\u00f1os de sufrimiento para el pueblo&#8221;<\/strong>, el titular de la cartera sanitaria dijo que aquellos que gobernar\u00e1n el pa\u00eds a partir del 10 de diciembre&nbsp;<strong>&#8220;son los mimos que estuvieron en los &#8217;90, en 2001 y en 2015&#8221;<\/strong>, y que &#8220;traer\u00e1n endeudamiento, empobrecimiento, exclusi\u00f3n&#8221;.&nbsp;<\/p>\n\n\n\n<p><strong>&#8220;Nosotros, los que estamos en salud, somos los que vamos a estar atr\u00e1s de cada barrio, de cada escuela, centros de salud y hospitales, acompa\u00f1ando para que el da\u00f1o sea lo menor posible&#8221;<\/strong>, asegur\u00f3 el ministro, y sentenci\u00f3: &#8220;Tengo el enorme orgullo de ser un trabajador m\u00e1s de la salud de nuestra patria, porque cuando vino la hora dificil, no hubo uno solo que haya dudado en poner su cuerpo para defender el pa\u00eds. En estos a\u00f1os ser\u00e1 as\u00ed, pondremos nuestro cuerpo, nuestro tiempo, nuestra energ\u00eda y nuestro conocimiento para cuidar a los que m\u00e1s lo necesitan&#8221;.<\/p>\n\n\n\n<p>Fuente: https:\/\/www.pagina12.com.ar\/691371-el-sistema-sanitario-agazapado-y-a-la-espera<\/p>\n","protected":false},"excerpt":{"rendered":"<p>M\u00e1s de ocho mil trabajadores del sistema sanitario intercambiaron sus experiencias y debatieron abordajes. La palabra de los funcionarios bonaerenses.&nbsp; El partido bonaerense de&nbsp;Exaltaci\u00f3n de la Cruz&nbsp;recibi\u00f3 ocho mil trabajadores y trabajadoras del sistema sanitario que asistieron al&nbsp;d\u00e9cimo Encuentro Nacional de Salud. Desde Tierra del Fuego hasta Jujuy, organizaciones nacionales, colegios m\u00e9dicos, profesionales, especialistas, estudiantes, [&hellip;]<\/p>\n","protected":false},"author":3,"featured_media":436,"comment_status":"open","ping_status":"open","sticky":false,"template":"","format":"standard","meta":{"footnotes":""},"categories":[3,5,12],"tags":[252,253],"class_list":["post-435","post","type-post","status-publish","format-standard","has-post-thumbnail","hentry","category-principal","category-salud","category-sociedad","tag-encuentro-nacional-de-salud","tag-exaltacion-de-la-cruz"],"_links":{"self":[{"href":"https:\/\/noticiassaludables.com.ar\/index.php?rest_route=\/wp\/v2\/posts\/435","targetHints":{"allow":["GET"]}}],"collection":[{"href":"https:\/\/noticiassaludables.com.ar\/index.php?rest_route=\/wp\/v2\/posts"}],"about":[{"href":"https:\/\/noticiassaludables.com.ar\/index.php?rest_route=\/wp\/v2\/types\/post"}],"author":[{"embeddable":true,"href":"https:\/\/noticiassaludables.com.ar\/index.php?rest_route=\/wp\/v2\/users\/3"}],"replies":[{"embeddable":true,"href":"https:\/\/noticiassaludables.com.ar\/index.php?rest_route=%2Fwp%2Fv2%2Fcomments&post=435"}],"version-history":[{"count":1,"href":"https:\/\/noticiassaludables.com.ar\/index.php?rest_route=\/wp\/v2\/posts\/435\/revisions"}],"predecessor-version":[{"id":437,"href":"https:\/\/noticiassaludables.com.ar\/index.php?rest_route=\/wp\/v2\/posts\/435\/revisions\/437"}],"wp:featuredmedia":[{"embeddable":true,"href":"https:\/\/noticiassaludables.com.ar\/index.php?rest_route=\/wp\/v2\/media\/436"}],"wp:attachment":[{"href":"https:\/\/noticiassaludables.com.ar\/index.php?rest_route=%2Fwp%2Fv2%2Fmedia&parent=435"}],"wp:term":[{"taxonomy":"category","embeddable":true,"href":"https:\/\/noticiassaludables.com.ar\/index.php?rest_route=%2Fwp%2Fv2%2Fcategories&post=435"},{"taxonomy":"post_tag","embeddable":true,"href":"https:\/\/noticiassaludables.com.ar\/index.php?rest_route=%2Fwp%2Fv2%2Ftags&post=435"}],"curies":[{"name":"wp","href":"https:\/\/api.w.org\/{rel}","templated":true}]}}