{"id":438,"date":"2023-12-05T11:23:14","date_gmt":"2023-12-05T14:23:14","guid":{"rendered":"https:\/\/noticiassaludables.com.ar\/?p=438"},"modified":"2023-12-05T11:23:14","modified_gmt":"2023-12-05T14:23:14","slug":"hay-112-mil-ninos-que-nunca-recibieron-ninguna-vacuna-obligatoria","status":"publish","type":"post","link":"https:\/\/noticiassaludables.com.ar\/?p=438","title":{"rendered":"Hay 112 mil ni\u00f1os que nunca recibieron ninguna vacuna obligatoria"},"content":{"rendered":"\n<h2 class=\"wp-block-heading\">En el pa\u00eds hay 112 mil ni\u00f1os que nunca recibieron ninguna vacuna obligatoria.Adem\u00e1s, hay 37.000 subvacunados o que tienen el esquema obligatorio incompleto. El desaf\u00edo para el nuevo Gobierno.<\/h2>\n\n\n\n<p><img loading=\"lazy\" decoding=\"async\" alt=\"Cero dosis: advierten por un grave d\u00e9ficit para la salud de los chicos y qu\u00e9 riesgo tiene\" src=\"https:\/\/www.clarin.com\/img\/2021\/10\/14\/u2CC1LQHG_1256x620__3.jpg#1701647501620\" width=\"1256\" height=\"620\">Advierten por la falta de cobertura en vacunaci\u00f3n de chicos en Argentina y los riesgos sanitarios para el futuro.<img loading=\"lazy\" decoding=\"async\" width=\"60\" height=\"60\" src=\"https:\/\/www.clarin.com\/img\/authors\/irene-hartmann___6103179143aaa4001c435e57.png\" alt=\"Irene Hartmann\"><\/p>\n\n\n\n<p><\/p>\n\n\n\n<p>En Am\u00e9rica latina son casi 7 millones los chicos que por la pandemia no recibieron las vacunas para controlar enfermedades evitables como el&nbsp;<a href=\"https:\/\/www.clarin.com\/buena-vida\/alerta-sarampion-contagia-sintomas-deben-vacunarse_0_vAjykklmzq.html\">sarampi\u00f3n<\/a>&nbsp;o la&nbsp;<a href=\"https:\/\/www.clarin.com\/sociedad\/riesgo-vuelva-temida-enfermedad-erradicada-lanzan-campana-vacunacion_0_niLCLQKEvH.html\">poliomielitis<\/a>. Las cifras de 2022 muestran que aunque algunos pa\u00edses como Brasil o M\u00e9xico superaron la \u201cresaca\u201d que les gener\u00f3 el Covid, en otros siguen activos grandes nichos de riesgo sanitario, con&nbsp;<strong>chicos que no recibieron ninguna vacuna en toda su vida<\/strong>: los llamados<strong>&nbsp;<\/strong><em>chicos cero dosis<\/em>.&nbsp;<strong>En Argentina son m\u00e1s de 112.000.<\/strong><\/p>\n\n\n\n<p>La cifra viene de un&nbsp;<a href=\"https:\/\/www.unicef.org\/lac\/informes\/estado-mundial-de-la-infancia-para-cada-infancia-vacunacion\">informe de UNICEF<\/a>&nbsp;de julio, que toma datos de 2021. Pero todo el tema se puede actualizar mirando el \u201c<a href=\"https:\/\/bancos.salud.gob.ar\/sites\/default\/files\/2023-11\/iii-informe-coberturas-vacunacion-argentina.pdf\">III Informe sobre coberturas nacionales de vacunaci\u00f3n<\/a>\u201d, emitido por el Ministerio de Salud a principios de noviembre aunque por el revuelo electoral pas\u00f3 casi inadvertido. El documento, sin embargo, sobresale ahora, cuando el iminente cambio de gesti\u00f3n presidencial podr\u00eda representar \u2013cree m\u00e1s de uno\u2013 un viraje en la concepci\u00f3n hist\u00f3rica sobre la importancia de vacunar (m\u00e1s aclaraciones, al final de estas l\u00edneas).<\/p>\n\n\n\n<p>En medio de la incertidumbre por las nuevas definiciones, las \u00faltimas cifras de vacunaci\u00f3n pedi\u00e1trica en Argentina son tibias. Hay una mala noticia y, tambi\u00e9n, algunas&nbsp;<em>semi-buenas<\/em>&nbsp;para compartir.<\/p>\n\n\n\n<p>La mala son los&nbsp;<em>chicos cero dosis<\/em>. En 2021, informa Unicef, 112.376, es decir,<strong>&nbsp;el 18% de los beb\u00e9s menores de un a\u00f1o<\/strong>&nbsp;no recibi\u00f3 ninguna inyecci\u00f3n de ninguna de las vacunas obligatorias. Adem\u00e1s, superaban 37.000 (6% de los menores de un a\u00f1o) aquellos subvacunados, o vacunados de forma incompleta.<\/p>\n\n\n\n<p>Al margen de que es imposible saber si alguien fue a buscar a esos m\u00e1s de 150.000 beb\u00e9s que el Estado simplemente \u201cpas\u00f3 de largo\u201d por el Covid, los&nbsp;<em>chicos cero dosis<\/em>&nbsp;se enmarcan en una tendencia persistente desde 2015, cuando Argentina perdi\u00f3 su mote de pa\u00eds \u201cintachable\u201d en vacunaci\u00f3n. El hist\u00f3rico 90% de la poblaci\u00f3n vacunada baj\u00f3, en varias de las m\u00e1s importantes dosis, al 80% y hasta el 70%.<\/p>\n\n\n\n<p>Las&nbsp;<em>semi-buenas<\/em>&nbsp;noticias est\u00e1n en el informe local de Salud de noviembre. Ricardo R\u00fcttimann, infect\u00f3logo de la Fundaci\u00f3n Centro de Estudios Infectol\u00f3gicos (Funcei) y miembro de la Comisi\u00f3n Nacional de Inmunizaciones (CoNaIn), lo resumi\u00f3 con cautela: \u201cVemos alguna recuperaci\u00f3n desde la ca\u00edda de la vacunaci\u00f3n pedi\u00e1trica en la pandemia, pero los datos distan de ser ideales\u201d.<\/p>\n\n\n\n<h2 class=\"wp-block-heading\">Acumulaci\u00f3n de suceptibles por falta de vacunaci\u00f3n<\/h2>\n\n\n\n<p>Tanto para las dosis que deber\u00edan recibir los reci\u00e9n nacidos (BCG y hepatitis B) como para las que les tocan a los lactantes, el informe del ministerio que a\u00fan conduce Carla Vizzotti reconoce coberturas con \u201cvalores sub\u00f3ptimos\u201d. Eso s\u00ed, hay una recuperaci\u00f3n en 2022 en comparaci\u00f3n a la prepandemia, y una mejora de entre uno y cinco puntos porcentuales, en relaci\u00f3n a 2021.<\/p>\n\n\n\n<figure class=\"wp-block-embed is-type-wp-embed is-provider-datawrapper wp-block-embed-datawrapper\"><div class=\"wp-block-embed__wrapper\">\n<iframe class=\"wp-embedded-content\" sandbox=\"allow-scripts\" security=\"restricted\" title=\"Ni\u00f1as y ni\u00f1osno vacunados y subvacunados\" src=\"https:\/\/datawrapper.dwcdn.net\/AKYqY\/1\/#?secret=Cbmlwu4Yy7\" data-secret=\"Cbmlwu4Yy7\" scrolling=\"no\" frameborder=\"0\" height=\"827\"><\/iframe>\n<\/div><\/figure>\n\n\n\n<p>Pero vale la pena insistir con el medio vaso vac\u00edo porque, explic\u00f3 R\u00fcttimann, \u201csiempre tuvimos m\u00e1s del 90% de cobertura y<strong>&nbsp;una ca\u00edda de cinco puntos porcentuales cada a\u00f1o no es poco<\/strong>. Acumulados durante varios a\u00f1os, terminan sumando el 10%, el 15% o el 20% de personas susceptibles. Son cientos de miles de personas desprotegidas ante enfermedades de f\u00e1cil contagio\u201d.<\/p>\n\n\n\n<p>Volviendo a los beb\u00e9s, la&nbsp;<strong>BCG<\/strong>, en 2022, no lleg\u00f3 al 80% de cobertura. La de la&nbsp;<strong>hepatitis B<\/strong>, apenas lo pas\u00f3, con el 80,9%.<\/p>\n\n\n\n<p>Si bien las que les tocan a los lactantes se acercaron al 84%, las que<strong>&nbsp;preocupan son algunas de las vacunas que tocan al a\u00f1o de vida<\/strong>: hepatitis A, la primera dosis de la triple viral (sarampi\u00f3n, rub\u00e9ola y paperas) y un refuerzo de la antineumoc\u00f3cica.<\/p>\n\n\n\n<p>Las dos primeras estuvieron en 86,9% y 84,6%, porcentajes que parecen m\u00e1s o menos buenos, pero representan una ca\u00edda con respecto al a\u00f1o anterior.<\/p>\n\n\n\n<p>En&nbsp;<strong>hepatitis A<\/strong>, la baja es de solo una d\u00e9cima, pero la triple viral, que incluye el sensible asunto del&nbsp;<strong>sarampi\u00f3n&nbsp;<\/strong>(enfermedad de la que los expertos advierten un&nbsp;<a href=\"https:\/\/www.clarin.com\/sociedad\/confirmaron-primer-caso-autoctono-sarampion-argentina-anos_0_V5W4g6bRwI.html\">riesgo real de reintroducci\u00f3n en el pa\u00eds<\/a>) cay\u00f3 casi dos puntos porcentuales.<\/p>\n\n\n\n<p>En cuanto a la vacuna contra el&nbsp;<strong>neumococo<\/strong>, tampoco anduvo muy bien. Con una cobertura del 78,9%, no mostr\u00f3 mejoras en relaci\u00f3n al a\u00f1o anterior.<\/p>\n\n\n\n<h2 class=\"wp-block-heading\">Polio, meningitis y la qu\u00edntuple en baja<\/h2>\n\n\n\n<p>Entre los 15 meses y el a\u00f1o y medio de vida, se indica la dosis contra la varicela (sobra aclarar su sideral importancia en la&nbsp;<a href=\"https:\/\/www.clarin.com\/brandstudio\/atentos-saber-herpes-zoster-_0_Hgz2MKYpKY.html\">prevenci\u00f3n del herpes z\u00f3ster en adultos<\/a>) y el primer refuerzo de la qu\u00edntuple, una vacuna de importancia may\u00fascula, ya que combate cinco pat\u00f3genos complicados.<\/p>\n\n\n\n<p>Uno es el que causa la poliomielitis, tema del que R\u00fcttimann fue enf\u00e1tico: \u201cEl uniforme de Unicef sobre Argentina advierte que en polio estamos en una zona cr\u00edtica, con&nbsp;<a href=\"https:\/\/www.clarin.com\/sociedad\/riesgo-vuelva-temida-enfermedad-erradicada-lanzan-campana-vacunacion_0_niLCLQKEvH.html\">riesgo real de remergencia<\/a>\u201d.<\/p>\n\n\n\n<p>Adem\u00e1s, esa inyecci\u00f3n incluye el combo difteria, pertussis (o tos ferina, o convulsa), hepatitis B y un microbio que se nombra poco pero deber\u00eda tenerse en cuenta:&nbsp;<em>Haemophilos influenziae<\/em>&nbsp;tipo B, uno de los causantes de neumon\u00edas pero tambi\u00e9n de las meninigitis bacterianas.<\/p>\n\n\n\n<p>Ese refuerzo, con solo el 74,2% de cobertura, cay\u00f3 m\u00e1s de un punto porcentual desde 2021.<\/p>\n\n\n\n<p>Roberto Debbag es presidente de la Sociedad Latinoam\u00e9ricana de Infectolog\u00eda Pedi\u00e1trica, entidad que acaba de publicar un&nbsp;<em>paper&nbsp;<\/em>con recomendaciones para la&nbsp;<a href=\"https:\/\/www.frontiersin.org\/articles\/10.3389\/fped.2023.1297177\/full\">prevenci\u00f3n de las infecciones en los primeros 1.000 d\u00edas de vida<\/a>. Consultado por&nbsp;<strong>Clar\u00edn<\/strong>, habl\u00f3 con preocupaci\u00f3n de la&nbsp;<a href=\"https:\/\/www.clarin.com\/buena-vida\/meningitis-bacteriana-sintomas-infeccion-provoco-muerte-jeff-beck_0_2tHFk44eq7.html\">meningitis<\/a>, pero no solo de la bacteriana sino tambi\u00e9n de la viral, ambas prevenibles por vacunaci\u00f3n.<\/p>\n\n\n\n<p>\u201c<strong>No hab\u00edamos visto ni\u00f1os con meningitis durante 20 a\u00f1os y en el \u00faltimo a\u00f1o hemos podido ver la gravedad de esta enfermedad<\/strong>, que produce mortalidad en el 10% al 20% de los casos, sin contar que puede dejar secuelas cognitivas en el 60%\u201d, apunt\u00f3.<\/p>\n\n\n\n<h2 class=\"wp-block-heading\">Vacunas en la primaria y la secundaria<\/h2>\n\n\n\n<p>Del cerca del 95% de cobertura relevado para las vacunas que se aplican en prescolar se desprende algo b\u00e1sico: la indicaci\u00f3n de la escuela de llevar a los chicos a vacunar como requisito obligatorio para entrar a primer grado es un filtro con peso propio.<\/p>\n\n\n\n<p>Nada de eso ocurre con las dosis contra el&nbsp;<a href=\"https:\/\/www.clarin.com\/buena-vida\/vph-virus-comun-produce-varios-tipos-cancer-buena-mala-oportunidad_0_RChmMGi039.html\">HPV<\/a>, que se indican en la pubertad y que&nbsp;<strong>en la secundaria nadie controla<\/strong>. En especial, la dosis de refuerzo, que es la que permite alcanzar una cobertura real contra el virus de papiloma humano.<\/p>\n\n\n\n<p>En 2022, el 82,7% de las nenas cumpli\u00f3 la primera dosis, pero<strong>&nbsp;en los varones la cifra baj\u00f3 al 75,6%<\/strong>. En cuanto a los<strong>&nbsp;refuerzos<\/strong>, las cifras son horribles:&nbsp;<strong>ellas, 54,3%; ellos 47,6%<\/strong>.<\/p>\n\n\n\n<p>\u201cEs la primera vez que la Argentina tiene el concepto de ni\u00f1os dosis cero. Son, la gran mayor\u00eda,&nbsp;<strong>ni\u00f1os en situaci\u00f3n de pobreza, que no logran acceder a la salud<\/strong>. Hijos de madres que no piensan en vacunar sino en darles de comer. Estamos hablando de vacunas que est\u00e1n esperando en las heladeras\u201d, reflexion\u00f3 Debbag.<\/p>\n\n\n\n<p>Ser\u00eda bueno encontrarlos y vacunarlos, pero \u201cArgentina no tiene la tecnolog\u00eda que se precisa. Esta gesti\u00f3n, que conoc\u00eda mucho sobre vacunas, no gener\u00f3 una tecnificaci\u00f3n con un sistema de traqueo. Todo est\u00e1 en&nbsp;<strong>rudimentarias planillas de excel<\/strong>\u201d, critic\u00f3.<\/p>\n\n\n\n<h2 class=\"wp-block-heading\">Consejos y dudas ante la nueva pol\u00edtica de Salud<\/h2>\n\n\n\n<p>A la malaria econ\u00f3mica por venir, nadie querr\u00eda sumarle una de tinte sanitario. Por ley, las&nbsp;<a href=\"https:\/\/bancos.salud.gob.ar\/recurso\/calendario-nacional-de-vacunacion-2022\">vacunas del esquema oficial<\/a>&nbsp;son obligatorias y gratuitas en todas las provincias. Ante la duda, vale la pena darse una vuelta por el pediatra o por el vacunatorio m\u00e1s cercano, carnet de vacunaci\u00f3n y DNI de los chicos en mano.<\/p>\n\n\n\n<p>\u00bfEl derecho a vacunarse podr\u00eda cambiar con el nuevo Gobierno? R\u00fcttimann tranquiliz\u00f3: \u201cHay una ley de vacunas reglamentada y eso le da solidez a lo que pasa ac\u00e1. Vacunarse es un derecho. Es un aspecto que a los que apoyamos la salud p\u00fablica y la protecci\u00f3n que dan las vacunas nos deber\u00eda dejar tranquilos\u201d<\/p>\n\n\n\n<p>En t\u00e9rminos de gasto p\u00fablico tampoco habr\u00eda que sembrar dudas.\u00a0<strong>Vacunar previene gastos en atenci\u00f3n sanitaria<\/strong>, resume el informe de Unicef. Y es claro: \u201cPor cada d\u00f3lar gastado en vacunaci\u00f3n se produce un retorno de la inversi\u00f3n de 26 d\u00f3lares\u201d.<\/p>\n\n\n\n<p>Fuente: https:\/\/www.clarin.com\/sociedad\/cero-dosis-advierten-grave-deficit-salud-chicos-riesgo_0_dKzo7SrkPj.html<\/p>\n","protected":false},"excerpt":{"rendered":"<p>En el pa\u00eds hay 112 mil ni\u00f1os que nunca recibieron ninguna vacuna obligatoria.Adem\u00e1s, hay 37.000 subvacunados o que tienen el esquema obligatorio incompleto. El desaf\u00edo para el nuevo Gobierno. Advierten por la falta de cobertura en vacunaci\u00f3n de chicos en Argentina y los riesgos sanitarios para el futuro. En Am\u00e9rica latina son casi 7 millones [&hellip;]<\/p>\n","protected":false},"author":3,"featured_media":439,"comment_status":"open","ping_status":"open","sticky":false,"template":"","format":"standard","meta":{"footnotes":""},"categories":[7,3,5],"tags":[255,254,209],"class_list":["post-438","post","type-post","status-publish","format-standard","has-post-thumbnail","hentry","category-ciencia","category-principal","category-salud","tag-derecho-a-no-vacunarse","tag-esquema-de-vacunas","tag-ninos"],"_links":{"self":[{"href":"https:\/\/noticiassaludables.com.ar\/index.php?rest_route=\/wp\/v2\/posts\/438","targetHints":{"allow":["GET"]}}],"collection":[{"href":"https:\/\/noticiassaludables.com.ar\/index.php?rest_route=\/wp\/v2\/posts"}],"about":[{"href":"https:\/\/noticiassaludables.com.ar\/index.php?rest_route=\/wp\/v2\/types\/post"}],"author":[{"embeddable":true,"href":"https:\/\/noticiassaludables.com.ar\/index.php?rest_route=\/wp\/v2\/users\/3"}],"replies":[{"embeddable":true,"href":"https:\/\/noticiassaludables.com.ar\/index.php?rest_route=%2Fwp%2Fv2%2Fcomments&post=438"}],"version-history":[{"count":1,"href":"https:\/\/noticiassaludables.com.ar\/index.php?rest_route=\/wp\/v2\/posts\/438\/revisions"}],"predecessor-version":[{"id":440,"href":"https:\/\/noticiassaludables.com.ar\/index.php?rest_route=\/wp\/v2\/posts\/438\/revisions\/440"}],"wp:featuredmedia":[{"embeddable":true,"href":"https:\/\/noticiassaludables.com.ar\/index.php?rest_route=\/wp\/v2\/media\/439"}],"wp:attachment":[{"href":"https:\/\/noticiassaludables.com.ar\/index.php?rest_route=%2Fwp%2Fv2%2Fmedia&parent=438"}],"wp:term":[{"taxonomy":"category","embeddable":true,"href":"https:\/\/noticiassaludables.com.ar\/index.php?rest_route=%2Fwp%2Fv2%2Fcategories&post=438"},{"taxonomy":"post_tag","embeddable":true,"href":"https:\/\/noticiassaludables.com.ar\/index.php?rest_route=%2Fwp%2Fv2%2Ftags&post=438"}],"curies":[{"name":"wp","href":"https:\/\/api.w.org\/{rel}","templated":true}]}}