{"id":447,"date":"2023-12-06T12:02:25","date_gmt":"2023-12-06T15:02:25","guid":{"rendered":"https:\/\/noticiassaludables.com.ar\/?p=447"},"modified":"2023-12-06T12:02:26","modified_gmt":"2023-12-06T15:02:26","slug":"coro-nacional-de-ninos-anuncia-tres-conciertos-navidenos","status":"publish","type":"post","link":"https:\/\/noticiassaludables.com.ar\/?p=447","title":{"rendered":"Coro Nacional de Ni\u00f1os anuncia tres conciertos navide\u00f1os"},"content":{"rendered":"\n<h2 class=\"wp-block-heading\">Bajo la direcci\u00f3n de Mar\u00eda Isabel Sanz y con un repertorio \u00fanico, los recitales ser\u00e1n en la parroquia Nuestra Se\u00f1ora de la Candelaria, en la Federaci\u00f3n de C\u00edrculos Cat\u00f3licos Obreros y en la Parroquia Nuestra Se\u00f1ora de Montserrat<\/h2>\n\n\n\n<p><img loading=\"lazy\" decoding=\"async\" alt=\"El Coro Nacional de Ni\u00f1os, dirigido por la Maestra Mar\u00eda Isabel Sanz, despliega una sinfon\u00eda de villancicos y obras maestras en tres inolvidables conciertos navide\u00f1os\" height=\"1080\" width=\"1920\" src=\"https:\/\/www.infobae.com\/new-resizer\/CrdCrF3Loql8EzypXz9jVstIecA=\/420x236\/filters:format(webp):quality(85)\/cloudfront-us-east-1.images.arcpublishing.com\/infobae\/RLJ3RZR6KRCEZBWCXJSPP5TYI4.jpg%20420w\" srcset=\"https:\/\/www.infobae.com\/new-resizer\/CrdCrF3Loql8EzypXz9jVstIecA=\/420x236\/filters:format(webp):quality(85)\/cloudfront-us-east-1.images.arcpublishing.com\/infobae\/RLJ3RZR6KRCEZBWCXJSPP5TYI4.jpg 420w,https:\/\/www.infobae.com\/new-resizer\/gd2RMvXMkWxaXTqfR3HnMC0ODH0=\/768x432\/filters:format(webp):quality(85)\/cloudfront-us-east-1.images.arcpublishing.com\/infobae\/RLJ3RZR6KRCEZBWCXJSPP5TYI4.jpg 768w,https:\/\/www.infobae.com\/new-resizer\/mIO8lpA6HPplzt6NBrpsqRqLFgI=\/992x558\/filters:format(webp):quality(85)\/cloudfront-us-east-1.images.arcpublishing.com\/infobae\/RLJ3RZR6KRCEZBWCXJSPP5TYI4.jpg 992w,https:\/\/www.infobae.com\/new-resizer\/0Od1zKUt7Ke8LikJwdix69ov-es=\/1200x675\/filters:format(webp):quality(85)\/cloudfront-us-east-1.images.arcpublishing.com\/infobae\/RLJ3RZR6KRCEZBWCXJSPP5TYI4.jpg 1200w,https:\/\/www.infobae.com\/new-resizer\/7RHQkEY5WMtUJ9To-KC-zw3I32Y=\/1440x810\/filters:format(webp):quality(85)\/cloudfront-us-east-1.images.arcpublishing.com\/infobae\/RLJ3RZR6KRCEZBWCXJSPP5TYI4.jpg 1440w\">El Coro Nacional de Ni\u00f1os, dirigido por la Maestra Mar\u00eda Isabel Sanz, despliega una sinfon\u00eda de villancicos y obras maestras en tres inolvidables conciertos navide\u00f1os<\/p>\n\n\n\n<p>El\u00a0<strong>Coro Nacional de Ni\u00f1os<\/strong>\u00a0se complace en anunciar tres destacados conciertos navide\u00f1os. Como es tradici\u00f3n, el elenco ha preparado un exquisito repertorio de villancicos, que prometen una velada muy esperada por todos los amantes de la m\u00fasica navide\u00f1a. Bajo la direcci\u00f3n de la maestra\u00a0<strong>Mar\u00eda Isabel Sanz<\/strong>, el coro llevar\u00e1 a cabo tres presentaciones memorables. El primer concierto est\u00e1 programado para el jueves 7 de diciembre a las 19:45 horas en la parroquia\u00a0<strong>Nuestra Se\u00f1ora de la Candelaria<\/strong>, donde cautivar\u00e1n al p\u00fablico con\u00a0<em><strong>V\u00edsperas del D\u00eda de la Virgen<\/strong><\/em>, ofreciendo un repertorio que incluye villancicos y fragmentos de la obra\u00a0<em><strong>Stabat Mater\u00a0<\/strong><\/em>de<strong>\u00a0Pergol<\/strong>esi.<a href=\"https:\/\/www.infobae.com\/cultura\/2023\/12\/05\/diane-denoir-la-musa-beat-de-montevideo-que-desafio-el-silencio\/\" target=\"_blank\" rel=\"noreferrer noopener\"><\/a><\/p>\n\n\n\n<p><a href=\"https:\/\/www.infobae.com\/cultura\/2023\/12\/05\/diane-denoir-la-musa-beat-de-montevideo-que-desafio-el-silencio\/\" target=\"_blank\" rel=\"noreferrer noopener\"><\/a><\/p>\n\n\n\n<p>En esta ocasi\u00f3n, la parroquia solicita a los asistentes la donaci\u00f3n de un alimento no perecedero para apoyar a las 120 personas que acuden diariamente a su comedor. La segunda velada tendr\u00e1 lugar el jueves 14 de diciembre a las 19:30 horas en la&nbsp;<strong>Federaci\u00f3n de C\u00edrculos Cat\u00f3licos Obreros<\/strong>, en la que presentar\u00e1n un&nbsp;<em><strong>Gran Concierto de Navidad<\/strong><\/em>. Finalmente, el martes 19 de diciembre a las 20 horas, el coro cerrar\u00e1 su temporada en la&nbsp;<strong>Parroquia Nuestra Se\u00f1ora de Montserrat<\/strong>, deleitando al p\u00fablico con inolvidables villancicos.<\/p>\n\n\n\n<p><img loading=\"lazy\" decoding=\"async\" alt=\"La parroquia Nuestra Se\u00f1ora de la Candelaria ser\u00e1 el escenario del primer concierto el 7 de diciembre, donde el coro interpretar\u00e1 villancicos y fragmentos de la obra &quot;Stabat Mater&quot;, de Pergolesi\" height=\"1080\" width=\"1920\" src=\"https:\/\/www.infobae.com\/new-resizer\/EO2Gkmei-OFv5OPp9AE2ZtIyss0=\/420x236\/filters:format(webp):quality(85)\/cloudfront-us-east-1.images.arcpublishing.com\/infobae\/UHJMIYML6JFKXEQ53XJPPC5KJY.jpg%20420w\" srcset=\"https:\/\/www.infobae.com\/new-resizer\/EO2Gkmei-OFv5OPp9AE2ZtIyss0=\/420x236\/filters:format(webp):quality(85)\/cloudfront-us-east-1.images.arcpublishing.com\/infobae\/UHJMIYML6JFKXEQ53XJPPC5KJY.jpg 420w,https:\/\/www.infobae.com\/new-resizer\/gZM4QzwPdiYn9LhBTPXFhKK9Mag=\/768x432\/filters:format(webp):quality(85)\/cloudfront-us-east-1.images.arcpublishing.com\/infobae\/UHJMIYML6JFKXEQ53XJPPC5KJY.jpg 768w,https:\/\/www.infobae.com\/new-resizer\/410fqHIY39eRP83OvwdFr0ZHOng=\/992x558\/filters:format(webp):quality(85)\/cloudfront-us-east-1.images.arcpublishing.com\/infobae\/UHJMIYML6JFKXEQ53XJPPC5KJY.jpg 992w,https:\/\/www.infobae.com\/new-resizer\/_twHZ-3maWPjC1Zg2lh3V7Um594=\/1200x675\/filters:format(webp):quality(85)\/cloudfront-us-east-1.images.arcpublishing.com\/infobae\/UHJMIYML6JFKXEQ53XJPPC5KJY.jpg 1200w,https:\/\/www.infobae.com\/new-resizer\/QnhGtSlpU-YnCf_4UzDmcMCT4KU=\/1440x810\/filters:format(webp):quality(85)\/cloudfront-us-east-1.images.arcpublishing.com\/infobae\/UHJMIYML6JFKXEQ53XJPPC5KJY.jpg 1440w\">La parroquia Nuestra Se\u00f1ora de la Candelaria ser\u00e1 el escenario del primer concierto el 7 de diciembre, donde el coro interpretar\u00e1 villancicos y fragmentos de la obra &#8220;Stabat Mater&#8221;, de Pergolesi<\/p>\n\n\n\n<p><strong>Programa del jueves 7 de diciembre a las 19:45<\/strong><a href=\"https:\/\/www.infobae.com\/cultura\/2023\/12\/06\/el-bolero-declarado-por-la-unesco-patrimonio-inmaterial\/\" target=\"_blank\" rel=\"noreferrer noopener\"><\/a><a href=\"https:\/\/www.infobae.com\/cultura\/2023\/12\/06\/el-bolero-declarado-por-la-unesco-patrimonio-inmaterial\/\" target=\"_blank\" rel=\"noreferrer noopener\"><\/a><\/p>\n\n\n\n<p><em><strong>&#8211; Hebe Deine Augen Auf (Salmo 121)<\/strong><\/em>, de&nbsp;<strong>Felix Mendelssohn<\/strong><\/p>\n\n\n\n<p><em><strong>&#8211; Stabat Mater \u201cStabat Mater dolorosa\u201d\u00a0<\/strong><\/em>(fragmentos), de\u00a0<strong>Giovanni Battista Pergolesi<\/strong><a href=\"https:\/\/www.infobae.com\/cultura\/2023\/12\/01\/los-fabulosos-cadillacs-un-asunto-de-nuevas-generaciones\/\" target=\"_blank\" rel=\"noreferrer noopener\"><\/a><a href=\"https:\/\/www.infobae.com\/cultura\/2023\/12\/01\/los-fabulosos-cadillacs-un-asunto-de-nuevas-generaciones\/\" target=\"_blank\" rel=\"noreferrer noopener\"><\/a><\/p>\n\n\n\n<p>Cujus animam gementem<\/p>\n\n\n\n<p>Vidit suum dulcem natum<\/p>\n\n\n\n<p>Fac ut ardeat cor meum<\/p>\n\n\n\n<p>Quando corpus morietur<\/p>\n\n\n\n<p>Amen<\/p>\n\n\n\n<p><em><strong>&#8211; Ave Mar\u00eda<\/strong><\/em>, de&nbsp;<strong>Zolt\u00e1n Kod\u00e1ly<\/strong><\/p>\n\n\n\n<p><em><strong>&#8211; Villancico<\/strong><\/em>, de&nbsp;<strong>\u00c1ngel Lasala<\/strong><\/p>\n\n\n\n<p><em><strong>&#8211; Los Reyes Magos<\/strong><\/em>, de&nbsp;<strong>Ariel Ram\u00edrez<\/strong><\/p>\n\n\n\n<p><strong>&#8211;&nbsp;<\/strong><em><strong>Hacia Bel\u00e9n va una burra<\/strong><\/em>, villancico espa\u00f1ol<\/p>\n\n\n\n<p><strong>&#8211;&nbsp;<\/strong><em><strong>Es ist ein ros\u00b4entsprungen<\/strong><\/em>, villancico alem\u00e1n del Siglo XVI<\/p>\n\n\n\n<p><strong>&#8211;&nbsp;<\/strong><em><strong>We wish you a merry christmas<\/strong><\/em>, villancico ingl\u00e9s del Siglo XVI<\/p>\n\n\n\n<p><strong>&#8211;&nbsp;<\/strong><em><strong>The first nowell<\/strong><\/em>, villancico ingl\u00e9s del Siglo XVII<\/p>\n\n\n\n<p><strong>&#8211;&nbsp;<\/strong><em><strong>Noche de paz<\/strong><\/em>, de<strong>&nbsp;Franz Gruber<\/strong><\/p>\n\n\n\n<p>Entrada libre y gratuita, y se solicita la donaci\u00f3n de un alimento no perecedero.<\/p>\n\n\n\n<p><em>* Parroquia Nstra Se\u00f1ora de la Candelaria, en Bah\u00eda Blanca 363, C. A. B. A.<\/em><\/p>\n\n\n\n<p><img loading=\"lazy\" decoding=\"async\" alt=\"La Federaci\u00f3n de C\u00edrculos Cat\u00f3licos Obreros abre sus puertas el 14 de diciembre para la segunda presentaci\u00f3n,  lo que promete ser una velada m\u00e1gica con un amplio repertorio de canciones navide\u00f1as\" height=\"1080\" width=\"1920\" src=\"https:\/\/www.infobae.com\/new-resizer\/YwdBnf_7dEkKt2upplOL6UkhPHM=\/420x236\/filters:format(webp):quality(85)\/cloudfront-us-east-1.images.arcpublishing.com\/infobae\/LEHYMY3CDNEA7KGYHS3N6SGH5A.jpg%20420w\" srcset=\"https:\/\/www.infobae.com\/new-resizer\/YwdBnf_7dEkKt2upplOL6UkhPHM=\/420x236\/filters:format(webp):quality(85)\/cloudfront-us-east-1.images.arcpublishing.com\/infobae\/LEHYMY3CDNEA7KGYHS3N6SGH5A.jpg 420w,https:\/\/www.infobae.com\/new-resizer\/EoXr5xCQZdCdKrAeL5sGgbGcKPc=\/768x432\/filters:format(webp):quality(85)\/cloudfront-us-east-1.images.arcpublishing.com\/infobae\/LEHYMY3CDNEA7KGYHS3N6SGH5A.jpg 768w,https:\/\/www.infobae.com\/new-resizer\/zwqcVa3S10DaT3MSNKkHkLQlO2k=\/992x558\/filters:format(webp):quality(85)\/cloudfront-us-east-1.images.arcpublishing.com\/infobae\/LEHYMY3CDNEA7KGYHS3N6SGH5A.jpg 992w,https:\/\/www.infobae.com\/new-resizer\/m_I8yedkZ5jS2ozU5ttcpHuKgD8=\/1200x675\/filters:format(webp):quality(85)\/cloudfront-us-east-1.images.arcpublishing.com\/infobae\/LEHYMY3CDNEA7KGYHS3N6SGH5A.jpg 1200w,https:\/\/www.infobae.com\/new-resizer\/q_XbGO1IPn7SVZCH04w3jbLRin0=\/1440x810\/filters:format(webp):quality(85)\/cloudfront-us-east-1.images.arcpublishing.com\/infobae\/LEHYMY3CDNEA7KGYHS3N6SGH5A.jpg 1440w\">La Federaci\u00f3n de C\u00edrculos Cat\u00f3licos Obreros abre sus puertas el 14 de diciembre para la segunda presentaci\u00f3n, lo que promete ser una velada m\u00e1gica con un amplio repertorio de canciones navide\u00f1as<\/p>\n\n\n\n<p><strong>Programa del jueves 14 de diciembre a las 19:30 Gran Concierto de Navidad<\/strong><\/p>\n\n\n\n<p><strong>&#8211;&nbsp;<\/strong><em><strong>Venid pastorcillos<\/strong><\/em>, villancico an\u00f3nimo alem\u00e1n<\/p>\n\n\n\n<p><strong>&#8211;&nbsp;<\/strong><em><strong>Una rosa ha brotado<\/strong><\/em>, villancico mariano del diglo xvi<\/p>\n\n\n\n<p>Armonizaci\u00f3n: Michael Praetorius<\/p>\n\n\n\n<p><em><strong>&#8211; Hebe Deine Augen Auf Zu Den Bergen<\/strong><\/em>, de&nbsp;<strong>Felix Mendelssohn&nbsp;<\/strong>(Alza tus ojos a las monta\u00f1as)<\/p>\n\n\n\n<p><em><strong>&#8211; Ave Mar\u00eda<\/strong><\/em>, de&nbsp;<strong>Zolt\u00e1n Kod\u00e1ly<\/strong><\/p>\n\n\n\n<p><em><strong>&#8211; Villancico<\/strong><\/em>, de&nbsp;<strong>\u00c1ngel Lasala<\/strong><\/p>\n\n\n\n<p>&#8211; Dos fragmentos de<em><strong>&nbsp;Navidad nuestra<\/strong><\/em>, de&nbsp;<strong>Ariel Ram\u00edrez<\/strong><\/p>\n\n\n\n<p>Noche Encendida<\/p>\n\n\n\n<p>Los Reyes Magos<\/p>\n\n\n\n<p>&#8211; Tres obras argentinas:<\/p>\n\n\n\n<p><em><strong>* Chacarera del Taf\u00ed<\/strong><\/em>, de&nbsp;<strong>Enrique Albano<\/strong><\/p>\n\n\n\n<p>*&nbsp;<em><strong>Flor de jarilla<\/strong><\/em>, de&nbsp;<strong>Emilio Dublanc<\/strong><\/p>\n\n\n\n<p><strong>*&nbsp;<\/strong><em><strong>\u00bfQu\u00e9 tango hay que cantar?<\/strong><\/em>, de&nbsp;<strong>Rub\u00e9n Ju\u00e1rez<\/strong><\/p>\n\n\n\n<p>&#8211;<em><strong>&nbsp;Hacia Bel\u00e9n va una burra<\/strong><\/em>, villancico espa\u00f1ol del siglo xviii<\/p>\n\n\n\n<p>Arreglo coral:&nbsp;<strong>Vilma Gorini<\/strong><\/p>\n\n\n\n<p>&#8211; Dos villancicos an\u00f3nimos ingleses<\/p>\n\n\n\n<p>*&nbsp;<em><strong>The First Nowell<\/strong><\/em>, siglo xvii<\/p>\n\n\n\n<p>*&nbsp;<em><strong>We Wish You A Merry Christmas<\/strong><\/em>, siglo Xvi<\/p>\n\n\n\n<p><strong>&#8211;&nbsp;<\/strong><em><strong>Noche de paz<\/strong><\/em>, de<strong>&nbsp;Franz Gruber<\/strong><\/p>\n\n\n\n<p><em>* Federaci\u00f3n de C\u00edrculos Cat\u00f3licos de Obreros, en Jun\u00edn 1063, C. A. B. A.<\/em><\/p>\n\n\n\n<p><em>\u2014\u2014\u2014<\/em><\/p>\n\n\n\n<p><img loading=\"lazy\" decoding=\"async\" alt=\"El martes 19 de diciembre, el Coro Nacional de Ni\u00f1os culmina su temporada con un \u00faltimo concierto en la Parroquia Nuestra Se\u00f1ora de Montserrat\" height=\"1080\" width=\"1920\" src=\"https:\/\/www.infobae.com\/new-resizer\/Plx1tFMv918X7BXrAxHG5F94CTc=\/420x236\/filters:format(webp):quality(85)\/cloudfront-us-east-1.images.arcpublishing.com\/infobae\/RXZ7L55J4BFL7NAMC5SIHYZDQE.jpg%20420w\" srcset=\"https:\/\/www.infobae.com\/new-resizer\/Plx1tFMv918X7BXrAxHG5F94CTc=\/420x236\/filters:format(webp):quality(85)\/cloudfront-us-east-1.images.arcpublishing.com\/infobae\/RXZ7L55J4BFL7NAMC5SIHYZDQE.jpg 420w,https:\/\/www.infobae.com\/new-resizer\/oLPPCxhHi95DTdmhAjEk2L3BW4U=\/768x432\/filters:format(webp):quality(85)\/cloudfront-us-east-1.images.arcpublishing.com\/infobae\/RXZ7L55J4BFL7NAMC5SIHYZDQE.jpg 768w,https:\/\/www.infobae.com\/new-resizer\/IumNvXjighwQY_Cdy3XzjQ2lkP4=\/992x558\/filters:format(webp):quality(85)\/cloudfront-us-east-1.images.arcpublishing.com\/infobae\/RXZ7L55J4BFL7NAMC5SIHYZDQE.jpg 992w,https:\/\/www.infobae.com\/new-resizer\/iQKqbEyO_6twmrNfYd7oKfxjuJg=\/1200x675\/filters:format(webp):quality(85)\/cloudfront-us-east-1.images.arcpublishing.com\/infobae\/RXZ7L55J4BFL7NAMC5SIHYZDQE.jpg 1200w,https:\/\/www.infobae.com\/new-resizer\/eTp5aRI6wtnaucJY1iQ66WZR45c=\/1440x810\/filters:format(webp):quality(85)\/cloudfront-us-east-1.images.arcpublishing.com\/infobae\/RXZ7L55J4BFL7NAMC5SIHYZDQE.jpg 1440w\">El martes 19 de diciembre, el Coro Nacional de Ni\u00f1os culmina su temporada con un \u00faltimo concierto en la Parroquia Nuestra Se\u00f1ora de Montserrat<\/p>\n\n\n\n<p><strong>Programa del martes 19 de diciembre a las 20&nbsp;<\/strong><em><strong>Concierto de Navidad<\/strong><\/em><\/p>\n\n\n\n<p><strong>&#8211;&nbsp;<\/strong><em><strong>Venid pastorcillos<\/strong><\/em>, villancico an\u00f3nimo alem\u00e1n<\/p>\n\n\n\n<p><strong>&#8211;&nbsp;<\/strong><em><strong>Una rosa ha brotado<\/strong><\/em>, villancico mariano del siglo xvii<\/p>\n\n\n\n<p>Armonizaci\u00f3n: Michael Praetorius<\/p>\n\n\n\n<p><em><strong>&#8211; Hebe Deine Augen Auf Zu Den Bergen<\/strong><\/em>, de&nbsp;<strong>Felix Mendelssohn&nbsp;<\/strong>(Alza tus ojos a las monta\u00f1as)<\/p>\n\n\n\n<p><em><strong>&#8211; Ave Mar\u00eda<\/strong><\/em>, de&nbsp;<strong>Zolt\u00e1n Kod\u00e1ly<\/strong><\/p>\n\n\n\n<p><em><strong>&#8211; Villancico<\/strong><\/em>, de&nbsp;<strong>\u00c1ngel Lasala<\/strong><\/p>\n\n\n\n<p>&#8211; Dos fragmentos de<em><strong>&nbsp;Navidad nuestra<\/strong><\/em>, de&nbsp;<strong>Ariel Ram\u00edrez<\/strong><\/p>\n\n\n\n<p>Noche Encendida<\/p>\n\n\n\n<p>Los Reyes Magos<\/p>\n\n\n\n<p>&#8211; Tres obras argentinas:<\/p>\n\n\n\n<p><em><strong>* Chacarera del Taf\u00ed<\/strong><\/em>, de&nbsp;<strong>Enrique Albano<\/strong><\/p>\n\n\n\n<p>*&nbsp;<em><strong>Flor de jarilla<\/strong><\/em>, de&nbsp;<strong>Emilio Dublanc<\/strong><\/p>\n\n\n\n<p><strong>*&nbsp;<\/strong><em><strong>\u00bfQu\u00e9 tango hay que cantar?<\/strong><\/em>, de&nbsp;<strong>Rub\u00e9n Ju\u00e1rez<\/strong><\/p>\n\n\n\n<p>&#8211;<em><strong>&nbsp;Hacia Bel\u00e9n va una burra<\/strong><\/em>, villancico espa\u00f1ol del siglo xviii<\/p>\n\n\n\n<p>Arreglo coral:&nbsp;<strong>Vilma Gorini<\/strong><\/p>\n\n\n\n<p>&#8211; Dos villancicos an\u00f3nimos ingleses<\/p>\n\n\n\n<p>*&nbsp;<em><strong>The First Nowell<\/strong><\/em>, siglo xvii<\/p>\n\n\n\n<p>*&nbsp;<em><strong>We Wish You A Merry Christmas<\/strong><\/em>, siglo xvi<\/p>\n\n\n\n<p><strong>&#8211;&nbsp;<\/strong><em><strong>Noche de paz<\/strong><\/em>, de<strong>&nbsp;Franz Gruber<\/strong><\/p>\n\n\n\n<p><em>* Parroquia Ntra. Sra. de Montserrat, en Av. Belgrano 1151, C. A. B. A.<\/em><\/p>\n\n\n\n<p>Fuente: https:\/\/www.infobae.com\/cultura\/2023\/12\/05\/villancicos-para-los-amantes-de-la-musica-el-coro-nacional-de-ninos-anuncia-tres-conciertos-navidenos\/<\/p>\n","protected":false},"excerpt":{"rendered":"<p>Bajo la direcci\u00f3n de Mar\u00eda Isabel Sanz y con un repertorio \u00fanico, los recitales ser\u00e1n en la parroquia Nuestra Se\u00f1ora de la Candelaria, en la Federaci\u00f3n de C\u00edrculos Cat\u00f3licos Obreros y en la Parroquia Nuestra Se\u00f1ora de Montserrat El Coro Nacional de Ni\u00f1os, dirigido por la Maestra Mar\u00eda Isabel Sanz, despliega una sinfon\u00eda de villancicos [&hellip;]<\/p>\n","protected":false},"author":3,"featured_media":448,"comment_status":"open","ping_status":"open","sticky":false,"template":"","format":"standard","meta":{"footnotes":""},"categories":[11,4,12],"tags":[260,259],"class_list":["post-447","post","type-post","status-publish","format-standard","has-post-thumbnail","hentry","category-agenda","category-bienestar","category-sociedad","tag-conciertos-navidenos","tag-coro-nacional-de-ninos"],"_links":{"self":[{"href":"https:\/\/noticiassaludables.com.ar\/index.php?rest_route=\/wp\/v2\/posts\/447","targetHints":{"allow":["GET"]}}],"collection":[{"href":"https:\/\/noticiassaludables.com.ar\/index.php?rest_route=\/wp\/v2\/posts"}],"about":[{"href":"https:\/\/noticiassaludables.com.ar\/index.php?rest_route=\/wp\/v2\/types\/post"}],"author":[{"embeddable":true,"href":"https:\/\/noticiassaludables.com.ar\/index.php?rest_route=\/wp\/v2\/users\/3"}],"replies":[{"embeddable":true,"href":"https:\/\/noticiassaludables.com.ar\/index.php?rest_route=%2Fwp%2Fv2%2Fcomments&post=447"}],"version-history":[{"count":1,"href":"https:\/\/noticiassaludables.com.ar\/index.php?rest_route=\/wp\/v2\/posts\/447\/revisions"}],"predecessor-version":[{"id":449,"href":"https:\/\/noticiassaludables.com.ar\/index.php?rest_route=\/wp\/v2\/posts\/447\/revisions\/449"}],"wp:featuredmedia":[{"embeddable":true,"href":"https:\/\/noticiassaludables.com.ar\/index.php?rest_route=\/wp\/v2\/media\/448"}],"wp:attachment":[{"href":"https:\/\/noticiassaludables.com.ar\/index.php?rest_route=%2Fwp%2Fv2%2Fmedia&parent=447"}],"wp:term":[{"taxonomy":"category","embeddable":true,"href":"https:\/\/noticiassaludables.com.ar\/index.php?rest_route=%2Fwp%2Fv2%2Fcategories&post=447"},{"taxonomy":"post_tag","embeddable":true,"href":"https:\/\/noticiassaludables.com.ar\/index.php?rest_route=%2Fwp%2Fv2%2Ftags&post=447"}],"curies":[{"name":"wp","href":"https:\/\/api.w.org\/{rel}","templated":true}]}}