{"id":460,"date":"2023-12-11T10:43:39","date_gmt":"2023-12-11T13:43:39","guid":{"rendered":"https:\/\/noticiassaludables.com.ar\/?p=460"},"modified":"2023-12-11T10:43:40","modified_gmt":"2023-12-11T13:43:40","slug":"javier-milei-se-refirio-al-sistema-sanitario-durante-su-primer-discurso-como-presidente","status":"publish","type":"post","link":"https:\/\/noticiassaludables.com.ar\/?p=460","title":{"rendered":"Javier Milei se refiri\u00f3 al sistema sanitario durante su primer discurso como Presidente"},"content":{"rendered":"\n<h2 class=\"wp-block-heading\">El flamante primer mandatario de la Rep\u00fablica Argentina habl\u00f3 sobre la situaci\u00f3n sanitaria en el pa\u00eds y mencion\u00f3 que \u201clos hospitales est\u00e1n destruidos y los argentinos no tienen acceso a la salud b\u00e1sica\u201d<\/h2>\n\n\n\n<p><img loading=\"lazy\" decoding=\"async\" alt=\"El presidente Javier Milei mencion\u00f3 la situaci\u00f3n cr\u00edtica que recibe en materia sanitaria\n(Adri\u00e1n Escandar)\" height=\"1079\" width=\"1920\" src=\"https:\/\/www.infobae.com\/new-resizer\/XDHVcheQhdrbVuQyaJZT-jJnAbk=\/420x236\/filters:format(webp):quality(85)\/cloudfront-us-east-1.images.arcpublishing.com\/infobae\/5H2NLN7DKRHDTIR5TJS2IWLKKU.jpeg%20420w\" srcset=\"https:\/\/www.infobae.com\/new-resizer\/XDHVcheQhdrbVuQyaJZT-jJnAbk=\/420x236\/filters:format(webp):quality(85)\/cloudfront-us-east-1.images.arcpublishing.com\/infobae\/5H2NLN7DKRHDTIR5TJS2IWLKKU.jpeg 420w,https:\/\/www.infobae.com\/new-resizer\/X1XKhMcPSsQLtKjzOUY0IRVL4KQ=\/768x432\/filters:format(webp):quality(85)\/cloudfront-us-east-1.images.arcpublishing.com\/infobae\/5H2NLN7DKRHDTIR5TJS2IWLKKU.jpeg 768w,https:\/\/www.infobae.com\/new-resizer\/_Pup6l4YtCxtXiuzc36c3zoKPJE=\/992x558\/filters:format(webp):quality(85)\/cloudfront-us-east-1.images.arcpublishing.com\/infobae\/5H2NLN7DKRHDTIR5TJS2IWLKKU.jpeg 992w,https:\/\/www.infobae.com\/new-resizer\/9u7ofHG7fsjIx5ri2F72qFlXy50=\/1200x675\/filters:format(webp):quality(85)\/cloudfront-us-east-1.images.arcpublishing.com\/infobae\/5H2NLN7DKRHDTIR5TJS2IWLKKU.jpeg 1200w,https:\/\/www.infobae.com\/new-resizer\/MYxfLgNdR8-efmqOrxpOa776A-I=\/1440x810\/filters:format(webp):quality(85)\/cloudfront-us-east-1.images.arcpublishing.com\/infobae\/5H2NLN7DKRHDTIR5TJS2IWLKKU.jpeg 1440w\">El presidente Javier Milei mencion\u00f3 la situaci\u00f3n cr\u00edtica que recibe en materia sanitaria (Adri\u00e1n Escandar)<\/p>\n\n\n\n<p>En su primer discurso como Presidente de la Naci\u00f3n, tras asumir en el&nbsp;<strong>Congreso de la Naci\u00f3n, Javier Milei<\/strong>&nbsp;habl\u00f3 sobre la situaci\u00f3n pol\u00edtica, social y econ\u00f3mica que enfrenta a partir de hoy. Lo hizo en las escalinatas del ingreso del Congreso de la Naci\u00f3n y no dentro del recinto, como hab\u00eda sucedido en anteriores asunciones presidenciales.<a href=\"https:\/\/www.infobae.com\/politica\/2023\/12\/10\/milei-enfrentara-el-primer-test-en-el-congreso-con-la-misteriosa-ley-omnibus-que-marcara-su-relacion-con-la-oposicion\/\" rel=\"noreferrer noopener\" target=\"_blank\"><\/a><\/p>\n\n\n\n<p>Con una alocuci\u00f3n que se extendi\u00f3 por 34 minutos y mirando al p\u00fablico presente en la Plaza del Congreso, el economista adelant\u00f3 parte de su plan de Gobierno.<\/p>\n\n\n\n<p><img loading=\"lazy\" decoding=\"async\" alt=\"Miles de personas se agruparon en las afueras del Congreso de la Naci\u00f3n para escuchar el discurso presidencial (REUTERS\/Agustin Marcarian)\" height=\"3333\" width=\"5000\" src=\"https:\/\/www.infobae.com\/new-resizer\/jVMUVWXpT9tZrL6lbmh5DQt3vBM=\/420x280\/filters:format(webp):quality(85)\/cloudfront-us-east-1.images.arcpublishing.com\/infobae\/MW77FJDWJRLIUA45EDMVLUODCA.jpg%20420w\" srcset=\"https:\/\/www.infobae.com\/new-resizer\/jVMUVWXpT9tZrL6lbmh5DQt3vBM=\/420x280\/filters:format(webp):quality(85)\/cloudfront-us-east-1.images.arcpublishing.com\/infobae\/MW77FJDWJRLIUA45EDMVLUODCA.jpg 420w,https:\/\/www.infobae.com\/new-resizer\/0Hn-1NXCEHDonXOzmLkdh3CuROM=\/768x512\/filters:format(webp):quality(85)\/cloudfront-us-east-1.images.arcpublishing.com\/infobae\/MW77FJDWJRLIUA45EDMVLUODCA.jpg 768w,https:\/\/www.infobae.com\/new-resizer\/62C2xg4q-Ce5EygUBW4HAtf_C8o=\/992x661\/filters:format(webp):quality(85)\/cloudfront-us-east-1.images.arcpublishing.com\/infobae\/MW77FJDWJRLIUA45EDMVLUODCA.jpg 992w,https:\/\/www.infobae.com\/new-resizer\/uzCDfa9QR2ykBis7Ydz3BVcttl0=\/1200x800\/filters:format(webp):quality(85)\/cloudfront-us-east-1.images.arcpublishing.com\/infobae\/MW77FJDWJRLIUA45EDMVLUODCA.jpg 1200w,https:\/\/www.infobae.com\/new-resizer\/V8lCI0IxSfGTN28PJUzec20Pydk=\/1440x960\/filters:format(webp):quality(85)\/cloudfront-us-east-1.images.arcpublishing.com\/infobae\/MW77FJDWJRLIUA45EDMVLUODCA.jpg 1440w\">Miles de personas se agruparon en las afueras del Congreso de la Naci\u00f3n para escuchar el discurso presidencial (REUTERS\/Agustin Marcarian)<\/p>\n\n\n\n<p>En un discurso en donde la mayor parte de su alocuci\u00f3n se centr\u00f3 en la econom\u00eda, el flamante primer mandatario dedic\u00f3 parte de sus palabras y realiz\u00f3 una&nbsp;<strong>menci\u00f3n directa a la salud<\/strong>. En este pasaje, el Jefe de Estado describi\u00f3 un panorama devastador sobre la situaci\u00f3n sanitaria en Argentina, a la vez que mencion\u00f3 la cantidad de muertos por la pandemia del coronavirus que tuvo el pa\u00eds.<a href=\"https:\/\/www.infobae.com\/tendencias\/2023\/12\/10\/que-revelo-la-comunicacion-no-verbal-de-javier-milei-en-su-primer-dia-como-presidente\/\" rel=\"noreferrer noopener\" target=\"_blank\"><\/a><\/p>\n\n\n\n<p><a href=\"https:\/\/www.infobae.com\/tendencias\/2023\/12\/10\/que-revelo-la-comunicacion-no-verbal-de-javier-milei-en-su-primer-dia-como-presidente\/\" target=\"_blank\" rel=\"noreferrer noopener\"><\/a><\/p>\n\n\n\n<p>\u201c<strong>El sistema de salud se encuentra completamente colapsado<\/strong>. Los hospitales est\u00e1n destruidos. Los m\u00e9dicos cobran miseria. Y los&nbsp;<strong>argentinos no tienen acceso a salud b\u00e1sica<\/strong>\u201d, explic\u00f3 Milei durante su primer mensaje como Presidente. Es que, seg\u00fan destac\u00f3 el Jefe de Estado, la situaci\u00f3n es cr\u00edtica en materia de salud debido a la falta de insumos m\u00e9dicos que desde hace meses impide a los profesionales hacer su trabajo.<\/p>\n\n\n\n<p><img loading=\"lazy\" decoding=\"async\" alt=\"La situaci\u00f3n cr\u00edtica por la falta de importaci\u00f3n de insumos se ha agudizado en las \u00faltimas semanas (Getty Images)\" height=\"1080\" width=\"1920\" src=\"https:\/\/www.infobae.com\/new-resizer\/ct916WW30d8YHPPkxHnq81nerIs=\/420x236\/filters:format(webp):quality(85)\/cloudfront-us-east-1.images.arcpublishing.com\/infobae\/54RXXJ5Q6VB5FOMNHS3GYM43HY.jpg%20420w\" srcset=\"https:\/\/www.infobae.com\/new-resizer\/ct916WW30d8YHPPkxHnq81nerIs=\/420x236\/filters:format(webp):quality(85)\/cloudfront-us-east-1.images.arcpublishing.com\/infobae\/54RXXJ5Q6VB5FOMNHS3GYM43HY.jpg 420w,https:\/\/www.infobae.com\/new-resizer\/w5j3c7HcsjrKRBneLVV7NFvDtHs=\/768x432\/filters:format(webp):quality(85)\/cloudfront-us-east-1.images.arcpublishing.com\/infobae\/54RXXJ5Q6VB5FOMNHS3GYM43HY.jpg 768w,https:\/\/www.infobae.com\/new-resizer\/Sra3EuBK1mSzj1XVQi7Pf6si0KU=\/992x558\/filters:format(webp):quality(85)\/cloudfront-us-east-1.images.arcpublishing.com\/infobae\/54RXXJ5Q6VB5FOMNHS3GYM43HY.jpg 992w,https:\/\/www.infobae.com\/new-resizer\/Pqe80mlKJwV6nPvmQ5sUuqKtmQg=\/1200x675\/filters:format(webp):quality(85)\/cloudfront-us-east-1.images.arcpublishing.com\/infobae\/54RXXJ5Q6VB5FOMNHS3GYM43HY.jpg 1200w,https:\/\/www.infobae.com\/new-resizer\/GvTh2y7WFeCFCzu8X-YmKqplMYw=\/1440x810\/filters:format(webp):quality(85)\/cloudfront-us-east-1.images.arcpublishing.com\/infobae\/54RXXJ5Q6VB5FOMNHS3GYM43HY.jpg 1440w\">La situaci\u00f3n cr\u00edtica por la falta de importaci\u00f3n de insumos se ha agudizado en las \u00faltimas semanas (Getty Images)<\/p>\n\n\n\n<p>Esta situaci\u00f3n fue alertada por distintas asociaciones cient\u00edficas, como es el caso del&nbsp;<strong>Colegio Argentino de Cardioangi\u00f3logos Intervencionistas (CACI), quienes afirmaron que este&nbsp;<\/strong><a rel=\"noreferrer noopener\" href=\"https:\/\/www.infobae.com\/salud\/2023\/12\/06\/los-cardiologos-alertan-por-faltantes-de-stents-y-otros-insumos-basicos-para-cirugias\/\" target=\"_blank\"><strong>faltante<\/strong><\/a>\u201c<strong>pone en riesgo la calidad de la atenci\u00f3n de los pacientes, especialmente de aquellos casos con riesgo de vida<\/strong>\u201d. Incluso, a fin de octubre, seis sociedades cient\u00edficas cardiol\u00f3gicas alertaron mediante una carta p\u00fablica la gravedad que atravesaba el sector.<\/p>\n\n\n\n<h2 class=\"wp-block-heading\">La pandemia en el ojo del discurso de Milei<\/h2>\n\n\n\n<p>Respecto a la pandemia por COVID el presidente Milei afirm\u00f3: \u201c<strong>Durante la pandemia, si los argentinos hubieran hecho lo que hizo la media de los pa\u00edses del mundo, hubi\u00e9ramos tenido 30.000 muertos<\/strong>. Pero gracias al Estado que nos cuida y a su ineficiencia,<strong>&nbsp;130.000 argentinos perdieron la vida\u201d.<\/strong><\/p>\n\n\n\n<p>\u201cEse es el Estado presente de lo que hablan tanto los pol\u00edticos, argumento que utilizan para aumentar el gasto p\u00fablico que solo los beneficia a ellos. En todas las esferas, miren donde miren, la situaci\u00f3n de la Argentina es de emergencia\u201d, continu\u00f3 en su escueta referencia a la situaci\u00f3n sanitaria nacional.<\/p>\n\n\n\n<p><img loading=\"lazy\" decoding=\"async\" alt=\"La llegada tard\u00eda de las vacunas contra el COVID fue un eje en la campa\u00f1a electoral de Milei. ( EFE\/Juan Ignacio Roncoroni)\n\" height=\"2407\" width=\"3612\" src=\"https:\/\/www.infobae.com\/new-resizer\/cVagsAuXUnRxMlmm6mXOjBXCm24=\/420x280\/filters:format(webp):quality(85)\/cloudfront-us-east-1.images.arcpublishing.com\/infobae\/QOS77CFJ3JG5RG45ZQOMVHMQFE.jpg%20420w\" srcset=\"https:\/\/www.infobae.com\/new-resizer\/cVagsAuXUnRxMlmm6mXOjBXCm24=\/420x280\/filters:format(webp):quality(85)\/cloudfront-us-east-1.images.arcpublishing.com\/infobae\/QOS77CFJ3JG5RG45ZQOMVHMQFE.jpg 420w,https:\/\/www.infobae.com\/new-resizer\/9V0zwHHfcuI6blDJp_67uJpgBEY=\/768x512\/filters:format(webp):quality(85)\/cloudfront-us-east-1.images.arcpublishing.com\/infobae\/QOS77CFJ3JG5RG45ZQOMVHMQFE.jpg 768w,https:\/\/www.infobae.com\/new-resizer\/R7n5T3EwbxF32Rv39CxkKhtSJac=\/992x661\/filters:format(webp):quality(85)\/cloudfront-us-east-1.images.arcpublishing.com\/infobae\/QOS77CFJ3JG5RG45ZQOMVHMQFE.jpg 992w,https:\/\/www.infobae.com\/new-resizer\/Lbo4ktIbGA8oCeLu-hAtLTwfL0A=\/1200x800\/filters:format(webp):quality(85)\/cloudfront-us-east-1.images.arcpublishing.com\/infobae\/QOS77CFJ3JG5RG45ZQOMVHMQFE.jpg 1200w,https:\/\/www.infobae.com\/new-resizer\/I29gdbJKiybdnYM-NutAjZ6zo1E=\/1440x960\/filters:format(webp):quality(85)\/cloudfront-us-east-1.images.arcpublishing.com\/infobae\/QOS77CFJ3JG5RG45ZQOMVHMQFE.jpg 1440w\">La llegada tard\u00eda de las vacunas contra el COVID fue un eje en la campa\u00f1a electoral de Milei. ( EFE\/Juan Ignacio Roncoroni)<\/p>\n\n\n\n<p>En la Argentina, los primeros casos de COVID-19 empezaron a reportarse en marzo de 2020. Desde entonces han fallecido&nbsp;<strong>130.696<\/strong>&nbsp;personas en total. Pero los cuadros graves y las muertes fueron bajando a medida que avanz\u00f3 el&nbsp;<strong>plan estrat\u00e9gico de vacunaci\u00f3n<\/strong>, con un esquema primario de dos dosis y<a href=\"https:\/\/www.infobae.com\/america\/ciencia-america\/2023\/10\/02\/las-10-claves-sobre-las-vacunas-de-arn-mensajero-que-frenaron-al-covid\/\">&nbsp;refuerzos.<\/a><\/p>\n\n\n\n<p>Aunque ya no est\u00e1 declarada la emergencia de salud p\u00fablica de importancia mundial, el coronavirus a\u00fan es una \u201camenaza para la vida de las personas\u201d -seg\u00fan la Organizaci\u00f3n Mundial de la Salud-, especialmente para las que tienen m\u00e1s de 50 a\u00f1os, las personas gestantes, y para aquellos con patolog\u00edas previas.<\/p>\n\n\n\n<p>Fuente: https:\/\/www.infobae.com\/salud\/2023\/12\/10\/javier-milei-se-refirio-al-sistema-sanitario-durante-su-primer-discurso-como-presidente\/<\/p>\n","protected":false},"excerpt":{"rendered":"<p>El flamante primer mandatario de la Rep\u00fablica Argentina habl\u00f3 sobre la situaci\u00f3n sanitaria en el pa\u00eds y mencion\u00f3 que \u201clos hospitales est\u00e1n destruidos y los argentinos no tienen acceso a la salud b\u00e1sica\u201d El presidente Javier Milei mencion\u00f3 la situaci\u00f3n cr\u00edtica que recibe en materia sanitaria (Adri\u00e1n Escandar) En su primer discurso como Presidente de [&hellip;]<\/p>\n","protected":false},"author":3,"featured_media":461,"comment_status":"open","ping_status":"open","sticky":false,"template":"","format":"standard","meta":{"footnotes":""},"categories":[3,5,12],"tags":[92,264],"class_list":["post-460","post","type-post","status-publish","format-standard","has-post-thumbnail","hentry","category-principal","category-salud","category-sociedad","tag-javier-milei","tag-sistema-sanitario"],"_links":{"self":[{"href":"https:\/\/noticiassaludables.com.ar\/index.php?rest_route=\/wp\/v2\/posts\/460","targetHints":{"allow":["GET"]}}],"collection":[{"href":"https:\/\/noticiassaludables.com.ar\/index.php?rest_route=\/wp\/v2\/posts"}],"about":[{"href":"https:\/\/noticiassaludables.com.ar\/index.php?rest_route=\/wp\/v2\/types\/post"}],"author":[{"embeddable":true,"href":"https:\/\/noticiassaludables.com.ar\/index.php?rest_route=\/wp\/v2\/users\/3"}],"replies":[{"embeddable":true,"href":"https:\/\/noticiassaludables.com.ar\/index.php?rest_route=%2Fwp%2Fv2%2Fcomments&post=460"}],"version-history":[{"count":1,"href":"https:\/\/noticiassaludables.com.ar\/index.php?rest_route=\/wp\/v2\/posts\/460\/revisions"}],"predecessor-version":[{"id":462,"href":"https:\/\/noticiassaludables.com.ar\/index.php?rest_route=\/wp\/v2\/posts\/460\/revisions\/462"}],"wp:featuredmedia":[{"embeddable":true,"href":"https:\/\/noticiassaludables.com.ar\/index.php?rest_route=\/wp\/v2\/media\/461"}],"wp:attachment":[{"href":"https:\/\/noticiassaludables.com.ar\/index.php?rest_route=%2Fwp%2Fv2%2Fmedia&parent=460"}],"wp:term":[{"taxonomy":"category","embeddable":true,"href":"https:\/\/noticiassaludables.com.ar\/index.php?rest_route=%2Fwp%2Fv2%2Fcategories&post=460"},{"taxonomy":"post_tag","embeddable":true,"href":"https:\/\/noticiassaludables.com.ar\/index.php?rest_route=%2Fwp%2Fv2%2Ftags&post=460"}],"curies":[{"name":"wp","href":"https:\/\/api.w.org\/{rel}","templated":true}]}}