{"id":463,"date":"2023-12-11T11:13:19","date_gmt":"2023-12-11T14:13:19","guid":{"rendered":"https:\/\/noticiassaludables.com.ar\/?p=463"},"modified":"2023-12-11T11:13:20","modified_gmt":"2023-12-11T14:13:20","slug":"mario-russo-el-nuevo-ministro-de-salud","status":"publish","type":"post","link":"https:\/\/noticiassaludables.com.ar\/?p=463","title":{"rendered":"Mario Russo, el nuevo ministro de Salud"},"content":{"rendered":"\n<h2 class=\"wp-block-heading\">Fue secretario de Salud en los municipios de San Miguel y Mor\u00f3n. Graduado de la Universidad Nacional de Buenos Aires, es especialista en cuidados perioperatorios de cirug\u00eda cardiovascular y tiene una reconocida trayectoria de casi una d\u00e9cada en FLENI<\/h2>\n\n\n\n<p><img loading=\"lazy\" decoding=\"async\" alt=\"Mario Russo enfrenta el reto de revitalizar el sistema de salud argentino\n(Municipio de San Miguel)\" height=\"1080\" width=\"1920\" src=\"https:\/\/www.infobae.com\/new-resizer\/3kR2Cx0ZSv1jtPonGm9YjpD85Ns=\/420x236\/filters:format(webp):quality(85)\/cloudfront-us-east-1.images.arcpublishing.com\/infobae\/O3B6NLKXRZDOTOET6EZFHOJFQE.jpg%20420w\" srcset=\"https:\/\/www.infobae.com\/new-resizer\/3kR2Cx0ZSv1jtPonGm9YjpD85Ns=\/420x236\/filters:format(webp):quality(85)\/cloudfront-us-east-1.images.arcpublishing.com\/infobae\/O3B6NLKXRZDOTOET6EZFHOJFQE.jpg 420w,https:\/\/www.infobae.com\/new-resizer\/gkuvjsLTsYK2uja11gW99fnjeho=\/768x432\/filters:format(webp):quality(85)\/cloudfront-us-east-1.images.arcpublishing.com\/infobae\/O3B6NLKXRZDOTOET6EZFHOJFQE.jpg 768w,https:\/\/www.infobae.com\/new-resizer\/BGbQZDkB715RK0jo6Kjqw9fL5Oo=\/992x558\/filters:format(webp):quality(85)\/cloudfront-us-east-1.images.arcpublishing.com\/infobae\/O3B6NLKXRZDOTOET6EZFHOJFQE.jpg 992w,https:\/\/www.infobae.com\/new-resizer\/QkcCojSmbO5ZnDEQRArwjR8LNXg=\/1200x675\/filters:format(webp):quality(85)\/cloudfront-us-east-1.images.arcpublishing.com\/infobae\/O3B6NLKXRZDOTOET6EZFHOJFQE.jpg 1200w,https:\/\/www.infobae.com\/new-resizer\/PIJUA663W75W1G4RGIlNxzhI8BU=\/1440x810\/filters:format(webp):quality(85)\/cloudfront-us-east-1.images.arcpublishing.com\/infobae\/O3B6NLKXRZDOTOET6EZFHOJFQE.jpg 1440w\">Mario Russo enfrenta el reto de revitalizar el sistema de salud argentino (Municipio de San Miguel)<\/p>\n\n\n\n<p><strong>Mario Russo&nbsp;<\/strong>ha sido nombrado<strong>&nbsp;Ministro de Salud&nbsp;<\/strong>para la gesti\u00f3n de&nbsp;<strong>Javier Milei<\/strong>, cuya toma de posesi\u00f3n est\u00e1 programada para este domingo. Asimismo, se anunci\u00f3 que<strong>&nbsp;Enrique Rodr\u00edguez&nbsp;<\/strong>Chiantore asumir\u00e1 el rol de<strong>&nbsp;Superintendente de Servicios de Salud.<\/strong>&nbsp;Estos nombramientos se hicieron p\u00fablicos tras una reuni\u00f3n de Gabinete liderada por Nicol\u00e1s Posse, en la que tambi\u00e9n estuvieron presentes Patricia Bullrich, Luis Petri y otros miembros destacados.<a href=\"https:\/\/www.infobae.com\/salud\/2023\/12\/06\/carlos-alberto-soratti-seguira-al-frente-del-incucai-en-el-gobierno-de-milei\/\" rel=\"noreferrer noopener\" target=\"_blank\"><\/a><\/p>\n\n\n\n<p>Inicialmente, Javier Milei hab\u00eda planeado que el sector de salud se convirtiera&nbsp;<strong>en una Secretar\u00eda dentro del Ministerio de Capital Humano<\/strong>, que estar\u00e1 bajo la direcci\u00f3n de Sandra Pettovello. Este ministerio tambi\u00e9n integrar\u00e1 \u00e1reas como Trabajo, Educaci\u00f3n y Desarrollo Social, entre otras responsabilidades.<\/p>\n\n\n\n<p>Sin embargo, en una de las conversaciones recientes entre Milei y Pettovello, quien es una de las colaboradoras m\u00e1s cercanas y de confianza en La Libertad Avanza,<a rel=\"noreferrer noopener\" href=\"https:\/\/www.infobae.com\/politica\/2023\/12\/08\/javier-milei-confirmo-a-mario-russo-como-titular-de-salud\/\" target=\"_blank\">&nbsp;se plante\u00f3 la idea de modificar esta estructura.<\/a>&nbsp;Fue Pettovello quien sugiri\u00f3 al futuro jefe de Estado la posibilidad de que la cartera de Salud se estableciera como un organismo independiente, en lugar de estar bajo su jurisdicci\u00f3n.<\/p>\n\n\n\n<p>Lo cierto es que finalmente&nbsp;<strong>Mario Russo&nbsp;<\/strong>es el elegido. Se trata de un destacado<strong>&nbsp;cardi\u00f3logo cl\u00ednico<\/strong>, conocido en el \u00e1mbito m\u00e9dico por su trayectoria de casi una d\u00e9cada en&nbsp;<strong>FLENI.&nbsp;<\/strong>Adem\u00e1s, ha participado en programas de formaci\u00f3n directiva en gesti\u00f3n y econom\u00eda de la salud en la Universidad Austral y el Instituto Tecnol\u00f3gico de Buenos Aires (ITBA).<\/p>\n\n\n\n<p><img loading=\"lazy\" decoding=\"async\" alt=\"Recientemente seis sociedades m\u00e9dicas elevaron una carta al Gobierno preocupadas por la falta de implementos desde b\u00e1sicos a complejos para trabajar en forma diaria\n(Adri\u00e1n Esc\u00e1ndar)\" height=\"1080\" width=\"1920\" src=\"https:\/\/www.infobae.com\/new-resizer\/n6TtXkjQIS8m4X--yLHZrTYIAHg=\/420x236\/filters:format(webp):quality(85)\/cloudfront-us-east-1.images.arcpublishing.com\/infobae\/HCQ7OMRCVJHYZFBKGFDQEANNYU.jpg%20420w\" srcset=\"https:\/\/www.infobae.com\/new-resizer\/n6TtXkjQIS8m4X--yLHZrTYIAHg=\/420x236\/filters:format(webp):quality(85)\/cloudfront-us-east-1.images.arcpublishing.com\/infobae\/HCQ7OMRCVJHYZFBKGFDQEANNYU.jpg 420w,https:\/\/www.infobae.com\/new-resizer\/lZ8zNGzBu9oudIO8w_ZqYqWkvHY=\/768x432\/filters:format(webp):quality(85)\/cloudfront-us-east-1.images.arcpublishing.com\/infobae\/HCQ7OMRCVJHYZFBKGFDQEANNYU.jpg 768w,https:\/\/www.infobae.com\/new-resizer\/fq-1P-yNJC8AjwUxrqEChGO_dqQ=\/992x558\/filters:format(webp):quality(85)\/cloudfront-us-east-1.images.arcpublishing.com\/infobae\/HCQ7OMRCVJHYZFBKGFDQEANNYU.jpg 992w,https:\/\/www.infobae.com\/new-resizer\/GAyvOe-PevIOKWskvSk-46IFJX0=\/1200x675\/filters:format(webp):quality(85)\/cloudfront-us-east-1.images.arcpublishing.com\/infobae\/HCQ7OMRCVJHYZFBKGFDQEANNYU.jpg 1200w,https:\/\/www.infobae.com\/new-resizer\/nwj2dohEviWyNxH3oYPXxDXarX8=\/1440x810\/filters:format(webp):quality(85)\/cloudfront-us-east-1.images.arcpublishing.com\/infobae\/HCQ7OMRCVJHYZFBKGFDQEANNYU.jpg 1440w\">Recientemente seis sociedades m\u00e9dicas elevaron una carta al Gobierno preocupadas por la falta de implementos desde b\u00e1sicos a complejos para trabajar en forma diaria (Adri\u00e1n Esc\u00e1ndar)<\/p>\n\n\n\n<p>Russo comenz\u00f3 su carrera como residente de cardiolog\u00eda en el Hospital Espa\u00f1ol de Buenos Aires en 1990, y posteriormente trabaj\u00f3 en la Unidad Coronaria de la Cl\u00ednica Bazterrica. En el sector p\u00fablico comenz\u00f3 en 2001, al asumir la direcci\u00f3n del&nbsp;<strong>Servicio de Cardiolog\u00eda en el Hospital Polo Sanitario Malvinas Argentinas,<\/strong>&nbsp;donde tambi\u00e9n se encarg\u00f3 de la<strong>&nbsp;Unidad Coronaria<\/strong>&nbsp;y las \u00e1reas de atenci\u00f3n ambulatoria y cirug\u00eda cardiovascular.<a href=\"https:\/\/www.infobae.com\/salud\/2023\/12\/10\/javier-milei-se-refirio-al-sistema-sanitario-durante-su-primer-discurso-como-presidente\/\" rel=\"noreferrer noopener\" target=\"_blank\"><\/a><\/p>\n\n\n\n<p><a href=\"https:\/\/www.infobae.com\/salud\/2023\/12\/10\/javier-milei-se-refirio-al-sistema-sanitario-durante-su-primer-discurso-como-presidente\/\" target=\"_blank\" rel=\"noreferrer noopener\"><\/a><\/p>\n\n\n\n<p>Posteriormente, desempe\u00f1\u00f3 el cargo de&nbsp;<strong>secretario de Salud en los municipios de San Miguel<\/strong>, desde 2009 hasta 2015, y en Mor\u00f3n, entre 2015 y 2016, antes de asumir la&nbsp;<strong>Secretar\u00eda de Gobierno&nbsp;<\/strong>en este \u00faltimo hasta mayo de 2017.<\/p>\n\n\n\n<p>Durante la gobernaci\u00f3n de Mar\u00eda Eugenia Vidal en la provincia de Buenos Aires, Russo ocup\u00f3 el puesto de<strong>&nbsp;subsecretario de Coordinaci\u00f3n de Pol\u00edticas Sanitarias<\/strong>&nbsp;y de&nbsp;<strong>Planificaci\u00f3n y Contralor Sanitario en el Ministerio de Salud<\/strong>. Hasta diciembre de 2019, represent\u00f3 a la provincia en el&nbsp;<strong>Consejo de Administraci\u00f3n del Hospital El Cruce.<\/strong><\/p>\n\n\n\n<p>Entre enero de 2020 y junio del a\u00f1o pasado, Russo fue director de<strong>&nbsp;Asuntos Gubernamentales en AySA,<\/strong>&nbsp;durante la gesti\u00f3n de Malena Galmarini del Frente Renovador.<\/p>\n\n\n\n<p>Ha adquirido experiencia internacional a trav\u00e9s de pasant\u00edas en el Hospital San Mateo de Pavia en Italia y en la Red Sanitaria, Social y Docente Xarsa Santa Tecla en Tarragona, Espa\u00f1a.<\/p>\n\n\n\n<p><img loading=\"lazy\" decoding=\"async\" alt=\"Confederaci\u00f3n de Asociaciones de Di\u00e1lisis de la Rep\u00fablica Argentina (CADRA), alert\u00f3 que se est\u00e1n agotando las reservas disponibles de insumos importados\n REUTERS\/Santiago Arcos\" height=\"534\" width=\"800\" src=\"https:\/\/www.infobae.com\/new-resizer\/MVqNWYbK5Z69J21k-E0QjumMuyk=\/420x280\/filters:format(webp):quality(85)\/cloudfront-us-east-1.images.arcpublishing.com\/infobae\/T3NKBAMZK66VSU6MATWKJXOIGA.jpg%20420w\" srcset=\"https:\/\/www.infobae.com\/new-resizer\/MVqNWYbK5Z69J21k-E0QjumMuyk=\/420x280\/filters:format(webp):quality(85)\/cloudfront-us-east-1.images.arcpublishing.com\/infobae\/T3NKBAMZK66VSU6MATWKJXOIGA.jpg 420w,https:\/\/www.infobae.com\/new-resizer\/TfeOthNeV0_8Yqq6LlX_tif8CR8=\/768x512\/filters:format(webp):quality(85)\/cloudfront-us-east-1.images.arcpublishing.com\/infobae\/T3NKBAMZK66VSU6MATWKJXOIGA.jpg 768w,https:\/\/www.infobae.com\/new-resizer\/Ixl-3GE8UWc638fyQabCpyi62yw=\/992x661\/filters:format(webp):quality(85)\/cloudfront-us-east-1.images.arcpublishing.com\/infobae\/T3NKBAMZK66VSU6MATWKJXOIGA.jpg 992w,https:\/\/www.infobae.com\/new-resizer\/zhVvkOY2s0V8ntUr12whpN2S8Lc=\/1200x800\/filters:format(webp):quality(85)\/cloudfront-us-east-1.images.arcpublishing.com\/infobae\/T3NKBAMZK66VSU6MATWKJXOIGA.jpg 1200w,https:\/\/www.infobae.com\/new-resizer\/icnx9jIeCOegn0YGeQkyXBvXzt4=\/1440x960\/filters:format(webp):quality(85)\/cloudfront-us-east-1.images.arcpublishing.com\/infobae\/T3NKBAMZK66VSU6MATWKJXOIGA.jpg 1440w\">Confederaci\u00f3n de Asociaciones de Di\u00e1lisis de la Rep\u00fablica Argentina (CADRA), alert\u00f3 que se est\u00e1n agotando las reservas disponibles de insumos importados REUTERS\/Santiago Arcos<\/p>\n\n\n\n<p>Al flamante ministro le espera una tarea ardua. La&nbsp;<strong>crisis se agudiz\u00f3<\/strong>&nbsp;de tal manera en las&nbsp;<a href=\"https:\/\/www.infobae.com\/salud\/2023\/10\/24\/alertan-por-la-falta-de-insumos-medicos-para-cirugias-y-estudios-de-diagnostico\/\"><em><strong>\u00faltimas semanas<\/strong><\/em><\/a><strong>seis sociedades m\u00e9dicas<\/strong><a rel=\"noreferrer noopener\" href=\"https:\/\/www.infobae.com\/salud\/2023\/11\/30\/alertan-por-la-falta-de-insumos-medicos-para-los-tratamientos-de-dialisis\/\" target=\"_blank\"><strong>&nbsp;elevaron una carta<\/strong><\/a><strong>&nbsp;al Gobierno<\/strong>&nbsp;preocupadas por la<strong>&nbsp;falta de implementos&nbsp;<\/strong>desde b\u00e1sicos a complejos para trabajar en forma diaria.<a href=\"https:\/\/www.infobae.com\/colombia\/2023\/12\/06\/paloma-valencia-exige-pruebas-al-ministro-de-salud-sobre-acusaciones-en-contra-de-la-gestion-de-ivan-duque-que-dijo\/\" rel=\"noreferrer noopener\" target=\"_blank\"><\/a><\/p>\n\n\n\n<p><a href=\"https:\/\/www.infobae.com\/colombia\/2023\/12\/06\/paloma-valencia-exige-pruebas-al-ministro-de-salud-sobre-acusaciones-en-contra-de-la-gestion-de-ivan-duque-que-dijo\/\" target=\"_blank\" rel=\"noreferrer noopener\"><\/a><\/p>\n\n\n\n<p>En ese marco, la&nbsp;<strong>Confederaci\u00f3n de Asociaciones de Di\u00e1lisis de la Rep\u00fablica Argentina (CADRA)<\/strong>, alert\u00f3 que se est\u00e1n&nbsp;<strong>agotando las reservas disponibles de insumos importados<\/strong>, sales y cloruros entre otros, indispensables para la preparaci\u00f3n de los concentrados con los que se efect\u00faan las sesiones de di\u00e1lisis, como as\u00ed tambi\u00e9n jeringas, cateters, l\u00edquidos peritoneales, etc.<\/p>\n\n\n\n<p>El doctor<strong>&nbsp;Jorge Abdala,<\/strong>&nbsp;presidente de la entidad m\u00e9dica,&nbsp;<a rel=\"noreferrer noopener\" href=\"https:\/\/www.infobae.com\/salud\/2023\/11\/30\/alertan-por-la-falta-de-insumos-medicos-para-los-tratamientos-de-dialisis\/\" target=\"_blank\">asegur\u00f3 a&nbsp;<strong>Infobae<\/strong><\/a>que \u201cesta situaci\u00f3n no es nueva, ya que desde hace casi dos meses, junto a proveedores del sector, hicimos saber nuestra preocupaci\u00f3n ante la posibilidad<strong>&nbsp;la reducci\u00f3n, e incluso prohibici\u00f3n, de la importaci\u00f3n de insumos m\u00e9dicos,&nbsp;<\/strong>lo que en la pr\u00e1ctica pone en serio riesgo la continuidad de las prestaciones, sobre todo para los pacientes de di\u00e1lisis peritoneal\u201d.<\/p>\n\n\n\n<p><img loading=\"lazy\" decoding=\"async\" alt=\"El Ministerio de Salud enfrenta desaf\u00edos cr\u00edticos: escasez de insumos m\u00e9dicos y la urgencia de pol\u00edticas sanitarias eficaces \nI_VIEWFINDER  \/ RAPISAN JOHN\n\" height=\"4459\" width=\"7097\" src=\"https:\/\/www.infobae.com\/new-resizer\/QysAnvocRtRlHNWV66JkFKMzdhQ=\/992x606\/filters:format(webp):quality(85)\/cloudfront-us-east-1.images.arcpublishing.com\/infobae\/LD5EN4T4IBFMTEWGCZDN6GCRAM.jpg%20992w\" srcset=\"https:\/\/www.infobae.com\/new-resizer\/QysAnvocRtRlHNWV66JkFKMzdhQ=\/992x606\/filters:format(webp):quality(85)\/cloudfront-us-east-1.images.arcpublishing.com\/infobae\/LD5EN4T4IBFMTEWGCZDN6GCRAM.jpg 992w\">El Ministerio de Salud enfrenta desaf\u00edos cr\u00edticos: escasez de insumos m\u00e9dicos y la urgencia de pol\u00edticas sanitarias eficaces I_VIEWFINDER \/ RAPISAN JOHN<\/p>\n\n\n\n<p><strong>A su vez, Sociedades cardiol\u00f3gicas argentinas<\/strong><a rel=\"noreferrer noopener\" href=\"https:\/\/www.infobae.com\/salud\/2023\/12\/03\/en-el-dia-del-medico-siete-sociedades-de-cardiologia-alertaron-por-el-estado-del-sistema-de-salud-en-la-argentina\/\" target=\"_blank\"><strong>&nbsp;emitieron un comunicado<\/strong><\/a><strong>&nbsp;alertando por problemas \u201cestructurales<\/strong>&nbsp;que atentan contra el presente y futuro inmediato de la pr\u00e1ctica de la cardiolog\u00eda con impacto directo en la salud cardiovascular de los argentinos\u201d.<\/p>\n\n\n\n<p>Las firmantes de esta declaraci\u00f3n son: la&nbsp;<strong>Sociedad Argentina de Cardiolog\u00eda (SAC); la Federaci\u00f3n Argentina de Cardiolog\u00eda (FAC); la Fundaci\u00f3n Cardiol\u00f3gica Argentina (FCA); el Colegio Argentino de Cirujanos Cardiovasculares (CACCV); el Colegio Argentino de Cardioangi\u00f3logos Intervencionistas (CACI); la Asociaci\u00f3n Civil de Cirug\u00eda Vascular y Angiolog\u00eda de la Argentina (ACCVAA); y el Colegio Argentino de Cardiolog\u00eda (CAC).<\/strong><\/p>\n\n\n\n<p>\u201cLa desfinanciaci\u00f3n del sistema y su directo impacto en la remuneraci\u00f3n de todo el recurso humano, sumada a la a\u00fan vigente escasez de insumos m\u00e9dicos nos obligan a seguir poniendo en alerta a la poblaci\u00f3n sobre las severas dificultades para el correcto tratamiento de las enfermedades cardiovasculares en el presente\u201d, introdujeron.<\/p>\n\n\n\n<p>Fuente: https:\/\/www.infobae.com\/salud\/2023\/12\/08\/quien-es-mario-russo-el-cardiologo-elegido-por-javier-milei-para-ser-el-nuevo-ministro-de-salud\/<\/p>\n","protected":false},"excerpt":{"rendered":"<p>Fue secretario de Salud en los municipios de San Miguel y Mor\u00f3n. Graduado de la Universidad Nacional de Buenos Aires, es especialista en cuidados perioperatorios de cirug\u00eda cardiovascular y tiene una reconocida trayectoria de casi una d\u00e9cada en FLENI Mario Russo enfrenta el reto de revitalizar el sistema de salud argentino (Municipio de San Miguel) [&hellip;]<\/p>\n","protected":false},"author":3,"featured_media":464,"comment_status":"open","ping_status":"open","sticky":false,"template":"","format":"standard","meta":{"footnotes":""},"categories":[3,5],"tags":[266,265],"class_list":["post-463","post","type-post","status-publish","format-standard","has-post-thumbnail","hentry","category-principal","category-salud","tag-el-nuevo-ministro-de-salud","tag-mario-russo"],"_links":{"self":[{"href":"https:\/\/noticiassaludables.com.ar\/index.php?rest_route=\/wp\/v2\/posts\/463","targetHints":{"allow":["GET"]}}],"collection":[{"href":"https:\/\/noticiassaludables.com.ar\/index.php?rest_route=\/wp\/v2\/posts"}],"about":[{"href":"https:\/\/noticiassaludables.com.ar\/index.php?rest_route=\/wp\/v2\/types\/post"}],"author":[{"embeddable":true,"href":"https:\/\/noticiassaludables.com.ar\/index.php?rest_route=\/wp\/v2\/users\/3"}],"replies":[{"embeddable":true,"href":"https:\/\/noticiassaludables.com.ar\/index.php?rest_route=%2Fwp%2Fv2%2Fcomments&post=463"}],"version-history":[{"count":1,"href":"https:\/\/noticiassaludables.com.ar\/index.php?rest_route=\/wp\/v2\/posts\/463\/revisions"}],"predecessor-version":[{"id":465,"href":"https:\/\/noticiassaludables.com.ar\/index.php?rest_route=\/wp\/v2\/posts\/463\/revisions\/465"}],"wp:featuredmedia":[{"embeddable":true,"href":"https:\/\/noticiassaludables.com.ar\/index.php?rest_route=\/wp\/v2\/media\/464"}],"wp:attachment":[{"href":"https:\/\/noticiassaludables.com.ar\/index.php?rest_route=%2Fwp%2Fv2%2Fmedia&parent=463"}],"wp:term":[{"taxonomy":"category","embeddable":true,"href":"https:\/\/noticiassaludables.com.ar\/index.php?rest_route=%2Fwp%2Fv2%2Fcategories&post=463"},{"taxonomy":"post_tag","embeddable":true,"href":"https:\/\/noticiassaludables.com.ar\/index.php?rest_route=%2Fwp%2Fv2%2Ftags&post=463"}],"curies":[{"name":"wp","href":"https:\/\/api.w.org\/{rel}","templated":true}]}}