{"id":466,"date":"2023-12-11T12:54:18","date_gmt":"2023-12-11T15:54:18","guid":{"rendered":"https:\/\/noticiassaludables.com.ar\/?p=466"},"modified":"2023-12-11T12:54:19","modified_gmt":"2023-12-11T15:54:19","slug":"el-premio-a-la-salud-y-los-alimentos-de-la-argentina","status":"publish","type":"post","link":"https:\/\/noticiassaludables.com.ar\/?p=466","title":{"rendered":"El premio a la Salud y los Alimentos de la Argentina"},"content":{"rendered":"\n<h2 class=\"wp-block-heading\">El tradicional acto de entrega de los premios APSAL busca distinguir a la industria productora de alimentos.Tambi\u00e9n fueron reconocidas personalidades, organizaciones, comunicadores y empresas que se destacan por sus acciones para una alimentaci\u00f3n saludable, la asistencia, responsabilidad social y la sustentabilidad.<\/h2>\n\n\n\n<p><img loading=\"lazy\" decoding=\"async\" alt=\"El \u00fanico premio a la Salud y los Alimentos de la Argentina y uno de los pocos en todo el mundo  \" src=\"https:\/\/www.clarin.com\/img\/2023\/12\/11\/18k_zH5id_360x240__1.jpg\" width=\"360\" height=\"240\">Estimular las iniciativas que colaboran a desarrollar una alimentaci\u00f3n saludable es el origen y el futuro de los Premios APSAL.<\/p>\n\n\n\n<p><\/p>\n\n\n\n<p><strong> Premios APSAL<\/strong><\/p>\n\n\n\n<p>La Producci\u00f3n y la Industria de Alimentos y los servicios relacionados son el principal motor de la econom\u00eda y tiene un v\u00ednculo directo con la salud de la poblaci\u00f3n. Estimular las iniciativas que colaboran a desarrollar una alimentaci\u00f3n saludable es el origen y el futuro de los Premios APSAL. As\u00ed es como ha surgido esta iniciativa, el \u00fanico premio a la Salud y los Alimentos de la Argentina y uno de los pocos en todo el mundo.<\/p>\n\n\n\n<p>La gran cantidad de postulaciones recibidas para el premio nos llena de orgullo y satisfacci\u00f3n. Como siempre destacamos la creciente participaci\u00f3n de programas y acciones de responsabilidad social, provenientes de todos los sectores de la sociedad que trascienden la problem\u00e1tica alimentaria y que convertir\u00e1n a este acto en un momento muy emotivo para todos los que apoyamos a una sociedad consciente, responsable y solidaria.<\/p>\n\n\n\n<h2 class=\"wp-block-heading\">Tetrapak<\/h2>\n\n\n\n<p>En la categor\u00eda Medio Ambiente ha sido premiada la empresa Tetra Pak por su programa Compromiso empresarial para el reciclaje.<\/p>\n\n\n\n<p>Tetra Pak apoya a CEMPRE y COYS, C\u00f3rdoba Obras y Servicios, que llevan adelante en C\u00f3rdoba capital un proyecto de promoci\u00f3n de recolecci\u00f3n, clasificaci\u00f3n y valorizaci\u00f3n de envases de larga vida post consumo, con la participaci\u00f3n de todos los actores de la cadena de valor.<img loading=\"lazy\" decoding=\"async\" alt=\"Horacio Martino, Gerente de Sustentabilidad de Tetrapak.\" src=\"https:\/\/www.clarin.com\/img\/2023\/12\/11\/YsLptezE8_720x0__1.jpg\" width=\"720\" height=\"0\">Horacio Martino, Gerente de Sustentabilidad de Tetrapak.<\/p>\n\n\n\n<h2 class=\"wp-block-heading\">Establecimiento Santa Ana \u2013 CBS\u00e9<\/h2>\n\n\n\n<p>En la categor\u00eda Innovaci\u00f3n de productos, ha sido premiada la empresa por su desarrollo CBS\u00e9 Fusi\u00f3n de Yerba Mate, una nueva categor\u00eda de producto a base de yerba mate. Se trata de un mix de sabores provenientes de las variedades de CBS\u00e9. Es el sabor del mate en un saquito, que se presenta en dos versiones: \u201cTus sabores favoritos\u201d, que es un mix de los sabores Hierbas Serranas, frutos del bosque y naranja, y \u201cTus sabores inspiradores\u201d, con Guaran\u00e1 y Jengibre. En la Categor\u00eda Yerba Mate, gan\u00f3 con CBS\u00e9 Hierbas Serranas, la combinaci\u00f3n ideal entre la mejor yerba, la menta, el poleo y la peperina. La Yerba Mate Hierbas Serranas de CBS\u00e9, fue la primera yerba saborizada y ya cuenta con 45 a\u00f1os de trayectoria. El innovador producto de CBS\u00e9, con el tiempo, logr\u00f3 que se modificara el c\u00f3digo alimentario para incorporar las yerbas<\/p>\n\n\n\n<p>compuestas e hizo lo mismo con las saborizadas. Desde sus inicios y hasta la actualidad la Yerba Mate Hierbas Serranas de CBS\u00e9 logr\u00f3 mantener su liderazgo en la industria de las yerbas mate saborizadas consolid\u00e1ndose como una costumbre para los amantes del mate.<img loading=\"lazy\" decoding=\"async\" alt=\"CBS\u00e9: Sol Orquera, Directora y Brian Taboada, Gerente de Planta.\" src=\"https:\/\/www.clarin.com\/img\/2023\/12\/11\/UyhuENXvK_720x0__1.jpg\" width=\"720\" height=\"0\">CBS\u00e9: Sol Orquera, Directora y Brian Taboada, Gerente de Planta.<\/p>\n\n\n\n<h2 class=\"wp-block-heading\">Los Grobo<\/h2>\n\n\n\n<p>En la categor\u00eda Agroindustria ha sido premiada la empresa Grupo Los Grobo por su comunicaci\u00f3n Semillas Los Grobo<\/p>\n\n\n\n<p>Grupo Los Grobo est\u00e1 desarrollando l\u00edneas de semillas de Ma\u00edz, Trigo, Girasol y Cebada de marca propia, y una l\u00ednea de semillas de Soja que incorporan productos biol\u00f3gicos, bio estimulantes y micro minerales de \u00faltima generaci\u00f3n, con tratamiento profesional en origen.<img loading=\"lazy\" decoding=\"async\" alt=\"Los Grobo Maria Cuesta, Gerente de RRII y Martin Sackmann Varela, Gerente de Innovaci\u00f3n.\" src=\"https:\/\/www.clarin.com\/img\/2023\/12\/11\/STajXbbrO_720x0__1.jpg\" width=\"720\" height=\"0\">Los Grobo Maria Cuesta, Gerente de RRII y Martin Sackmann Varela, Gerente de Innovaci\u00f3n.<\/p>\n\n\n\n<h2 class=\"wp-block-heading\">Grupo L<\/h2>\n\n\n\n<p>En la categor\u00eda Desarrollo social ha sido premiada la empresa Grupo L por su programa Sellos de impacto social.<\/p>\n\n\n\n<p>El programa incluye aportes significativos al FONDES, un fondo de financiamiento p\u00fablico-privado que impulsa la econom\u00eda social y popular, y contribuye al crecimiento del ecosistema de finanzas de impacto social en la Ciudad de Buenos Aires. Algunos de los casos de \u00e9xito son proyectos como Apola, La Litorale\u00f1a y Las Amazonas que producen diversos productos en forma de cooperativas.<img loading=\"lazy\" decoding=\"async\" alt=\"Grupo L Santiago de Medio Coordinador de RRRII.\" src=\"https:\/\/www.clarin.com\/img\/2023\/12\/11\/tfVfqv2xa_720x0__1.jpg\" width=\"720\" height=\"0\">Grupo L Santiago de Medio Coordinador de RRRII.<\/p>\n\n\n\n<h2 class=\"wp-block-heading\">Dielo S.A. Fantoche Like<\/h2>\n\n\n\n<p>En la categor\u00eda Sustentabilidad ha sido premiada la empresa Dielo por su comunicaci\u00f3n Envase totalmente reciclable y en la categor\u00eda Comunicaci\u00f3n por su Mensaje sobre la sustentabilidad<\/p>\n\n\n\n<p>En una apuesta a la concientizaci\u00f3n sobre el medio ambiente, se lanza el producto LECHE CHOCOLATADA LIKE con un packaging sustentable, multilaminado y reciclable, un compromiso para hacer que sus alimentos sean seguros y est\u00e9n disponibles en todas partes. Mediante la comunicaci\u00f3n se apunta a la generaci\u00f3n Z de consumidores, a trav\u00e9s de una campa\u00f1a publicitaria 100% basada en la sustentabilidad.<img loading=\"lazy\" decoding=\"async\" alt=\"Dielo Claudio Messina, Director Comercial.\" src=\"https:\/\/www.clarin.com\/img\/2023\/12\/11\/PyPNX9mVN_720x0__1.jpg\" width=\"720\" height=\"0\">Dielo Claudio Messina, Director Comercial.<\/p>\n\n\n\n<h2 class=\"wp-block-heading\">Empresas Premiadas 2023<\/h2>\n\n\n\n<p>En esta nueva entrega de los Premios LATAM APSAL 2023, las empresas galardonadas fueron:\u00a0<strong>Naturgy BAN<\/strong>\u00a0Medio Ambiente \u2013 Solidaridad &#8211; inclusi\u00f3n Social, Fundaci\u00f3n\u00a0<strong>OSDE<\/strong>\u00a0Desarrollo Social,\u00a0<strong>Avalian<\/strong>\u00a0Inclusi\u00f3n Deportiva,\u00a0<strong>Black Bamboo<\/strong>\u00a0Capacitaci\u00f3n Profesional,\u00a0<strong>The Clorox Company<\/strong>\u00a0H\u00e1bitos Saludables,\u00a0<strong>TetraPak\u00a0<\/strong>Medio Ambiente,<strong>\u00a0OSDE\u00a0<\/strong>Salud,\u00a0<strong>Naturgy BAN<\/strong>\u00a0Desarrollo Social \u2013 Trayectoria,\u00a0<strong>Plaswag\u00a0<\/strong>Acciones Sociales,\u00a0<strong>GDN Argentina<\/strong>\u00a0Econom\u00edas Regionales,\u00a0<strong>Grupo L\u00a0<\/strong>Desarrollo Social,\u00a0<strong>AdsMovil\u00a0<\/strong>premio LATAM Sustentabilidad,\u00a0<strong>Mastellone<\/strong>\u00a0Trayectoria,\u00a0<strong>BASF\u00a0<\/strong>Sustentabilidad,\u00a0<strong>Pan American Energy<\/strong>\u00a0inclusi\u00f3n Social,\u00a0<strong>Banco Comafi\u00a0<\/strong>Acciones Sociales,\u00a0<strong>ESET Latinoam\u00e9rica<\/strong>\u00a0Seguridad inform\u00e1tica,\u00a0<strong>ESSEN<\/strong>\u00a0Medio Ambiente, Fundaci\u00f3n\u00a0<strong>Arcor<\/strong>\u00a0Educaci\u00f3n Infantil,<strong>\u00a0Mastellone\u00a0<\/strong>Capacitaci\u00f3n Profesional, Sustentabilidad, Cachamai Trayectoria,\u00a0<strong>MetroGas<\/strong>\u00a0Educaci\u00f3n,\u00a0<strong>Starbucks Cono Sur\u00a0<\/strong>premio LATAM Acciones Sociales,<strong>\u00a0Burger King Argentina<\/strong>\u00a0Recursos Humanos,\u00a0<strong>SolFrut<\/strong>\u00a0Aceites,\u00a0<strong>Bardas Blancas<\/strong>\u00a0Aguas,\u00a0<strong>Alsea<\/strong>\u00a0premio LATAM Sustentabilidad,\u00a0<strong>Grupo los Grobo<\/strong>\u00a0Agroindustria,\u00a0<strong>Burger King Argentina\u00a0<\/strong>Comunicaci\u00f3n,\u00a0<strong>Burger King Argentina<\/strong>\u00a0Carnes,\u00a0<strong>Cachamai<\/strong>\u00a0Frutas, Veganos,\u00a0<strong>Carrefour<\/strong>\u00a0Comunicaci\u00f3n,\u00a0<strong>ESSEN\u00a0<\/strong>Cocci\u00f3n Saludable,\u00a0<strong>Dielo<\/strong>\u00a0Sustentabilidad, Comunicaci\u00f3n,\u00a0<strong>Newsan\u00a0<\/strong>inclusi\u00f3n,\u00a0<strong>Newsan<\/strong>\u00a0Peces, crust\u00e1ceos y moluscos, Establecimiento\u00a0<strong>Santa Ana<\/strong>\u00a0<strong>CBS\u00e9<\/strong>\u00a0nuevos productos,<strong>\u00a0Framingham Pharma<\/strong>\u00a0Suplementos,\u00a0<strong>PROFERTIL<\/strong>\u00a0fertilizantes ,\u00a0<strong>Insulow<\/strong>\u00a0Suplementos.<\/p>\n\n\n\n<p>Fuente: https:\/\/www.clarin.com\/brandstudio\/unico-premio-salud-alimentos-argentina-pocos-mundo_0_h0gUZC9baV.html<\/p>\n","protected":false},"excerpt":{"rendered":"<p>El tradicional acto de entrega de los premios APSAL busca distinguir a la industria productora de alimentos.Tambi\u00e9n fueron reconocidas personalidades, organizaciones, comunicadores y empresas que se destacan por sus acciones para una alimentaci\u00f3n saludable, la asistencia, responsabilidad social y la sustentabilidad. Estimular las iniciativas que colaboran a desarrollar una alimentaci\u00f3n saludable es el origen y [&hellip;]<\/p>\n","protected":false},"author":3,"featured_media":467,"comment_status":"open","ping_status":"open","sticky":false,"template":"","format":"standard","meta":{"footnotes":""},"categories":[6,4,3],"tags":[267],"class_list":["post-466","post","type-post","status-publish","format-standard","has-post-thumbnail","hentry","category-alimentacion","category-bienestar","category-principal","tag-el-premio-a-la-salud-y-los-alimentos"],"_links":{"self":[{"href":"https:\/\/noticiassaludables.com.ar\/index.php?rest_route=\/wp\/v2\/posts\/466","targetHints":{"allow":["GET"]}}],"collection":[{"href":"https:\/\/noticiassaludables.com.ar\/index.php?rest_route=\/wp\/v2\/posts"}],"about":[{"href":"https:\/\/noticiassaludables.com.ar\/index.php?rest_route=\/wp\/v2\/types\/post"}],"author":[{"embeddable":true,"href":"https:\/\/noticiassaludables.com.ar\/index.php?rest_route=\/wp\/v2\/users\/3"}],"replies":[{"embeddable":true,"href":"https:\/\/noticiassaludables.com.ar\/index.php?rest_route=%2Fwp%2Fv2%2Fcomments&post=466"}],"version-history":[{"count":1,"href":"https:\/\/noticiassaludables.com.ar\/index.php?rest_route=\/wp\/v2\/posts\/466\/revisions"}],"predecessor-version":[{"id":468,"href":"https:\/\/noticiassaludables.com.ar\/index.php?rest_route=\/wp\/v2\/posts\/466\/revisions\/468"}],"wp:featuredmedia":[{"embeddable":true,"href":"https:\/\/noticiassaludables.com.ar\/index.php?rest_route=\/wp\/v2\/media\/467"}],"wp:attachment":[{"href":"https:\/\/noticiassaludables.com.ar\/index.php?rest_route=%2Fwp%2Fv2%2Fmedia&parent=466"}],"wp:term":[{"taxonomy":"category","embeddable":true,"href":"https:\/\/noticiassaludables.com.ar\/index.php?rest_route=%2Fwp%2Fv2%2Fcategories&post=466"},{"taxonomy":"post_tag","embeddable":true,"href":"https:\/\/noticiassaludables.com.ar\/index.php?rest_route=%2Fwp%2Fv2%2Ftags&post=466"}],"curies":[{"name":"wp","href":"https:\/\/api.w.org\/{rel}","templated":true}]}}